{"id":181682,"date":"2017-10-31T09:24:07","date_gmt":"2017-10-31T13:54:07","guid":{"rendered":"https:\/\/stage3.rnv.gob.ve\/wp\/?p=181682"},"modified":"2017-10-31T09:24:07","modified_gmt":"2017-10-31T13:54:07","slug":"convenio-cuba-venezuela-celebra-17-anos-demostrando-de-lo-que-pueden-hacer-dos-pueblos","status":"publish","type":"post","link":"https:\/\/stage3.rnv.gob.ve\/wp\/convenio-cuba-venezuela-celebra-17-anos-demostrando-de-lo-que-pueden-hacer-dos-pueblos\/","title":{"rendered":"Convenio Cuba Venezuela celebra 17 a\u00f1os demostrando lo que pueden hacer dos pueblos\u00a0"},"content":{"rendered":"<figure id=\"attachment_181684\" aria-describedby=\"caption-attachment-181684\" style=\"width: 300px\" class=\"wp-caption alignleft\"><img fetchpriority=\"high\" decoding=\"async\" class=\"size-medium wp-image-181684\" src=\"https:\/\/stage3.rnv.gob.ve\/wp\/wp-content\/uploads\/2017\/10\/DNeArB_W4AAIKmh-300x169.jpg\" alt=\"\" width=\"300\" height=\"169\" \/><figcaption id=\"caption-attachment-181684\" class=\"wp-caption-text\">Foto v\u00eda Twitter<\/figcaption><\/figure>\n<p>El embajador de Cuba en Venezuela, Rogelio Polanco, asegur\u00f3 este martes que al cumplirse el 17 aniversario de la firma del Convenio Integral de Cooperaci\u00f3n Cuba Venezuela, establecido entre los Comandantes Hugo Ch\u00e1vez y Fidel Castro, sus logros son una demostraci\u00f3n de lo que pueden hacer dos pueblos hermanados.<!--more--><\/p>\n<p>Polanco destac\u00f3 que gracias a ese convenio se ha logrado formar ambos pueblos, lo que significa un gran crecimiento. \u00abM\u00e1s de 130 mil profesionales de la salud de Cuba han pasado por aqu\u00ed, hemos logrado formar a m\u00e1s de 20 mil m\u00e9dicos integrales comunitarios, la m\u00e1s grande universidad de la salud est\u00e1 en Venezuela\u00bb, puntualiz\u00f3.<\/p>\n<p>El Embajador se\u00f1al\u00f3 que cuando hay disposici\u00f3n pol\u00edtica el pueblo sale beneficiado. \u201cCon la uni\u00f3n de dos gigantes se logr\u00f3 la firma de un convenio que fue propulsor de lo que ha sido la Alianza Bolivariana para los Pueblos de Nuestra Am\u00e9rica\u201d.<\/p>\n<p>Polando se\u00f1al\u00f3 que Cuba ha sido solidaria internacionalmente con la labor por la justicia social de Latinoam\u00e9rica, especialmente en la transformaci\u00f3n de la cultura, el deporte, la salud, la educaci\u00f3n y dem\u00e1s \u00e1reas.<\/p>\n<p>El Embajador de Cuba en Venezuela, durante una entrevista en el programa <strong>Dando y Dando Radio<\/strong>, transmitido por <strong>RNV Informativa<\/strong>, record\u00f3 que este mi\u00e9rcoles hay un debate en la Organizaci\u00f3n de las Naciones Unidas, sobre el tema del bloqueo de Estados Unidos contra Cuba, a lo que se\u00f1al\u00f3 que su \u00abpa\u00eds est\u00e1 bloqueado porque est\u00e1 a favor de la independencia, de la soberan\u00eda y la autoderminaci\u00f3n de los pueblos, sin embargo seguimos resistiendo luego de 50 a\u00f1os y seguimos recibiendo solidaridad de los pueblos\u201d.<\/p>\n<p>\u201cEl Bloqueo sigue asfixiando a Cuba, por eso vamos a presentar la resoluci\u00f3n nuevamente\u201d, sentenci\u00f3.<\/p>\n<p>&nbsp;<\/p>\n<p><strong>Escuche la entrevista al Embajador Rogelio Polanco<\/strong><\/p>\n<audio class=\"wp-audio-shortcode\" id=\"audio-181682-1\" preload=\"none\" style=\"width: 100%;\" controls=\"controls\"><source type=\"audio\/mpeg\" src=\"https:\/\/stage3.rnv.gob.ve\/wp\/wp-content\/uploads\/2017\/10\/ROGELIO-POLANCO.mp3?_=1\" \/><a href=\"https:\/\/stage3.rnv.gob.ve\/wp\/wp-content\/uploads\/2017\/10\/ROGELIO-POLANCO.mp3\">https:\/\/stage3.rnv.gob.ve\/wp\/wp-content\/uploads\/2017\/10\/ROGELIO-POLANCO.mp3<\/a><\/audio>\n<p>T\/RNV Web<\/p>\n","protected":false},"excerpt":{"rendered":"<p>El embajador de Cuba en Venezuela, Rogelio Polanco, asegur\u00f3 este martes que al cumplirse el 17 aniversario de la firma del Convenio Integral de Cooperaci\u00f3n Cuba Venezuela, establecido entre los Comandantes Hugo Ch\u00e1vez y Fidel Castro, sus logros son una demostraci\u00f3n de lo que pueden hacer dos pueblos hermanados.<\/p>\n","protected":false},"author":1,"featured_media":181684,"comment_status":"closed","ping_status":"open","sticky":false,"template":"","format":"standard","meta":{"_acf_changed":false,"footnotes":""},"categories":[65],"tags":[216,3707,387,600,1656,82,98,104],"class_list":["post-181682","post","type-post","status-publish","format-standard","has-post-thumbnail","hentry","category-nacional","tag-chavez","tag-convenio","tag-cuba","tag-educacion","tag-fidel","tag-rnv","tag-salud","tag-venezuela"],"acf":[],"yoast_head":"<!-- This site is optimized with the Yoast SEO plugin v27.4 - https:\/\/yoast.com\/product\/yoast-seo-wordpress\/ -->\n<title>Convenio Cuba Venezuela celebra 17 a\u00f1os demostrando lo que pueden hacer dos pueblos\u00a0 - DEV RNV<\/title>\n<meta name=\"robots\" content=\"noindex, follow, max-snippet:-1, max-image-preview:large, max-video-preview:-1\" \/>\n<meta property=\"og:locale\" content=\"es_ES\" \/>\n<meta property=\"og:type\" content=\"article\" \/>\n<meta property=\"og:title\" content=\"Convenio Cuba Venezuela celebra 17 a\u00f1os demostrando lo que pueden hacer dos pueblos\u00a0 - DEV RNV\" \/>\n<meta property=\"og:description\" content=\"El embajador de Cuba en Venezuela, Rogelio Polanco, asegur\u00f3 este martes que al cumplirse el 17 aniversario de la firma del Convenio Integral de Cooperaci\u00f3n Cuba Venezuela, establecido entre los Comandantes Hugo Ch\u00e1vez y Fidel Castro, sus logros son una demostraci\u00f3n de lo que pueden hacer dos pueblos hermanados.\" \/>\n<meta property=\"og:url\" content=\"https:\/\/stage3.rnv.gob.ve\/wp\/convenio-cuba-venezuela-celebra-17-anos-demostrando-de-lo-que-pueden-hacer-dos-pueblos\/\" \/>\n<meta property=\"og:site_name\" content=\"DEV RNV\" \/>\n<meta property=\"article:publisher\" content=\"https:\/\/www.facebook.com\/RadioNacionaldeVenezuela\" \/>\n<meta property=\"article:published_time\" content=\"2017-10-31T13:54:07+00:00\" \/>\n<meta name=\"author\" content=\"administrador\" \/>\n<meta name=\"twitter:card\" content=\"summary_large_image\" \/>\n<meta name=\"twitter:creator\" content=\"@RNVinformativa\" \/>\n<meta name=\"twitter:site\" content=\"@RNVinformativa\" \/>\n<meta name=\"twitter:label1\" content=\"Escrito por\" \/>\n\t<meta name=\"twitter:data1\" content=\"administrador\" \/>\n\t<meta name=\"twitter:label2\" content=\"Tiempo estimado de lectura\" \/>\n\t<meta name=\"twitter:data2\" content=\"2 minutos\" \/>\n<script type=\"application\/ld+json\" class=\"yoast-schema-graph\">{\"@context\":\"https:\\\/\\\/schema.org\",\"@graph\":[{\"@type\":\"Article\",\"@id\":\"https:\\\/\\\/stage3.rnv.gob.ve\\\/wp\\\/convenio-cuba-venezuela-celebra-17-anos-demostrando-de-lo-que-pueden-hacer-dos-pueblos\\\/#article\",\"isPartOf\":{\"@id\":\"https:\\\/\\\/stage3.rnv.gob.ve\\\/wp\\\/convenio-cuba-venezuela-celebra-17-anos-demostrando-de-lo-que-pueden-hacer-dos-pueblos\\\/\"},\"author\":{\"name\":\"administrador\",\"@id\":\"https:\\\/\\\/stage3.rnv.gob.ve\\\/wp\\\/#\\\/schema\\\/person\\\/0862ce8cde332e0bc63b8a243f0eea2c\"},\"headline\":\"Convenio Cuba Venezuela celebra 17 a\u00f1os demostrando lo que pueden hacer dos pueblos\u00a0\",\"datePublished\":\"2017-10-31T13:54:07+00:00\",\"mainEntityOfPage\":{\"@id\":\"https:\\\/\\\/stage3.rnv.gob.ve\\\/wp\\\/convenio-cuba-venezuela-celebra-17-anos-demostrando-de-lo-que-pueden-hacer-dos-pueblos\\\/\"},\"wordCount\":347,\"publisher\":{\"@id\":\"https:\\\/\\\/stage3.rnv.gob.ve\\\/wp\\\/#organization\"},\"image\":{\"@id\":\"https:\\\/\\\/stage3.rnv.gob.ve\\\/wp\\\/convenio-cuba-venezuela-celebra-17-anos-demostrando-de-lo-que-pueden-hacer-dos-pueblos\\\/#primaryimage\"},\"thumbnailUrl\":\"\",\"keywords\":[\"chavez\",\"convenio\",\"cuba\",\"educacion\",\"fidel\",\"RNV\",\"salud\",\"Venezuela\"],\"articleSection\":[\"Nacional\"],\"inLanguage\":\"es\"},{\"@type\":\"WebPage\",\"@id\":\"https:\\\/\\\/stage3.rnv.gob.ve\\\/wp\\\/convenio-cuba-venezuela-celebra-17-anos-demostrando-de-lo-que-pueden-hacer-dos-pueblos\\\/\",\"url\":\"https:\\\/\\\/stage3.rnv.gob.ve\\\/wp\\\/convenio-cuba-venezuela-celebra-17-anos-demostrando-de-lo-que-pueden-hacer-dos-pueblos\\\/\",\"name\":\"Convenio Cuba Venezuela celebra 17 a\u00f1os demostrando lo que pueden hacer dos pueblos\u00a0 - DEV RNV\",\"isPartOf\":{\"@id\":\"https:\\\/\\\/stage3.rnv.gob.ve\\\/wp\\\/#website\"},\"primaryImageOfPage\":{\"@id\":\"https:\\\/\\\/stage3.rnv.gob.ve\\\/wp\\\/convenio-cuba-venezuela-celebra-17-anos-demostrando-de-lo-que-pueden-hacer-dos-pueblos\\\/#primaryimage\"},\"image\":{\"@id\":\"https:\\\/\\\/stage3.rnv.gob.ve\\\/wp\\\/convenio-cuba-venezuela-celebra-17-anos-demostrando-de-lo-que-pueden-hacer-dos-pueblos\\\/#primaryimage\"},\"thumbnailUrl\":\"\",\"datePublished\":\"2017-10-31T13:54:07+00:00\",\"breadcrumb\":{\"@id\":\"https:\\\/\\\/stage3.rnv.gob.ve\\\/wp\\\/convenio-cuba-venezuela-celebra-17-anos-demostrando-de-lo-que-pueden-hacer-dos-pueblos\\\/#breadcrumb\"},\"inLanguage\":\"es\",\"potentialAction\":[{\"@type\":\"ReadAction\",\"target\":[\"https:\\\/\\\/stage3.rnv.gob.ve\\\/wp\\\/convenio-cuba-venezuela-celebra-17-anos-demostrando-de-lo-que-pueden-hacer-dos-pueblos\\\/\"]}]},{\"@type\":\"ImageObject\",\"inLanguage\":\"es\",\"@id\":\"https:\\\/\\\/stage3.rnv.gob.ve\\\/wp\\\/convenio-cuba-venezuela-celebra-17-anos-demostrando-de-lo-que-pueden-hacer-dos-pueblos\\\/#primaryimage\",\"url\":\"\",\"contentUrl\":\"\"},{\"@type\":\"BreadcrumbList\",\"@id\":\"https:\\\/\\\/stage3.rnv.gob.ve\\\/wp\\\/convenio-cuba-venezuela-celebra-17-anos-demostrando-de-lo-que-pueden-hacer-dos-pueblos\\\/#breadcrumb\",\"itemListElement\":[{\"@type\":\"ListItem\",\"position\":1,\"name\":\"Portada\",\"item\":\"https:\\\/\\\/stage3.rnv.gob.ve\\\/wp\\\/\"},{\"@type\":\"ListItem\",\"position\":2,\"name\":\"Convenio Cuba Venezuela Celebra 17 A\u00f1os Demostrando Lo Que Pueden Hacer Dos Pueblos\u00a0\"}]},{\"@type\":\"WebSite\",\"@id\":\"https:\\\/\\\/stage3.rnv.gob.ve\\\/wp\\\/#website\",\"url\":\"https:\\\/\\\/stage3.rnv.gob.ve\\\/wp\\\/\",\"name\":\"DEV RNV\",\"description\":\"Radio Nacional de Venezuela C.A.\",\"publisher\":{\"@id\":\"https:\\\/\\\/stage3.rnv.gob.ve\\\/wp\\\/#organization\"},\"potentialAction\":[{\"@type\":\"SearchAction\",\"target\":{\"@type\":\"EntryPoint\",\"urlTemplate\":\"https:\\\/\\\/stage3.rnv.gob.ve\\\/wp\\\/?s={search_term_string}\"},\"query-input\":{\"@type\":\"PropertyValueSpecification\",\"valueRequired\":true,\"valueName\":\"search_term_string\"}}],\"inLanguage\":\"es\"},{\"@type\":\"Organization\",\"@id\":\"https:\\\/\\\/stage3.rnv.gob.ve\\\/wp\\\/#organization\",\"name\":\"Radio Nacional de Venezuela C.A.\",\"url\":\"https:\\\/\\\/stage3.rnv.gob.ve\\\/wp\\\/\",\"logo\":{\"@type\":\"ImageObject\",\"inLanguage\":\"es\",\"@id\":\"https:\\\/\\\/stage3.rnv.gob.ve\\\/wp\\\/#\\\/schema\\\/logo\\\/image\\\/\",\"url\":\"http:\\\/\\\/rnv.ddns.net\\\/prensa\\\/wp-content\\\/uploads\\\/2022\\\/04\\\/rnv-1-300x227-1.jpg\",\"contentUrl\":\"http:\\\/\\\/rnv.ddns.net\\\/prensa\\\/wp-content\\\/uploads\\\/2022\\\/04\\\/rnv-1-300x227-1.jpg\",\"width\":800,\"height\":455,\"caption\":\"Radio Nacional de Venezuela C.A.\"},\"image\":{\"@id\":\"https:\\\/\\\/stage3.rnv.gob.ve\\\/wp\\\/#\\\/schema\\\/logo\\\/image\\\/\"},\"sameAs\":[\"https:\\\/\\\/www.facebook.com\\\/RadioNacionaldeVenezuela\",\"https:\\\/\\\/x.com\\\/RNVinformativa\",\"https:\\\/\\\/www.instagram.com\\\/rnvinformativa\\\/\",\"https:\\\/\\\/www.youtube.com\\\/user\\\/RNVContigo\"]},{\"@type\":\"Person\",\"@id\":\"https:\\\/\\\/stage3.rnv.gob.ve\\\/wp\\\/#\\\/schema\\\/person\\\/0862ce8cde332e0bc63b8a243f0eea2c\",\"name\":\"administrador\",\"sameAs\":[\"http:\\\/\\\/arnoldoeloy.net\"],\"url\":\"https:\\\/\\\/stage3.rnv.gob.ve\\\/wp\\\/author\\\/administrador\\\/\"}]}<\/script>\n<!-- \/ Yoast SEO plugin. -->","yoast_head_json":{"title":"Convenio Cuba Venezuela celebra 17 a\u00f1os demostrando lo que pueden hacer dos pueblos\u00a0 - DEV RNV","robots":{"index":"noindex","follow":"follow","max-snippet":"max-snippet:-1","max-image-preview":"max-image-preview:large","max-video-preview":"max-video-preview:-1"},"og_locale":"es_ES","og_type":"article","og_title":"Convenio Cuba Venezuela celebra 17 a\u00f1os demostrando lo que pueden hacer dos pueblos\u00a0 - DEV RNV","og_description":"El embajador de Cuba en Venezuela, Rogelio Polanco, asegur\u00f3 este martes que al cumplirse el 17 aniversario de la firma del Convenio Integral de Cooperaci\u00f3n Cuba Venezuela, establecido entre los Comandantes Hugo Ch\u00e1vez y Fidel Castro, sus logros son una demostraci\u00f3n de lo que pueden hacer dos pueblos hermanados.","og_url":"https:\/\/stage3.rnv.gob.ve\/wp\/convenio-cuba-venezuela-celebra-17-anos-demostrando-de-lo-que-pueden-hacer-dos-pueblos\/","og_site_name":"DEV RNV","article_publisher":"https:\/\/www.facebook.com\/RadioNacionaldeVenezuela","article_published_time":"2017-10-31T13:54:07+00:00","author":"administrador","twitter_card":"summary_large_image","twitter_creator":"@RNVinformativa","twitter_site":"@RNVinformativa","twitter_misc":{"Escrito por":"administrador","Tiempo estimado de lectura":"2 minutos"},"schema":{"@context":"https:\/\/schema.org","@graph":[{"@type":"Article","@id":"https:\/\/stage3.rnv.gob.ve\/wp\/convenio-cuba-venezuela-celebra-17-anos-demostrando-de-lo-que-pueden-hacer-dos-pueblos\/#article","isPartOf":{"@id":"https:\/\/stage3.rnv.gob.ve\/wp\/convenio-cuba-venezuela-celebra-17-anos-demostrando-de-lo-que-pueden-hacer-dos-pueblos\/"},"author":{"name":"administrador","@id":"https:\/\/stage3.rnv.gob.ve\/wp\/#\/schema\/person\/0862ce8cde332e0bc63b8a243f0eea2c"},"headline":"Convenio Cuba Venezuela celebra 17 a\u00f1os demostrando lo que pueden hacer dos pueblos\u00a0","datePublished":"2017-10-31T13:54:07+00:00","mainEntityOfPage":{"@id":"https:\/\/stage3.rnv.gob.ve\/wp\/convenio-cuba-venezuela-celebra-17-anos-demostrando-de-lo-que-pueden-hacer-dos-pueblos\/"},"wordCount":347,"publisher":{"@id":"https:\/\/stage3.rnv.gob.ve\/wp\/#organization"},"image":{"@id":"https:\/\/stage3.rnv.gob.ve\/wp\/convenio-cuba-venezuela-celebra-17-anos-demostrando-de-lo-que-pueden-hacer-dos-pueblos\/#primaryimage"},"thumbnailUrl":"","keywords":["chavez","convenio","cuba","educacion","fidel","RNV","salud","Venezuela"],"articleSection":["Nacional"],"inLanguage":"es"},{"@type":"WebPage","@id":"https:\/\/stage3.rnv.gob.ve\/wp\/convenio-cuba-venezuela-celebra-17-anos-demostrando-de-lo-que-pueden-hacer-dos-pueblos\/","url":"https:\/\/stage3.rnv.gob.ve\/wp\/convenio-cuba-venezuela-celebra-17-anos-demostrando-de-lo-que-pueden-hacer-dos-pueblos\/","name":"Convenio Cuba Venezuela celebra 17 a\u00f1os demostrando lo que pueden hacer dos pueblos\u00a0 - DEV RNV","isPartOf":{"@id":"https:\/\/stage3.rnv.gob.ve\/wp\/#website"},"primaryImageOfPage":{"@id":"https:\/\/stage3.rnv.gob.ve\/wp\/convenio-cuba-venezuela-celebra-17-anos-demostrando-de-lo-que-pueden-hacer-dos-pueblos\/#primaryimage"},"image":{"@id":"https:\/\/stage3.rnv.gob.ve\/wp\/convenio-cuba-venezuela-celebra-17-anos-demostrando-de-lo-que-pueden-hacer-dos-pueblos\/#primaryimage"},"thumbnailUrl":"","datePublished":"2017-10-31T13:54:07+00:00","breadcrumb":{"@id":"https:\/\/stage3.rnv.gob.ve\/wp\/convenio-cuba-venezuela-celebra-17-anos-demostrando-de-lo-que-pueden-hacer-dos-pueblos\/#breadcrumb"},"inLanguage":"es","potentialAction":[{"@type":"ReadAction","target":["https:\/\/stage3.rnv.gob.ve\/wp\/convenio-cuba-venezuela-celebra-17-anos-demostrando-de-lo-que-pueden-hacer-dos-pueblos\/"]}]},{"@type":"ImageObject","inLanguage":"es","@id":"https:\/\/stage3.rnv.gob.ve\/wp\/convenio-cuba-venezuela-celebra-17-anos-demostrando-de-lo-que-pueden-hacer-dos-pueblos\/#primaryimage","url":"","contentUrl":""},{"@type":"BreadcrumbList","@id":"https:\/\/stage3.rnv.gob.ve\/wp\/convenio-cuba-venezuela-celebra-17-anos-demostrando-de-lo-que-pueden-hacer-dos-pueblos\/#breadcrumb","itemListElement":[{"@type":"ListItem","position":1,"name":"Portada","item":"https:\/\/stage3.rnv.gob.ve\/wp\/"},{"@type":"ListItem","position":2,"name":"Convenio Cuba Venezuela Celebra 17 A\u00f1os Demostrando Lo Que Pueden Hacer Dos Pueblos\u00a0"}]},{"@type":"WebSite","@id":"https:\/\/stage3.rnv.gob.ve\/wp\/#website","url":"https:\/\/stage3.rnv.gob.ve\/wp\/","name":"DEV RNV","description":"Radio Nacional de Venezuela C.A.","publisher":{"@id":"https:\/\/stage3.rnv.gob.ve\/wp\/#organization"},"potentialAction":[{"@type":"SearchAction","target":{"@type":"EntryPoint","urlTemplate":"https:\/\/stage3.rnv.gob.ve\/wp\/?s={search_term_string}"},"query-input":{"@type":"PropertyValueSpecification","valueRequired":true,"valueName":"search_term_string"}}],"inLanguage":"es"},{"@type":"Organization","@id":"https:\/\/stage3.rnv.gob.ve\/wp\/#organization","name":"Radio Nacional de Venezuela C.A.","url":"https:\/\/stage3.rnv.gob.ve\/wp\/","logo":{"@type":"ImageObject","inLanguage":"es","@id":"https:\/\/stage3.rnv.gob.ve\/wp\/#\/schema\/logo\/image\/","url":"http:\/\/rnv.ddns.net\/prensa\/wp-content\/uploads\/2022\/04\/rnv-1-300x227-1.jpg","contentUrl":"http:\/\/rnv.ddns.net\/prensa\/wp-content\/uploads\/2022\/04\/rnv-1-300x227-1.jpg","width":800,"height":455,"caption":"Radio Nacional de Venezuela C.A."},"image":{"@id":"https:\/\/stage3.rnv.gob.ve\/wp\/#\/schema\/logo\/image\/"},"sameAs":["https:\/\/www.facebook.com\/RadioNacionaldeVenezuela","https:\/\/x.com\/RNVinformativa","https:\/\/www.instagram.com\/rnvinformativa\/","https:\/\/www.youtube.com\/user\/RNVContigo"]},{"@type":"Person","@id":"https:\/\/stage3.rnv.gob.ve\/wp\/#\/schema\/person\/0862ce8cde332e0bc63b8a243f0eea2c","name":"administrador","sameAs":["http:\/\/arnoldoeloy.net"],"url":"https:\/\/stage3.rnv.gob.ve\/wp\/author\/administrador\/"}]}},"jetpack_featured_media_url":"","_links":{"self":[{"href":"https:\/\/stage3.rnv.gob.ve\/wp\/wp-json\/wp\/v2\/posts\/181682","targetHints":{"allow":["GET"]}}],"collection":[{"href":"https:\/\/stage3.rnv.gob.ve\/wp\/wp-json\/wp\/v2\/posts"}],"about":[{"href":"https:\/\/stage3.rnv.gob.ve\/wp\/wp-json\/wp\/v2\/types\/post"}],"author":[{"embeddable":true,"href":"https:\/\/stage3.rnv.gob.ve\/wp\/wp-json\/wp\/v2\/users\/1"}],"replies":[{"embeddable":true,"href":"https:\/\/stage3.rnv.gob.ve\/wp\/wp-json\/wp\/v2\/comments?post=181682"}],"version-history":[{"count":0,"href":"https:\/\/stage3.rnv.gob.ve\/wp\/wp-json\/wp\/v2\/posts\/181682\/revisions"}],"wp:featuredmedia":[{"embeddable":true,"href":"https:\/\/stage3.rnv.gob.ve\/wp\/wp-json\/"}],"wp:attachment":[{"href":"https:\/\/stage3.rnv.gob.ve\/wp\/wp-json\/wp\/v2\/media?parent=181682"}],"wp:term":[{"taxonomy":"category","embeddable":true,"href":"https:\/\/stage3.rnv.gob.ve\/wp\/wp-json\/wp\/v2\/categories?post=181682"},{"taxonomy":"post_tag","embeddable":true,"href":"https:\/\/stage3.rnv.gob.ve\/wp\/wp-json\/wp\/v2\/tags?post=181682"}],"curies":[{"name":"wp","href":"https:\/\/api.w.org\/{rel}","templated":true}]}}