{"id":180746,"date":"2017-10-26T21:18:04","date_gmt":"2017-10-27T01:48:04","guid":{"rendered":"https:\/\/stage3.rnv.gob.ve\/wp\/?p=180746"},"modified":"2017-10-26T21:18:04","modified_gmt":"2017-10-27T01:48:04","slug":"lluvias-en-todo-el-pais-se-registraran-en-las-proximas-horas","status":"publish","type":"post","link":"https:\/\/stage3.rnv.gob.ve\/wp\/lluvias-en-todo-el-pais-se-registraran-en-las-proximas-horas\/","title":{"rendered":"Lluvias en todo el pa\u00eds se registrar\u00e1n en las pr\u00f3ximas horas"},"content":{"rendered":"<p><img fetchpriority=\"high\" decoding=\"async\" class=\"size-medium wp-image-171429 alignleft\" src=\"https:\/\/stage3.rnv.gob.ve\/wp\/wp-content\/uploads\/2017\/09\/lluvia1-1-300x169.jpg\" alt=\"\" width=\"300\" height=\"169\" \/>Se prev\u00e9 fuertes lluvias en gran parte del territorio nacional durante las pr\u00f3ximas 48 horas, producto del desplazamiento de una onda tropical hacia la l\u00ednea de inestabilidad atmosf\u00e9rica, inform\u00f3 este jueves el ministro para Ecosocialismo y Agua, Ram\u00f3n Vel\u00e1zquez.<\/p>\n<p>Este desplazamiento\u00a0provocar\u00e1 la activaci\u00f3n de la Zona de Convergencia, que es la l\u00ednea nubosa que marca la temporada de lluvias en Venezuela.<\/p>\n<p>El ministro se\u00f1al\u00f3, en la red Twitter, que esta onda tropical \u00abmigr\u00f3 hacia una l\u00ednea de inestabilidad atmosf\u00e9rica complementando la actividad lluviosa de la Zona de Convergencia Intertropical sobre gran parte del pa\u00eds durante las pr\u00f3ximas 48 horas, se espera mayor intensidad en la tarde y noche\u00bb.<\/p>\n<p>Por su parte, el\u00a0Instituto Nacional de Meteorolog\u00eda e Hidrolog\u00eda (Inameh) inform\u00f3 que estas lluvias podr\u00edan estar acompa\u00f1adas por actividad tormentosa, refiere el instituto en su portal web.<\/p>\n<p>&nbsp;<\/p>\n<p>&nbsp;<\/p>\n<p><strong>T\/AVN<\/strong><\/p>\n","protected":false},"excerpt":{"rendered":"<p>Se prev\u00e9 fuertes lluvias en gran parte del territorio nacional durante las pr\u00f3ximas 48 horas, producto del desplazamiento de una onda tropical hacia la l\u00ednea de inestabilidad atmosf\u00e9rica, inform\u00f3 este jueves el ministro para Ecosocialismo y Agua, Ram\u00f3n Vel\u00e1zquez. Este desplazamiento\u00a0provocar\u00e1 la activaci\u00f3n de la Zona de Convergencia, que es la l\u00ednea nubosa que marca [&hellip;]<\/p>\n","protected":false},"author":1,"featured_media":157039,"comment_status":"closed","ping_status":"open","sticky":false,"template":"","format":"standard","meta":{"_acf_changed":false,"footnotes":""},"categories":[65],"tags":[608,12203],"class_list":["post-180746","post","type-post","status-publish","format-standard","has-post-thumbnail","hentry","category-nacional","tag-lluvias","tag-ramon-velasquez"],"acf":[],"yoast_head":"<!-- This site is optimized with the Yoast SEO plugin v27.4 - https:\/\/yoast.com\/product\/yoast-seo-wordpress\/ -->\n<title>Lluvias en todo el pa\u00eds se registrar\u00e1n en las pr\u00f3ximas horas - DEV RNV<\/title>\n<meta name=\"robots\" content=\"noindex, follow, max-snippet:-1, max-image-preview:large, max-video-preview:-1\" \/>\n<meta property=\"og:locale\" content=\"es_ES\" \/>\n<meta property=\"og:type\" content=\"article\" \/>\n<meta property=\"og:title\" content=\"Lluvias en todo el pa\u00eds se registrar\u00e1n en las pr\u00f3ximas horas - DEV RNV\" \/>\n<meta property=\"og:description\" content=\"Se prev\u00e9 fuertes lluvias en gran parte del territorio nacional durante las pr\u00f3ximas 48 horas, producto del desplazamiento de una onda tropical hacia la l\u00ednea de inestabilidad atmosf\u00e9rica, inform\u00f3 este jueves el ministro para Ecosocialismo y Agua, Ram\u00f3n Vel\u00e1zquez. Este desplazamiento\u00a0provocar\u00e1 la activaci\u00f3n de la Zona de Convergencia, que es la l\u00ednea nubosa que marca [&hellip;]\" \/>\n<meta property=\"og:url\" content=\"https:\/\/stage3.rnv.gob.ve\/wp\/lluvias-en-todo-el-pais-se-registraran-en-las-proximas-horas\/\" \/>\n<meta property=\"og:site_name\" content=\"DEV RNV\" \/>\n<meta property=\"article:publisher\" content=\"https:\/\/www.facebook.com\/RadioNacionaldeVenezuela\" \/>\n<meta property=\"article:published_time\" content=\"2017-10-27T01:48:04+00:00\" \/>\n<meta name=\"author\" content=\"administrador\" \/>\n<meta name=\"twitter:card\" content=\"summary_large_image\" \/>\n<meta name=\"twitter:creator\" content=\"@RNVinformativa\" \/>\n<meta name=\"twitter:site\" content=\"@RNVinformativa\" \/>\n<meta name=\"twitter:label1\" content=\"Escrito por\" \/>\n\t<meta name=\"twitter:data1\" content=\"administrador\" \/>\n\t<meta name=\"twitter:label2\" content=\"Tiempo estimado de lectura\" \/>\n\t<meta name=\"twitter:data2\" content=\"1 minuto\" \/>\n<script type=\"application\/ld+json\" class=\"yoast-schema-graph\">{\"@context\":\"https:\\\/\\\/schema.org\",\"@graph\":[{\"@type\":\"Article\",\"@id\":\"https:\\\/\\\/stage3.rnv.gob.ve\\\/wp\\\/lluvias-en-todo-el-pais-se-registraran-en-las-proximas-horas\\\/#article\",\"isPartOf\":{\"@id\":\"https:\\\/\\\/stage3.rnv.gob.ve\\\/wp\\\/lluvias-en-todo-el-pais-se-registraran-en-las-proximas-horas\\\/\"},\"author\":{\"name\":\"administrador\",\"@id\":\"https:\\\/\\\/stage3.rnv.gob.ve\\\/wp\\\/#\\\/schema\\\/person\\\/0862ce8cde332e0bc63b8a243f0eea2c\"},\"headline\":\"Lluvias en todo el pa\u00eds se registrar\u00e1n en las pr\u00f3ximas horas\",\"datePublished\":\"2017-10-27T01:48:04+00:00\",\"mainEntityOfPage\":{\"@id\":\"https:\\\/\\\/stage3.rnv.gob.ve\\\/wp\\\/lluvias-en-todo-el-pais-se-registraran-en-las-proximas-horas\\\/\"},\"wordCount\":169,\"publisher\":{\"@id\":\"https:\\\/\\\/stage3.rnv.gob.ve\\\/wp\\\/#organization\"},\"image\":{\"@id\":\"https:\\\/\\\/stage3.rnv.gob.ve\\\/wp\\\/lluvias-en-todo-el-pais-se-registraran-en-las-proximas-horas\\\/#primaryimage\"},\"thumbnailUrl\":\"\",\"keywords\":[\"lluvias\",\"ramon velasquez\"],\"articleSection\":[\"Nacional\"],\"inLanguage\":\"es\"},{\"@type\":\"WebPage\",\"@id\":\"https:\\\/\\\/stage3.rnv.gob.ve\\\/wp\\\/lluvias-en-todo-el-pais-se-registraran-en-las-proximas-horas\\\/\",\"url\":\"https:\\\/\\\/stage3.rnv.gob.ve\\\/wp\\\/lluvias-en-todo-el-pais-se-registraran-en-las-proximas-horas\\\/\",\"name\":\"Lluvias en todo el pa\u00eds se registrar\u00e1n en las pr\u00f3ximas horas - DEV RNV\",\"isPartOf\":{\"@id\":\"https:\\\/\\\/stage3.rnv.gob.ve\\\/wp\\\/#website\"},\"primaryImageOfPage\":{\"@id\":\"https:\\\/\\\/stage3.rnv.gob.ve\\\/wp\\\/lluvias-en-todo-el-pais-se-registraran-en-las-proximas-horas\\\/#primaryimage\"},\"image\":{\"@id\":\"https:\\\/\\\/stage3.rnv.gob.ve\\\/wp\\\/lluvias-en-todo-el-pais-se-registraran-en-las-proximas-horas\\\/#primaryimage\"},\"thumbnailUrl\":\"\",\"datePublished\":\"2017-10-27T01:48:04+00:00\",\"breadcrumb\":{\"@id\":\"https:\\\/\\\/stage3.rnv.gob.ve\\\/wp\\\/lluvias-en-todo-el-pais-se-registraran-en-las-proximas-horas\\\/#breadcrumb\"},\"inLanguage\":\"es\",\"potentialAction\":[{\"@type\":\"ReadAction\",\"target\":[\"https:\\\/\\\/stage3.rnv.gob.ve\\\/wp\\\/lluvias-en-todo-el-pais-se-registraran-en-las-proximas-horas\\\/\"]}]},{\"@type\":\"ImageObject\",\"inLanguage\":\"es\",\"@id\":\"https:\\\/\\\/stage3.rnv.gob.ve\\\/wp\\\/lluvias-en-todo-el-pais-se-registraran-en-las-proximas-horas\\\/#primaryimage\",\"url\":\"\",\"contentUrl\":\"\"},{\"@type\":\"BreadcrumbList\",\"@id\":\"https:\\\/\\\/stage3.rnv.gob.ve\\\/wp\\\/lluvias-en-todo-el-pais-se-registraran-en-las-proximas-horas\\\/#breadcrumb\",\"itemListElement\":[{\"@type\":\"ListItem\",\"position\":1,\"name\":\"Portada\",\"item\":\"https:\\\/\\\/stage3.rnv.gob.ve\\\/wp\\\/\"},{\"@type\":\"ListItem\",\"position\":2,\"name\":\"Lluvias En Todo El Pa\u00eds Se Registrar\u00e1n En Las Pr\u00f3ximas Horas\"}]},{\"@type\":\"WebSite\",\"@id\":\"https:\\\/\\\/stage3.rnv.gob.ve\\\/wp\\\/#website\",\"url\":\"https:\\\/\\\/stage3.rnv.gob.ve\\\/wp\\\/\",\"name\":\"DEV RNV\",\"description\":\"Radio Nacional de Venezuela C.A.\",\"publisher\":{\"@id\":\"https:\\\/\\\/stage3.rnv.gob.ve\\\/wp\\\/#organization\"},\"potentialAction\":[{\"@type\":\"SearchAction\",\"target\":{\"@type\":\"EntryPoint\",\"urlTemplate\":\"https:\\\/\\\/stage3.rnv.gob.ve\\\/wp\\\/?s={search_term_string}\"},\"query-input\":{\"@type\":\"PropertyValueSpecification\",\"valueRequired\":true,\"valueName\":\"search_term_string\"}}],\"inLanguage\":\"es\"},{\"@type\":\"Organization\",\"@id\":\"https:\\\/\\\/stage3.rnv.gob.ve\\\/wp\\\/#organization\",\"name\":\"Radio Nacional de Venezuela C.A.\",\"url\":\"https:\\\/\\\/stage3.rnv.gob.ve\\\/wp\\\/\",\"logo\":{\"@type\":\"ImageObject\",\"inLanguage\":\"es\",\"@id\":\"https:\\\/\\\/stage3.rnv.gob.ve\\\/wp\\\/#\\\/schema\\\/logo\\\/image\\\/\",\"url\":\"http:\\\/\\\/rnv.ddns.net\\\/prensa\\\/wp-content\\\/uploads\\\/2022\\\/04\\\/rnv-1-300x227-1.jpg\",\"contentUrl\":\"http:\\\/\\\/rnv.ddns.net\\\/prensa\\\/wp-content\\\/uploads\\\/2022\\\/04\\\/rnv-1-300x227-1.jpg\",\"width\":800,\"height\":455,\"caption\":\"Radio Nacional de Venezuela C.A.\"},\"image\":{\"@id\":\"https:\\\/\\\/stage3.rnv.gob.ve\\\/wp\\\/#\\\/schema\\\/logo\\\/image\\\/\"},\"sameAs\":[\"https:\\\/\\\/www.facebook.com\\\/RadioNacionaldeVenezuela\",\"https:\\\/\\\/x.com\\\/RNVinformativa\",\"https:\\\/\\\/www.instagram.com\\\/rnvinformativa\\\/\",\"https:\\\/\\\/www.youtube.com\\\/user\\\/RNVContigo\"]},{\"@type\":\"Person\",\"@id\":\"https:\\\/\\\/stage3.rnv.gob.ve\\\/wp\\\/#\\\/schema\\\/person\\\/0862ce8cde332e0bc63b8a243f0eea2c\",\"name\":\"administrador\",\"sameAs\":[\"http:\\\/\\\/arnoldoeloy.net\"],\"url\":\"https:\\\/\\\/stage3.rnv.gob.ve\\\/wp\\\/author\\\/administrador\\\/\"}]}<\/script>\n<!-- \/ Yoast SEO plugin. -->","yoast_head_json":{"title":"Lluvias en todo el pa\u00eds se registrar\u00e1n en las pr\u00f3ximas horas - DEV RNV","robots":{"index":"noindex","follow":"follow","max-snippet":"max-snippet:-1","max-image-preview":"max-image-preview:large","max-video-preview":"max-video-preview:-1"},"og_locale":"es_ES","og_type":"article","og_title":"Lluvias en todo el pa\u00eds se registrar\u00e1n en las pr\u00f3ximas horas - DEV RNV","og_description":"Se prev\u00e9 fuertes lluvias en gran parte del territorio nacional durante las pr\u00f3ximas 48 horas, producto del desplazamiento de una onda tropical hacia la l\u00ednea de inestabilidad atmosf\u00e9rica, inform\u00f3 este jueves el ministro para Ecosocialismo y Agua, Ram\u00f3n Vel\u00e1zquez. Este desplazamiento\u00a0provocar\u00e1 la activaci\u00f3n de la Zona de Convergencia, que es la l\u00ednea nubosa que marca [&hellip;]","og_url":"https:\/\/stage3.rnv.gob.ve\/wp\/lluvias-en-todo-el-pais-se-registraran-en-las-proximas-horas\/","og_site_name":"DEV RNV","article_publisher":"https:\/\/www.facebook.com\/RadioNacionaldeVenezuela","article_published_time":"2017-10-27T01:48:04+00:00","author":"administrador","twitter_card":"summary_large_image","twitter_creator":"@RNVinformativa","twitter_site":"@RNVinformativa","twitter_misc":{"Escrito por":"administrador","Tiempo estimado de lectura":"1 minuto"},"schema":{"@context":"https:\/\/schema.org","@graph":[{"@type":"Article","@id":"https:\/\/stage3.rnv.gob.ve\/wp\/lluvias-en-todo-el-pais-se-registraran-en-las-proximas-horas\/#article","isPartOf":{"@id":"https:\/\/stage3.rnv.gob.ve\/wp\/lluvias-en-todo-el-pais-se-registraran-en-las-proximas-horas\/"},"author":{"name":"administrador","@id":"https:\/\/stage3.rnv.gob.ve\/wp\/#\/schema\/person\/0862ce8cde332e0bc63b8a243f0eea2c"},"headline":"Lluvias en todo el pa\u00eds se registrar\u00e1n en las pr\u00f3ximas horas","datePublished":"2017-10-27T01:48:04+00:00","mainEntityOfPage":{"@id":"https:\/\/stage3.rnv.gob.ve\/wp\/lluvias-en-todo-el-pais-se-registraran-en-las-proximas-horas\/"},"wordCount":169,"publisher":{"@id":"https:\/\/stage3.rnv.gob.ve\/wp\/#organization"},"image":{"@id":"https:\/\/stage3.rnv.gob.ve\/wp\/lluvias-en-todo-el-pais-se-registraran-en-las-proximas-horas\/#primaryimage"},"thumbnailUrl":"","keywords":["lluvias","ramon velasquez"],"articleSection":["Nacional"],"inLanguage":"es"},{"@type":"WebPage","@id":"https:\/\/stage3.rnv.gob.ve\/wp\/lluvias-en-todo-el-pais-se-registraran-en-las-proximas-horas\/","url":"https:\/\/stage3.rnv.gob.ve\/wp\/lluvias-en-todo-el-pais-se-registraran-en-las-proximas-horas\/","name":"Lluvias en todo el pa\u00eds se registrar\u00e1n en las pr\u00f3ximas horas - DEV RNV","isPartOf":{"@id":"https:\/\/stage3.rnv.gob.ve\/wp\/#website"},"primaryImageOfPage":{"@id":"https:\/\/stage3.rnv.gob.ve\/wp\/lluvias-en-todo-el-pais-se-registraran-en-las-proximas-horas\/#primaryimage"},"image":{"@id":"https:\/\/stage3.rnv.gob.ve\/wp\/lluvias-en-todo-el-pais-se-registraran-en-las-proximas-horas\/#primaryimage"},"thumbnailUrl":"","datePublished":"2017-10-27T01:48:04+00:00","breadcrumb":{"@id":"https:\/\/stage3.rnv.gob.ve\/wp\/lluvias-en-todo-el-pais-se-registraran-en-las-proximas-horas\/#breadcrumb"},"inLanguage":"es","potentialAction":[{"@type":"ReadAction","target":["https:\/\/stage3.rnv.gob.ve\/wp\/lluvias-en-todo-el-pais-se-registraran-en-las-proximas-horas\/"]}]},{"@type":"ImageObject","inLanguage":"es","@id":"https:\/\/stage3.rnv.gob.ve\/wp\/lluvias-en-todo-el-pais-se-registraran-en-las-proximas-horas\/#primaryimage","url":"","contentUrl":""},{"@type":"BreadcrumbList","@id":"https:\/\/stage3.rnv.gob.ve\/wp\/lluvias-en-todo-el-pais-se-registraran-en-las-proximas-horas\/#breadcrumb","itemListElement":[{"@type":"ListItem","position":1,"name":"Portada","item":"https:\/\/stage3.rnv.gob.ve\/wp\/"},{"@type":"ListItem","position":2,"name":"Lluvias En Todo El Pa\u00eds Se Registrar\u00e1n En Las Pr\u00f3ximas Horas"}]},{"@type":"WebSite","@id":"https:\/\/stage3.rnv.gob.ve\/wp\/#website","url":"https:\/\/stage3.rnv.gob.ve\/wp\/","name":"DEV RNV","description":"Radio Nacional de Venezuela C.A.","publisher":{"@id":"https:\/\/stage3.rnv.gob.ve\/wp\/#organization"},"potentialAction":[{"@type":"SearchAction","target":{"@type":"EntryPoint","urlTemplate":"https:\/\/stage3.rnv.gob.ve\/wp\/?s={search_term_string}"},"query-input":{"@type":"PropertyValueSpecification","valueRequired":true,"valueName":"search_term_string"}}],"inLanguage":"es"},{"@type":"Organization","@id":"https:\/\/stage3.rnv.gob.ve\/wp\/#organization","name":"Radio Nacional de Venezuela C.A.","url":"https:\/\/stage3.rnv.gob.ve\/wp\/","logo":{"@type":"ImageObject","inLanguage":"es","@id":"https:\/\/stage3.rnv.gob.ve\/wp\/#\/schema\/logo\/image\/","url":"http:\/\/rnv.ddns.net\/prensa\/wp-content\/uploads\/2022\/04\/rnv-1-300x227-1.jpg","contentUrl":"http:\/\/rnv.ddns.net\/prensa\/wp-content\/uploads\/2022\/04\/rnv-1-300x227-1.jpg","width":800,"height":455,"caption":"Radio Nacional de Venezuela C.A."},"image":{"@id":"https:\/\/stage3.rnv.gob.ve\/wp\/#\/schema\/logo\/image\/"},"sameAs":["https:\/\/www.facebook.com\/RadioNacionaldeVenezuela","https:\/\/x.com\/RNVinformativa","https:\/\/www.instagram.com\/rnvinformativa\/","https:\/\/www.youtube.com\/user\/RNVContigo"]},{"@type":"Person","@id":"https:\/\/stage3.rnv.gob.ve\/wp\/#\/schema\/person\/0862ce8cde332e0bc63b8a243f0eea2c","name":"administrador","sameAs":["http:\/\/arnoldoeloy.net"],"url":"https:\/\/stage3.rnv.gob.ve\/wp\/author\/administrador\/"}]}},"jetpack_featured_media_url":"","_links":{"self":[{"href":"https:\/\/stage3.rnv.gob.ve\/wp\/wp-json\/wp\/v2\/posts\/180746","targetHints":{"allow":["GET"]}}],"collection":[{"href":"https:\/\/stage3.rnv.gob.ve\/wp\/wp-json\/wp\/v2\/posts"}],"about":[{"href":"https:\/\/stage3.rnv.gob.ve\/wp\/wp-json\/wp\/v2\/types\/post"}],"author":[{"embeddable":true,"href":"https:\/\/stage3.rnv.gob.ve\/wp\/wp-json\/wp\/v2\/users\/1"}],"replies":[{"embeddable":true,"href":"https:\/\/stage3.rnv.gob.ve\/wp\/wp-json\/wp\/v2\/comments?post=180746"}],"version-history":[{"count":0,"href":"https:\/\/stage3.rnv.gob.ve\/wp\/wp-json\/wp\/v2\/posts\/180746\/revisions"}],"wp:featuredmedia":[{"embeddable":true,"href":"https:\/\/stage3.rnv.gob.ve\/wp\/wp-json\/"}],"wp:attachment":[{"href":"https:\/\/stage3.rnv.gob.ve\/wp\/wp-json\/wp\/v2\/media?parent=180746"}],"wp:term":[{"taxonomy":"category","embeddable":true,"href":"https:\/\/stage3.rnv.gob.ve\/wp\/wp-json\/wp\/v2\/categories?post=180746"},{"taxonomy":"post_tag","embeddable":true,"href":"https:\/\/stage3.rnv.gob.ve\/wp\/wp-json\/wp\/v2\/tags?post=180746"}],"curies":[{"name":"wp","href":"https:\/\/api.w.org\/{rel}","templated":true}]}}