{"id":180526,"date":"2017-10-25T23:06:04","date_gmt":"2017-10-26T03:36:04","guid":{"rendered":"https:\/\/stage3.rnv.gob.ve\/wp\/?p=180526"},"modified":"2017-10-25T23:06:04","modified_gmt":"2017-10-26T03:36:04","slug":"1ro-de-noviembre-arranca-dispositivo-de-seguridad-navidades-felices-2017","status":"publish","type":"post","link":"https:\/\/stage3.rnv.gob.ve\/wp\/1ro-de-noviembre-arranca-dispositivo-de-seguridad-navidades-felices-2017\/","title":{"rendered":"1ro de noviembre arranca dispositivo de seguridad Navidades Felices 2017"},"content":{"rendered":"<p><img fetchpriority=\"high\" decoding=\"async\" class=\"alignnone size-medium wp-image-180527 alignleft\" src=\"https:\/\/stage3.rnv.gob.ve\/wp\/wp-content\/uploads\/2017\/10\/dispositivo-navidad-segura-300x200.jpg\" alt=\"\" width=\"300\" height=\"200\" \/>A partir del 1ro de noviembre ser\u00e1 activado el dispositivo de seguridad Navidades Felices 2017 en resguardo del pueblo durante estas fechas, as\u00ed qued\u00f3 establecido durante una reuni\u00f3n liderada por el viceministro de Prevenci\u00f3n y Seguridad Ciudadana, Alexi Escalona Marrero, con los diferentes directores de los cuerpos de seguridad del Estado.<\/p>\n<p>Dicho dispositivo se llevar\u00e1 a cabo bajo los siguientes puntos estrat\u00e9gicos: Prevenci\u00f3n del Delito, Seguridad Ciudadana y Servicio Policial, inform\u00f3 este ministerio a trav\u00e9s de su cuenta en Twitter.<\/p>\n<p>Durante la reuni\u00f3n tambi\u00e9n se analiz\u00f3 y evalu\u00f3 todo lo relacionado con la distribuci\u00f3n y venta de artificios pirot\u00e9cnicos en el asueto navide\u00f1o y los permisos correspondientes, que son otorgados por las alcald\u00edas, Cuerpo de Bomberos y la direcci\u00f3n general de Armas y Explosivos (Daex).<\/p>\n<p>Asimismo, se recalc\u00f3 que este operativo especial, activado por ordenes del presidente de la Rep\u00fablica, Nicol\u00e1s Maduro, est\u00e1 enmarcado en el Plan Navidades Felices que iniciar\u00e1 tambi\u00e9n el 1 de noviembre.<\/p>\n<p><strong>T\/AVN<\/strong><\/p>\n","protected":false},"excerpt":{"rendered":"<p>A partir del 1ro de noviembre ser\u00e1 activado el dispositivo de seguridad Navidades Felices 2017 en resguardo del pueblo durante estas fechas, as\u00ed qued\u00f3 establecido durante una reuni\u00f3n liderada por el viceministro de Prevenci\u00f3n y Seguridad Ciudadana, Alexi Escalona Marrero, con los diferentes directores de los cuerpos de seguridad del Estado. Dicho dispositivo se llevar\u00e1 [&hellip;]<\/p>\n","protected":false},"author":32,"featured_media":180527,"comment_status":"closed","ping_status":"open","sticky":false,"template":"","format":"standard","meta":{"_acf_changed":false,"footnotes":""},"categories":[65],"tags":[9128,14734],"class_list":["post-180526","post","type-post","status-publish","format-standard","has-post-thumbnail","hentry","category-nacional","tag-dispositivo-de-seguridad","tag-ministerio-de-interior-justicio-y-paz"],"acf":[],"yoast_head":"<!-- This site is optimized with the Yoast SEO plugin v27.4 - https:\/\/yoast.com\/product\/yoast-seo-wordpress\/ -->\n<title>1ro de noviembre arranca dispositivo de seguridad Navidades Felices 2017 - DEV RNV<\/title>\n<meta name=\"robots\" content=\"noindex, follow, max-snippet:-1, max-image-preview:large, max-video-preview:-1\" \/>\n<meta property=\"og:locale\" content=\"es_ES\" \/>\n<meta property=\"og:type\" content=\"article\" \/>\n<meta property=\"og:title\" content=\"1ro de noviembre arranca dispositivo de seguridad Navidades Felices 2017 - DEV RNV\" \/>\n<meta property=\"og:description\" content=\"A partir del 1ro de noviembre ser\u00e1 activado el dispositivo de seguridad Navidades Felices 2017 en resguardo del pueblo durante estas fechas, as\u00ed qued\u00f3 establecido durante una reuni\u00f3n liderada por el viceministro de Prevenci\u00f3n y Seguridad Ciudadana, Alexi Escalona Marrero, con los diferentes directores de los cuerpos de seguridad del Estado. Dicho dispositivo se llevar\u00e1 [&hellip;]\" \/>\n<meta property=\"og:url\" content=\"https:\/\/stage3.rnv.gob.ve\/wp\/1ro-de-noviembre-arranca-dispositivo-de-seguridad-navidades-felices-2017\/\" \/>\n<meta property=\"og:site_name\" content=\"DEV RNV\" \/>\n<meta property=\"article:publisher\" content=\"https:\/\/www.facebook.com\/RadioNacionaldeVenezuela\" \/>\n<meta property=\"article:published_time\" content=\"2017-10-26T03:36:04+00:00\" \/>\n<meta name=\"author\" content=\"Mariale Molina\" \/>\n<meta name=\"twitter:card\" content=\"summary_large_image\" \/>\n<meta name=\"twitter:creator\" content=\"@RNVinformativa\" \/>\n<meta name=\"twitter:site\" content=\"@RNVinformativa\" \/>\n<meta name=\"twitter:label1\" content=\"Escrito por\" \/>\n\t<meta name=\"twitter:data1\" content=\"Mariale Molina\" \/>\n\t<meta name=\"twitter:label2\" content=\"Tiempo estimado de lectura\" \/>\n\t<meta name=\"twitter:data2\" content=\"1 minuto\" \/>\n<script type=\"application\/ld+json\" class=\"yoast-schema-graph\">{\"@context\":\"https:\\\/\\\/schema.org\",\"@graph\":[{\"@type\":\"Article\",\"@id\":\"https:\\\/\\\/stage3.rnv.gob.ve\\\/wp\\\/1ro-de-noviembre-arranca-dispositivo-de-seguridad-navidades-felices-2017\\\/#article\",\"isPartOf\":{\"@id\":\"https:\\\/\\\/stage3.rnv.gob.ve\\\/wp\\\/1ro-de-noviembre-arranca-dispositivo-de-seguridad-navidades-felices-2017\\\/\"},\"author\":{\"name\":\"Mariale Molina\",\"@id\":\"https:\\\/\\\/stage3.rnv.gob.ve\\\/wp\\\/#\\\/schema\\\/person\\\/8d9f5a9fead63743c73bafe01b529c95\"},\"headline\":\"1ro de noviembre arranca dispositivo de seguridad Navidades Felices 2017\",\"datePublished\":\"2017-10-26T03:36:04+00:00\",\"mainEntityOfPage\":{\"@id\":\"https:\\\/\\\/stage3.rnv.gob.ve\\\/wp\\\/1ro-de-noviembre-arranca-dispositivo-de-seguridad-navidades-felices-2017\\\/\"},\"wordCount\":180,\"publisher\":{\"@id\":\"https:\\\/\\\/stage3.rnv.gob.ve\\\/wp\\\/#organization\"},\"image\":{\"@id\":\"https:\\\/\\\/stage3.rnv.gob.ve\\\/wp\\\/1ro-de-noviembre-arranca-dispositivo-de-seguridad-navidades-felices-2017\\\/#primaryimage\"},\"thumbnailUrl\":\"\",\"keywords\":[\"dispositivo de seguridad\",\"Ministerio de Interior Justicio y Paz\"],\"articleSection\":[\"Nacional\"],\"inLanguage\":\"es\"},{\"@type\":\"WebPage\",\"@id\":\"https:\\\/\\\/stage3.rnv.gob.ve\\\/wp\\\/1ro-de-noviembre-arranca-dispositivo-de-seguridad-navidades-felices-2017\\\/\",\"url\":\"https:\\\/\\\/stage3.rnv.gob.ve\\\/wp\\\/1ro-de-noviembre-arranca-dispositivo-de-seguridad-navidades-felices-2017\\\/\",\"name\":\"1ro de noviembre arranca dispositivo de seguridad Navidades Felices 2017 - DEV RNV\",\"isPartOf\":{\"@id\":\"https:\\\/\\\/stage3.rnv.gob.ve\\\/wp\\\/#website\"},\"primaryImageOfPage\":{\"@id\":\"https:\\\/\\\/stage3.rnv.gob.ve\\\/wp\\\/1ro-de-noviembre-arranca-dispositivo-de-seguridad-navidades-felices-2017\\\/#primaryimage\"},\"image\":{\"@id\":\"https:\\\/\\\/stage3.rnv.gob.ve\\\/wp\\\/1ro-de-noviembre-arranca-dispositivo-de-seguridad-navidades-felices-2017\\\/#primaryimage\"},\"thumbnailUrl\":\"\",\"datePublished\":\"2017-10-26T03:36:04+00:00\",\"breadcrumb\":{\"@id\":\"https:\\\/\\\/stage3.rnv.gob.ve\\\/wp\\\/1ro-de-noviembre-arranca-dispositivo-de-seguridad-navidades-felices-2017\\\/#breadcrumb\"},\"inLanguage\":\"es\",\"potentialAction\":[{\"@type\":\"ReadAction\",\"target\":[\"https:\\\/\\\/stage3.rnv.gob.ve\\\/wp\\\/1ro-de-noviembre-arranca-dispositivo-de-seguridad-navidades-felices-2017\\\/\"]}]},{\"@type\":\"ImageObject\",\"inLanguage\":\"es\",\"@id\":\"https:\\\/\\\/stage3.rnv.gob.ve\\\/wp\\\/1ro-de-noviembre-arranca-dispositivo-de-seguridad-navidades-felices-2017\\\/#primaryimage\",\"url\":\"\",\"contentUrl\":\"\"},{\"@type\":\"BreadcrumbList\",\"@id\":\"https:\\\/\\\/stage3.rnv.gob.ve\\\/wp\\\/1ro-de-noviembre-arranca-dispositivo-de-seguridad-navidades-felices-2017\\\/#breadcrumb\",\"itemListElement\":[{\"@type\":\"ListItem\",\"position\":1,\"name\":\"Portada\",\"item\":\"https:\\\/\\\/stage3.rnv.gob.ve\\\/wp\\\/\"},{\"@type\":\"ListItem\",\"position\":2,\"name\":\"1Ro De Noviembre Arranca Dispositivo De Seguridad Navidades Felices 2017\"}]},{\"@type\":\"WebSite\",\"@id\":\"https:\\\/\\\/stage3.rnv.gob.ve\\\/wp\\\/#website\",\"url\":\"https:\\\/\\\/stage3.rnv.gob.ve\\\/wp\\\/\",\"name\":\"DEV RNV\",\"description\":\"Radio Nacional de Venezuela C.A.\",\"publisher\":{\"@id\":\"https:\\\/\\\/stage3.rnv.gob.ve\\\/wp\\\/#organization\"},\"potentialAction\":[{\"@type\":\"SearchAction\",\"target\":{\"@type\":\"EntryPoint\",\"urlTemplate\":\"https:\\\/\\\/stage3.rnv.gob.ve\\\/wp\\\/?s={search_term_string}\"},\"query-input\":{\"@type\":\"PropertyValueSpecification\",\"valueRequired\":true,\"valueName\":\"search_term_string\"}}],\"inLanguage\":\"es\"},{\"@type\":\"Organization\",\"@id\":\"https:\\\/\\\/stage3.rnv.gob.ve\\\/wp\\\/#organization\",\"name\":\"Radio Nacional de Venezuela C.A.\",\"url\":\"https:\\\/\\\/stage3.rnv.gob.ve\\\/wp\\\/\",\"logo\":{\"@type\":\"ImageObject\",\"inLanguage\":\"es\",\"@id\":\"https:\\\/\\\/stage3.rnv.gob.ve\\\/wp\\\/#\\\/schema\\\/logo\\\/image\\\/\",\"url\":\"http:\\\/\\\/rnv.ddns.net\\\/prensa\\\/wp-content\\\/uploads\\\/2022\\\/04\\\/rnv-1-300x227-1.jpg\",\"contentUrl\":\"http:\\\/\\\/rnv.ddns.net\\\/prensa\\\/wp-content\\\/uploads\\\/2022\\\/04\\\/rnv-1-300x227-1.jpg\",\"width\":800,\"height\":455,\"caption\":\"Radio Nacional de Venezuela C.A.\"},\"image\":{\"@id\":\"https:\\\/\\\/stage3.rnv.gob.ve\\\/wp\\\/#\\\/schema\\\/logo\\\/image\\\/\"},\"sameAs\":[\"https:\\\/\\\/www.facebook.com\\\/RadioNacionaldeVenezuela\",\"https:\\\/\\\/x.com\\\/RNVinformativa\",\"https:\\\/\\\/www.instagram.com\\\/rnvinformativa\\\/\",\"https:\\\/\\\/www.youtube.com\\\/user\\\/RNVContigo\"]},{\"@type\":\"Person\",\"@id\":\"https:\\\/\\\/stage3.rnv.gob.ve\\\/wp\\\/#\\\/schema\\\/person\\\/8d9f5a9fead63743c73bafe01b529c95\",\"name\":\"Mariale Molina\",\"url\":\"https:\\\/\\\/stage3.rnv.gob.ve\\\/wp\\\/author\\\/m_molina\\\/\"}]}<\/script>\n<!-- \/ Yoast SEO plugin. -->","yoast_head_json":{"title":"1ro de noviembre arranca dispositivo de seguridad Navidades Felices 2017 - DEV RNV","robots":{"index":"noindex","follow":"follow","max-snippet":"max-snippet:-1","max-image-preview":"max-image-preview:large","max-video-preview":"max-video-preview:-1"},"og_locale":"es_ES","og_type":"article","og_title":"1ro de noviembre arranca dispositivo de seguridad Navidades Felices 2017 - DEV RNV","og_description":"A partir del 1ro de noviembre ser\u00e1 activado el dispositivo de seguridad Navidades Felices 2017 en resguardo del pueblo durante estas fechas, as\u00ed qued\u00f3 establecido durante una reuni\u00f3n liderada por el viceministro de Prevenci\u00f3n y Seguridad Ciudadana, Alexi Escalona Marrero, con los diferentes directores de los cuerpos de seguridad del Estado. Dicho dispositivo se llevar\u00e1 [&hellip;]","og_url":"https:\/\/stage3.rnv.gob.ve\/wp\/1ro-de-noviembre-arranca-dispositivo-de-seguridad-navidades-felices-2017\/","og_site_name":"DEV RNV","article_publisher":"https:\/\/www.facebook.com\/RadioNacionaldeVenezuela","article_published_time":"2017-10-26T03:36:04+00:00","author":"Mariale Molina","twitter_card":"summary_large_image","twitter_creator":"@RNVinformativa","twitter_site":"@RNVinformativa","twitter_misc":{"Escrito por":"Mariale Molina","Tiempo estimado de lectura":"1 minuto"},"schema":{"@context":"https:\/\/schema.org","@graph":[{"@type":"Article","@id":"https:\/\/stage3.rnv.gob.ve\/wp\/1ro-de-noviembre-arranca-dispositivo-de-seguridad-navidades-felices-2017\/#article","isPartOf":{"@id":"https:\/\/stage3.rnv.gob.ve\/wp\/1ro-de-noviembre-arranca-dispositivo-de-seguridad-navidades-felices-2017\/"},"author":{"name":"Mariale Molina","@id":"https:\/\/stage3.rnv.gob.ve\/wp\/#\/schema\/person\/8d9f5a9fead63743c73bafe01b529c95"},"headline":"1ro de noviembre arranca dispositivo de seguridad Navidades Felices 2017","datePublished":"2017-10-26T03:36:04+00:00","mainEntityOfPage":{"@id":"https:\/\/stage3.rnv.gob.ve\/wp\/1ro-de-noviembre-arranca-dispositivo-de-seguridad-navidades-felices-2017\/"},"wordCount":180,"publisher":{"@id":"https:\/\/stage3.rnv.gob.ve\/wp\/#organization"},"image":{"@id":"https:\/\/stage3.rnv.gob.ve\/wp\/1ro-de-noviembre-arranca-dispositivo-de-seguridad-navidades-felices-2017\/#primaryimage"},"thumbnailUrl":"","keywords":["dispositivo de seguridad","Ministerio de Interior Justicio y Paz"],"articleSection":["Nacional"],"inLanguage":"es"},{"@type":"WebPage","@id":"https:\/\/stage3.rnv.gob.ve\/wp\/1ro-de-noviembre-arranca-dispositivo-de-seguridad-navidades-felices-2017\/","url":"https:\/\/stage3.rnv.gob.ve\/wp\/1ro-de-noviembre-arranca-dispositivo-de-seguridad-navidades-felices-2017\/","name":"1ro de noviembre arranca dispositivo de seguridad Navidades Felices 2017 - DEV RNV","isPartOf":{"@id":"https:\/\/stage3.rnv.gob.ve\/wp\/#website"},"primaryImageOfPage":{"@id":"https:\/\/stage3.rnv.gob.ve\/wp\/1ro-de-noviembre-arranca-dispositivo-de-seguridad-navidades-felices-2017\/#primaryimage"},"image":{"@id":"https:\/\/stage3.rnv.gob.ve\/wp\/1ro-de-noviembre-arranca-dispositivo-de-seguridad-navidades-felices-2017\/#primaryimage"},"thumbnailUrl":"","datePublished":"2017-10-26T03:36:04+00:00","breadcrumb":{"@id":"https:\/\/stage3.rnv.gob.ve\/wp\/1ro-de-noviembre-arranca-dispositivo-de-seguridad-navidades-felices-2017\/#breadcrumb"},"inLanguage":"es","potentialAction":[{"@type":"ReadAction","target":["https:\/\/stage3.rnv.gob.ve\/wp\/1ro-de-noviembre-arranca-dispositivo-de-seguridad-navidades-felices-2017\/"]}]},{"@type":"ImageObject","inLanguage":"es","@id":"https:\/\/stage3.rnv.gob.ve\/wp\/1ro-de-noviembre-arranca-dispositivo-de-seguridad-navidades-felices-2017\/#primaryimage","url":"","contentUrl":""},{"@type":"BreadcrumbList","@id":"https:\/\/stage3.rnv.gob.ve\/wp\/1ro-de-noviembre-arranca-dispositivo-de-seguridad-navidades-felices-2017\/#breadcrumb","itemListElement":[{"@type":"ListItem","position":1,"name":"Portada","item":"https:\/\/stage3.rnv.gob.ve\/wp\/"},{"@type":"ListItem","position":2,"name":"1Ro De Noviembre Arranca Dispositivo De Seguridad Navidades Felices 2017"}]},{"@type":"WebSite","@id":"https:\/\/stage3.rnv.gob.ve\/wp\/#website","url":"https:\/\/stage3.rnv.gob.ve\/wp\/","name":"DEV RNV","description":"Radio Nacional de Venezuela C.A.","publisher":{"@id":"https:\/\/stage3.rnv.gob.ve\/wp\/#organization"},"potentialAction":[{"@type":"SearchAction","target":{"@type":"EntryPoint","urlTemplate":"https:\/\/stage3.rnv.gob.ve\/wp\/?s={search_term_string}"},"query-input":{"@type":"PropertyValueSpecification","valueRequired":true,"valueName":"search_term_string"}}],"inLanguage":"es"},{"@type":"Organization","@id":"https:\/\/stage3.rnv.gob.ve\/wp\/#organization","name":"Radio Nacional de Venezuela C.A.","url":"https:\/\/stage3.rnv.gob.ve\/wp\/","logo":{"@type":"ImageObject","inLanguage":"es","@id":"https:\/\/stage3.rnv.gob.ve\/wp\/#\/schema\/logo\/image\/","url":"http:\/\/rnv.ddns.net\/prensa\/wp-content\/uploads\/2022\/04\/rnv-1-300x227-1.jpg","contentUrl":"http:\/\/rnv.ddns.net\/prensa\/wp-content\/uploads\/2022\/04\/rnv-1-300x227-1.jpg","width":800,"height":455,"caption":"Radio Nacional de Venezuela C.A."},"image":{"@id":"https:\/\/stage3.rnv.gob.ve\/wp\/#\/schema\/logo\/image\/"},"sameAs":["https:\/\/www.facebook.com\/RadioNacionaldeVenezuela","https:\/\/x.com\/RNVinformativa","https:\/\/www.instagram.com\/rnvinformativa\/","https:\/\/www.youtube.com\/user\/RNVContigo"]},{"@type":"Person","@id":"https:\/\/stage3.rnv.gob.ve\/wp\/#\/schema\/person\/8d9f5a9fead63743c73bafe01b529c95","name":"Mariale Molina","url":"https:\/\/stage3.rnv.gob.ve\/wp\/author\/m_molina\/"}]}},"jetpack_featured_media_url":"","_links":{"self":[{"href":"https:\/\/stage3.rnv.gob.ve\/wp\/wp-json\/wp\/v2\/posts\/180526","targetHints":{"allow":["GET"]}}],"collection":[{"href":"https:\/\/stage3.rnv.gob.ve\/wp\/wp-json\/wp\/v2\/posts"}],"about":[{"href":"https:\/\/stage3.rnv.gob.ve\/wp\/wp-json\/wp\/v2\/types\/post"}],"author":[{"embeddable":true,"href":"https:\/\/stage3.rnv.gob.ve\/wp\/wp-json\/wp\/v2\/users\/32"}],"replies":[{"embeddable":true,"href":"https:\/\/stage3.rnv.gob.ve\/wp\/wp-json\/wp\/v2\/comments?post=180526"}],"version-history":[{"count":0,"href":"https:\/\/stage3.rnv.gob.ve\/wp\/wp-json\/wp\/v2\/posts\/180526\/revisions"}],"wp:featuredmedia":[{"embeddable":true,"href":"https:\/\/stage3.rnv.gob.ve\/wp\/wp-json\/"}],"wp:attachment":[{"href":"https:\/\/stage3.rnv.gob.ve\/wp\/wp-json\/wp\/v2\/media?parent=180526"}],"wp:term":[{"taxonomy":"category","embeddable":true,"href":"https:\/\/stage3.rnv.gob.ve\/wp\/wp-json\/wp\/v2\/categories?post=180526"},{"taxonomy":"post_tag","embeddable":true,"href":"https:\/\/stage3.rnv.gob.ve\/wp\/wp-json\/wp\/v2\/tags?post=180526"}],"curies":[{"name":"wp","href":"https:\/\/api.w.org\/{rel}","templated":true}]}}