{"id":180173,"date":"2017-10-24T19:21:03","date_gmt":"2017-10-24T23:51:03","guid":{"rendered":"https:\/\/stage3.rnv.gob.ve\/wp\/?p=180173"},"modified":"2017-10-24T19:21:03","modified_gmt":"2017-10-24T23:51:03","slug":"maduro-la-venezuela-de-verdad-no-aparece-en-las-noticias","status":"publish","type":"post","link":"https:\/\/stage3.rnv.gob.ve\/wp\/maduro-la-venezuela-de-verdad-no-aparece-en-las-noticias\/","title":{"rendered":"Maduro: La Venezuela de verdad no aparece en las noticias"},"content":{"rendered":"<p><img fetchpriority=\"high\" decoding=\"async\" class=\"alignleft wp-image-180190\" src=\"https:\/\/stage3.rnv.gob.ve\/wp\/wp-content\/uploads\/2017\/10\/DM8GBWXWsAA2Bv--300x200.jpg\" alt=\"\" width=\"357\" height=\"238\" \/>El presidente de la Rep\u00fablica Bolivariana de Venezuela, Nicol\u00e1s Maduro, asegur\u00f3 que la Venezuela invisibilizada, que todos los d\u00edas trabaja, que todos los d\u00edas resuelve problemas, que es solidaria con el pueblo, no aparecen en las noticias, destac\u00f3 que eso pasa por que es la Venezuela que construye, \u00abla Venezuela de verdad y \u00a0a la Venezuela de verdad no le dan pantalla\u00bb, asegur\u00f3.<\/p>\n<p>Desde el Teatro Teresa Carre\u00f1o, en un encuentro nacional con el Movimiento Somos Venezuela, el presidente se cuestion\u00f3 en como convertir a esta Venezuela de verdad en la Venezuela dominante, en la \u00abVenezuela que se vea, ejemplo a seguir\u00bb, dijo.<\/p>\n<p>Record\u00f3 que en el pa\u00eds m\u00e1s de 15 millones de personas poseen su carnet de la patria, para obtener beneficios que el Gobierno Bolivariano asigna a las personas m\u00e1s vulnerables socialmente.<\/p>\n<p><strong>Escuche al presidente de la Rep\u00fablica Bolivariana de Venezuela, Nicol\u00e1s Maduro<\/strong><\/p>\n<audio class=\"wp-audio-shortcode\" id=\"audio-180173-1\" preload=\"none\" style=\"width: 100%;\" controls=\"controls\"><source type=\"audio\/mpeg\" src=\"https:\/\/stage3.rnv.gob.ve\/wp\/wp-content\/uploads\/2017\/10\/Venezuela-Invisible.mp3?_=1\" \/><a href=\"https:\/\/stage3.rnv.gob.ve\/wp\/wp-content\/uploads\/2017\/10\/Venezuela-Invisible.mp3\">https:\/\/stage3.rnv.gob.ve\/wp\/wp-content\/uploads\/2017\/10\/Venezuela-Invisible.mp3<\/a><\/audio>\n<p><strong>T\/RNV Web\u00a0<\/strong><\/p>\n","protected":false},"excerpt":{"rendered":"<p>El presidente de la Rep\u00fablica Bolivariana de Venezuela, Nicol\u00e1s Maduro, asegur\u00f3 que la Venezuela invisibilizada, que todos los d\u00edas trabaja, que todos los d\u00edas resuelve problemas, que es solidaria con el pueblo, no aparecen en las noticias, destac\u00f3 que eso pasa por que es la Venezuela que construye, \u00abla Venezuela de verdad y \u00a0a la [&hellip;]<\/p>\n","protected":false},"author":1,"featured_media":180190,"comment_status":"closed","ping_status":"open","sticky":false,"template":"","format":"standard","meta":{"_acf_changed":false,"footnotes":""},"categories":[67,1],"tags":[216,334,985,18310,18311],"class_list":["post-180173","post","type-post","status-publish","format-standard","has-post-thumbnail","hentry","category-politica","category-rnv","tag-chavez","tag-revolucion","tag-solidaridad","tag-venezuela-invisible","tag-venezuela-visible"],"acf":[],"yoast_head":"<!-- This site is optimized with the Yoast SEO plugin v27.4 - https:\/\/yoast.com\/product\/yoast-seo-wordpress\/ -->\n<title>Maduro: La Venezuela de verdad no aparece en las noticias - DEV RNV<\/title>\n<meta name=\"robots\" content=\"noindex, follow, max-snippet:-1, max-image-preview:large, max-video-preview:-1\" \/>\n<meta property=\"og:locale\" content=\"es_ES\" \/>\n<meta property=\"og:type\" content=\"article\" \/>\n<meta property=\"og:title\" content=\"Maduro: La Venezuela de verdad no aparece en las noticias - DEV RNV\" \/>\n<meta property=\"og:description\" content=\"El presidente de la Rep\u00fablica Bolivariana de Venezuela, Nicol\u00e1s Maduro, asegur\u00f3 que la Venezuela invisibilizada, que todos los d\u00edas trabaja, que todos los d\u00edas resuelve problemas, que es solidaria con el pueblo, no aparecen en las noticias, destac\u00f3 que eso pasa por que es la Venezuela que construye, \u00abla Venezuela de verdad y \u00a0a la [&hellip;]\" \/>\n<meta property=\"og:url\" content=\"https:\/\/stage3.rnv.gob.ve\/wp\/maduro-la-venezuela-de-verdad-no-aparece-en-las-noticias\/\" \/>\n<meta property=\"og:site_name\" content=\"DEV RNV\" \/>\n<meta property=\"article:publisher\" content=\"https:\/\/www.facebook.com\/RadioNacionaldeVenezuela\" \/>\n<meta property=\"article:published_time\" content=\"2017-10-24T23:51:03+00:00\" \/>\n<meta name=\"author\" content=\"administrador\" \/>\n<meta name=\"twitter:card\" content=\"summary_large_image\" \/>\n<meta name=\"twitter:creator\" content=\"@RNVinformativa\" \/>\n<meta name=\"twitter:site\" content=\"@RNVinformativa\" \/>\n<meta name=\"twitter:label1\" content=\"Escrito por\" \/>\n\t<meta name=\"twitter:data1\" content=\"administrador\" \/>\n\t<meta name=\"twitter:label2\" content=\"Tiempo estimado de lectura\" \/>\n\t<meta name=\"twitter:data2\" content=\"1 minuto\" \/>\n<script type=\"application\/ld+json\" class=\"yoast-schema-graph\">{\"@context\":\"https:\\\/\\\/schema.org\",\"@graph\":[{\"@type\":\"Article\",\"@id\":\"https:\\\/\\\/stage3.rnv.gob.ve\\\/wp\\\/maduro-la-venezuela-de-verdad-no-aparece-en-las-noticias\\\/#article\",\"isPartOf\":{\"@id\":\"https:\\\/\\\/stage3.rnv.gob.ve\\\/wp\\\/maduro-la-venezuela-de-verdad-no-aparece-en-las-noticias\\\/\"},\"author\":{\"name\":\"administrador\",\"@id\":\"https:\\\/\\\/stage3.rnv.gob.ve\\\/wp\\\/#\\\/schema\\\/person\\\/0862ce8cde332e0bc63b8a243f0eea2c\"},\"headline\":\"Maduro: La Venezuela de verdad no aparece en las noticias\",\"datePublished\":\"2017-10-24T23:51:03+00:00\",\"mainEntityOfPage\":{\"@id\":\"https:\\\/\\\/stage3.rnv.gob.ve\\\/wp\\\/maduro-la-venezuela-de-verdad-no-aparece-en-las-noticias\\\/\"},\"wordCount\":180,\"publisher\":{\"@id\":\"https:\\\/\\\/stage3.rnv.gob.ve\\\/wp\\\/#organization\"},\"image\":{\"@id\":\"https:\\\/\\\/stage3.rnv.gob.ve\\\/wp\\\/maduro-la-venezuela-de-verdad-no-aparece-en-las-noticias\\\/#primaryimage\"},\"thumbnailUrl\":\"\",\"keywords\":[\"chavez\",\"revolucion\",\"solidaridad\",\"Venezuela invisible\",\"Venezuela visible\"],\"articleSection\":[\"Pol\u00edtica\",\"RNV\"],\"inLanguage\":\"es\"},{\"@type\":\"WebPage\",\"@id\":\"https:\\\/\\\/stage3.rnv.gob.ve\\\/wp\\\/maduro-la-venezuela-de-verdad-no-aparece-en-las-noticias\\\/\",\"url\":\"https:\\\/\\\/stage3.rnv.gob.ve\\\/wp\\\/maduro-la-venezuela-de-verdad-no-aparece-en-las-noticias\\\/\",\"name\":\"Maduro: La Venezuela de verdad no aparece en las noticias - DEV RNV\",\"isPartOf\":{\"@id\":\"https:\\\/\\\/stage3.rnv.gob.ve\\\/wp\\\/#website\"},\"primaryImageOfPage\":{\"@id\":\"https:\\\/\\\/stage3.rnv.gob.ve\\\/wp\\\/maduro-la-venezuela-de-verdad-no-aparece-en-las-noticias\\\/#primaryimage\"},\"image\":{\"@id\":\"https:\\\/\\\/stage3.rnv.gob.ve\\\/wp\\\/maduro-la-venezuela-de-verdad-no-aparece-en-las-noticias\\\/#primaryimage\"},\"thumbnailUrl\":\"\",\"datePublished\":\"2017-10-24T23:51:03+00:00\",\"breadcrumb\":{\"@id\":\"https:\\\/\\\/stage3.rnv.gob.ve\\\/wp\\\/maduro-la-venezuela-de-verdad-no-aparece-en-las-noticias\\\/#breadcrumb\"},\"inLanguage\":\"es\",\"potentialAction\":[{\"@type\":\"ReadAction\",\"target\":[\"https:\\\/\\\/stage3.rnv.gob.ve\\\/wp\\\/maduro-la-venezuela-de-verdad-no-aparece-en-las-noticias\\\/\"]}]},{\"@type\":\"ImageObject\",\"inLanguage\":\"es\",\"@id\":\"https:\\\/\\\/stage3.rnv.gob.ve\\\/wp\\\/maduro-la-venezuela-de-verdad-no-aparece-en-las-noticias\\\/#primaryimage\",\"url\":\"\",\"contentUrl\":\"\"},{\"@type\":\"BreadcrumbList\",\"@id\":\"https:\\\/\\\/stage3.rnv.gob.ve\\\/wp\\\/maduro-la-venezuela-de-verdad-no-aparece-en-las-noticias\\\/#breadcrumb\",\"itemListElement\":[{\"@type\":\"ListItem\",\"position\":1,\"name\":\"Portada\",\"item\":\"https:\\\/\\\/stage3.rnv.gob.ve\\\/wp\\\/\"},{\"@type\":\"ListItem\",\"position\":2,\"name\":\"Maduro: La Venezuela De Verdad No Aparece En Las Noticias\"}]},{\"@type\":\"WebSite\",\"@id\":\"https:\\\/\\\/stage3.rnv.gob.ve\\\/wp\\\/#website\",\"url\":\"https:\\\/\\\/stage3.rnv.gob.ve\\\/wp\\\/\",\"name\":\"DEV RNV\",\"description\":\"Radio Nacional de Venezuela C.A.\",\"publisher\":{\"@id\":\"https:\\\/\\\/stage3.rnv.gob.ve\\\/wp\\\/#organization\"},\"potentialAction\":[{\"@type\":\"SearchAction\",\"target\":{\"@type\":\"EntryPoint\",\"urlTemplate\":\"https:\\\/\\\/stage3.rnv.gob.ve\\\/wp\\\/?s={search_term_string}\"},\"query-input\":{\"@type\":\"PropertyValueSpecification\",\"valueRequired\":true,\"valueName\":\"search_term_string\"}}],\"inLanguage\":\"es\"},{\"@type\":\"Organization\",\"@id\":\"https:\\\/\\\/stage3.rnv.gob.ve\\\/wp\\\/#organization\",\"name\":\"Radio Nacional de Venezuela C.A.\",\"url\":\"https:\\\/\\\/stage3.rnv.gob.ve\\\/wp\\\/\",\"logo\":{\"@type\":\"ImageObject\",\"inLanguage\":\"es\",\"@id\":\"https:\\\/\\\/stage3.rnv.gob.ve\\\/wp\\\/#\\\/schema\\\/logo\\\/image\\\/\",\"url\":\"http:\\\/\\\/rnv.ddns.net\\\/prensa\\\/wp-content\\\/uploads\\\/2022\\\/04\\\/rnv-1-300x227-1.jpg\",\"contentUrl\":\"http:\\\/\\\/rnv.ddns.net\\\/prensa\\\/wp-content\\\/uploads\\\/2022\\\/04\\\/rnv-1-300x227-1.jpg\",\"width\":800,\"height\":455,\"caption\":\"Radio Nacional de Venezuela C.A.\"},\"image\":{\"@id\":\"https:\\\/\\\/stage3.rnv.gob.ve\\\/wp\\\/#\\\/schema\\\/logo\\\/image\\\/\"},\"sameAs\":[\"https:\\\/\\\/www.facebook.com\\\/RadioNacionaldeVenezuela\",\"https:\\\/\\\/x.com\\\/RNVinformativa\",\"https:\\\/\\\/www.instagram.com\\\/rnvinformativa\\\/\",\"https:\\\/\\\/www.youtube.com\\\/user\\\/RNVContigo\"]},{\"@type\":\"Person\",\"@id\":\"https:\\\/\\\/stage3.rnv.gob.ve\\\/wp\\\/#\\\/schema\\\/person\\\/0862ce8cde332e0bc63b8a243f0eea2c\",\"name\":\"administrador\",\"sameAs\":[\"http:\\\/\\\/arnoldoeloy.net\"],\"url\":\"https:\\\/\\\/stage3.rnv.gob.ve\\\/wp\\\/author\\\/administrador\\\/\"}]}<\/script>\n<!-- \/ Yoast SEO plugin. -->","yoast_head_json":{"title":"Maduro: La Venezuela de verdad no aparece en las noticias - DEV RNV","robots":{"index":"noindex","follow":"follow","max-snippet":"max-snippet:-1","max-image-preview":"max-image-preview:large","max-video-preview":"max-video-preview:-1"},"og_locale":"es_ES","og_type":"article","og_title":"Maduro: La Venezuela de verdad no aparece en las noticias - DEV RNV","og_description":"El presidente de la Rep\u00fablica Bolivariana de Venezuela, Nicol\u00e1s Maduro, asegur\u00f3 que la Venezuela invisibilizada, que todos los d\u00edas trabaja, que todos los d\u00edas resuelve problemas, que es solidaria con el pueblo, no aparecen en las noticias, destac\u00f3 que eso pasa por que es la Venezuela que construye, \u00abla Venezuela de verdad y \u00a0a la [&hellip;]","og_url":"https:\/\/stage3.rnv.gob.ve\/wp\/maduro-la-venezuela-de-verdad-no-aparece-en-las-noticias\/","og_site_name":"DEV RNV","article_publisher":"https:\/\/www.facebook.com\/RadioNacionaldeVenezuela","article_published_time":"2017-10-24T23:51:03+00:00","author":"administrador","twitter_card":"summary_large_image","twitter_creator":"@RNVinformativa","twitter_site":"@RNVinformativa","twitter_misc":{"Escrito por":"administrador","Tiempo estimado de lectura":"1 minuto"},"schema":{"@context":"https:\/\/schema.org","@graph":[{"@type":"Article","@id":"https:\/\/stage3.rnv.gob.ve\/wp\/maduro-la-venezuela-de-verdad-no-aparece-en-las-noticias\/#article","isPartOf":{"@id":"https:\/\/stage3.rnv.gob.ve\/wp\/maduro-la-venezuela-de-verdad-no-aparece-en-las-noticias\/"},"author":{"name":"administrador","@id":"https:\/\/stage3.rnv.gob.ve\/wp\/#\/schema\/person\/0862ce8cde332e0bc63b8a243f0eea2c"},"headline":"Maduro: La Venezuela de verdad no aparece en las noticias","datePublished":"2017-10-24T23:51:03+00:00","mainEntityOfPage":{"@id":"https:\/\/stage3.rnv.gob.ve\/wp\/maduro-la-venezuela-de-verdad-no-aparece-en-las-noticias\/"},"wordCount":180,"publisher":{"@id":"https:\/\/stage3.rnv.gob.ve\/wp\/#organization"},"image":{"@id":"https:\/\/stage3.rnv.gob.ve\/wp\/maduro-la-venezuela-de-verdad-no-aparece-en-las-noticias\/#primaryimage"},"thumbnailUrl":"","keywords":["chavez","revolucion","solidaridad","Venezuela invisible","Venezuela visible"],"articleSection":["Pol\u00edtica","RNV"],"inLanguage":"es"},{"@type":"WebPage","@id":"https:\/\/stage3.rnv.gob.ve\/wp\/maduro-la-venezuela-de-verdad-no-aparece-en-las-noticias\/","url":"https:\/\/stage3.rnv.gob.ve\/wp\/maduro-la-venezuela-de-verdad-no-aparece-en-las-noticias\/","name":"Maduro: La Venezuela de verdad no aparece en las noticias - DEV RNV","isPartOf":{"@id":"https:\/\/stage3.rnv.gob.ve\/wp\/#website"},"primaryImageOfPage":{"@id":"https:\/\/stage3.rnv.gob.ve\/wp\/maduro-la-venezuela-de-verdad-no-aparece-en-las-noticias\/#primaryimage"},"image":{"@id":"https:\/\/stage3.rnv.gob.ve\/wp\/maduro-la-venezuela-de-verdad-no-aparece-en-las-noticias\/#primaryimage"},"thumbnailUrl":"","datePublished":"2017-10-24T23:51:03+00:00","breadcrumb":{"@id":"https:\/\/stage3.rnv.gob.ve\/wp\/maduro-la-venezuela-de-verdad-no-aparece-en-las-noticias\/#breadcrumb"},"inLanguage":"es","potentialAction":[{"@type":"ReadAction","target":["https:\/\/stage3.rnv.gob.ve\/wp\/maduro-la-venezuela-de-verdad-no-aparece-en-las-noticias\/"]}]},{"@type":"ImageObject","inLanguage":"es","@id":"https:\/\/stage3.rnv.gob.ve\/wp\/maduro-la-venezuela-de-verdad-no-aparece-en-las-noticias\/#primaryimage","url":"","contentUrl":""},{"@type":"BreadcrumbList","@id":"https:\/\/stage3.rnv.gob.ve\/wp\/maduro-la-venezuela-de-verdad-no-aparece-en-las-noticias\/#breadcrumb","itemListElement":[{"@type":"ListItem","position":1,"name":"Portada","item":"https:\/\/stage3.rnv.gob.ve\/wp\/"},{"@type":"ListItem","position":2,"name":"Maduro: La Venezuela De Verdad No Aparece En Las Noticias"}]},{"@type":"WebSite","@id":"https:\/\/stage3.rnv.gob.ve\/wp\/#website","url":"https:\/\/stage3.rnv.gob.ve\/wp\/","name":"DEV RNV","description":"Radio Nacional de Venezuela C.A.","publisher":{"@id":"https:\/\/stage3.rnv.gob.ve\/wp\/#organization"},"potentialAction":[{"@type":"SearchAction","target":{"@type":"EntryPoint","urlTemplate":"https:\/\/stage3.rnv.gob.ve\/wp\/?s={search_term_string}"},"query-input":{"@type":"PropertyValueSpecification","valueRequired":true,"valueName":"search_term_string"}}],"inLanguage":"es"},{"@type":"Organization","@id":"https:\/\/stage3.rnv.gob.ve\/wp\/#organization","name":"Radio Nacional de Venezuela C.A.","url":"https:\/\/stage3.rnv.gob.ve\/wp\/","logo":{"@type":"ImageObject","inLanguage":"es","@id":"https:\/\/stage3.rnv.gob.ve\/wp\/#\/schema\/logo\/image\/","url":"http:\/\/rnv.ddns.net\/prensa\/wp-content\/uploads\/2022\/04\/rnv-1-300x227-1.jpg","contentUrl":"http:\/\/rnv.ddns.net\/prensa\/wp-content\/uploads\/2022\/04\/rnv-1-300x227-1.jpg","width":800,"height":455,"caption":"Radio Nacional de Venezuela C.A."},"image":{"@id":"https:\/\/stage3.rnv.gob.ve\/wp\/#\/schema\/logo\/image\/"},"sameAs":["https:\/\/www.facebook.com\/RadioNacionaldeVenezuela","https:\/\/x.com\/RNVinformativa","https:\/\/www.instagram.com\/rnvinformativa\/","https:\/\/www.youtube.com\/user\/RNVContigo"]},{"@type":"Person","@id":"https:\/\/stage3.rnv.gob.ve\/wp\/#\/schema\/person\/0862ce8cde332e0bc63b8a243f0eea2c","name":"administrador","sameAs":["http:\/\/arnoldoeloy.net"],"url":"https:\/\/stage3.rnv.gob.ve\/wp\/author\/administrador\/"}]}},"jetpack_featured_media_url":"","_links":{"self":[{"href":"https:\/\/stage3.rnv.gob.ve\/wp\/wp-json\/wp\/v2\/posts\/180173","targetHints":{"allow":["GET"]}}],"collection":[{"href":"https:\/\/stage3.rnv.gob.ve\/wp\/wp-json\/wp\/v2\/posts"}],"about":[{"href":"https:\/\/stage3.rnv.gob.ve\/wp\/wp-json\/wp\/v2\/types\/post"}],"author":[{"embeddable":true,"href":"https:\/\/stage3.rnv.gob.ve\/wp\/wp-json\/wp\/v2\/users\/1"}],"replies":[{"embeddable":true,"href":"https:\/\/stage3.rnv.gob.ve\/wp\/wp-json\/wp\/v2\/comments?post=180173"}],"version-history":[{"count":0,"href":"https:\/\/stage3.rnv.gob.ve\/wp\/wp-json\/wp\/v2\/posts\/180173\/revisions"}],"wp:featuredmedia":[{"embeddable":true,"href":"https:\/\/stage3.rnv.gob.ve\/wp\/wp-json\/"}],"wp:attachment":[{"href":"https:\/\/stage3.rnv.gob.ve\/wp\/wp-json\/wp\/v2\/media?parent=180173"}],"wp:term":[{"taxonomy":"category","embeddable":true,"href":"https:\/\/stage3.rnv.gob.ve\/wp\/wp-json\/wp\/v2\/categories?post=180173"},{"taxonomy":"post_tag","embeddable":true,"href":"https:\/\/stage3.rnv.gob.ve\/wp\/wp-json\/wp\/v2\/tags?post=180173"}],"curies":[{"name":"wp","href":"https:\/\/api.w.org\/{rel}","templated":true}]}}