{"id":177722,"date":"2017-10-15T12:35:21","date_gmt":"2017-10-15T17:05:21","guid":{"rendered":"https:\/\/stage3.rnv.gob.ve\/wp\/?p=177722"},"modified":"2017-10-15T12:35:21","modified_gmt":"2017-10-15T17:05:21","slug":"todo-el-que-vote-esta-reconociendo-al-cne-y-a-la-anc","status":"publish","type":"post","link":"https:\/\/stage3.rnv.gob.ve\/wp\/todo-el-que-vote-esta-reconociendo-al-cne-y-a-la-anc\/","title":{"rendered":"Todo el que vote est\u00e1 reconociendo al CNE y a la ANC"},"content":{"rendered":"<p><img fetchpriority=\"high\" decoding=\"async\" class=\"size-medium wp-image-177745 alignleft\" src=\"https:\/\/stage3.rnv.gob.ve\/wp\/wp-content\/uploads\/2017\/10\/luis-lopez-300x200.jpg\" alt=\"\" width=\"300\" height=\"200\" \/>En el marco de la fiesta electoral de este domingo, el ministro para la Salud, Luis L\u00f3pez, resalt\u00f3 que todas las personas que participan en este proceso est\u00e1n reconociendo al Consejo Nacional Electoral (CNE) y a la Asamblea Nacional Constituyente (ANC).<!--more--><\/p>\n<p>\u00abTodo el que se inscribi\u00f3 conf\u00eda en el CNE, todo el que vote hoy est\u00e1 respaldando al CNE, a Tibisay Lucena y a todos nuestros rectores. Todo el que vote hoy est\u00e1 reconociendo que la Asamblea Nacional Constituyente es el m\u00e1ximo poder\u00bb, destac\u00f3 el ministro.<\/p>\n<p>En tal sentido, resalt\u00f3 que la oposici\u00f3n inscribi\u00f3 candidatos en todas las regiones del pa\u00eds, por lo tanto, espera que reconozcan los resultados que anuncie el ente rector.<\/p>\n<p>Desde la Unidad Educativa \u00abAntonio Garc\u00eda Rojas\u00bb, donde ejerci\u00f3 su derecho al voto, llam\u00f3 a todo el pueblo venezolano a salir a votar y elegir su candidato por la v\u00eda democr\u00e1tica, a votar por la paz y la independencia.<\/p>\n<p>\u00abEs necesario salir a votar, as\u00ed es el sistema democr\u00e1tico, esto elimina las guarimbas y el saboteo. Nuestro llamado es a la participaci\u00f3n, para que cada uno ejerza su derecho al voto, porque as\u00ed es la democracia y eso es lo que nos va a dar paz\u00bb, enfatiz\u00f3.<\/p>\n<p>&nbsp;<\/p>\n<p><strong>Escuche al ministro para la Salud, Luis L\u00f3pez<\/strong><\/p>\n<audio class=\"wp-audio-shortcode\" id=\"audio-177722-1\" preload=\"none\" style=\"width: 100%;\" controls=\"controls\"><source type=\"audio\/mpeg\" src=\"https:\/\/stage3.rnv.gob.ve\/wp\/wp-content\/uploads\/2017\/10\/virginiaperez.mp3?_=1\" \/><a href=\"https:\/\/stage3.rnv.gob.ve\/wp\/wp-content\/uploads\/2017\/10\/virginiaperez.mp3\">https:\/\/stage3.rnv.gob.ve\/wp\/wp-content\/uploads\/2017\/10\/virginiaperez.mp3<\/a><\/audio>\n<p><strong>T\/RNV Web\/CP<\/strong><\/p>\n","protected":false},"excerpt":{"rendered":"<p>En el marco de la fiesta electoral de este domingo, el ministro para la Salud, Luis L\u00f3pez, resalt\u00f3 que todas las personas que participan en este proceso est\u00e1n reconociendo al Consejo Nacional Electoral (CNE) y a la Asamblea Nacional Constituyente (ANC).<\/p>\n","protected":false},"author":1,"featured_media":177745,"comment_status":"closed","ping_status":"open","sticky":false,"template":"","format":"standard","meta":{"_acf_changed":false,"footnotes":""},"categories":[67],"tags":[14550,1983,15472,15473,98],"class_list":["post-177722","post","type-post","status-publish","format-standard","has-post-thumbnail","hentry","category-politica","tag-anc","tag-cne","tag-luis-lopez","tag-ministro-de-salud","tag-salud"],"acf":[],"yoast_head":"<!-- This site is optimized with the Yoast SEO plugin v27.4 - https:\/\/yoast.com\/product\/yoast-seo-wordpress\/ -->\n<title>Todo el que vote est\u00e1 reconociendo al CNE y a la ANC - DEV RNV<\/title>\n<meta name=\"robots\" content=\"noindex, follow, max-snippet:-1, max-image-preview:large, max-video-preview:-1\" \/>\n<meta property=\"og:locale\" content=\"es_ES\" \/>\n<meta property=\"og:type\" content=\"article\" \/>\n<meta property=\"og:title\" content=\"Todo el que vote est\u00e1 reconociendo al CNE y a la ANC - DEV RNV\" \/>\n<meta property=\"og:description\" content=\"En el marco de la fiesta electoral de este domingo, el ministro para la Salud, Luis L\u00f3pez, resalt\u00f3 que todas las personas que participan en este proceso est\u00e1n reconociendo al Consejo Nacional Electoral (CNE) y a la Asamblea Nacional Constituyente (ANC).\" \/>\n<meta property=\"og:url\" content=\"https:\/\/stage3.rnv.gob.ve\/wp\/todo-el-que-vote-esta-reconociendo-al-cne-y-a-la-anc\/\" \/>\n<meta property=\"og:site_name\" content=\"DEV RNV\" \/>\n<meta property=\"article:publisher\" content=\"https:\/\/www.facebook.com\/RadioNacionaldeVenezuela\" \/>\n<meta property=\"article:published_time\" content=\"2017-10-15T17:05:21+00:00\" \/>\n<meta name=\"author\" content=\"administrador\" \/>\n<meta name=\"twitter:card\" content=\"summary_large_image\" \/>\n<meta name=\"twitter:creator\" content=\"@RNVinformativa\" \/>\n<meta name=\"twitter:site\" content=\"@RNVinformativa\" \/>\n<meta name=\"twitter:label1\" content=\"Escrito por\" \/>\n\t<meta name=\"twitter:data1\" content=\"administrador\" \/>\n\t<meta name=\"twitter:label2\" content=\"Tiempo estimado de lectura\" \/>\n\t<meta name=\"twitter:data2\" content=\"1 minuto\" \/>\n<script type=\"application\/ld+json\" class=\"yoast-schema-graph\">{\"@context\":\"https:\\\/\\\/schema.org\",\"@graph\":[{\"@type\":\"Article\",\"@id\":\"https:\\\/\\\/stage3.rnv.gob.ve\\\/wp\\\/todo-el-que-vote-esta-reconociendo-al-cne-y-a-la-anc\\\/#article\",\"isPartOf\":{\"@id\":\"https:\\\/\\\/stage3.rnv.gob.ve\\\/wp\\\/todo-el-que-vote-esta-reconociendo-al-cne-y-a-la-anc\\\/\"},\"author\":{\"name\":\"administrador\",\"@id\":\"https:\\\/\\\/stage3.rnv.gob.ve\\\/wp\\\/#\\\/schema\\\/person\\\/0862ce8cde332e0bc63b8a243f0eea2c\"},\"headline\":\"Todo el que vote est\u00e1 reconociendo al CNE y a la ANC\",\"datePublished\":\"2017-10-15T17:05:21+00:00\",\"mainEntityOfPage\":{\"@id\":\"https:\\\/\\\/stage3.rnv.gob.ve\\\/wp\\\/todo-el-que-vote-esta-reconociendo-al-cne-y-a-la-anc\\\/\"},\"wordCount\":251,\"publisher\":{\"@id\":\"https:\\\/\\\/stage3.rnv.gob.ve\\\/wp\\\/#organization\"},\"image\":{\"@id\":\"https:\\\/\\\/stage3.rnv.gob.ve\\\/wp\\\/todo-el-que-vote-esta-reconociendo-al-cne-y-a-la-anc\\\/#primaryimage\"},\"thumbnailUrl\":\"\",\"keywords\":[\"anc\",\"cne\",\"luis lopez\",\"ministro de salud\",\"salud\"],\"articleSection\":[\"Pol\u00edtica\"],\"inLanguage\":\"es\"},{\"@type\":\"WebPage\",\"@id\":\"https:\\\/\\\/stage3.rnv.gob.ve\\\/wp\\\/todo-el-que-vote-esta-reconociendo-al-cne-y-a-la-anc\\\/\",\"url\":\"https:\\\/\\\/stage3.rnv.gob.ve\\\/wp\\\/todo-el-que-vote-esta-reconociendo-al-cne-y-a-la-anc\\\/\",\"name\":\"Todo el que vote est\u00e1 reconociendo al CNE y a la ANC - DEV RNV\",\"isPartOf\":{\"@id\":\"https:\\\/\\\/stage3.rnv.gob.ve\\\/wp\\\/#website\"},\"primaryImageOfPage\":{\"@id\":\"https:\\\/\\\/stage3.rnv.gob.ve\\\/wp\\\/todo-el-que-vote-esta-reconociendo-al-cne-y-a-la-anc\\\/#primaryimage\"},\"image\":{\"@id\":\"https:\\\/\\\/stage3.rnv.gob.ve\\\/wp\\\/todo-el-que-vote-esta-reconociendo-al-cne-y-a-la-anc\\\/#primaryimage\"},\"thumbnailUrl\":\"\",\"datePublished\":\"2017-10-15T17:05:21+00:00\",\"breadcrumb\":{\"@id\":\"https:\\\/\\\/stage3.rnv.gob.ve\\\/wp\\\/todo-el-que-vote-esta-reconociendo-al-cne-y-a-la-anc\\\/#breadcrumb\"},\"inLanguage\":\"es\",\"potentialAction\":[{\"@type\":\"ReadAction\",\"target\":[\"https:\\\/\\\/stage3.rnv.gob.ve\\\/wp\\\/todo-el-que-vote-esta-reconociendo-al-cne-y-a-la-anc\\\/\"]}]},{\"@type\":\"ImageObject\",\"inLanguage\":\"es\",\"@id\":\"https:\\\/\\\/stage3.rnv.gob.ve\\\/wp\\\/todo-el-que-vote-esta-reconociendo-al-cne-y-a-la-anc\\\/#primaryimage\",\"url\":\"\",\"contentUrl\":\"\"},{\"@type\":\"BreadcrumbList\",\"@id\":\"https:\\\/\\\/stage3.rnv.gob.ve\\\/wp\\\/todo-el-que-vote-esta-reconociendo-al-cne-y-a-la-anc\\\/#breadcrumb\",\"itemListElement\":[{\"@type\":\"ListItem\",\"position\":1,\"name\":\"Portada\",\"item\":\"https:\\\/\\\/stage3.rnv.gob.ve\\\/wp\\\/\"},{\"@type\":\"ListItem\",\"position\":2,\"name\":\"Todo El Que Vote Est\u00e1 Reconociendo Al Cne Y A La Anc\"}]},{\"@type\":\"WebSite\",\"@id\":\"https:\\\/\\\/stage3.rnv.gob.ve\\\/wp\\\/#website\",\"url\":\"https:\\\/\\\/stage3.rnv.gob.ve\\\/wp\\\/\",\"name\":\"DEV RNV\",\"description\":\"Radio Nacional de Venezuela C.A.\",\"publisher\":{\"@id\":\"https:\\\/\\\/stage3.rnv.gob.ve\\\/wp\\\/#organization\"},\"potentialAction\":[{\"@type\":\"SearchAction\",\"target\":{\"@type\":\"EntryPoint\",\"urlTemplate\":\"https:\\\/\\\/stage3.rnv.gob.ve\\\/wp\\\/?s={search_term_string}\"},\"query-input\":{\"@type\":\"PropertyValueSpecification\",\"valueRequired\":true,\"valueName\":\"search_term_string\"}}],\"inLanguage\":\"es\"},{\"@type\":\"Organization\",\"@id\":\"https:\\\/\\\/stage3.rnv.gob.ve\\\/wp\\\/#organization\",\"name\":\"Radio Nacional de Venezuela C.A.\",\"url\":\"https:\\\/\\\/stage3.rnv.gob.ve\\\/wp\\\/\",\"logo\":{\"@type\":\"ImageObject\",\"inLanguage\":\"es\",\"@id\":\"https:\\\/\\\/stage3.rnv.gob.ve\\\/wp\\\/#\\\/schema\\\/logo\\\/image\\\/\",\"url\":\"http:\\\/\\\/rnv.ddns.net\\\/prensa\\\/wp-content\\\/uploads\\\/2022\\\/04\\\/rnv-1-300x227-1.jpg\",\"contentUrl\":\"http:\\\/\\\/rnv.ddns.net\\\/prensa\\\/wp-content\\\/uploads\\\/2022\\\/04\\\/rnv-1-300x227-1.jpg\",\"width\":800,\"height\":455,\"caption\":\"Radio Nacional de Venezuela C.A.\"},\"image\":{\"@id\":\"https:\\\/\\\/stage3.rnv.gob.ve\\\/wp\\\/#\\\/schema\\\/logo\\\/image\\\/\"},\"sameAs\":[\"https:\\\/\\\/www.facebook.com\\\/RadioNacionaldeVenezuela\",\"https:\\\/\\\/x.com\\\/RNVinformativa\",\"https:\\\/\\\/www.instagram.com\\\/rnvinformativa\\\/\",\"https:\\\/\\\/www.youtube.com\\\/user\\\/RNVContigo\"]},{\"@type\":\"Person\",\"@id\":\"https:\\\/\\\/stage3.rnv.gob.ve\\\/wp\\\/#\\\/schema\\\/person\\\/0862ce8cde332e0bc63b8a243f0eea2c\",\"name\":\"administrador\",\"sameAs\":[\"http:\\\/\\\/arnoldoeloy.net\"],\"url\":\"https:\\\/\\\/stage3.rnv.gob.ve\\\/wp\\\/author\\\/administrador\\\/\"}]}<\/script>\n<!-- \/ Yoast SEO plugin. -->","yoast_head_json":{"title":"Todo el que vote est\u00e1 reconociendo al CNE y a la ANC - DEV RNV","robots":{"index":"noindex","follow":"follow","max-snippet":"max-snippet:-1","max-image-preview":"max-image-preview:large","max-video-preview":"max-video-preview:-1"},"og_locale":"es_ES","og_type":"article","og_title":"Todo el que vote est\u00e1 reconociendo al CNE y a la ANC - DEV RNV","og_description":"En el marco de la fiesta electoral de este domingo, el ministro para la Salud, Luis L\u00f3pez, resalt\u00f3 que todas las personas que participan en este proceso est\u00e1n reconociendo al Consejo Nacional Electoral (CNE) y a la Asamblea Nacional Constituyente (ANC).","og_url":"https:\/\/stage3.rnv.gob.ve\/wp\/todo-el-que-vote-esta-reconociendo-al-cne-y-a-la-anc\/","og_site_name":"DEV RNV","article_publisher":"https:\/\/www.facebook.com\/RadioNacionaldeVenezuela","article_published_time":"2017-10-15T17:05:21+00:00","author":"administrador","twitter_card":"summary_large_image","twitter_creator":"@RNVinformativa","twitter_site":"@RNVinformativa","twitter_misc":{"Escrito por":"administrador","Tiempo estimado de lectura":"1 minuto"},"schema":{"@context":"https:\/\/schema.org","@graph":[{"@type":"Article","@id":"https:\/\/stage3.rnv.gob.ve\/wp\/todo-el-que-vote-esta-reconociendo-al-cne-y-a-la-anc\/#article","isPartOf":{"@id":"https:\/\/stage3.rnv.gob.ve\/wp\/todo-el-que-vote-esta-reconociendo-al-cne-y-a-la-anc\/"},"author":{"name":"administrador","@id":"https:\/\/stage3.rnv.gob.ve\/wp\/#\/schema\/person\/0862ce8cde332e0bc63b8a243f0eea2c"},"headline":"Todo el que vote est\u00e1 reconociendo al CNE y a la ANC","datePublished":"2017-10-15T17:05:21+00:00","mainEntityOfPage":{"@id":"https:\/\/stage3.rnv.gob.ve\/wp\/todo-el-que-vote-esta-reconociendo-al-cne-y-a-la-anc\/"},"wordCount":251,"publisher":{"@id":"https:\/\/stage3.rnv.gob.ve\/wp\/#organization"},"image":{"@id":"https:\/\/stage3.rnv.gob.ve\/wp\/todo-el-que-vote-esta-reconociendo-al-cne-y-a-la-anc\/#primaryimage"},"thumbnailUrl":"","keywords":["anc","cne","luis lopez","ministro de salud","salud"],"articleSection":["Pol\u00edtica"],"inLanguage":"es"},{"@type":"WebPage","@id":"https:\/\/stage3.rnv.gob.ve\/wp\/todo-el-que-vote-esta-reconociendo-al-cne-y-a-la-anc\/","url":"https:\/\/stage3.rnv.gob.ve\/wp\/todo-el-que-vote-esta-reconociendo-al-cne-y-a-la-anc\/","name":"Todo el que vote est\u00e1 reconociendo al CNE y a la ANC - DEV RNV","isPartOf":{"@id":"https:\/\/stage3.rnv.gob.ve\/wp\/#website"},"primaryImageOfPage":{"@id":"https:\/\/stage3.rnv.gob.ve\/wp\/todo-el-que-vote-esta-reconociendo-al-cne-y-a-la-anc\/#primaryimage"},"image":{"@id":"https:\/\/stage3.rnv.gob.ve\/wp\/todo-el-que-vote-esta-reconociendo-al-cne-y-a-la-anc\/#primaryimage"},"thumbnailUrl":"","datePublished":"2017-10-15T17:05:21+00:00","breadcrumb":{"@id":"https:\/\/stage3.rnv.gob.ve\/wp\/todo-el-que-vote-esta-reconociendo-al-cne-y-a-la-anc\/#breadcrumb"},"inLanguage":"es","potentialAction":[{"@type":"ReadAction","target":["https:\/\/stage3.rnv.gob.ve\/wp\/todo-el-que-vote-esta-reconociendo-al-cne-y-a-la-anc\/"]}]},{"@type":"ImageObject","inLanguage":"es","@id":"https:\/\/stage3.rnv.gob.ve\/wp\/todo-el-que-vote-esta-reconociendo-al-cne-y-a-la-anc\/#primaryimage","url":"","contentUrl":""},{"@type":"BreadcrumbList","@id":"https:\/\/stage3.rnv.gob.ve\/wp\/todo-el-que-vote-esta-reconociendo-al-cne-y-a-la-anc\/#breadcrumb","itemListElement":[{"@type":"ListItem","position":1,"name":"Portada","item":"https:\/\/stage3.rnv.gob.ve\/wp\/"},{"@type":"ListItem","position":2,"name":"Todo El Que Vote Est\u00e1 Reconociendo Al Cne Y A La Anc"}]},{"@type":"WebSite","@id":"https:\/\/stage3.rnv.gob.ve\/wp\/#website","url":"https:\/\/stage3.rnv.gob.ve\/wp\/","name":"DEV RNV","description":"Radio Nacional de Venezuela C.A.","publisher":{"@id":"https:\/\/stage3.rnv.gob.ve\/wp\/#organization"},"potentialAction":[{"@type":"SearchAction","target":{"@type":"EntryPoint","urlTemplate":"https:\/\/stage3.rnv.gob.ve\/wp\/?s={search_term_string}"},"query-input":{"@type":"PropertyValueSpecification","valueRequired":true,"valueName":"search_term_string"}}],"inLanguage":"es"},{"@type":"Organization","@id":"https:\/\/stage3.rnv.gob.ve\/wp\/#organization","name":"Radio Nacional de Venezuela C.A.","url":"https:\/\/stage3.rnv.gob.ve\/wp\/","logo":{"@type":"ImageObject","inLanguage":"es","@id":"https:\/\/stage3.rnv.gob.ve\/wp\/#\/schema\/logo\/image\/","url":"http:\/\/rnv.ddns.net\/prensa\/wp-content\/uploads\/2022\/04\/rnv-1-300x227-1.jpg","contentUrl":"http:\/\/rnv.ddns.net\/prensa\/wp-content\/uploads\/2022\/04\/rnv-1-300x227-1.jpg","width":800,"height":455,"caption":"Radio Nacional de Venezuela C.A."},"image":{"@id":"https:\/\/stage3.rnv.gob.ve\/wp\/#\/schema\/logo\/image\/"},"sameAs":["https:\/\/www.facebook.com\/RadioNacionaldeVenezuela","https:\/\/x.com\/RNVinformativa","https:\/\/www.instagram.com\/rnvinformativa\/","https:\/\/www.youtube.com\/user\/RNVContigo"]},{"@type":"Person","@id":"https:\/\/stage3.rnv.gob.ve\/wp\/#\/schema\/person\/0862ce8cde332e0bc63b8a243f0eea2c","name":"administrador","sameAs":["http:\/\/arnoldoeloy.net"],"url":"https:\/\/stage3.rnv.gob.ve\/wp\/author\/administrador\/"}]}},"jetpack_featured_media_url":"","_links":{"self":[{"href":"https:\/\/stage3.rnv.gob.ve\/wp\/wp-json\/wp\/v2\/posts\/177722","targetHints":{"allow":["GET"]}}],"collection":[{"href":"https:\/\/stage3.rnv.gob.ve\/wp\/wp-json\/wp\/v2\/posts"}],"about":[{"href":"https:\/\/stage3.rnv.gob.ve\/wp\/wp-json\/wp\/v2\/types\/post"}],"author":[{"embeddable":true,"href":"https:\/\/stage3.rnv.gob.ve\/wp\/wp-json\/wp\/v2\/users\/1"}],"replies":[{"embeddable":true,"href":"https:\/\/stage3.rnv.gob.ve\/wp\/wp-json\/wp\/v2\/comments?post=177722"}],"version-history":[{"count":0,"href":"https:\/\/stage3.rnv.gob.ve\/wp\/wp-json\/wp\/v2\/posts\/177722\/revisions"}],"wp:featuredmedia":[{"embeddable":true,"href":"https:\/\/stage3.rnv.gob.ve\/wp\/wp-json\/"}],"wp:attachment":[{"href":"https:\/\/stage3.rnv.gob.ve\/wp\/wp-json\/wp\/v2\/media?parent=177722"}],"wp:term":[{"taxonomy":"category","embeddable":true,"href":"https:\/\/stage3.rnv.gob.ve\/wp\/wp-json\/wp\/v2\/categories?post=177722"},{"taxonomy":"post_tag","embeddable":true,"href":"https:\/\/stage3.rnv.gob.ve\/wp\/wp-json\/wp\/v2\/tags?post=177722"}],"curies":[{"name":"wp","href":"https:\/\/api.w.org\/{rel}","templated":true}]}}