{"id":175726,"date":"2017-10-09T06:00:28","date_gmt":"2017-10-09T10:30:28","guid":{"rendered":"https:\/\/stage3.rnv.gob.ve\/wp\/?p=175726"},"modified":"2017-10-09T06:00:28","modified_gmt":"2017-10-09T10:30:28","slug":"clez-instalo-comision-especial-para-atender-casos-de-robo-de-cables-de-fibra-optica","status":"publish","type":"post","link":"https:\/\/stage3.rnv.gob.ve\/wp\/clez-instalo-comision-especial-para-atender-casos-de-robo-de-cables-de-fibra-optica\/","title":{"rendered":"Clez instal\u00f3 Comisi\u00f3n Especial para atender casos de robo de cables de fibra \u00f3ptica"},"content":{"rendered":"\n<p>El Consejo Legislativo del estado Zulia instal\u00f3 una comisi\u00f3n especial, para atender el hurto y robo de cableado de fibra \u00f3ptica de Cantv, que afecta a varios municipios en la entidad, explic\u00f3 el legislador Eduardo Labrador presidente de la Comisi\u00f3n de Pol\u00edtica, Participaci\u00f3n y Derechos Humanos del parlamento regional.<!--more--><\/p>\n<p>\u201cvarios municipios reportan deficiencias en el uso de internet y l\u00edneas telef\u00f3nicas de Cantv, como Maracaibo y San Francisco, tenemos aproximadamente 77 mil usuarios afectados en el Zulia, vamos hacer seguimiento a los casos para dar respuesta\u201d destall\u00f3 Labrador. Inform\u00f3 adem\u00e1s que la comisi\u00f3n eval\u00faa las distintas situaciones en zonas residenciales y comerciales de la entidad zuliana.<\/p>\n<p>&nbsp;<\/p>\n<p><strong>Escuche el reporte Tahina Villa para RNV Noticias<\/strong><\/p>\n<audio class=\"wp-audio-shortcode\" id=\"audio-175726-1\" preload=\"none\" style=\"width: 100%;\" controls=\"controls\"><source type=\"audio\/mpeg\" src=\"https:\/\/stage3.rnv.gob.ve\/wp\/wp-content\/uploads\/2017\/10\/REPORTE-ROBO-CABLE-CANTV-1.mp3?_=1\" \/><a href=\"https:\/\/stage3.rnv.gob.ve\/wp\/wp-content\/uploads\/2017\/10\/REPORTE-ROBO-CABLE-CANTV-1.mp3\">https:\/\/stage3.rnv.gob.ve\/wp\/wp-content\/uploads\/2017\/10\/REPORTE-ROBO-CABLE-CANTV-1.mp3<\/a><\/audio>\n<p><strong>T\/Corresponsal\u00eda Zulia\/T.V.<\/strong><\/p>\n","protected":false},"excerpt":{"rendered":"<p>El Consejo Legislativo del estado Zulia instal\u00f3 una comisi\u00f3n especial, para atender el hurto y robo de cableado de fibra \u00f3ptica de Cantv, que afecta a varios municipios en la entidad, explic\u00f3 el legislador Eduardo Labrador presidente de la Comisi\u00f3n de Pol\u00edtica, Participaci\u00f3n y Derechos Humanos del parlamento regional.<\/p>\n","protected":false},"author":1,"featured_media":175749,"comment_status":"closed","ping_status":"open","sticky":false,"template":"","format":"standard","meta":{"_acf_changed":false,"footnotes":""},"categories":[69],"tags":[17982,1514,82,2182,318],"class_list":["post-175726","post","type-post","status-publish","format-standard","has-post-thumbnail","hentry","category-regional","tag-cable","tag-cantv","tag-rnv","tag-robo","tag-zulia"],"acf":[],"yoast_head":"<!-- This site is optimized with the Yoast SEO plugin v27.4 - https:\/\/yoast.com\/product\/yoast-seo-wordpress\/ -->\n<title>Clez instal\u00f3 Comisi\u00f3n Especial para atender casos de robo de cables de fibra \u00f3ptica - DEV RNV<\/title>\n<meta name=\"robots\" content=\"noindex, follow, max-snippet:-1, max-image-preview:large, max-video-preview:-1\" \/>\n<meta property=\"og:locale\" content=\"es_ES\" \/>\n<meta property=\"og:type\" content=\"article\" \/>\n<meta property=\"og:title\" content=\"Clez instal\u00f3 Comisi\u00f3n Especial para atender casos de robo de cables de fibra \u00f3ptica - DEV RNV\" \/>\n<meta property=\"og:description\" content=\"El Consejo Legislativo del estado Zulia instal\u00f3 una comisi\u00f3n especial, para atender el hurto y robo de cableado de fibra \u00f3ptica de Cantv, que afecta a varios municipios en la entidad, explic\u00f3 el legislador Eduardo Labrador presidente de la Comisi\u00f3n de Pol\u00edtica, Participaci\u00f3n y Derechos Humanos del parlamento regional.\" \/>\n<meta property=\"og:url\" content=\"https:\/\/stage3.rnv.gob.ve\/wp\/clez-instalo-comision-especial-para-atender-casos-de-robo-de-cables-de-fibra-optica\/\" \/>\n<meta property=\"og:site_name\" content=\"DEV RNV\" \/>\n<meta property=\"article:publisher\" content=\"https:\/\/www.facebook.com\/RadioNacionaldeVenezuela\" \/>\n<meta property=\"article:published_time\" content=\"2017-10-09T10:30:28+00:00\" \/>\n<meta name=\"author\" content=\"administrador\" \/>\n<meta name=\"twitter:card\" content=\"summary_large_image\" \/>\n<meta name=\"twitter:creator\" content=\"@RNVinformativa\" \/>\n<meta name=\"twitter:site\" content=\"@RNVinformativa\" \/>\n<meta name=\"twitter:label1\" content=\"Escrito por\" \/>\n\t<meta name=\"twitter:data1\" content=\"administrador\" \/>\n\t<meta name=\"twitter:label2\" content=\"Tiempo estimado de lectura\" \/>\n\t<meta name=\"twitter:data2\" content=\"1 minuto\" \/>\n<script type=\"application\/ld+json\" class=\"yoast-schema-graph\">{\"@context\":\"https:\\\/\\\/schema.org\",\"@graph\":[{\"@type\":\"Article\",\"@id\":\"https:\\\/\\\/stage3.rnv.gob.ve\\\/wp\\\/clez-instalo-comision-especial-para-atender-casos-de-robo-de-cables-de-fibra-optica\\\/#article\",\"isPartOf\":{\"@id\":\"https:\\\/\\\/stage3.rnv.gob.ve\\\/wp\\\/clez-instalo-comision-especial-para-atender-casos-de-robo-de-cables-de-fibra-optica\\\/\"},\"author\":{\"name\":\"administrador\",\"@id\":\"https:\\\/\\\/stage3.rnv.gob.ve\\\/wp\\\/#\\\/schema\\\/person\\\/0862ce8cde332e0bc63b8a243f0eea2c\"},\"headline\":\"Clez instal\u00f3 Comisi\u00f3n Especial para atender casos de robo de cables de fibra \u00f3ptica\",\"datePublished\":\"2017-10-09T10:30:28+00:00\",\"mainEntityOfPage\":{\"@id\":\"https:\\\/\\\/stage3.rnv.gob.ve\\\/wp\\\/clez-instalo-comision-especial-para-atender-casos-de-robo-de-cables-de-fibra-optica\\\/\"},\"wordCount\":161,\"publisher\":{\"@id\":\"https:\\\/\\\/stage3.rnv.gob.ve\\\/wp\\\/#organization\"},\"image\":{\"@id\":\"https:\\\/\\\/stage3.rnv.gob.ve\\\/wp\\\/clez-instalo-comision-especial-para-atender-casos-de-robo-de-cables-de-fibra-optica\\\/#primaryimage\"},\"thumbnailUrl\":\"\",\"keywords\":[\"cable\",\"cantv\",\"RNV\",\"Robo\",\"zulia\"],\"articleSection\":[\"Regional\"],\"inLanguage\":\"es\"},{\"@type\":\"WebPage\",\"@id\":\"https:\\\/\\\/stage3.rnv.gob.ve\\\/wp\\\/clez-instalo-comision-especial-para-atender-casos-de-robo-de-cables-de-fibra-optica\\\/\",\"url\":\"https:\\\/\\\/stage3.rnv.gob.ve\\\/wp\\\/clez-instalo-comision-especial-para-atender-casos-de-robo-de-cables-de-fibra-optica\\\/\",\"name\":\"Clez instal\u00f3 Comisi\u00f3n Especial para atender casos de robo de cables de fibra \u00f3ptica - DEV RNV\",\"isPartOf\":{\"@id\":\"https:\\\/\\\/stage3.rnv.gob.ve\\\/wp\\\/#website\"},\"primaryImageOfPage\":{\"@id\":\"https:\\\/\\\/stage3.rnv.gob.ve\\\/wp\\\/clez-instalo-comision-especial-para-atender-casos-de-robo-de-cables-de-fibra-optica\\\/#primaryimage\"},\"image\":{\"@id\":\"https:\\\/\\\/stage3.rnv.gob.ve\\\/wp\\\/clez-instalo-comision-especial-para-atender-casos-de-robo-de-cables-de-fibra-optica\\\/#primaryimage\"},\"thumbnailUrl\":\"\",\"datePublished\":\"2017-10-09T10:30:28+00:00\",\"breadcrumb\":{\"@id\":\"https:\\\/\\\/stage3.rnv.gob.ve\\\/wp\\\/clez-instalo-comision-especial-para-atender-casos-de-robo-de-cables-de-fibra-optica\\\/#breadcrumb\"},\"inLanguage\":\"es\",\"potentialAction\":[{\"@type\":\"ReadAction\",\"target\":[\"https:\\\/\\\/stage3.rnv.gob.ve\\\/wp\\\/clez-instalo-comision-especial-para-atender-casos-de-robo-de-cables-de-fibra-optica\\\/\"]}]},{\"@type\":\"ImageObject\",\"inLanguage\":\"es\",\"@id\":\"https:\\\/\\\/stage3.rnv.gob.ve\\\/wp\\\/clez-instalo-comision-especial-para-atender-casos-de-robo-de-cables-de-fibra-optica\\\/#primaryimage\",\"url\":\"\",\"contentUrl\":\"\"},{\"@type\":\"BreadcrumbList\",\"@id\":\"https:\\\/\\\/stage3.rnv.gob.ve\\\/wp\\\/clez-instalo-comision-especial-para-atender-casos-de-robo-de-cables-de-fibra-optica\\\/#breadcrumb\",\"itemListElement\":[{\"@type\":\"ListItem\",\"position\":1,\"name\":\"Portada\",\"item\":\"https:\\\/\\\/stage3.rnv.gob.ve\\\/wp\\\/\"},{\"@type\":\"ListItem\",\"position\":2,\"name\":\"Clez Instal\u00f3 Comisi\u00f3n Especial Para Atender Casos De Robo De Cables De Fibra \u00d3ptica\"}]},{\"@type\":\"WebSite\",\"@id\":\"https:\\\/\\\/stage3.rnv.gob.ve\\\/wp\\\/#website\",\"url\":\"https:\\\/\\\/stage3.rnv.gob.ve\\\/wp\\\/\",\"name\":\"DEV RNV\",\"description\":\"Radio Nacional de Venezuela C.A.\",\"publisher\":{\"@id\":\"https:\\\/\\\/stage3.rnv.gob.ve\\\/wp\\\/#organization\"},\"potentialAction\":[{\"@type\":\"SearchAction\",\"target\":{\"@type\":\"EntryPoint\",\"urlTemplate\":\"https:\\\/\\\/stage3.rnv.gob.ve\\\/wp\\\/?s={search_term_string}\"},\"query-input\":{\"@type\":\"PropertyValueSpecification\",\"valueRequired\":true,\"valueName\":\"search_term_string\"}}],\"inLanguage\":\"es\"},{\"@type\":\"Organization\",\"@id\":\"https:\\\/\\\/stage3.rnv.gob.ve\\\/wp\\\/#organization\",\"name\":\"Radio Nacional de Venezuela C.A.\",\"url\":\"https:\\\/\\\/stage3.rnv.gob.ve\\\/wp\\\/\",\"logo\":{\"@type\":\"ImageObject\",\"inLanguage\":\"es\",\"@id\":\"https:\\\/\\\/stage3.rnv.gob.ve\\\/wp\\\/#\\\/schema\\\/logo\\\/image\\\/\",\"url\":\"http:\\\/\\\/rnv.ddns.net\\\/prensa\\\/wp-content\\\/uploads\\\/2022\\\/04\\\/rnv-1-300x227-1.jpg\",\"contentUrl\":\"http:\\\/\\\/rnv.ddns.net\\\/prensa\\\/wp-content\\\/uploads\\\/2022\\\/04\\\/rnv-1-300x227-1.jpg\",\"width\":800,\"height\":455,\"caption\":\"Radio Nacional de Venezuela C.A.\"},\"image\":{\"@id\":\"https:\\\/\\\/stage3.rnv.gob.ve\\\/wp\\\/#\\\/schema\\\/logo\\\/image\\\/\"},\"sameAs\":[\"https:\\\/\\\/www.facebook.com\\\/RadioNacionaldeVenezuela\",\"https:\\\/\\\/x.com\\\/RNVinformativa\",\"https:\\\/\\\/www.instagram.com\\\/rnvinformativa\\\/\",\"https:\\\/\\\/www.youtube.com\\\/user\\\/RNVContigo\"]},{\"@type\":\"Person\",\"@id\":\"https:\\\/\\\/stage3.rnv.gob.ve\\\/wp\\\/#\\\/schema\\\/person\\\/0862ce8cde332e0bc63b8a243f0eea2c\",\"name\":\"administrador\",\"sameAs\":[\"http:\\\/\\\/arnoldoeloy.net\"],\"url\":\"https:\\\/\\\/stage3.rnv.gob.ve\\\/wp\\\/author\\\/administrador\\\/\"}]}<\/script>\n<!-- \/ Yoast SEO plugin. -->","yoast_head_json":{"title":"Clez instal\u00f3 Comisi\u00f3n Especial para atender casos de robo de cables de fibra \u00f3ptica - DEV RNV","robots":{"index":"noindex","follow":"follow","max-snippet":"max-snippet:-1","max-image-preview":"max-image-preview:large","max-video-preview":"max-video-preview:-1"},"og_locale":"es_ES","og_type":"article","og_title":"Clez instal\u00f3 Comisi\u00f3n Especial para atender casos de robo de cables de fibra \u00f3ptica - DEV RNV","og_description":"El Consejo Legislativo del estado Zulia instal\u00f3 una comisi\u00f3n especial, para atender el hurto y robo de cableado de fibra \u00f3ptica de Cantv, que afecta a varios municipios en la entidad, explic\u00f3 el legislador Eduardo Labrador presidente de la Comisi\u00f3n de Pol\u00edtica, Participaci\u00f3n y Derechos Humanos del parlamento regional.","og_url":"https:\/\/stage3.rnv.gob.ve\/wp\/clez-instalo-comision-especial-para-atender-casos-de-robo-de-cables-de-fibra-optica\/","og_site_name":"DEV RNV","article_publisher":"https:\/\/www.facebook.com\/RadioNacionaldeVenezuela","article_published_time":"2017-10-09T10:30:28+00:00","author":"administrador","twitter_card":"summary_large_image","twitter_creator":"@RNVinformativa","twitter_site":"@RNVinformativa","twitter_misc":{"Escrito por":"administrador","Tiempo estimado de lectura":"1 minuto"},"schema":{"@context":"https:\/\/schema.org","@graph":[{"@type":"Article","@id":"https:\/\/stage3.rnv.gob.ve\/wp\/clez-instalo-comision-especial-para-atender-casos-de-robo-de-cables-de-fibra-optica\/#article","isPartOf":{"@id":"https:\/\/stage3.rnv.gob.ve\/wp\/clez-instalo-comision-especial-para-atender-casos-de-robo-de-cables-de-fibra-optica\/"},"author":{"name":"administrador","@id":"https:\/\/stage3.rnv.gob.ve\/wp\/#\/schema\/person\/0862ce8cde332e0bc63b8a243f0eea2c"},"headline":"Clez instal\u00f3 Comisi\u00f3n Especial para atender casos de robo de cables de fibra \u00f3ptica","datePublished":"2017-10-09T10:30:28+00:00","mainEntityOfPage":{"@id":"https:\/\/stage3.rnv.gob.ve\/wp\/clez-instalo-comision-especial-para-atender-casos-de-robo-de-cables-de-fibra-optica\/"},"wordCount":161,"publisher":{"@id":"https:\/\/stage3.rnv.gob.ve\/wp\/#organization"},"image":{"@id":"https:\/\/stage3.rnv.gob.ve\/wp\/clez-instalo-comision-especial-para-atender-casos-de-robo-de-cables-de-fibra-optica\/#primaryimage"},"thumbnailUrl":"","keywords":["cable","cantv","RNV","Robo","zulia"],"articleSection":["Regional"],"inLanguage":"es"},{"@type":"WebPage","@id":"https:\/\/stage3.rnv.gob.ve\/wp\/clez-instalo-comision-especial-para-atender-casos-de-robo-de-cables-de-fibra-optica\/","url":"https:\/\/stage3.rnv.gob.ve\/wp\/clez-instalo-comision-especial-para-atender-casos-de-robo-de-cables-de-fibra-optica\/","name":"Clez instal\u00f3 Comisi\u00f3n Especial para atender casos de robo de cables de fibra \u00f3ptica - DEV RNV","isPartOf":{"@id":"https:\/\/stage3.rnv.gob.ve\/wp\/#website"},"primaryImageOfPage":{"@id":"https:\/\/stage3.rnv.gob.ve\/wp\/clez-instalo-comision-especial-para-atender-casos-de-robo-de-cables-de-fibra-optica\/#primaryimage"},"image":{"@id":"https:\/\/stage3.rnv.gob.ve\/wp\/clez-instalo-comision-especial-para-atender-casos-de-robo-de-cables-de-fibra-optica\/#primaryimage"},"thumbnailUrl":"","datePublished":"2017-10-09T10:30:28+00:00","breadcrumb":{"@id":"https:\/\/stage3.rnv.gob.ve\/wp\/clez-instalo-comision-especial-para-atender-casos-de-robo-de-cables-de-fibra-optica\/#breadcrumb"},"inLanguage":"es","potentialAction":[{"@type":"ReadAction","target":["https:\/\/stage3.rnv.gob.ve\/wp\/clez-instalo-comision-especial-para-atender-casos-de-robo-de-cables-de-fibra-optica\/"]}]},{"@type":"ImageObject","inLanguage":"es","@id":"https:\/\/stage3.rnv.gob.ve\/wp\/clez-instalo-comision-especial-para-atender-casos-de-robo-de-cables-de-fibra-optica\/#primaryimage","url":"","contentUrl":""},{"@type":"BreadcrumbList","@id":"https:\/\/stage3.rnv.gob.ve\/wp\/clez-instalo-comision-especial-para-atender-casos-de-robo-de-cables-de-fibra-optica\/#breadcrumb","itemListElement":[{"@type":"ListItem","position":1,"name":"Portada","item":"https:\/\/stage3.rnv.gob.ve\/wp\/"},{"@type":"ListItem","position":2,"name":"Clez Instal\u00f3 Comisi\u00f3n Especial Para Atender Casos De Robo De Cables De Fibra \u00d3ptica"}]},{"@type":"WebSite","@id":"https:\/\/stage3.rnv.gob.ve\/wp\/#website","url":"https:\/\/stage3.rnv.gob.ve\/wp\/","name":"DEV RNV","description":"Radio Nacional de Venezuela C.A.","publisher":{"@id":"https:\/\/stage3.rnv.gob.ve\/wp\/#organization"},"potentialAction":[{"@type":"SearchAction","target":{"@type":"EntryPoint","urlTemplate":"https:\/\/stage3.rnv.gob.ve\/wp\/?s={search_term_string}"},"query-input":{"@type":"PropertyValueSpecification","valueRequired":true,"valueName":"search_term_string"}}],"inLanguage":"es"},{"@type":"Organization","@id":"https:\/\/stage3.rnv.gob.ve\/wp\/#organization","name":"Radio Nacional de Venezuela C.A.","url":"https:\/\/stage3.rnv.gob.ve\/wp\/","logo":{"@type":"ImageObject","inLanguage":"es","@id":"https:\/\/stage3.rnv.gob.ve\/wp\/#\/schema\/logo\/image\/","url":"http:\/\/rnv.ddns.net\/prensa\/wp-content\/uploads\/2022\/04\/rnv-1-300x227-1.jpg","contentUrl":"http:\/\/rnv.ddns.net\/prensa\/wp-content\/uploads\/2022\/04\/rnv-1-300x227-1.jpg","width":800,"height":455,"caption":"Radio Nacional de Venezuela C.A."},"image":{"@id":"https:\/\/stage3.rnv.gob.ve\/wp\/#\/schema\/logo\/image\/"},"sameAs":["https:\/\/www.facebook.com\/RadioNacionaldeVenezuela","https:\/\/x.com\/RNVinformativa","https:\/\/www.instagram.com\/rnvinformativa\/","https:\/\/www.youtube.com\/user\/RNVContigo"]},{"@type":"Person","@id":"https:\/\/stage3.rnv.gob.ve\/wp\/#\/schema\/person\/0862ce8cde332e0bc63b8a243f0eea2c","name":"administrador","sameAs":["http:\/\/arnoldoeloy.net"],"url":"https:\/\/stage3.rnv.gob.ve\/wp\/author\/administrador\/"}]}},"jetpack_featured_media_url":"","_links":{"self":[{"href":"https:\/\/stage3.rnv.gob.ve\/wp\/wp-json\/wp\/v2\/posts\/175726","targetHints":{"allow":["GET"]}}],"collection":[{"href":"https:\/\/stage3.rnv.gob.ve\/wp\/wp-json\/wp\/v2\/posts"}],"about":[{"href":"https:\/\/stage3.rnv.gob.ve\/wp\/wp-json\/wp\/v2\/types\/post"}],"author":[{"embeddable":true,"href":"https:\/\/stage3.rnv.gob.ve\/wp\/wp-json\/wp\/v2\/users\/1"}],"replies":[{"embeddable":true,"href":"https:\/\/stage3.rnv.gob.ve\/wp\/wp-json\/wp\/v2\/comments?post=175726"}],"version-history":[{"count":0,"href":"https:\/\/stage3.rnv.gob.ve\/wp\/wp-json\/wp\/v2\/posts\/175726\/revisions"}],"wp:featuredmedia":[{"embeddable":true,"href":"https:\/\/stage3.rnv.gob.ve\/wp\/wp-json\/"}],"wp:attachment":[{"href":"https:\/\/stage3.rnv.gob.ve\/wp\/wp-json\/wp\/v2\/media?parent=175726"}],"wp:term":[{"taxonomy":"category","embeddable":true,"href":"https:\/\/stage3.rnv.gob.ve\/wp\/wp-json\/wp\/v2\/categories?post=175726"},{"taxonomy":"post_tag","embeddable":true,"href":"https:\/\/stage3.rnv.gob.ve\/wp\/wp-json\/wp\/v2\/tags?post=175726"}],"curies":[{"name":"wp","href":"https:\/\/api.w.org\/{rel}","templated":true}]}}