{"id":175563,"date":"2017-10-08T08:08:33","date_gmt":"2017-10-08T12:38:33","guid":{"rendered":"https:\/\/stage3.rnv.gob.ve\/wp\/?p=175563"},"modified":"2017-10-08T08:08:33","modified_gmt":"2017-10-08T12:38:33","slug":"lluvias-de-debiles-a-moderadas-habra-este-domingo-en-el-sur-y-oriente-del-pais","status":"publish","type":"post","link":"https:\/\/stage3.rnv.gob.ve\/wp\/lluvias-de-debiles-a-moderadas-habra-este-domingo-en-el-sur-y-oriente-del-pais\/","title":{"rendered":"Lluvias de d\u00e9biles a moderadas habr\u00e1 este domingo en el sur y oriente del pa\u00eds"},"content":{"rendered":"<figure id=\"attachment_11776\" aria-describedby=\"caption-attachment-11776\" style=\"width: 300px\" class=\"wp-caption alignleft\"><img fetchpriority=\"high\" decoding=\"async\" class=\"wp-image-11776 size-medium\" src=\"https:\/\/stage3.rnv.gob.ve\/wp\/wp-content\/uploads\/2016\/03\/lloviznas-300x168.jpg\" alt=\"\" width=\"300\" height=\"168\" \/><figcaption id=\"caption-attachment-11776\" class=\"wp-caption-text\">Foto: Archivo<\/figcaption><\/figure>\n<p>El Instituto Nacional de Meteorolog\u00eda e Hidrolog\u00eda (Inameh) se\u00f1ala en su reporte del tiempo que para este domingo se esperan lluvias de d\u00e9biles a moderadas sobre los estados ubicados en el oriente y sur del territorio nacional.<!--more--><\/p>\n<p>Esas condiciones\u00a0\u2014provocadas por la inestabilidad atmosf\u00e9rica en los niveles altos de la trop\u00f3sfera, indica el Inameh\u2014 se observar\u00e1n principalmente en Apure, Bol\u00edvar y Monagas, mientras que para Amazonas y Sucre se prev\u00e9n lloviznas.<\/p>\n<p>En Miranda, T\u00e1chira, M\u00e9rida y Trujillo tambi\u00e9n se presentar\u00e1n lloviznas durante el d\u00eda, y condiciones similares se registrar\u00e1n en el Distrito Capital, donde las temperaturas oscilar\u00e1n entre los 19 y 30 grados cent\u00edgrados.<\/p>\n<p><strong>T\/AVN<\/strong><\/p>\n","protected":false},"excerpt":{"rendered":"<p>El Instituto Nacional de Meteorolog\u00eda e Hidrolog\u00eda (Inameh) se\u00f1ala en su reporte del tiempo que para este domingo se esperan lluvias de d\u00e9biles a moderadas sobre los estados ubicados en el oriente y sur del territorio nacional.<\/p>\n","protected":false},"author":1,"featured_media":11776,"comment_status":"closed","ping_status":"open","sticky":false,"template":"","format":"standard","meta":{"_acf_changed":false,"footnotes":""},"categories":[74],"tags":[17971,403,608],"class_list":["post-175563","post","type-post","status-publish","format-standard","has-post-thumbnail","hentry","category-ambiente","tag-deboles","tag-inameh","tag-lluvias"],"acf":[],"yoast_head":"<!-- This site is optimized with the Yoast SEO plugin v27.4 - https:\/\/yoast.com\/product\/yoast-seo-wordpress\/ -->\n<title>Lluvias de d\u00e9biles a moderadas habr\u00e1 este domingo en el sur y oriente del pa\u00eds - DEV RNV<\/title>\n<meta name=\"robots\" content=\"noindex, follow, max-snippet:-1, max-image-preview:large, max-video-preview:-1\" \/>\n<meta property=\"og:locale\" content=\"es_ES\" \/>\n<meta property=\"og:type\" content=\"article\" \/>\n<meta property=\"og:title\" content=\"Lluvias de d\u00e9biles a moderadas habr\u00e1 este domingo en el sur y oriente del pa\u00eds - DEV RNV\" \/>\n<meta property=\"og:description\" content=\"El Instituto Nacional de Meteorolog\u00eda e Hidrolog\u00eda (Inameh) se\u00f1ala en su reporte del tiempo que para este domingo se esperan lluvias de d\u00e9biles a moderadas sobre los estados ubicados en el oriente y sur del territorio nacional.\" \/>\n<meta property=\"og:url\" content=\"https:\/\/stage3.rnv.gob.ve\/wp\/lluvias-de-debiles-a-moderadas-habra-este-domingo-en-el-sur-y-oriente-del-pais\/\" \/>\n<meta property=\"og:site_name\" content=\"DEV RNV\" \/>\n<meta property=\"article:publisher\" content=\"https:\/\/www.facebook.com\/RadioNacionaldeVenezuela\" \/>\n<meta property=\"article:published_time\" content=\"2017-10-08T12:38:33+00:00\" \/>\n<meta name=\"author\" content=\"administrador\" \/>\n<meta name=\"twitter:card\" content=\"summary_large_image\" \/>\n<meta name=\"twitter:creator\" content=\"@RNVinformativa\" \/>\n<meta name=\"twitter:site\" content=\"@RNVinformativa\" \/>\n<meta name=\"twitter:label1\" content=\"Escrito por\" \/>\n\t<meta name=\"twitter:data1\" content=\"administrador\" \/>\n\t<meta name=\"twitter:label2\" content=\"Tiempo estimado de lectura\" \/>\n\t<meta name=\"twitter:data2\" content=\"1 minuto\" \/>\n<script type=\"application\/ld+json\" class=\"yoast-schema-graph\">{\"@context\":\"https:\\\/\\\/schema.org\",\"@graph\":[{\"@type\":\"Article\",\"@id\":\"https:\\\/\\\/stage3.rnv.gob.ve\\\/wp\\\/lluvias-de-debiles-a-moderadas-habra-este-domingo-en-el-sur-y-oriente-del-pais\\\/#article\",\"isPartOf\":{\"@id\":\"https:\\\/\\\/stage3.rnv.gob.ve\\\/wp\\\/lluvias-de-debiles-a-moderadas-habra-este-domingo-en-el-sur-y-oriente-del-pais\\\/\"},\"author\":{\"name\":\"administrador\",\"@id\":\"https:\\\/\\\/stage3.rnv.gob.ve\\\/wp\\\/#\\\/schema\\\/person\\\/0862ce8cde332e0bc63b8a243f0eea2c\"},\"headline\":\"Lluvias de d\u00e9biles a moderadas habr\u00e1 este domingo en el sur y oriente del pa\u00eds\",\"datePublished\":\"2017-10-08T12:38:33+00:00\",\"mainEntityOfPage\":{\"@id\":\"https:\\\/\\\/stage3.rnv.gob.ve\\\/wp\\\/lluvias-de-debiles-a-moderadas-habra-este-domingo-en-el-sur-y-oriente-del-pais\\\/\"},\"wordCount\":147,\"publisher\":{\"@id\":\"https:\\\/\\\/stage3.rnv.gob.ve\\\/wp\\\/#organization\"},\"image\":{\"@id\":\"https:\\\/\\\/stage3.rnv.gob.ve\\\/wp\\\/lluvias-de-debiles-a-moderadas-habra-este-domingo-en-el-sur-y-oriente-del-pais\\\/#primaryimage\"},\"thumbnailUrl\":\"\",\"keywords\":[\"deboles\",\"inameh\",\"lluvias\"],\"articleSection\":[\"Ambiente\"],\"inLanguage\":\"es\"},{\"@type\":\"WebPage\",\"@id\":\"https:\\\/\\\/stage3.rnv.gob.ve\\\/wp\\\/lluvias-de-debiles-a-moderadas-habra-este-domingo-en-el-sur-y-oriente-del-pais\\\/\",\"url\":\"https:\\\/\\\/stage3.rnv.gob.ve\\\/wp\\\/lluvias-de-debiles-a-moderadas-habra-este-domingo-en-el-sur-y-oriente-del-pais\\\/\",\"name\":\"Lluvias de d\u00e9biles a moderadas habr\u00e1 este domingo en el sur y oriente del pa\u00eds - DEV RNV\",\"isPartOf\":{\"@id\":\"https:\\\/\\\/stage3.rnv.gob.ve\\\/wp\\\/#website\"},\"primaryImageOfPage\":{\"@id\":\"https:\\\/\\\/stage3.rnv.gob.ve\\\/wp\\\/lluvias-de-debiles-a-moderadas-habra-este-domingo-en-el-sur-y-oriente-del-pais\\\/#primaryimage\"},\"image\":{\"@id\":\"https:\\\/\\\/stage3.rnv.gob.ve\\\/wp\\\/lluvias-de-debiles-a-moderadas-habra-este-domingo-en-el-sur-y-oriente-del-pais\\\/#primaryimage\"},\"thumbnailUrl\":\"\",\"datePublished\":\"2017-10-08T12:38:33+00:00\",\"breadcrumb\":{\"@id\":\"https:\\\/\\\/stage3.rnv.gob.ve\\\/wp\\\/lluvias-de-debiles-a-moderadas-habra-este-domingo-en-el-sur-y-oriente-del-pais\\\/#breadcrumb\"},\"inLanguage\":\"es\",\"potentialAction\":[{\"@type\":\"ReadAction\",\"target\":[\"https:\\\/\\\/stage3.rnv.gob.ve\\\/wp\\\/lluvias-de-debiles-a-moderadas-habra-este-domingo-en-el-sur-y-oriente-del-pais\\\/\"]}]},{\"@type\":\"ImageObject\",\"inLanguage\":\"es\",\"@id\":\"https:\\\/\\\/stage3.rnv.gob.ve\\\/wp\\\/lluvias-de-debiles-a-moderadas-habra-este-domingo-en-el-sur-y-oriente-del-pais\\\/#primaryimage\",\"url\":\"\",\"contentUrl\":\"\"},{\"@type\":\"BreadcrumbList\",\"@id\":\"https:\\\/\\\/stage3.rnv.gob.ve\\\/wp\\\/lluvias-de-debiles-a-moderadas-habra-este-domingo-en-el-sur-y-oriente-del-pais\\\/#breadcrumb\",\"itemListElement\":[{\"@type\":\"ListItem\",\"position\":1,\"name\":\"Portada\",\"item\":\"https:\\\/\\\/stage3.rnv.gob.ve\\\/wp\\\/\"},{\"@type\":\"ListItem\",\"position\":2,\"name\":\"Lluvias De D\u00e9biles A Moderadas Habr\u00e1 Este Domingo En El Sur Y Oriente Del Pa\u00eds\"}]},{\"@type\":\"WebSite\",\"@id\":\"https:\\\/\\\/stage3.rnv.gob.ve\\\/wp\\\/#website\",\"url\":\"https:\\\/\\\/stage3.rnv.gob.ve\\\/wp\\\/\",\"name\":\"DEV RNV\",\"description\":\"Radio Nacional de Venezuela C.A.\",\"publisher\":{\"@id\":\"https:\\\/\\\/stage3.rnv.gob.ve\\\/wp\\\/#organization\"},\"potentialAction\":[{\"@type\":\"SearchAction\",\"target\":{\"@type\":\"EntryPoint\",\"urlTemplate\":\"https:\\\/\\\/stage3.rnv.gob.ve\\\/wp\\\/?s={search_term_string}\"},\"query-input\":{\"@type\":\"PropertyValueSpecification\",\"valueRequired\":true,\"valueName\":\"search_term_string\"}}],\"inLanguage\":\"es\"},{\"@type\":\"Organization\",\"@id\":\"https:\\\/\\\/stage3.rnv.gob.ve\\\/wp\\\/#organization\",\"name\":\"Radio Nacional de Venezuela C.A.\",\"url\":\"https:\\\/\\\/stage3.rnv.gob.ve\\\/wp\\\/\",\"logo\":{\"@type\":\"ImageObject\",\"inLanguage\":\"es\",\"@id\":\"https:\\\/\\\/stage3.rnv.gob.ve\\\/wp\\\/#\\\/schema\\\/logo\\\/image\\\/\",\"url\":\"http:\\\/\\\/rnv.ddns.net\\\/prensa\\\/wp-content\\\/uploads\\\/2022\\\/04\\\/rnv-1-300x227-1.jpg\",\"contentUrl\":\"http:\\\/\\\/rnv.ddns.net\\\/prensa\\\/wp-content\\\/uploads\\\/2022\\\/04\\\/rnv-1-300x227-1.jpg\",\"width\":800,\"height\":455,\"caption\":\"Radio Nacional de Venezuela C.A.\"},\"image\":{\"@id\":\"https:\\\/\\\/stage3.rnv.gob.ve\\\/wp\\\/#\\\/schema\\\/logo\\\/image\\\/\"},\"sameAs\":[\"https:\\\/\\\/www.facebook.com\\\/RadioNacionaldeVenezuela\",\"https:\\\/\\\/x.com\\\/RNVinformativa\",\"https:\\\/\\\/www.instagram.com\\\/rnvinformativa\\\/\",\"https:\\\/\\\/www.youtube.com\\\/user\\\/RNVContigo\"]},{\"@type\":\"Person\",\"@id\":\"https:\\\/\\\/stage3.rnv.gob.ve\\\/wp\\\/#\\\/schema\\\/person\\\/0862ce8cde332e0bc63b8a243f0eea2c\",\"name\":\"administrador\",\"sameAs\":[\"http:\\\/\\\/arnoldoeloy.net\"],\"url\":\"https:\\\/\\\/stage3.rnv.gob.ve\\\/wp\\\/author\\\/administrador\\\/\"}]}<\/script>\n<!-- \/ Yoast SEO plugin. -->","yoast_head_json":{"title":"Lluvias de d\u00e9biles a moderadas habr\u00e1 este domingo en el sur y oriente del pa\u00eds - DEV RNV","robots":{"index":"noindex","follow":"follow","max-snippet":"max-snippet:-1","max-image-preview":"max-image-preview:large","max-video-preview":"max-video-preview:-1"},"og_locale":"es_ES","og_type":"article","og_title":"Lluvias de d\u00e9biles a moderadas habr\u00e1 este domingo en el sur y oriente del pa\u00eds - DEV RNV","og_description":"El Instituto Nacional de Meteorolog\u00eda e Hidrolog\u00eda (Inameh) se\u00f1ala en su reporte del tiempo que para este domingo se esperan lluvias de d\u00e9biles a moderadas sobre los estados ubicados en el oriente y sur del territorio nacional.","og_url":"https:\/\/stage3.rnv.gob.ve\/wp\/lluvias-de-debiles-a-moderadas-habra-este-domingo-en-el-sur-y-oriente-del-pais\/","og_site_name":"DEV RNV","article_publisher":"https:\/\/www.facebook.com\/RadioNacionaldeVenezuela","article_published_time":"2017-10-08T12:38:33+00:00","author":"administrador","twitter_card":"summary_large_image","twitter_creator":"@RNVinformativa","twitter_site":"@RNVinformativa","twitter_misc":{"Escrito por":"administrador","Tiempo estimado de lectura":"1 minuto"},"schema":{"@context":"https:\/\/schema.org","@graph":[{"@type":"Article","@id":"https:\/\/stage3.rnv.gob.ve\/wp\/lluvias-de-debiles-a-moderadas-habra-este-domingo-en-el-sur-y-oriente-del-pais\/#article","isPartOf":{"@id":"https:\/\/stage3.rnv.gob.ve\/wp\/lluvias-de-debiles-a-moderadas-habra-este-domingo-en-el-sur-y-oriente-del-pais\/"},"author":{"name":"administrador","@id":"https:\/\/stage3.rnv.gob.ve\/wp\/#\/schema\/person\/0862ce8cde332e0bc63b8a243f0eea2c"},"headline":"Lluvias de d\u00e9biles a moderadas habr\u00e1 este domingo en el sur y oriente del pa\u00eds","datePublished":"2017-10-08T12:38:33+00:00","mainEntityOfPage":{"@id":"https:\/\/stage3.rnv.gob.ve\/wp\/lluvias-de-debiles-a-moderadas-habra-este-domingo-en-el-sur-y-oriente-del-pais\/"},"wordCount":147,"publisher":{"@id":"https:\/\/stage3.rnv.gob.ve\/wp\/#organization"},"image":{"@id":"https:\/\/stage3.rnv.gob.ve\/wp\/lluvias-de-debiles-a-moderadas-habra-este-domingo-en-el-sur-y-oriente-del-pais\/#primaryimage"},"thumbnailUrl":"","keywords":["deboles","inameh","lluvias"],"articleSection":["Ambiente"],"inLanguage":"es"},{"@type":"WebPage","@id":"https:\/\/stage3.rnv.gob.ve\/wp\/lluvias-de-debiles-a-moderadas-habra-este-domingo-en-el-sur-y-oriente-del-pais\/","url":"https:\/\/stage3.rnv.gob.ve\/wp\/lluvias-de-debiles-a-moderadas-habra-este-domingo-en-el-sur-y-oriente-del-pais\/","name":"Lluvias de d\u00e9biles a moderadas habr\u00e1 este domingo en el sur y oriente del pa\u00eds - DEV RNV","isPartOf":{"@id":"https:\/\/stage3.rnv.gob.ve\/wp\/#website"},"primaryImageOfPage":{"@id":"https:\/\/stage3.rnv.gob.ve\/wp\/lluvias-de-debiles-a-moderadas-habra-este-domingo-en-el-sur-y-oriente-del-pais\/#primaryimage"},"image":{"@id":"https:\/\/stage3.rnv.gob.ve\/wp\/lluvias-de-debiles-a-moderadas-habra-este-domingo-en-el-sur-y-oriente-del-pais\/#primaryimage"},"thumbnailUrl":"","datePublished":"2017-10-08T12:38:33+00:00","breadcrumb":{"@id":"https:\/\/stage3.rnv.gob.ve\/wp\/lluvias-de-debiles-a-moderadas-habra-este-domingo-en-el-sur-y-oriente-del-pais\/#breadcrumb"},"inLanguage":"es","potentialAction":[{"@type":"ReadAction","target":["https:\/\/stage3.rnv.gob.ve\/wp\/lluvias-de-debiles-a-moderadas-habra-este-domingo-en-el-sur-y-oriente-del-pais\/"]}]},{"@type":"ImageObject","inLanguage":"es","@id":"https:\/\/stage3.rnv.gob.ve\/wp\/lluvias-de-debiles-a-moderadas-habra-este-domingo-en-el-sur-y-oriente-del-pais\/#primaryimage","url":"","contentUrl":""},{"@type":"BreadcrumbList","@id":"https:\/\/stage3.rnv.gob.ve\/wp\/lluvias-de-debiles-a-moderadas-habra-este-domingo-en-el-sur-y-oriente-del-pais\/#breadcrumb","itemListElement":[{"@type":"ListItem","position":1,"name":"Portada","item":"https:\/\/stage3.rnv.gob.ve\/wp\/"},{"@type":"ListItem","position":2,"name":"Lluvias De D\u00e9biles A Moderadas Habr\u00e1 Este Domingo En El Sur Y Oriente Del Pa\u00eds"}]},{"@type":"WebSite","@id":"https:\/\/stage3.rnv.gob.ve\/wp\/#website","url":"https:\/\/stage3.rnv.gob.ve\/wp\/","name":"DEV RNV","description":"Radio Nacional de Venezuela C.A.","publisher":{"@id":"https:\/\/stage3.rnv.gob.ve\/wp\/#organization"},"potentialAction":[{"@type":"SearchAction","target":{"@type":"EntryPoint","urlTemplate":"https:\/\/stage3.rnv.gob.ve\/wp\/?s={search_term_string}"},"query-input":{"@type":"PropertyValueSpecification","valueRequired":true,"valueName":"search_term_string"}}],"inLanguage":"es"},{"@type":"Organization","@id":"https:\/\/stage3.rnv.gob.ve\/wp\/#organization","name":"Radio Nacional de Venezuela C.A.","url":"https:\/\/stage3.rnv.gob.ve\/wp\/","logo":{"@type":"ImageObject","inLanguage":"es","@id":"https:\/\/stage3.rnv.gob.ve\/wp\/#\/schema\/logo\/image\/","url":"http:\/\/rnv.ddns.net\/prensa\/wp-content\/uploads\/2022\/04\/rnv-1-300x227-1.jpg","contentUrl":"http:\/\/rnv.ddns.net\/prensa\/wp-content\/uploads\/2022\/04\/rnv-1-300x227-1.jpg","width":800,"height":455,"caption":"Radio Nacional de Venezuela C.A."},"image":{"@id":"https:\/\/stage3.rnv.gob.ve\/wp\/#\/schema\/logo\/image\/"},"sameAs":["https:\/\/www.facebook.com\/RadioNacionaldeVenezuela","https:\/\/x.com\/RNVinformativa","https:\/\/www.instagram.com\/rnvinformativa\/","https:\/\/www.youtube.com\/user\/RNVContigo"]},{"@type":"Person","@id":"https:\/\/stage3.rnv.gob.ve\/wp\/#\/schema\/person\/0862ce8cde332e0bc63b8a243f0eea2c","name":"administrador","sameAs":["http:\/\/arnoldoeloy.net"],"url":"https:\/\/stage3.rnv.gob.ve\/wp\/author\/administrador\/"}]}},"jetpack_featured_media_url":"","_links":{"self":[{"href":"https:\/\/stage3.rnv.gob.ve\/wp\/wp-json\/wp\/v2\/posts\/175563","targetHints":{"allow":["GET"]}}],"collection":[{"href":"https:\/\/stage3.rnv.gob.ve\/wp\/wp-json\/wp\/v2\/posts"}],"about":[{"href":"https:\/\/stage3.rnv.gob.ve\/wp\/wp-json\/wp\/v2\/types\/post"}],"author":[{"embeddable":true,"href":"https:\/\/stage3.rnv.gob.ve\/wp\/wp-json\/wp\/v2\/users\/1"}],"replies":[{"embeddable":true,"href":"https:\/\/stage3.rnv.gob.ve\/wp\/wp-json\/wp\/v2\/comments?post=175563"}],"version-history":[{"count":0,"href":"https:\/\/stage3.rnv.gob.ve\/wp\/wp-json\/wp\/v2\/posts\/175563\/revisions"}],"wp:featuredmedia":[{"embeddable":true,"href":"https:\/\/stage3.rnv.gob.ve\/wp\/wp-json\/"}],"wp:attachment":[{"href":"https:\/\/stage3.rnv.gob.ve\/wp\/wp-json\/wp\/v2\/media?parent=175563"}],"wp:term":[{"taxonomy":"category","embeddable":true,"href":"https:\/\/stage3.rnv.gob.ve\/wp\/wp-json\/wp\/v2\/categories?post=175563"},{"taxonomy":"post_tag","embeddable":true,"href":"https:\/\/stage3.rnv.gob.ve\/wp\/wp-json\/wp\/v2\/tags?post=175563"}],"curies":[{"name":"wp","href":"https:\/\/api.w.org\/{rel}","templated":true}]}}