{"id":174849,"date":"2017-10-05T15:00:22","date_gmt":"2017-10-05T19:30:22","guid":{"rendered":"https:\/\/stage3.rnv.gob.ve\/wp\/?p=174849"},"modified":"2026-04-14T19:20:51","modified_gmt":"2026-04-14T23:20:51","slug":"hilaris-villasana-mi-meta-es-consagrarme-en-la-seleccion","status":"publish","type":"post","link":"https:\/\/stage3.rnv.gob.ve\/wp\/hilaris-villasana-mi-meta-es-consagrarme-en-la-seleccion\/","title":{"rendered":"Hilaris Villasana: \u201cMi meta es consagrarme en la selecci\u00f3n\u201d"},"content":{"rendered":"<p><img fetchpriority=\"high\" decoding=\"async\" class=\"aligncenter  wp-image-174850\" src=\"https:\/\/stage3.rnv.gob.ve\/wp\/wp-content\/uploads\/2017\/10\/Hilaris-Villasana-0101.jpg\" alt=\"\" width=\"581\" height=\"340\" \/><\/p>\n<p>La mundialista Hilaris Villasana es una de las jugadoras con mayor experiencia en la lista de convocadas por Kenneth Zseremeta al quinto m\u00f3dulo de la selecci\u00f3n sub-20 de Venezuela que, desde el pasado lunes, se encuentra en Monagas, previo a los juegos Bolivarianos 2017.<\/p>\n<p>La mediocampista expres\u00f3 sus sensaciones luego de los primeros d\u00edas de micro ciclo en Punto de Mata. <strong>\u201cEsta es una experiencia con nuevas compa\u00f1eras que llegan al grupo, por eso estamos trabajando mucho el aspecto f\u00edsico previo a los Bolivarianos, que es una competencia fundamental para nosotras, porque es un sparring para las eliminatorias, que es lo m\u00e1s importante\u201d, manifest\u00f3.<\/strong><\/p>\n<p><strong>\u201cTenemos que hacer un buen papel en Colombia, por eso debemos trabajar bastante y lograr que las nuevas compa\u00f1eras se acoplen al equipo y puedan cubrir el espacio que falte\u201d<\/strong>, agreg\u00f3 Villasana, luego de ver el desenvolvimiento del combinado nacional en los primeros tres d\u00eda de trabajo.<\/p>\n<p>La jugadora nacida en El Tigre, estado Anzo\u00e1tegui, viene de disputar el Mundial sub-20 Pap\u00faa Nueva Guinea 2016, por lo que podr\u00e1 aportar mayor experiencia y jerarqu\u00eda en un grupo en el que comparte camerino con jugadoras de similar rodaje, como Sandra Luzardo, Alexa Castro y Daniuska Rodr\u00edguez, entre otras, quienes tambi\u00e9n cuentan con participaciones mundialistas dentro de su recorrido.<\/p>\n<p><strong>\u201cEs importante haber participado antes en una sub-20 y ver que no es f\u00e1cil, ya que son mujeres adultas con mayor experiencia a lo que estamos acostumbradas en la sub-17 y, a pesar de los resultados que se haya tenido, la experiencia no se cambia por nada, por eso le expreso a mis compa\u00f1eras que hay que trabajar, para lograr el objetivo\u201d<\/strong>, declar\u00f3 la volante del Zamora FC.<\/p>\n<p>En lo personal, como toda profesional, Villasana tiene sus metas muy claras dentro de la Vinotinto. <strong>\u201cLo que quiero es trabajar cada d\u00eda para fortalecer mis debilidades, porque, como me dice el director t\u00e9cnico (Kenneth Zseremeta), debo consagrarme ya, porque anteriormente las lesiones no me lo han permitido y mi meta es conseguirlo eso ac\u00e1 y, como siempre, aportarle al equipo\u201d<\/strong>, concluy\u00f3.<\/p>\n<p><strong>T\/RNV\/Prensa FVF<\/strong><\/p>\n<p>&nbsp;<\/p>\n","protected":false},"excerpt":{"rendered":"<p>La mundialista Hilaris Villasana es una de las jugadoras con mayor experiencia en la lista de convocadas por Kenneth Zseremeta al quinto m\u00f3dulo de la selecci\u00f3n sub-20 de Venezuela que, desde el pasado lunes, se encuentra en Monagas, previo a los juegos Bolivarianos 2017. La mediocampista expres\u00f3 sus sensaciones luego de los primeros d\u00edas de [&hellip;]<\/p>\n","protected":false},"author":1,"featured_media":174850,"comment_status":"closed","ping_status":"open","sticky":false,"template":"","format":"standard","meta":{"_acf_changed":false,"footnotes":""},"categories":[56],"tags":[123],"class_list":["post-174849","post","type-post","status-publish","format-standard","has-post-thumbnail","hentry","category-deporte","tag-futbol"],"acf":[],"yoast_head":"<!-- This site is optimized with the Yoast SEO plugin v27.4 - https:\/\/yoast.com\/product\/yoast-seo-wordpress\/ -->\n<title>Hilaris Villasana: \u201cMi meta es consagrarme en la selecci\u00f3n\u201d - DEV RNV<\/title>\n<meta name=\"robots\" content=\"noindex, follow, max-snippet:-1, max-image-preview:large, max-video-preview:-1\" \/>\n<meta property=\"og:locale\" content=\"es_ES\" \/>\n<meta property=\"og:type\" content=\"article\" \/>\n<meta property=\"og:title\" content=\"Hilaris Villasana: \u201cMi meta es consagrarme en la selecci\u00f3n\u201d - DEV RNV\" \/>\n<meta property=\"og:description\" content=\"La mundialista Hilaris Villasana es una de las jugadoras con mayor experiencia en la lista de convocadas por Kenneth Zseremeta al quinto m\u00f3dulo de la selecci\u00f3n sub-20 de Venezuela que, desde el pasado lunes, se encuentra en Monagas, previo a los juegos Bolivarianos 2017. La mediocampista expres\u00f3 sus sensaciones luego de los primeros d\u00edas de [&hellip;]\" \/>\n<meta property=\"og:url\" content=\"https:\/\/stage3.rnv.gob.ve\/wp\/hilaris-villasana-mi-meta-es-consagrarme-en-la-seleccion\/\" \/>\n<meta property=\"og:site_name\" content=\"DEV RNV\" \/>\n<meta property=\"article:publisher\" content=\"https:\/\/www.facebook.com\/RadioNacionaldeVenezuela\" \/>\n<meta property=\"article:published_time\" content=\"2017-10-05T19:30:22+00:00\" \/>\n<meta property=\"article:modified_time\" content=\"2026-04-14T23:20:51+00:00\" \/>\n<meta name=\"author\" content=\"administrador\" \/>\n<meta name=\"twitter:card\" content=\"summary_large_image\" \/>\n<meta name=\"twitter:creator\" content=\"@RNVinformativa\" \/>\n<meta name=\"twitter:site\" content=\"@RNVinformativa\" \/>\n<meta name=\"twitter:label1\" content=\"Escrito por\" \/>\n\t<meta name=\"twitter:data1\" content=\"administrador\" \/>\n\t<meta name=\"twitter:label2\" content=\"Tiempo estimado de lectura\" \/>\n\t<meta name=\"twitter:data2\" content=\"2 minutos\" \/>\n<script type=\"application\/ld+json\" class=\"yoast-schema-graph\">{\"@context\":\"https:\\\/\\\/schema.org\",\"@graph\":[{\"@type\":\"Article\",\"@id\":\"https:\\\/\\\/stage3.rnv.gob.ve\\\/wp\\\/hilaris-villasana-mi-meta-es-consagrarme-en-la-seleccion\\\/#article\",\"isPartOf\":{\"@id\":\"https:\\\/\\\/stage3.rnv.gob.ve\\\/wp\\\/hilaris-villasana-mi-meta-es-consagrarme-en-la-seleccion\\\/\"},\"author\":{\"name\":\"administrador\",\"@id\":\"https:\\\/\\\/stage3.rnv.gob.ve\\\/wp\\\/#\\\/schema\\\/person\\\/0862ce8cde332e0bc63b8a243f0eea2c\"},\"headline\":\"Hilaris Villasana: \u201cMi meta es consagrarme en la selecci\u00f3n\u201d\",\"datePublished\":\"2017-10-05T19:30:22+00:00\",\"dateModified\":\"2026-04-14T23:20:51+00:00\",\"mainEntityOfPage\":{\"@id\":\"https:\\\/\\\/stage3.rnv.gob.ve\\\/wp\\\/hilaris-villasana-mi-meta-es-consagrarme-en-la-seleccion\\\/\"},\"wordCount\":371,\"publisher\":{\"@id\":\"https:\\\/\\\/stage3.rnv.gob.ve\\\/wp\\\/#organization\"},\"image\":{\"@id\":\"https:\\\/\\\/stage3.rnv.gob.ve\\\/wp\\\/hilaris-villasana-mi-meta-es-consagrarme-en-la-seleccion\\\/#primaryimage\"},\"thumbnailUrl\":\"\",\"keywords\":[\"F\u00fatbol\"],\"articleSection\":[\"Deporte\"],\"inLanguage\":\"es\"},{\"@type\":\"WebPage\",\"@id\":\"https:\\\/\\\/stage3.rnv.gob.ve\\\/wp\\\/hilaris-villasana-mi-meta-es-consagrarme-en-la-seleccion\\\/\",\"url\":\"https:\\\/\\\/stage3.rnv.gob.ve\\\/wp\\\/hilaris-villasana-mi-meta-es-consagrarme-en-la-seleccion\\\/\",\"name\":\"Hilaris Villasana: \u201cMi meta es consagrarme en la selecci\u00f3n\u201d - DEV RNV\",\"isPartOf\":{\"@id\":\"https:\\\/\\\/stage3.rnv.gob.ve\\\/wp\\\/#website\"},\"primaryImageOfPage\":{\"@id\":\"https:\\\/\\\/stage3.rnv.gob.ve\\\/wp\\\/hilaris-villasana-mi-meta-es-consagrarme-en-la-seleccion\\\/#primaryimage\"},\"image\":{\"@id\":\"https:\\\/\\\/stage3.rnv.gob.ve\\\/wp\\\/hilaris-villasana-mi-meta-es-consagrarme-en-la-seleccion\\\/#primaryimage\"},\"thumbnailUrl\":\"\",\"datePublished\":\"2017-10-05T19:30:22+00:00\",\"dateModified\":\"2026-04-14T23:20:51+00:00\",\"breadcrumb\":{\"@id\":\"https:\\\/\\\/stage3.rnv.gob.ve\\\/wp\\\/hilaris-villasana-mi-meta-es-consagrarme-en-la-seleccion\\\/#breadcrumb\"},\"inLanguage\":\"es\",\"potentialAction\":[{\"@type\":\"ReadAction\",\"target\":[\"https:\\\/\\\/stage3.rnv.gob.ve\\\/wp\\\/hilaris-villasana-mi-meta-es-consagrarme-en-la-seleccion\\\/\"]}]},{\"@type\":\"ImageObject\",\"inLanguage\":\"es\",\"@id\":\"https:\\\/\\\/stage3.rnv.gob.ve\\\/wp\\\/hilaris-villasana-mi-meta-es-consagrarme-en-la-seleccion\\\/#primaryimage\",\"url\":\"\",\"contentUrl\":\"\"},{\"@type\":\"BreadcrumbList\",\"@id\":\"https:\\\/\\\/stage3.rnv.gob.ve\\\/wp\\\/hilaris-villasana-mi-meta-es-consagrarme-en-la-seleccion\\\/#breadcrumb\",\"itemListElement\":[{\"@type\":\"ListItem\",\"position\":1,\"name\":\"Portada\",\"item\":\"https:\\\/\\\/stage3.rnv.gob.ve\\\/wp\\\/\"},{\"@type\":\"ListItem\",\"position\":2,\"name\":\"Hilaris Villasana: \u201cMi Meta Es Consagrarme En La Selecci\u00f3n\u201d\"}]},{\"@type\":\"WebSite\",\"@id\":\"https:\\\/\\\/stage3.rnv.gob.ve\\\/wp\\\/#website\",\"url\":\"https:\\\/\\\/stage3.rnv.gob.ve\\\/wp\\\/\",\"name\":\"DEV RNV\",\"description\":\"Radio Nacional de Venezuela C.A.\",\"publisher\":{\"@id\":\"https:\\\/\\\/stage3.rnv.gob.ve\\\/wp\\\/#organization\"},\"potentialAction\":[{\"@type\":\"SearchAction\",\"target\":{\"@type\":\"EntryPoint\",\"urlTemplate\":\"https:\\\/\\\/stage3.rnv.gob.ve\\\/wp\\\/?s={search_term_string}\"},\"query-input\":{\"@type\":\"PropertyValueSpecification\",\"valueRequired\":true,\"valueName\":\"search_term_string\"}}],\"inLanguage\":\"es\"},{\"@type\":\"Organization\",\"@id\":\"https:\\\/\\\/stage3.rnv.gob.ve\\\/wp\\\/#organization\",\"name\":\"Radio Nacional de Venezuela C.A.\",\"url\":\"https:\\\/\\\/stage3.rnv.gob.ve\\\/wp\\\/\",\"logo\":{\"@type\":\"ImageObject\",\"inLanguage\":\"es\",\"@id\":\"https:\\\/\\\/stage3.rnv.gob.ve\\\/wp\\\/#\\\/schema\\\/logo\\\/image\\\/\",\"url\":\"http:\\\/\\\/rnv.ddns.net\\\/prensa\\\/wp-content\\\/uploads\\\/2022\\\/04\\\/rnv-1-300x227-1.jpg\",\"contentUrl\":\"http:\\\/\\\/rnv.ddns.net\\\/prensa\\\/wp-content\\\/uploads\\\/2022\\\/04\\\/rnv-1-300x227-1.jpg\",\"width\":800,\"height\":455,\"caption\":\"Radio Nacional de Venezuela C.A.\"},\"image\":{\"@id\":\"https:\\\/\\\/stage3.rnv.gob.ve\\\/wp\\\/#\\\/schema\\\/logo\\\/image\\\/\"},\"sameAs\":[\"https:\\\/\\\/www.facebook.com\\\/RadioNacionaldeVenezuela\",\"https:\\\/\\\/x.com\\\/RNVinformativa\",\"https:\\\/\\\/www.instagram.com\\\/rnvinformativa\\\/\",\"https:\\\/\\\/www.youtube.com\\\/user\\\/RNVContigo\"]},{\"@type\":\"Person\",\"@id\":\"https:\\\/\\\/stage3.rnv.gob.ve\\\/wp\\\/#\\\/schema\\\/person\\\/0862ce8cde332e0bc63b8a243f0eea2c\",\"name\":\"administrador\",\"sameAs\":[\"http:\\\/\\\/arnoldoeloy.net\"],\"url\":\"https:\\\/\\\/stage3.rnv.gob.ve\\\/wp\\\/author\\\/administrador\\\/\"}]}<\/script>\n<!-- \/ Yoast SEO plugin. -->","yoast_head_json":{"title":"Hilaris Villasana: \u201cMi meta es consagrarme en la selecci\u00f3n\u201d - DEV RNV","robots":{"index":"noindex","follow":"follow","max-snippet":"max-snippet:-1","max-image-preview":"max-image-preview:large","max-video-preview":"max-video-preview:-1"},"og_locale":"es_ES","og_type":"article","og_title":"Hilaris Villasana: \u201cMi meta es consagrarme en la selecci\u00f3n\u201d - DEV RNV","og_description":"La mundialista Hilaris Villasana es una de las jugadoras con mayor experiencia en la lista de convocadas por Kenneth Zseremeta al quinto m\u00f3dulo de la selecci\u00f3n sub-20 de Venezuela que, desde el pasado lunes, se encuentra en Monagas, previo a los juegos Bolivarianos 2017. La mediocampista expres\u00f3 sus sensaciones luego de los primeros d\u00edas de [&hellip;]","og_url":"https:\/\/stage3.rnv.gob.ve\/wp\/hilaris-villasana-mi-meta-es-consagrarme-en-la-seleccion\/","og_site_name":"DEV RNV","article_publisher":"https:\/\/www.facebook.com\/RadioNacionaldeVenezuela","article_published_time":"2017-10-05T19:30:22+00:00","article_modified_time":"2026-04-14T23:20:51+00:00","author":"administrador","twitter_card":"summary_large_image","twitter_creator":"@RNVinformativa","twitter_site":"@RNVinformativa","twitter_misc":{"Escrito por":"administrador","Tiempo estimado de lectura":"2 minutos"},"schema":{"@context":"https:\/\/schema.org","@graph":[{"@type":"Article","@id":"https:\/\/stage3.rnv.gob.ve\/wp\/hilaris-villasana-mi-meta-es-consagrarme-en-la-seleccion\/#article","isPartOf":{"@id":"https:\/\/stage3.rnv.gob.ve\/wp\/hilaris-villasana-mi-meta-es-consagrarme-en-la-seleccion\/"},"author":{"name":"administrador","@id":"https:\/\/stage3.rnv.gob.ve\/wp\/#\/schema\/person\/0862ce8cde332e0bc63b8a243f0eea2c"},"headline":"Hilaris Villasana: \u201cMi meta es consagrarme en la selecci\u00f3n\u201d","datePublished":"2017-10-05T19:30:22+00:00","dateModified":"2026-04-14T23:20:51+00:00","mainEntityOfPage":{"@id":"https:\/\/stage3.rnv.gob.ve\/wp\/hilaris-villasana-mi-meta-es-consagrarme-en-la-seleccion\/"},"wordCount":371,"publisher":{"@id":"https:\/\/stage3.rnv.gob.ve\/wp\/#organization"},"image":{"@id":"https:\/\/stage3.rnv.gob.ve\/wp\/hilaris-villasana-mi-meta-es-consagrarme-en-la-seleccion\/#primaryimage"},"thumbnailUrl":"","keywords":["F\u00fatbol"],"articleSection":["Deporte"],"inLanguage":"es"},{"@type":"WebPage","@id":"https:\/\/stage3.rnv.gob.ve\/wp\/hilaris-villasana-mi-meta-es-consagrarme-en-la-seleccion\/","url":"https:\/\/stage3.rnv.gob.ve\/wp\/hilaris-villasana-mi-meta-es-consagrarme-en-la-seleccion\/","name":"Hilaris Villasana: \u201cMi meta es consagrarme en la selecci\u00f3n\u201d - DEV RNV","isPartOf":{"@id":"https:\/\/stage3.rnv.gob.ve\/wp\/#website"},"primaryImageOfPage":{"@id":"https:\/\/stage3.rnv.gob.ve\/wp\/hilaris-villasana-mi-meta-es-consagrarme-en-la-seleccion\/#primaryimage"},"image":{"@id":"https:\/\/stage3.rnv.gob.ve\/wp\/hilaris-villasana-mi-meta-es-consagrarme-en-la-seleccion\/#primaryimage"},"thumbnailUrl":"","datePublished":"2017-10-05T19:30:22+00:00","dateModified":"2026-04-14T23:20:51+00:00","breadcrumb":{"@id":"https:\/\/stage3.rnv.gob.ve\/wp\/hilaris-villasana-mi-meta-es-consagrarme-en-la-seleccion\/#breadcrumb"},"inLanguage":"es","potentialAction":[{"@type":"ReadAction","target":["https:\/\/stage3.rnv.gob.ve\/wp\/hilaris-villasana-mi-meta-es-consagrarme-en-la-seleccion\/"]}]},{"@type":"ImageObject","inLanguage":"es","@id":"https:\/\/stage3.rnv.gob.ve\/wp\/hilaris-villasana-mi-meta-es-consagrarme-en-la-seleccion\/#primaryimage","url":"","contentUrl":""},{"@type":"BreadcrumbList","@id":"https:\/\/stage3.rnv.gob.ve\/wp\/hilaris-villasana-mi-meta-es-consagrarme-en-la-seleccion\/#breadcrumb","itemListElement":[{"@type":"ListItem","position":1,"name":"Portada","item":"https:\/\/stage3.rnv.gob.ve\/wp\/"},{"@type":"ListItem","position":2,"name":"Hilaris Villasana: \u201cMi Meta Es Consagrarme En La Selecci\u00f3n\u201d"}]},{"@type":"WebSite","@id":"https:\/\/stage3.rnv.gob.ve\/wp\/#website","url":"https:\/\/stage3.rnv.gob.ve\/wp\/","name":"DEV RNV","description":"Radio Nacional de Venezuela C.A.","publisher":{"@id":"https:\/\/stage3.rnv.gob.ve\/wp\/#organization"},"potentialAction":[{"@type":"SearchAction","target":{"@type":"EntryPoint","urlTemplate":"https:\/\/stage3.rnv.gob.ve\/wp\/?s={search_term_string}"},"query-input":{"@type":"PropertyValueSpecification","valueRequired":true,"valueName":"search_term_string"}}],"inLanguage":"es"},{"@type":"Organization","@id":"https:\/\/stage3.rnv.gob.ve\/wp\/#organization","name":"Radio Nacional de Venezuela C.A.","url":"https:\/\/stage3.rnv.gob.ve\/wp\/","logo":{"@type":"ImageObject","inLanguage":"es","@id":"https:\/\/stage3.rnv.gob.ve\/wp\/#\/schema\/logo\/image\/","url":"http:\/\/rnv.ddns.net\/prensa\/wp-content\/uploads\/2022\/04\/rnv-1-300x227-1.jpg","contentUrl":"http:\/\/rnv.ddns.net\/prensa\/wp-content\/uploads\/2022\/04\/rnv-1-300x227-1.jpg","width":800,"height":455,"caption":"Radio Nacional de Venezuela C.A."},"image":{"@id":"https:\/\/stage3.rnv.gob.ve\/wp\/#\/schema\/logo\/image\/"},"sameAs":["https:\/\/www.facebook.com\/RadioNacionaldeVenezuela","https:\/\/x.com\/RNVinformativa","https:\/\/www.instagram.com\/rnvinformativa\/","https:\/\/www.youtube.com\/user\/RNVContigo"]},{"@type":"Person","@id":"https:\/\/stage3.rnv.gob.ve\/wp\/#\/schema\/person\/0862ce8cde332e0bc63b8a243f0eea2c","name":"administrador","sameAs":["http:\/\/arnoldoeloy.net"],"url":"https:\/\/stage3.rnv.gob.ve\/wp\/author\/administrador\/"}]}},"jetpack_featured_media_url":"","_links":{"self":[{"href":"https:\/\/stage3.rnv.gob.ve\/wp\/wp-json\/wp\/v2\/posts\/174849","targetHints":{"allow":["GET"]}}],"collection":[{"href":"https:\/\/stage3.rnv.gob.ve\/wp\/wp-json\/wp\/v2\/posts"}],"about":[{"href":"https:\/\/stage3.rnv.gob.ve\/wp\/wp-json\/wp\/v2\/types\/post"}],"author":[{"embeddable":true,"href":"https:\/\/stage3.rnv.gob.ve\/wp\/wp-json\/wp\/v2\/users\/1"}],"replies":[{"embeddable":true,"href":"https:\/\/stage3.rnv.gob.ve\/wp\/wp-json\/wp\/v2\/comments?post=174849"}],"version-history":[{"count":0,"href":"https:\/\/stage3.rnv.gob.ve\/wp\/wp-json\/wp\/v2\/posts\/174849\/revisions"}],"wp:featuredmedia":[{"embeddable":true,"href":"https:\/\/stage3.rnv.gob.ve\/wp\/wp-json\/"}],"wp:attachment":[{"href":"https:\/\/stage3.rnv.gob.ve\/wp\/wp-json\/wp\/v2\/media?parent=174849"}],"wp:term":[{"taxonomy":"category","embeddable":true,"href":"https:\/\/stage3.rnv.gob.ve\/wp\/wp-json\/wp\/v2\/categories?post=174849"},{"taxonomy":"post_tag","embeddable":true,"href":"https:\/\/stage3.rnv.gob.ve\/wp\/wp-json\/wp\/v2\/tags?post=174849"}],"curies":[{"name":"wp","href":"https:\/\/api.w.org\/{rel}","templated":true}]}}