{"id":174846,"date":"2017-10-05T14:57:11","date_gmt":"2017-10-05T19:27:11","guid":{"rendered":"https:\/\/stage3.rnv.gob.ve\/wp\/?p=174846"},"modified":"2017-10-05T14:57:11","modified_gmt":"2017-10-05T19:27:11","slug":"mas-de-100-jovenes-venezolanos-participan-en-puesta-en-orbita-del-satelite-sucre","status":"publish","type":"post","link":"https:\/\/stage3.rnv.gob.ve\/wp\/mas-de-100-jovenes-venezolanos-participan-en-puesta-en-orbita-del-satelite-sucre\/","title":{"rendered":"M\u00e1s de 100 j\u00f3venes venezolanos participan en puesta en \u00f3rbita del sat\u00e9lite Sucre"},"content":{"rendered":"<p><img fetchpriority=\"high\" decoding=\"async\" class=\"wp-image-174847 size-medium alignleft\" src=\"https:\/\/stage3.rnv.gob.ve\/wp\/wp-content\/uploads\/2017\/10\/satelite-1-300x200.jpg\" alt=\"\" width=\"300\" height=\"200\" \/>El presidente de la\u00a0Agencia Bolivariana para Actividades Espaciales (Abae), Camilo Torres, destac\u00f3 este jueves que el lanzamiento del Sat\u00e9lite Antonio Jos\u00e9 de Sucre desde China , cont\u00f3 con la participaci\u00f3n de m\u00e1s de 100 j\u00f3venes venezolanos,\u00a0desde su dise\u00f1o, estructura , hasta la puesta en marcha, por lo que puede decirse que est\u00e1 dise\u00f1ado por venezolanos.<!--more--><\/p>\n<p>\u00abSucre viene a perfeccionar ya un trabajo hecho por Miranda a lo largo de estos cinco a\u00f1os, tanto para la exploraci\u00f3n de la miner\u00eda, como la protecci\u00f3n de nuestras fronteras, y a fortalecer el trabajo del Arco Minero del Orinoco con m\u00e1s informaci\u00f3n y datos para precisar mejores acciones en el desarrollo econ\u00f3mico y productivo del pa\u00eds\u00bb, se\u00f1al\u00f3 Torres durante su participaci\u00f3n \u00a0en una rueda prensa realizada en Caracas.<\/p>\n<p>Destac\u00f3 que el sat\u00e9lite Miranda, que ya cumpli\u00f3 su vida \u00fatil, estar\u00e1 en \u00f3rbita junto al Sucre mientras se hace la trasferencia de datos operacionales y su utilidad podr\u00eda extenderse hasta dos a\u00f1os gracias al trabajo de los ingenieros venezolanos.<\/p>\n<p>Adelant\u00f3 que desde la Abae se encuentran trabajando para la realizaci\u00f3n de un segundo sat\u00e9tile de telecomunicaciones y otro de observaci\u00f3n.<\/p>\n<p>El lanzamiento al espacio del Sat\u00e9lite Antonio Jos\u00e9 de Sucre se realizar\u00e1 durante la medianoche de este domingo, 12 del mediod\u00eda en China, desde el Centro Satelital de Jiuquan y entrar\u00e1 en \u00f3rbita durante la madrugada del lunes 9 de octubre.<\/p>\n<p>Este instrumento de alta tecnolog\u00eda, consolidado gracias a los convenios con la Rep\u00fablica Popular China, ser\u00e1 colocado en una \u00f3rbita solar sincr\u00f3nica (SSO por sus siglas en ingl\u00e9s) a una distancia aproximada de 650 kil\u00f3metros de la Tierra.<\/p>\n<p>Hasta la fecha, la Rep\u00fablica Bolivariana de Venezuela cuenta con dos \u00fanicos sat\u00e9lites, el Sim\u00f3n Bol\u00edvar, lanzado el 29 de octubre de 2008, y el Francisco de Miranda, en \u00f3rbita desde el 28 de septiembre de 2012.<\/p>\n<p><strong>T\/AVN<\/strong><\/p>\n","protected":false},"excerpt":{"rendered":"<p>El presidente de la\u00a0Agencia Bolivariana para Actividades Espaciales (Abae), Camilo Torres, destac\u00f3 este jueves que el lanzamiento del Sat\u00e9lite Antonio Jos\u00e9 de Sucre desde China , cont\u00f3 con la participaci\u00f3n de m\u00e1s de 100 j\u00f3venes venezolanos,\u00a0desde su dise\u00f1o, estructura , hasta la puesta en marcha, por lo que puede decirse que est\u00e1 dise\u00f1ado por venezolanos.<\/p>\n","protected":false},"author":1,"featured_media":174847,"comment_status":"closed","ping_status":"open","sticky":false,"template":"","format":"standard","meta":{"_acf_changed":false,"footnotes":""},"categories":[73],"tags":[2199,101,4549,1373,511],"class_list":["post-174846","post","type-post","status-publish","format-standard","has-post-thumbnail","hentry","category-ciencia-y-tecnologia","tag-antonio","tag-china","tag-jose","tag-satelite","tag-sucre"],"acf":[],"yoast_head":"<!-- This site is optimized with the Yoast SEO plugin v27.4 - https:\/\/yoast.com\/product\/yoast-seo-wordpress\/ -->\n<title>M\u00e1s de 100 j\u00f3venes venezolanos participan en puesta en \u00f3rbita del sat\u00e9lite Sucre - DEV RNV<\/title>\n<meta name=\"robots\" content=\"noindex, follow, max-snippet:-1, max-image-preview:large, max-video-preview:-1\" \/>\n<meta property=\"og:locale\" content=\"es_ES\" \/>\n<meta property=\"og:type\" content=\"article\" \/>\n<meta property=\"og:title\" content=\"M\u00e1s de 100 j\u00f3venes venezolanos participan en puesta en \u00f3rbita del sat\u00e9lite Sucre - DEV RNV\" \/>\n<meta property=\"og:description\" content=\"El presidente de la\u00a0Agencia Bolivariana para Actividades Espaciales (Abae), Camilo Torres, destac\u00f3 este jueves que el lanzamiento del Sat\u00e9lite Antonio Jos\u00e9 de Sucre desde China , cont\u00f3 con la participaci\u00f3n de m\u00e1s de 100 j\u00f3venes venezolanos,\u00a0desde su dise\u00f1o, estructura , hasta la puesta en marcha, por lo que puede decirse que est\u00e1 dise\u00f1ado por venezolanos.\" \/>\n<meta property=\"og:url\" content=\"https:\/\/stage3.rnv.gob.ve\/wp\/mas-de-100-jovenes-venezolanos-participan-en-puesta-en-orbita-del-satelite-sucre\/\" \/>\n<meta property=\"og:site_name\" content=\"DEV RNV\" \/>\n<meta property=\"article:publisher\" content=\"https:\/\/www.facebook.com\/RadioNacionaldeVenezuela\" \/>\n<meta property=\"article:published_time\" content=\"2017-10-05T19:27:11+00:00\" \/>\n<meta name=\"author\" content=\"administrador\" \/>\n<meta name=\"twitter:card\" content=\"summary_large_image\" \/>\n<meta name=\"twitter:creator\" content=\"@RNVinformativa\" \/>\n<meta name=\"twitter:site\" content=\"@RNVinformativa\" \/>\n<meta name=\"twitter:label1\" content=\"Escrito por\" \/>\n\t<meta name=\"twitter:data1\" content=\"administrador\" \/>\n\t<meta name=\"twitter:label2\" content=\"Tiempo estimado de lectura\" \/>\n\t<meta name=\"twitter:data2\" content=\"2 minutos\" \/>\n<script type=\"application\/ld+json\" class=\"yoast-schema-graph\">{\"@context\":\"https:\\\/\\\/schema.org\",\"@graph\":[{\"@type\":\"Article\",\"@id\":\"https:\\\/\\\/stage3.rnv.gob.ve\\\/wp\\\/mas-de-100-jovenes-venezolanos-participan-en-puesta-en-orbita-del-satelite-sucre\\\/#article\",\"isPartOf\":{\"@id\":\"https:\\\/\\\/stage3.rnv.gob.ve\\\/wp\\\/mas-de-100-jovenes-venezolanos-participan-en-puesta-en-orbita-del-satelite-sucre\\\/\"},\"author\":{\"name\":\"administrador\",\"@id\":\"https:\\\/\\\/stage3.rnv.gob.ve\\\/wp\\\/#\\\/schema\\\/person\\\/0862ce8cde332e0bc63b8a243f0eea2c\"},\"headline\":\"M\u00e1s de 100 j\u00f3venes venezolanos participan en puesta en \u00f3rbita del sat\u00e9lite Sucre\",\"datePublished\":\"2017-10-05T19:27:11+00:00\",\"mainEntityOfPage\":{\"@id\":\"https:\\\/\\\/stage3.rnv.gob.ve\\\/wp\\\/mas-de-100-jovenes-venezolanos-participan-en-puesta-en-orbita-del-satelite-sucre\\\/\"},\"wordCount\":343,\"publisher\":{\"@id\":\"https:\\\/\\\/stage3.rnv.gob.ve\\\/wp\\\/#organization\"},\"image\":{\"@id\":\"https:\\\/\\\/stage3.rnv.gob.ve\\\/wp\\\/mas-de-100-jovenes-venezolanos-participan-en-puesta-en-orbita-del-satelite-sucre\\\/#primaryimage\"},\"thumbnailUrl\":\"\",\"keywords\":[\"antonio\",\"china\",\"jose\",\"sat\u00e9lite\",\"sucre\"],\"articleSection\":[\"Ciencia y Tecnolog\u00eda\"],\"inLanguage\":\"es\"},{\"@type\":\"WebPage\",\"@id\":\"https:\\\/\\\/stage3.rnv.gob.ve\\\/wp\\\/mas-de-100-jovenes-venezolanos-participan-en-puesta-en-orbita-del-satelite-sucre\\\/\",\"url\":\"https:\\\/\\\/stage3.rnv.gob.ve\\\/wp\\\/mas-de-100-jovenes-venezolanos-participan-en-puesta-en-orbita-del-satelite-sucre\\\/\",\"name\":\"M\u00e1s de 100 j\u00f3venes venezolanos participan en puesta en \u00f3rbita del sat\u00e9lite Sucre - DEV RNV\",\"isPartOf\":{\"@id\":\"https:\\\/\\\/stage3.rnv.gob.ve\\\/wp\\\/#website\"},\"primaryImageOfPage\":{\"@id\":\"https:\\\/\\\/stage3.rnv.gob.ve\\\/wp\\\/mas-de-100-jovenes-venezolanos-participan-en-puesta-en-orbita-del-satelite-sucre\\\/#primaryimage\"},\"image\":{\"@id\":\"https:\\\/\\\/stage3.rnv.gob.ve\\\/wp\\\/mas-de-100-jovenes-venezolanos-participan-en-puesta-en-orbita-del-satelite-sucre\\\/#primaryimage\"},\"thumbnailUrl\":\"\",\"datePublished\":\"2017-10-05T19:27:11+00:00\",\"breadcrumb\":{\"@id\":\"https:\\\/\\\/stage3.rnv.gob.ve\\\/wp\\\/mas-de-100-jovenes-venezolanos-participan-en-puesta-en-orbita-del-satelite-sucre\\\/#breadcrumb\"},\"inLanguage\":\"es\",\"potentialAction\":[{\"@type\":\"ReadAction\",\"target\":[\"https:\\\/\\\/stage3.rnv.gob.ve\\\/wp\\\/mas-de-100-jovenes-venezolanos-participan-en-puesta-en-orbita-del-satelite-sucre\\\/\"]}]},{\"@type\":\"ImageObject\",\"inLanguage\":\"es\",\"@id\":\"https:\\\/\\\/stage3.rnv.gob.ve\\\/wp\\\/mas-de-100-jovenes-venezolanos-participan-en-puesta-en-orbita-del-satelite-sucre\\\/#primaryimage\",\"url\":\"\",\"contentUrl\":\"\"},{\"@type\":\"BreadcrumbList\",\"@id\":\"https:\\\/\\\/stage3.rnv.gob.ve\\\/wp\\\/mas-de-100-jovenes-venezolanos-participan-en-puesta-en-orbita-del-satelite-sucre\\\/#breadcrumb\",\"itemListElement\":[{\"@type\":\"ListItem\",\"position\":1,\"name\":\"Portada\",\"item\":\"https:\\\/\\\/stage3.rnv.gob.ve\\\/wp\\\/\"},{\"@type\":\"ListItem\",\"position\":2,\"name\":\"M\u00e1s De 100 J\u00f3venes Venezolanos Participan En Puesta En \u00d3rbita Del Sat\u00e9lite Sucre\"}]},{\"@type\":\"WebSite\",\"@id\":\"https:\\\/\\\/stage3.rnv.gob.ve\\\/wp\\\/#website\",\"url\":\"https:\\\/\\\/stage3.rnv.gob.ve\\\/wp\\\/\",\"name\":\"DEV RNV\",\"description\":\"Radio Nacional de Venezuela C.A.\",\"publisher\":{\"@id\":\"https:\\\/\\\/stage3.rnv.gob.ve\\\/wp\\\/#organization\"},\"potentialAction\":[{\"@type\":\"SearchAction\",\"target\":{\"@type\":\"EntryPoint\",\"urlTemplate\":\"https:\\\/\\\/stage3.rnv.gob.ve\\\/wp\\\/?s={search_term_string}\"},\"query-input\":{\"@type\":\"PropertyValueSpecification\",\"valueRequired\":true,\"valueName\":\"search_term_string\"}}],\"inLanguage\":\"es\"},{\"@type\":\"Organization\",\"@id\":\"https:\\\/\\\/stage3.rnv.gob.ve\\\/wp\\\/#organization\",\"name\":\"Radio Nacional de Venezuela C.A.\",\"url\":\"https:\\\/\\\/stage3.rnv.gob.ve\\\/wp\\\/\",\"logo\":{\"@type\":\"ImageObject\",\"inLanguage\":\"es\",\"@id\":\"https:\\\/\\\/stage3.rnv.gob.ve\\\/wp\\\/#\\\/schema\\\/logo\\\/image\\\/\",\"url\":\"http:\\\/\\\/rnv.ddns.net\\\/prensa\\\/wp-content\\\/uploads\\\/2022\\\/04\\\/rnv-1-300x227-1.jpg\",\"contentUrl\":\"http:\\\/\\\/rnv.ddns.net\\\/prensa\\\/wp-content\\\/uploads\\\/2022\\\/04\\\/rnv-1-300x227-1.jpg\",\"width\":800,\"height\":455,\"caption\":\"Radio Nacional de Venezuela C.A.\"},\"image\":{\"@id\":\"https:\\\/\\\/stage3.rnv.gob.ve\\\/wp\\\/#\\\/schema\\\/logo\\\/image\\\/\"},\"sameAs\":[\"https:\\\/\\\/www.facebook.com\\\/RadioNacionaldeVenezuela\",\"https:\\\/\\\/x.com\\\/RNVinformativa\",\"https:\\\/\\\/www.instagram.com\\\/rnvinformativa\\\/\",\"https:\\\/\\\/www.youtube.com\\\/user\\\/RNVContigo\"]},{\"@type\":\"Person\",\"@id\":\"https:\\\/\\\/stage3.rnv.gob.ve\\\/wp\\\/#\\\/schema\\\/person\\\/0862ce8cde332e0bc63b8a243f0eea2c\",\"name\":\"administrador\",\"sameAs\":[\"http:\\\/\\\/arnoldoeloy.net\"],\"url\":\"https:\\\/\\\/stage3.rnv.gob.ve\\\/wp\\\/author\\\/administrador\\\/\"}]}<\/script>\n<!-- \/ Yoast SEO plugin. -->","yoast_head_json":{"title":"M\u00e1s de 100 j\u00f3venes venezolanos participan en puesta en \u00f3rbita del sat\u00e9lite Sucre - DEV RNV","robots":{"index":"noindex","follow":"follow","max-snippet":"max-snippet:-1","max-image-preview":"max-image-preview:large","max-video-preview":"max-video-preview:-1"},"og_locale":"es_ES","og_type":"article","og_title":"M\u00e1s de 100 j\u00f3venes venezolanos participan en puesta en \u00f3rbita del sat\u00e9lite Sucre - DEV RNV","og_description":"El presidente de la\u00a0Agencia Bolivariana para Actividades Espaciales (Abae), Camilo Torres, destac\u00f3 este jueves que el lanzamiento del Sat\u00e9lite Antonio Jos\u00e9 de Sucre desde China , cont\u00f3 con la participaci\u00f3n de m\u00e1s de 100 j\u00f3venes venezolanos,\u00a0desde su dise\u00f1o, estructura , hasta la puesta en marcha, por lo que puede decirse que est\u00e1 dise\u00f1ado por venezolanos.","og_url":"https:\/\/stage3.rnv.gob.ve\/wp\/mas-de-100-jovenes-venezolanos-participan-en-puesta-en-orbita-del-satelite-sucre\/","og_site_name":"DEV RNV","article_publisher":"https:\/\/www.facebook.com\/RadioNacionaldeVenezuela","article_published_time":"2017-10-05T19:27:11+00:00","author":"administrador","twitter_card":"summary_large_image","twitter_creator":"@RNVinformativa","twitter_site":"@RNVinformativa","twitter_misc":{"Escrito por":"administrador","Tiempo estimado de lectura":"2 minutos"},"schema":{"@context":"https:\/\/schema.org","@graph":[{"@type":"Article","@id":"https:\/\/stage3.rnv.gob.ve\/wp\/mas-de-100-jovenes-venezolanos-participan-en-puesta-en-orbita-del-satelite-sucre\/#article","isPartOf":{"@id":"https:\/\/stage3.rnv.gob.ve\/wp\/mas-de-100-jovenes-venezolanos-participan-en-puesta-en-orbita-del-satelite-sucre\/"},"author":{"name":"administrador","@id":"https:\/\/stage3.rnv.gob.ve\/wp\/#\/schema\/person\/0862ce8cde332e0bc63b8a243f0eea2c"},"headline":"M\u00e1s de 100 j\u00f3venes venezolanos participan en puesta en \u00f3rbita del sat\u00e9lite Sucre","datePublished":"2017-10-05T19:27:11+00:00","mainEntityOfPage":{"@id":"https:\/\/stage3.rnv.gob.ve\/wp\/mas-de-100-jovenes-venezolanos-participan-en-puesta-en-orbita-del-satelite-sucre\/"},"wordCount":343,"publisher":{"@id":"https:\/\/stage3.rnv.gob.ve\/wp\/#organization"},"image":{"@id":"https:\/\/stage3.rnv.gob.ve\/wp\/mas-de-100-jovenes-venezolanos-participan-en-puesta-en-orbita-del-satelite-sucre\/#primaryimage"},"thumbnailUrl":"","keywords":["antonio","china","jose","sat\u00e9lite","sucre"],"articleSection":["Ciencia y Tecnolog\u00eda"],"inLanguage":"es"},{"@type":"WebPage","@id":"https:\/\/stage3.rnv.gob.ve\/wp\/mas-de-100-jovenes-venezolanos-participan-en-puesta-en-orbita-del-satelite-sucre\/","url":"https:\/\/stage3.rnv.gob.ve\/wp\/mas-de-100-jovenes-venezolanos-participan-en-puesta-en-orbita-del-satelite-sucre\/","name":"M\u00e1s de 100 j\u00f3venes venezolanos participan en puesta en \u00f3rbita del sat\u00e9lite Sucre - DEV RNV","isPartOf":{"@id":"https:\/\/stage3.rnv.gob.ve\/wp\/#website"},"primaryImageOfPage":{"@id":"https:\/\/stage3.rnv.gob.ve\/wp\/mas-de-100-jovenes-venezolanos-participan-en-puesta-en-orbita-del-satelite-sucre\/#primaryimage"},"image":{"@id":"https:\/\/stage3.rnv.gob.ve\/wp\/mas-de-100-jovenes-venezolanos-participan-en-puesta-en-orbita-del-satelite-sucre\/#primaryimage"},"thumbnailUrl":"","datePublished":"2017-10-05T19:27:11+00:00","breadcrumb":{"@id":"https:\/\/stage3.rnv.gob.ve\/wp\/mas-de-100-jovenes-venezolanos-participan-en-puesta-en-orbita-del-satelite-sucre\/#breadcrumb"},"inLanguage":"es","potentialAction":[{"@type":"ReadAction","target":["https:\/\/stage3.rnv.gob.ve\/wp\/mas-de-100-jovenes-venezolanos-participan-en-puesta-en-orbita-del-satelite-sucre\/"]}]},{"@type":"ImageObject","inLanguage":"es","@id":"https:\/\/stage3.rnv.gob.ve\/wp\/mas-de-100-jovenes-venezolanos-participan-en-puesta-en-orbita-del-satelite-sucre\/#primaryimage","url":"","contentUrl":""},{"@type":"BreadcrumbList","@id":"https:\/\/stage3.rnv.gob.ve\/wp\/mas-de-100-jovenes-venezolanos-participan-en-puesta-en-orbita-del-satelite-sucre\/#breadcrumb","itemListElement":[{"@type":"ListItem","position":1,"name":"Portada","item":"https:\/\/stage3.rnv.gob.ve\/wp\/"},{"@type":"ListItem","position":2,"name":"M\u00e1s De 100 J\u00f3venes Venezolanos Participan En Puesta En \u00d3rbita Del Sat\u00e9lite Sucre"}]},{"@type":"WebSite","@id":"https:\/\/stage3.rnv.gob.ve\/wp\/#website","url":"https:\/\/stage3.rnv.gob.ve\/wp\/","name":"DEV RNV","description":"Radio Nacional de Venezuela C.A.","publisher":{"@id":"https:\/\/stage3.rnv.gob.ve\/wp\/#organization"},"potentialAction":[{"@type":"SearchAction","target":{"@type":"EntryPoint","urlTemplate":"https:\/\/stage3.rnv.gob.ve\/wp\/?s={search_term_string}"},"query-input":{"@type":"PropertyValueSpecification","valueRequired":true,"valueName":"search_term_string"}}],"inLanguage":"es"},{"@type":"Organization","@id":"https:\/\/stage3.rnv.gob.ve\/wp\/#organization","name":"Radio Nacional de Venezuela C.A.","url":"https:\/\/stage3.rnv.gob.ve\/wp\/","logo":{"@type":"ImageObject","inLanguage":"es","@id":"https:\/\/stage3.rnv.gob.ve\/wp\/#\/schema\/logo\/image\/","url":"http:\/\/rnv.ddns.net\/prensa\/wp-content\/uploads\/2022\/04\/rnv-1-300x227-1.jpg","contentUrl":"http:\/\/rnv.ddns.net\/prensa\/wp-content\/uploads\/2022\/04\/rnv-1-300x227-1.jpg","width":800,"height":455,"caption":"Radio Nacional de Venezuela C.A."},"image":{"@id":"https:\/\/stage3.rnv.gob.ve\/wp\/#\/schema\/logo\/image\/"},"sameAs":["https:\/\/www.facebook.com\/RadioNacionaldeVenezuela","https:\/\/x.com\/RNVinformativa","https:\/\/www.instagram.com\/rnvinformativa\/","https:\/\/www.youtube.com\/user\/RNVContigo"]},{"@type":"Person","@id":"https:\/\/stage3.rnv.gob.ve\/wp\/#\/schema\/person\/0862ce8cde332e0bc63b8a243f0eea2c","name":"administrador","sameAs":["http:\/\/arnoldoeloy.net"],"url":"https:\/\/stage3.rnv.gob.ve\/wp\/author\/administrador\/"}]}},"jetpack_featured_media_url":"","_links":{"self":[{"href":"https:\/\/stage3.rnv.gob.ve\/wp\/wp-json\/wp\/v2\/posts\/174846","targetHints":{"allow":["GET"]}}],"collection":[{"href":"https:\/\/stage3.rnv.gob.ve\/wp\/wp-json\/wp\/v2\/posts"}],"about":[{"href":"https:\/\/stage3.rnv.gob.ve\/wp\/wp-json\/wp\/v2\/types\/post"}],"author":[{"embeddable":true,"href":"https:\/\/stage3.rnv.gob.ve\/wp\/wp-json\/wp\/v2\/users\/1"}],"replies":[{"embeddable":true,"href":"https:\/\/stage3.rnv.gob.ve\/wp\/wp-json\/wp\/v2\/comments?post=174846"}],"version-history":[{"count":0,"href":"https:\/\/stage3.rnv.gob.ve\/wp\/wp-json\/wp\/v2\/posts\/174846\/revisions"}],"wp:featuredmedia":[{"embeddable":true,"href":"https:\/\/stage3.rnv.gob.ve\/wp\/wp-json\/"}],"wp:attachment":[{"href":"https:\/\/stage3.rnv.gob.ve\/wp\/wp-json\/wp\/v2\/media?parent=174846"}],"wp:term":[{"taxonomy":"category","embeddable":true,"href":"https:\/\/stage3.rnv.gob.ve\/wp\/wp-json\/wp\/v2\/categories?post=174846"},{"taxonomy":"post_tag","embeddable":true,"href":"https:\/\/stage3.rnv.gob.ve\/wp\/wp-json\/wp\/v2\/tags?post=174846"}],"curies":[{"name":"wp","href":"https:\/\/api.w.org\/{rel}","templated":true}]}}