{"id":173991,"date":"2017-10-02T23:23:43","date_gmt":"2017-10-03T03:53:43","guid":{"rendered":"https:\/\/stage3.rnv.gob.ve\/wp\/?p=173991"},"modified":"2017-10-02T23:23:43","modified_gmt":"2017-10-03T03:53:43","slug":"sistema-de-salud-publico-en-zulia-sera-fortalecido","status":"publish","type":"post","link":"https:\/\/stage3.rnv.gob.ve\/wp\/sistema-de-salud-publico-en-zulia-sera-fortalecido\/","title":{"rendered":"Sistema de salud p\u00fablico en Zulia ser\u00e1 fortalecido"},"content":{"rendered":"<p><img fetchpriority=\"high\" decoding=\"async\" class=\"alignnone size-medium wp-image-173992 alignleft\" src=\"https:\/\/stage3.rnv.gob.ve\/wp\/wp-content\/uploads\/2017\/10\/82705b-300x200.jpg\" alt=\"\" width=\"300\" height=\"200\" \/>En el estado Vargas durante el encuentro con los l\u00edderes regionales de 11 estado del pa\u00eds, el presidente de la Rep\u00fablica Bolivariana de Venezuela, Nicol\u00e1s Maduro afirm\u00f3 que fueron aprobados para el estado Zulia unos 49 mil 892 millones de bol\u00edvares para fortalecer el sector salud de la entidad.<\/p>\n<p>El jefe de Estado explic\u00f3 en detalle sobre la inversi\u00f3n de los recursos, manifest\u00f3 que \u00abse trata de 42 mil millones para rehabilitar 272 ambulatorios, 32 hospitales, 114 consultorios populares, 64 CDI, 63 SRI y 3 CAT, as\u00ed como el mejoramiento del Hospital Central de Maracaibo por un monto de 42 mil 296 millones de bol\u00edvares, el Oncol\u00f3gico de Maracaibo con una inversi\u00f3n de 6 mil 896 millones de bol\u00edvares\u00bb, dijo.<\/p>\n<p>El gobernador del Zulia, Francisco Arias C\u00e1rdenas, explic\u00f3 que el compromiso adem\u00e1s es buscar la expansi\u00f3n de esta entidad con diversos sectores p\u00fablicos y privados para fortalecer la producci\u00f3n local.<\/p>\n<p>\u00abUn compromiso es la expansi\u00f3n de la palma aceitera a 10 mil hect\u00e1reas, para ello es de suma importancia la interacci\u00f3n con el sector privado, una expansi\u00f3n de la superficie de cacao, porque este es uno de los rubros que puede producir m\u00e1s recursos para esta entidad y el pa\u00eds, por tanto hicimos acuerdos con la Nestle y as\u00ed sembrar cacao en la zona del sur del lago\u00bb, asegur\u00f3 C\u00e1rdenas.<\/p>\n<p>Plantea la creaci\u00f3n de una Empresa Subsidiaria de Corpoelec para la administraci\u00f3n y el manejo de la energ\u00eda en el Zulia.<\/p>\n<p>\u00abConsideramos que se traba mucho la compra de los transformadores e insumos, otro tema es las aguas y debemos mejorar la infraestructura del aeropuerto del estado Zulia\u00bb, asever\u00f3.<\/p>\n<p>Del mismo modo, dijo que en las actividades de calle, se comprometi\u00f3 con el pueblo a entregar 320 mil viviendas para los zulianos antes del 2019 \u00aby se que con usted a la cabeza podemos llegar a la meta, porque ya hemos entregado 197 mil que es bastante\u00bb.<\/p>\n<p>Es un compromiso con el pueblo entregar la autopista Lara-Zulia as\u00ed como la Falc\u00f3n Zulia y la ampliaci\u00f3n del proyecto Machiques-Col\u00f3n, \u00aben la primera ya hemos entregado un tramo de 900 metros con un empuj\u00f3n podremos entregar unos 40 kil\u00f3metros de autopista, obra que la derecha nunca pudo hacer en 40 a\u00f1os\u00bb, asegur\u00f3.<\/p>\n<p>Finaliz\u00f3 agradeciendo al Gobierno Bolivariano porque recibi\u00f3 insumos para resolver unas mil 200 operaciones requeridas por la poblaci\u00f3n.<\/p>\n<p>Escuche la asignaci\u00f3n de recursos para el estado Zulia por parte del Gobierno Bolivariano.<\/p>\n<audio class=\"wp-audio-shortcode\" id=\"audio-173991-1\" preload=\"none\" style=\"width: 100%;\" controls=\"controls\"><source type=\"audio\/mpeg\" src=\"https:\/\/stage3.rnv.gob.ve\/wp\/wp-content\/uploads\/2017\/10\/ZULIA.mp3?_=1\" \/><a href=\"https:\/\/stage3.rnv.gob.ve\/wp\/wp-content\/uploads\/2017\/10\/ZULIA.mp3\">https:\/\/stage3.rnv.gob.ve\/wp\/wp-content\/uploads\/2017\/10\/ZULIA.mp3<\/a><\/audio>\n<p>&nbsp;<\/p>\n<p>T\/Web RNV<\/p>\n","protected":false},"excerpt":{"rendered":"<p>En el estado Vargas durante el encuentro con los l\u00edderes regionales de 11 estado del pa\u00eds, el presidente de la Rep\u00fablica Bolivariana de Venezuela, Nicol\u00e1s Maduro afirm\u00f3 que fueron aprobados para el estado Zulia unos 49 mil 892 millones de bol\u00edvares para fortalecer el sector salud de la entidad. El jefe de Estado explic\u00f3 en [&hellip;]<\/p>\n","protected":false},"author":32,"featured_media":173992,"comment_status":"closed","ping_status":"open","sticky":false,"template":"","format":"standard","meta":{"_acf_changed":false,"footnotes":""},"categories":[69],"tags":[5218,7784,98,318],"class_list":["post-173991","post","type-post","status-publish","format-standard","has-post-thumbnail","hentry","category-regional","tag-arias-cardenas","tag-gobierno-bolivariano","tag-salud","tag-zulia"],"acf":[],"yoast_head":"<!-- This site is optimized with the Yoast SEO plugin v27.4 - https:\/\/yoast.com\/product\/yoast-seo-wordpress\/ -->\n<title>Sistema de salud p\u00fablico en Zulia ser\u00e1 fortalecido - DEV RNV<\/title>\n<meta name=\"robots\" content=\"noindex, follow, max-snippet:-1, max-image-preview:large, max-video-preview:-1\" \/>\n<meta property=\"og:locale\" content=\"es_ES\" \/>\n<meta property=\"og:type\" content=\"article\" \/>\n<meta property=\"og:title\" content=\"Sistema de salud p\u00fablico en Zulia ser\u00e1 fortalecido - DEV RNV\" \/>\n<meta property=\"og:description\" content=\"En el estado Vargas durante el encuentro con los l\u00edderes regionales de 11 estado del pa\u00eds, el presidente de la Rep\u00fablica Bolivariana de Venezuela, Nicol\u00e1s Maduro afirm\u00f3 que fueron aprobados para el estado Zulia unos 49 mil 892 millones de bol\u00edvares para fortalecer el sector salud de la entidad. El jefe de Estado explic\u00f3 en [&hellip;]\" \/>\n<meta property=\"og:url\" content=\"https:\/\/stage3.rnv.gob.ve\/wp\/sistema-de-salud-publico-en-zulia-sera-fortalecido\/\" \/>\n<meta property=\"og:site_name\" content=\"DEV RNV\" \/>\n<meta property=\"article:publisher\" content=\"https:\/\/www.facebook.com\/RadioNacionaldeVenezuela\" \/>\n<meta property=\"article:published_time\" content=\"2017-10-03T03:53:43+00:00\" \/>\n<meta name=\"author\" content=\"Mariale Molina\" \/>\n<meta name=\"twitter:card\" content=\"summary_large_image\" \/>\n<meta name=\"twitter:creator\" content=\"@RNVinformativa\" \/>\n<meta name=\"twitter:site\" content=\"@RNVinformativa\" \/>\n<meta name=\"twitter:label1\" content=\"Escrito por\" \/>\n\t<meta name=\"twitter:data1\" content=\"Mariale Molina\" \/>\n\t<meta name=\"twitter:label2\" content=\"Tiempo estimado de lectura\" \/>\n\t<meta name=\"twitter:data2\" content=\"2 minutos\" \/>\n<script type=\"application\/ld+json\" class=\"yoast-schema-graph\">{\"@context\":\"https:\\\/\\\/schema.org\",\"@graph\":[{\"@type\":\"Article\",\"@id\":\"https:\\\/\\\/stage3.rnv.gob.ve\\\/wp\\\/sistema-de-salud-publico-en-zulia-sera-fortalecido\\\/#article\",\"isPartOf\":{\"@id\":\"https:\\\/\\\/stage3.rnv.gob.ve\\\/wp\\\/sistema-de-salud-publico-en-zulia-sera-fortalecido\\\/\"},\"author\":{\"name\":\"Mariale Molina\",\"@id\":\"https:\\\/\\\/stage3.rnv.gob.ve\\\/wp\\\/#\\\/schema\\\/person\\\/8d9f5a9fead63743c73bafe01b529c95\"},\"headline\":\"Sistema de salud p\u00fablico en Zulia ser\u00e1 fortalecido\",\"datePublished\":\"2017-10-03T03:53:43+00:00\",\"mainEntityOfPage\":{\"@id\":\"https:\\\/\\\/stage3.rnv.gob.ve\\\/wp\\\/sistema-de-salud-publico-en-zulia-sera-fortalecido\\\/\"},\"wordCount\":439,\"publisher\":{\"@id\":\"https:\\\/\\\/stage3.rnv.gob.ve\\\/wp\\\/#organization\"},\"image\":{\"@id\":\"https:\\\/\\\/stage3.rnv.gob.ve\\\/wp\\\/sistema-de-salud-publico-en-zulia-sera-fortalecido\\\/#primaryimage\"},\"thumbnailUrl\":\"\",\"keywords\":[\"arias cardenas\",\"Gobierno Bolivariano\",\"salud\",\"zulia\"],\"articleSection\":[\"Regional\"],\"inLanguage\":\"es\"},{\"@type\":\"WebPage\",\"@id\":\"https:\\\/\\\/stage3.rnv.gob.ve\\\/wp\\\/sistema-de-salud-publico-en-zulia-sera-fortalecido\\\/\",\"url\":\"https:\\\/\\\/stage3.rnv.gob.ve\\\/wp\\\/sistema-de-salud-publico-en-zulia-sera-fortalecido\\\/\",\"name\":\"Sistema de salud p\u00fablico en Zulia ser\u00e1 fortalecido - DEV RNV\",\"isPartOf\":{\"@id\":\"https:\\\/\\\/stage3.rnv.gob.ve\\\/wp\\\/#website\"},\"primaryImageOfPage\":{\"@id\":\"https:\\\/\\\/stage3.rnv.gob.ve\\\/wp\\\/sistema-de-salud-publico-en-zulia-sera-fortalecido\\\/#primaryimage\"},\"image\":{\"@id\":\"https:\\\/\\\/stage3.rnv.gob.ve\\\/wp\\\/sistema-de-salud-publico-en-zulia-sera-fortalecido\\\/#primaryimage\"},\"thumbnailUrl\":\"\",\"datePublished\":\"2017-10-03T03:53:43+00:00\",\"breadcrumb\":{\"@id\":\"https:\\\/\\\/stage3.rnv.gob.ve\\\/wp\\\/sistema-de-salud-publico-en-zulia-sera-fortalecido\\\/#breadcrumb\"},\"inLanguage\":\"es\",\"potentialAction\":[{\"@type\":\"ReadAction\",\"target\":[\"https:\\\/\\\/stage3.rnv.gob.ve\\\/wp\\\/sistema-de-salud-publico-en-zulia-sera-fortalecido\\\/\"]}]},{\"@type\":\"ImageObject\",\"inLanguage\":\"es\",\"@id\":\"https:\\\/\\\/stage3.rnv.gob.ve\\\/wp\\\/sistema-de-salud-publico-en-zulia-sera-fortalecido\\\/#primaryimage\",\"url\":\"\",\"contentUrl\":\"\"},{\"@type\":\"BreadcrumbList\",\"@id\":\"https:\\\/\\\/stage3.rnv.gob.ve\\\/wp\\\/sistema-de-salud-publico-en-zulia-sera-fortalecido\\\/#breadcrumb\",\"itemListElement\":[{\"@type\":\"ListItem\",\"position\":1,\"name\":\"Portada\",\"item\":\"https:\\\/\\\/stage3.rnv.gob.ve\\\/wp\\\/\"},{\"@type\":\"ListItem\",\"position\":2,\"name\":\"Sistema De Salud P\u00fablico En Zulia Ser\u00e1 Fortalecido\"}]},{\"@type\":\"WebSite\",\"@id\":\"https:\\\/\\\/stage3.rnv.gob.ve\\\/wp\\\/#website\",\"url\":\"https:\\\/\\\/stage3.rnv.gob.ve\\\/wp\\\/\",\"name\":\"DEV RNV\",\"description\":\"Radio Nacional de Venezuela C.A.\",\"publisher\":{\"@id\":\"https:\\\/\\\/stage3.rnv.gob.ve\\\/wp\\\/#organization\"},\"potentialAction\":[{\"@type\":\"SearchAction\",\"target\":{\"@type\":\"EntryPoint\",\"urlTemplate\":\"https:\\\/\\\/stage3.rnv.gob.ve\\\/wp\\\/?s={search_term_string}\"},\"query-input\":{\"@type\":\"PropertyValueSpecification\",\"valueRequired\":true,\"valueName\":\"search_term_string\"}}],\"inLanguage\":\"es\"},{\"@type\":\"Organization\",\"@id\":\"https:\\\/\\\/stage3.rnv.gob.ve\\\/wp\\\/#organization\",\"name\":\"Radio Nacional de Venezuela C.A.\",\"url\":\"https:\\\/\\\/stage3.rnv.gob.ve\\\/wp\\\/\",\"logo\":{\"@type\":\"ImageObject\",\"inLanguage\":\"es\",\"@id\":\"https:\\\/\\\/stage3.rnv.gob.ve\\\/wp\\\/#\\\/schema\\\/logo\\\/image\\\/\",\"url\":\"http:\\\/\\\/rnv.ddns.net\\\/prensa\\\/wp-content\\\/uploads\\\/2022\\\/04\\\/rnv-1-300x227-1.jpg\",\"contentUrl\":\"http:\\\/\\\/rnv.ddns.net\\\/prensa\\\/wp-content\\\/uploads\\\/2022\\\/04\\\/rnv-1-300x227-1.jpg\",\"width\":800,\"height\":455,\"caption\":\"Radio Nacional de Venezuela C.A.\"},\"image\":{\"@id\":\"https:\\\/\\\/stage3.rnv.gob.ve\\\/wp\\\/#\\\/schema\\\/logo\\\/image\\\/\"},\"sameAs\":[\"https:\\\/\\\/www.facebook.com\\\/RadioNacionaldeVenezuela\",\"https:\\\/\\\/x.com\\\/RNVinformativa\",\"https:\\\/\\\/www.instagram.com\\\/rnvinformativa\\\/\",\"https:\\\/\\\/www.youtube.com\\\/user\\\/RNVContigo\"]},{\"@type\":\"Person\",\"@id\":\"https:\\\/\\\/stage3.rnv.gob.ve\\\/wp\\\/#\\\/schema\\\/person\\\/8d9f5a9fead63743c73bafe01b529c95\",\"name\":\"Mariale Molina\",\"url\":\"https:\\\/\\\/stage3.rnv.gob.ve\\\/wp\\\/author\\\/m_molina\\\/\"}]}<\/script>\n<!-- \/ Yoast SEO plugin. -->","yoast_head_json":{"title":"Sistema de salud p\u00fablico en Zulia ser\u00e1 fortalecido - DEV RNV","robots":{"index":"noindex","follow":"follow","max-snippet":"max-snippet:-1","max-image-preview":"max-image-preview:large","max-video-preview":"max-video-preview:-1"},"og_locale":"es_ES","og_type":"article","og_title":"Sistema de salud p\u00fablico en Zulia ser\u00e1 fortalecido - DEV RNV","og_description":"En el estado Vargas durante el encuentro con los l\u00edderes regionales de 11 estado del pa\u00eds, el presidente de la Rep\u00fablica Bolivariana de Venezuela, Nicol\u00e1s Maduro afirm\u00f3 que fueron aprobados para el estado Zulia unos 49 mil 892 millones de bol\u00edvares para fortalecer el sector salud de la entidad. El jefe de Estado explic\u00f3 en [&hellip;]","og_url":"https:\/\/stage3.rnv.gob.ve\/wp\/sistema-de-salud-publico-en-zulia-sera-fortalecido\/","og_site_name":"DEV RNV","article_publisher":"https:\/\/www.facebook.com\/RadioNacionaldeVenezuela","article_published_time":"2017-10-03T03:53:43+00:00","author":"Mariale Molina","twitter_card":"summary_large_image","twitter_creator":"@RNVinformativa","twitter_site":"@RNVinformativa","twitter_misc":{"Escrito por":"Mariale Molina","Tiempo estimado de lectura":"2 minutos"},"schema":{"@context":"https:\/\/schema.org","@graph":[{"@type":"Article","@id":"https:\/\/stage3.rnv.gob.ve\/wp\/sistema-de-salud-publico-en-zulia-sera-fortalecido\/#article","isPartOf":{"@id":"https:\/\/stage3.rnv.gob.ve\/wp\/sistema-de-salud-publico-en-zulia-sera-fortalecido\/"},"author":{"name":"Mariale Molina","@id":"https:\/\/stage3.rnv.gob.ve\/wp\/#\/schema\/person\/8d9f5a9fead63743c73bafe01b529c95"},"headline":"Sistema de salud p\u00fablico en Zulia ser\u00e1 fortalecido","datePublished":"2017-10-03T03:53:43+00:00","mainEntityOfPage":{"@id":"https:\/\/stage3.rnv.gob.ve\/wp\/sistema-de-salud-publico-en-zulia-sera-fortalecido\/"},"wordCount":439,"publisher":{"@id":"https:\/\/stage3.rnv.gob.ve\/wp\/#organization"},"image":{"@id":"https:\/\/stage3.rnv.gob.ve\/wp\/sistema-de-salud-publico-en-zulia-sera-fortalecido\/#primaryimage"},"thumbnailUrl":"","keywords":["arias cardenas","Gobierno Bolivariano","salud","zulia"],"articleSection":["Regional"],"inLanguage":"es"},{"@type":"WebPage","@id":"https:\/\/stage3.rnv.gob.ve\/wp\/sistema-de-salud-publico-en-zulia-sera-fortalecido\/","url":"https:\/\/stage3.rnv.gob.ve\/wp\/sistema-de-salud-publico-en-zulia-sera-fortalecido\/","name":"Sistema de salud p\u00fablico en Zulia ser\u00e1 fortalecido - DEV RNV","isPartOf":{"@id":"https:\/\/stage3.rnv.gob.ve\/wp\/#website"},"primaryImageOfPage":{"@id":"https:\/\/stage3.rnv.gob.ve\/wp\/sistema-de-salud-publico-en-zulia-sera-fortalecido\/#primaryimage"},"image":{"@id":"https:\/\/stage3.rnv.gob.ve\/wp\/sistema-de-salud-publico-en-zulia-sera-fortalecido\/#primaryimage"},"thumbnailUrl":"","datePublished":"2017-10-03T03:53:43+00:00","breadcrumb":{"@id":"https:\/\/stage3.rnv.gob.ve\/wp\/sistema-de-salud-publico-en-zulia-sera-fortalecido\/#breadcrumb"},"inLanguage":"es","potentialAction":[{"@type":"ReadAction","target":["https:\/\/stage3.rnv.gob.ve\/wp\/sistema-de-salud-publico-en-zulia-sera-fortalecido\/"]}]},{"@type":"ImageObject","inLanguage":"es","@id":"https:\/\/stage3.rnv.gob.ve\/wp\/sistema-de-salud-publico-en-zulia-sera-fortalecido\/#primaryimage","url":"","contentUrl":""},{"@type":"BreadcrumbList","@id":"https:\/\/stage3.rnv.gob.ve\/wp\/sistema-de-salud-publico-en-zulia-sera-fortalecido\/#breadcrumb","itemListElement":[{"@type":"ListItem","position":1,"name":"Portada","item":"https:\/\/stage3.rnv.gob.ve\/wp\/"},{"@type":"ListItem","position":2,"name":"Sistema De Salud P\u00fablico En Zulia Ser\u00e1 Fortalecido"}]},{"@type":"WebSite","@id":"https:\/\/stage3.rnv.gob.ve\/wp\/#website","url":"https:\/\/stage3.rnv.gob.ve\/wp\/","name":"DEV RNV","description":"Radio Nacional de Venezuela C.A.","publisher":{"@id":"https:\/\/stage3.rnv.gob.ve\/wp\/#organization"},"potentialAction":[{"@type":"SearchAction","target":{"@type":"EntryPoint","urlTemplate":"https:\/\/stage3.rnv.gob.ve\/wp\/?s={search_term_string}"},"query-input":{"@type":"PropertyValueSpecification","valueRequired":true,"valueName":"search_term_string"}}],"inLanguage":"es"},{"@type":"Organization","@id":"https:\/\/stage3.rnv.gob.ve\/wp\/#organization","name":"Radio Nacional de Venezuela C.A.","url":"https:\/\/stage3.rnv.gob.ve\/wp\/","logo":{"@type":"ImageObject","inLanguage":"es","@id":"https:\/\/stage3.rnv.gob.ve\/wp\/#\/schema\/logo\/image\/","url":"http:\/\/rnv.ddns.net\/prensa\/wp-content\/uploads\/2022\/04\/rnv-1-300x227-1.jpg","contentUrl":"http:\/\/rnv.ddns.net\/prensa\/wp-content\/uploads\/2022\/04\/rnv-1-300x227-1.jpg","width":800,"height":455,"caption":"Radio Nacional de Venezuela C.A."},"image":{"@id":"https:\/\/stage3.rnv.gob.ve\/wp\/#\/schema\/logo\/image\/"},"sameAs":["https:\/\/www.facebook.com\/RadioNacionaldeVenezuela","https:\/\/x.com\/RNVinformativa","https:\/\/www.instagram.com\/rnvinformativa\/","https:\/\/www.youtube.com\/user\/RNVContigo"]},{"@type":"Person","@id":"https:\/\/stage3.rnv.gob.ve\/wp\/#\/schema\/person\/8d9f5a9fead63743c73bafe01b529c95","name":"Mariale Molina","url":"https:\/\/stage3.rnv.gob.ve\/wp\/author\/m_molina\/"}]}},"jetpack_featured_media_url":"","_links":{"self":[{"href":"https:\/\/stage3.rnv.gob.ve\/wp\/wp-json\/wp\/v2\/posts\/173991","targetHints":{"allow":["GET"]}}],"collection":[{"href":"https:\/\/stage3.rnv.gob.ve\/wp\/wp-json\/wp\/v2\/posts"}],"about":[{"href":"https:\/\/stage3.rnv.gob.ve\/wp\/wp-json\/wp\/v2\/types\/post"}],"author":[{"embeddable":true,"href":"https:\/\/stage3.rnv.gob.ve\/wp\/wp-json\/wp\/v2\/users\/32"}],"replies":[{"embeddable":true,"href":"https:\/\/stage3.rnv.gob.ve\/wp\/wp-json\/wp\/v2\/comments?post=173991"}],"version-history":[{"count":0,"href":"https:\/\/stage3.rnv.gob.ve\/wp\/wp-json\/wp\/v2\/posts\/173991\/revisions"}],"wp:featuredmedia":[{"embeddable":true,"href":"https:\/\/stage3.rnv.gob.ve\/wp\/wp-json\/"}],"wp:attachment":[{"href":"https:\/\/stage3.rnv.gob.ve\/wp\/wp-json\/wp\/v2\/media?parent=173991"}],"wp:term":[{"taxonomy":"category","embeddable":true,"href":"https:\/\/stage3.rnv.gob.ve\/wp\/wp-json\/wp\/v2\/categories?post=173991"},{"taxonomy":"post_tag","embeddable":true,"href":"https:\/\/stage3.rnv.gob.ve\/wp\/wp-json\/wp\/v2\/tags?post=173991"}],"curies":[{"name":"wp","href":"https:\/\/api.w.org\/{rel}","templated":true}]}}