{"id":169126,"date":"2017-09-16T15:27:47","date_gmt":"2017-09-16T19:57:47","guid":{"rendered":"https:\/\/stage3.rnv.gob.ve\/wp\/?p=169126"},"modified":"2017-09-16T15:27:47","modified_gmt":"2017-09-16T19:57:47","slug":"indigenas-de-amazonas-fueron-beneficiados-con-mas-de-12-toneladas-de-alimentos","status":"publish","type":"post","link":"https:\/\/stage3.rnv.gob.ve\/wp\/indigenas-de-amazonas-fueron-beneficiados-con-mas-de-12-toneladas-de-alimentos\/","title":{"rendered":"Ind\u00edgenas de Amazonas fueron beneficiados con m\u00e1s de 12 toneladas de alimentos"},"content":{"rendered":"<p align=\"JUSTIFY\"><span style=\"color: #1a1a1a;\"><span style=\"font-family: Arial, serif;\"><span style=\"font-size: medium;\"><img fetchpriority=\"high\" decoding=\"async\" class=\"size-medium wp-image-169127 alignleft\" src=\"https:\/\/stage3.rnv.gob.ve\/wp\/wp-content\/uploads\/2017\/09\/IMG-20170915-WA0015-300x225.jpg\" alt=\"\" width=\"300\" height=\"225\" \/>La ministra del Poder Popular para los Pueblos Ind\u00edgenas, Yamileth Mirabal, supervis\u00f3 junto a la Fuerza Armada Nacional Bolivariana el env\u00edo de m\u00e1s de 12 toneladas de alimentos a los municipios Maroa y R\u00edo Negro del estado Amazonas.<\/span><\/span><\/span><\/p>\n<p align=\"JUSTIFY\"><span style=\"color: #1a1a1a;\"><span style=\"font-family: Arial, serif;\"><span style=\"font-size: medium;\">Mirabal destac\u00f3 que el Gobierno Bolivariano ha brindado apoyo permanente a las comunidades ind\u00edgenas que viven en zonas de dif\u00edcil acceso. <\/span><\/span><\/span><\/p>\n<p align=\"JUSTIFY\"><span style=\"color: #1a1a1a;\"><span style=\"font-family: Arial, serif;\"><span style=\"font-size: medium;\">\u00abEstamos siguiendo instrucciones de nuestro presidente Nicol\u00e1s Maduro de llevar los Comit\u00e9s Locales de Abastecimiento y Producci\u00f3n a cada rinc\u00f3n del pa\u00eds; nuestros hermanos ind\u00edgenas ejecutan proyectos socioproductivos en sus conucos ancestrales y estamos haciendo estos operativos para reforzar su alimentaci\u00f3n diaria\u00bb, dijo.<\/span><\/span><\/span><\/p>\n<p align=\"JUSTIFY\"><span style=\"color: #1a1a1a;\"><span style=\"font-family: Arial, serif;\"><span style=\"font-size: medium;\">Con esta distribuci\u00f3n se beneficiaron ind\u00edgenas de los pueblos Curripaco, Yeral, Baniva, Bar\u00e9 y Yanomami.<\/span><\/span><\/span><\/p>\n<p align=\"JUSTIFY\"><span style=\"color: #1a1a1a;\"><span style=\"font-family: Arial, serif;\"><span style=\"font-size: medium;\">Cabe destacar que la Ministra, quien sostuvo un encuentro con el Estado Mayor de Alimentaci\u00f3n para chequear el correcto funcionamiento de los CLAP en las comunidades ind\u00edgenas, se trasladar\u00e1 este s\u00e1bado al municipio Alto Orinoco para atender con este programa al pueblo Yanomami del sector Parima B.La ministra del Poder Popular para los Pueblos Ind\u00edgenas, Yamileth Mirabal, supervis\u00f3 junto a la Fuerza Armada Nacional Bolivariana el env\u00edo de m\u00e1s de 12 toneladas de alimentos a los municipios Maroa y R\u00edo Negro del estado Amazonas.<\/span><\/span><\/span><\/p>\n<p align=\"JUSTIFY\"><span style=\"color: #1a1a1a;\"><span style=\"font-family: Arial, serif;\"><span style=\"font-size: medium;\">Mirabal destac\u00f3 que el Gobierno Bolivariano ha brindado apoyo permanente a las comunidades ind\u00edgenas que viven en zonas de dif\u00edcil acceso. \u00abEstamos siguiendo instrucciones de nuestro presidente Nicol\u00e1s Maduro de llevar los Comit\u00e9s Locales de Abastecimiento y Producci\u00f3n a cada rinc\u00f3n del pa\u00eds; nuestros hermanos ind\u00edgenas ejecutan proyectos socioproductivos en sus conucos ancestrales y estamos haciendo estos operativos para reforzar su alimentaci\u00f3n diaria\u00bb, dijo.<\/span><\/span><\/span><\/p>\n<p align=\"JUSTIFY\"><span style=\"color: #1a1a1a;\"><span style=\"font-family: Arial, serif;\"><span style=\"font-size: medium;\">Con esta distribuci\u00f3n se beneficiaron ind\u00edgenas de los pueblos Curripaco, Yeral, Baniva, Bar\u00e9 y Yanomami.<\/span><\/span><\/span><\/p>\n<p align=\"JUSTIFY\"><span style=\"color: #1a1a1a;\"><span style=\"font-family: Arial, serif;\"><span style=\"font-size: medium;\">Cabe destacar que la Ministra, quien sostuvo un encuentro con el Estado Mayor de Alimentaci\u00f3n para chequear el correcto funcionamiento de los CLAP en las comunidades ind\u00edgenas, se trasladar\u00e1 este s\u00e1bado al municipio Alto Orinoco para atender con este programa al pueblo Yanomami del sector Parima B.La ministra del Poder Popular para los Pueblos Ind\u00edgenas, Yamileth Mirabal, supervis\u00f3 junto a la Fuerza Armada Nacional Bolivariana el env\u00edo de m\u00e1s de 12 toneladas de alimentos a los municipios Maroa y R\u00edo Negro del estado Amazonas.<\/span><\/span><\/span><\/p>\n<p align=\"JUSTIFY\"><strong>T\/Minpi<\/strong><\/p>\n","protected":false},"excerpt":{"rendered":"<p>La ministra del Poder Popular para los Pueblos Ind\u00edgenas, Yamileth Mirabal, supervis\u00f3 junto a la Fuerza Armada Nacional Bolivariana el env\u00edo de m\u00e1s de 12 toneladas de alimentos a los municipios Maroa y R\u00edo Negro del estado Amazonas. Mirabal destac\u00f3 que el Gobierno Bolivariano ha brindado apoyo permanente a las comunidades ind\u00edgenas que viven en [&hellip;]<\/p>\n","protected":false},"author":1,"featured_media":129996,"comment_status":"closed","ping_status":"open","sticky":false,"template":"","format":"standard","meta":{"_acf_changed":false,"footnotes":""},"categories":[68],"tags":[169,17432,2476,10478,17433,17434],"class_list":["post-169126","post","type-post","status-publish","format-standard","has-post-thumbnail","hentry","category-pueblos-originarios","tag-alimentos","tag-amkazoans","tag-clap","tag-minpi","tag-peublos-indigenas","tag-toneladas-de-aliemntos"],"acf":[],"yoast_head":"<!-- This site is optimized with the Yoast SEO plugin v27.4 - https:\/\/yoast.com\/product\/yoast-seo-wordpress\/ -->\n<title>Ind\u00edgenas de Amazonas fueron beneficiados con m\u00e1s de 12 toneladas de alimentos - DEV RNV<\/title>\n<meta name=\"robots\" content=\"noindex, follow, max-snippet:-1, max-image-preview:large, max-video-preview:-1\" \/>\n<meta property=\"og:locale\" content=\"es_ES\" \/>\n<meta property=\"og:type\" content=\"article\" \/>\n<meta property=\"og:title\" content=\"Ind\u00edgenas de Amazonas fueron beneficiados con m\u00e1s de 12 toneladas de alimentos - DEV RNV\" \/>\n<meta property=\"og:description\" content=\"La ministra del Poder Popular para los Pueblos Ind\u00edgenas, Yamileth Mirabal, supervis\u00f3 junto a la Fuerza Armada Nacional Bolivariana el env\u00edo de m\u00e1s de 12 toneladas de alimentos a los municipios Maroa y R\u00edo Negro del estado Amazonas. Mirabal destac\u00f3 que el Gobierno Bolivariano ha brindado apoyo permanente a las comunidades ind\u00edgenas que viven en [&hellip;]\" \/>\n<meta property=\"og:url\" content=\"https:\/\/stage3.rnv.gob.ve\/wp\/indigenas-de-amazonas-fueron-beneficiados-con-mas-de-12-toneladas-de-alimentos\/\" \/>\n<meta property=\"og:site_name\" content=\"DEV RNV\" \/>\n<meta property=\"article:publisher\" content=\"https:\/\/www.facebook.com\/RadioNacionaldeVenezuela\" \/>\n<meta property=\"article:published_time\" content=\"2017-09-16T19:57:47+00:00\" \/>\n<meta name=\"author\" content=\"administrador\" \/>\n<meta name=\"twitter:card\" content=\"summary_large_image\" \/>\n<meta name=\"twitter:creator\" content=\"@RNVinformativa\" \/>\n<meta name=\"twitter:site\" content=\"@RNVinformativa\" \/>\n<meta name=\"twitter:label1\" content=\"Escrito por\" \/>\n\t<meta name=\"twitter:data1\" content=\"administrador\" \/>\n\t<meta name=\"twitter:label2\" content=\"Tiempo estimado de lectura\" \/>\n\t<meta name=\"twitter:data2\" content=\"2 minutos\" \/>\n<script type=\"application\/ld+json\" class=\"yoast-schema-graph\">{\"@context\":\"https:\\\/\\\/schema.org\",\"@graph\":[{\"@type\":\"Article\",\"@id\":\"https:\\\/\\\/stage3.rnv.gob.ve\\\/wp\\\/indigenas-de-amazonas-fueron-beneficiados-con-mas-de-12-toneladas-de-alimentos\\\/#article\",\"isPartOf\":{\"@id\":\"https:\\\/\\\/stage3.rnv.gob.ve\\\/wp\\\/indigenas-de-amazonas-fueron-beneficiados-con-mas-de-12-toneladas-de-alimentos\\\/\"},\"author\":{\"name\":\"administrador\",\"@id\":\"https:\\\/\\\/stage3.rnv.gob.ve\\\/wp\\\/#\\\/schema\\\/person\\\/0862ce8cde332e0bc63b8a243f0eea2c\"},\"headline\":\"Ind\u00edgenas de Amazonas fueron beneficiados con m\u00e1s de 12 toneladas de alimentos\",\"datePublished\":\"2017-09-16T19:57:47+00:00\",\"mainEntityOfPage\":{\"@id\":\"https:\\\/\\\/stage3.rnv.gob.ve\\\/wp\\\/indigenas-de-amazonas-fueron-beneficiados-con-mas-de-12-toneladas-de-alimentos\\\/\"},\"wordCount\":418,\"publisher\":{\"@id\":\"https:\\\/\\\/stage3.rnv.gob.ve\\\/wp\\\/#organization\"},\"image\":{\"@id\":\"https:\\\/\\\/stage3.rnv.gob.ve\\\/wp\\\/indigenas-de-amazonas-fueron-beneficiados-con-mas-de-12-toneladas-de-alimentos\\\/#primaryimage\"},\"thumbnailUrl\":\"\",\"keywords\":[\"alimentos\",\"amkazoans\",\"clap\",\"minpi\",\"peublos indigenas\",\"toneladas de aliemntos\"],\"articleSection\":[\"Pueblos Originarios\"],\"inLanguage\":\"es\"},{\"@type\":\"WebPage\",\"@id\":\"https:\\\/\\\/stage3.rnv.gob.ve\\\/wp\\\/indigenas-de-amazonas-fueron-beneficiados-con-mas-de-12-toneladas-de-alimentos\\\/\",\"url\":\"https:\\\/\\\/stage3.rnv.gob.ve\\\/wp\\\/indigenas-de-amazonas-fueron-beneficiados-con-mas-de-12-toneladas-de-alimentos\\\/\",\"name\":\"Ind\u00edgenas de Amazonas fueron beneficiados con m\u00e1s de 12 toneladas de alimentos - DEV RNV\",\"isPartOf\":{\"@id\":\"https:\\\/\\\/stage3.rnv.gob.ve\\\/wp\\\/#website\"},\"primaryImageOfPage\":{\"@id\":\"https:\\\/\\\/stage3.rnv.gob.ve\\\/wp\\\/indigenas-de-amazonas-fueron-beneficiados-con-mas-de-12-toneladas-de-alimentos\\\/#primaryimage\"},\"image\":{\"@id\":\"https:\\\/\\\/stage3.rnv.gob.ve\\\/wp\\\/indigenas-de-amazonas-fueron-beneficiados-con-mas-de-12-toneladas-de-alimentos\\\/#primaryimage\"},\"thumbnailUrl\":\"\",\"datePublished\":\"2017-09-16T19:57:47+00:00\",\"breadcrumb\":{\"@id\":\"https:\\\/\\\/stage3.rnv.gob.ve\\\/wp\\\/indigenas-de-amazonas-fueron-beneficiados-con-mas-de-12-toneladas-de-alimentos\\\/#breadcrumb\"},\"inLanguage\":\"es\",\"potentialAction\":[{\"@type\":\"ReadAction\",\"target\":[\"https:\\\/\\\/stage3.rnv.gob.ve\\\/wp\\\/indigenas-de-amazonas-fueron-beneficiados-con-mas-de-12-toneladas-de-alimentos\\\/\"]}]},{\"@type\":\"ImageObject\",\"inLanguage\":\"es\",\"@id\":\"https:\\\/\\\/stage3.rnv.gob.ve\\\/wp\\\/indigenas-de-amazonas-fueron-beneficiados-con-mas-de-12-toneladas-de-alimentos\\\/#primaryimage\",\"url\":\"\",\"contentUrl\":\"\"},{\"@type\":\"BreadcrumbList\",\"@id\":\"https:\\\/\\\/stage3.rnv.gob.ve\\\/wp\\\/indigenas-de-amazonas-fueron-beneficiados-con-mas-de-12-toneladas-de-alimentos\\\/#breadcrumb\",\"itemListElement\":[{\"@type\":\"ListItem\",\"position\":1,\"name\":\"Portada\",\"item\":\"https:\\\/\\\/stage3.rnv.gob.ve\\\/wp\\\/\"},{\"@type\":\"ListItem\",\"position\":2,\"name\":\"Ind\u00edgenas De Amazonas Fueron Beneficiados Con M\u00e1s De 12 Toneladas De Alimentos\"}]},{\"@type\":\"WebSite\",\"@id\":\"https:\\\/\\\/stage3.rnv.gob.ve\\\/wp\\\/#website\",\"url\":\"https:\\\/\\\/stage3.rnv.gob.ve\\\/wp\\\/\",\"name\":\"DEV RNV\",\"description\":\"Radio Nacional de Venezuela C.A.\",\"publisher\":{\"@id\":\"https:\\\/\\\/stage3.rnv.gob.ve\\\/wp\\\/#organization\"},\"potentialAction\":[{\"@type\":\"SearchAction\",\"target\":{\"@type\":\"EntryPoint\",\"urlTemplate\":\"https:\\\/\\\/stage3.rnv.gob.ve\\\/wp\\\/?s={search_term_string}\"},\"query-input\":{\"@type\":\"PropertyValueSpecification\",\"valueRequired\":true,\"valueName\":\"search_term_string\"}}],\"inLanguage\":\"es\"},{\"@type\":\"Organization\",\"@id\":\"https:\\\/\\\/stage3.rnv.gob.ve\\\/wp\\\/#organization\",\"name\":\"Radio Nacional de Venezuela C.A.\",\"url\":\"https:\\\/\\\/stage3.rnv.gob.ve\\\/wp\\\/\",\"logo\":{\"@type\":\"ImageObject\",\"inLanguage\":\"es\",\"@id\":\"https:\\\/\\\/stage3.rnv.gob.ve\\\/wp\\\/#\\\/schema\\\/logo\\\/image\\\/\",\"url\":\"http:\\\/\\\/rnv.ddns.net\\\/prensa\\\/wp-content\\\/uploads\\\/2022\\\/04\\\/rnv-1-300x227-1.jpg\",\"contentUrl\":\"http:\\\/\\\/rnv.ddns.net\\\/prensa\\\/wp-content\\\/uploads\\\/2022\\\/04\\\/rnv-1-300x227-1.jpg\",\"width\":800,\"height\":455,\"caption\":\"Radio Nacional de Venezuela C.A.\"},\"image\":{\"@id\":\"https:\\\/\\\/stage3.rnv.gob.ve\\\/wp\\\/#\\\/schema\\\/logo\\\/image\\\/\"},\"sameAs\":[\"https:\\\/\\\/www.facebook.com\\\/RadioNacionaldeVenezuela\",\"https:\\\/\\\/x.com\\\/RNVinformativa\",\"https:\\\/\\\/www.instagram.com\\\/rnvinformativa\\\/\",\"https:\\\/\\\/www.youtube.com\\\/user\\\/RNVContigo\"]},{\"@type\":\"Person\",\"@id\":\"https:\\\/\\\/stage3.rnv.gob.ve\\\/wp\\\/#\\\/schema\\\/person\\\/0862ce8cde332e0bc63b8a243f0eea2c\",\"name\":\"administrador\",\"sameAs\":[\"http:\\\/\\\/arnoldoeloy.net\"],\"url\":\"https:\\\/\\\/stage3.rnv.gob.ve\\\/wp\\\/author\\\/administrador\\\/\"}]}<\/script>\n<!-- \/ Yoast SEO plugin. -->","yoast_head_json":{"title":"Ind\u00edgenas de Amazonas fueron beneficiados con m\u00e1s de 12 toneladas de alimentos - DEV RNV","robots":{"index":"noindex","follow":"follow","max-snippet":"max-snippet:-1","max-image-preview":"max-image-preview:large","max-video-preview":"max-video-preview:-1"},"og_locale":"es_ES","og_type":"article","og_title":"Ind\u00edgenas de Amazonas fueron beneficiados con m\u00e1s de 12 toneladas de alimentos - DEV RNV","og_description":"La ministra del Poder Popular para los Pueblos Ind\u00edgenas, Yamileth Mirabal, supervis\u00f3 junto a la Fuerza Armada Nacional Bolivariana el env\u00edo de m\u00e1s de 12 toneladas de alimentos a los municipios Maroa y R\u00edo Negro del estado Amazonas. Mirabal destac\u00f3 que el Gobierno Bolivariano ha brindado apoyo permanente a las comunidades ind\u00edgenas que viven en [&hellip;]","og_url":"https:\/\/stage3.rnv.gob.ve\/wp\/indigenas-de-amazonas-fueron-beneficiados-con-mas-de-12-toneladas-de-alimentos\/","og_site_name":"DEV RNV","article_publisher":"https:\/\/www.facebook.com\/RadioNacionaldeVenezuela","article_published_time":"2017-09-16T19:57:47+00:00","author":"administrador","twitter_card":"summary_large_image","twitter_creator":"@RNVinformativa","twitter_site":"@RNVinformativa","twitter_misc":{"Escrito por":"administrador","Tiempo estimado de lectura":"2 minutos"},"schema":{"@context":"https:\/\/schema.org","@graph":[{"@type":"Article","@id":"https:\/\/stage3.rnv.gob.ve\/wp\/indigenas-de-amazonas-fueron-beneficiados-con-mas-de-12-toneladas-de-alimentos\/#article","isPartOf":{"@id":"https:\/\/stage3.rnv.gob.ve\/wp\/indigenas-de-amazonas-fueron-beneficiados-con-mas-de-12-toneladas-de-alimentos\/"},"author":{"name":"administrador","@id":"https:\/\/stage3.rnv.gob.ve\/wp\/#\/schema\/person\/0862ce8cde332e0bc63b8a243f0eea2c"},"headline":"Ind\u00edgenas de Amazonas fueron beneficiados con m\u00e1s de 12 toneladas de alimentos","datePublished":"2017-09-16T19:57:47+00:00","mainEntityOfPage":{"@id":"https:\/\/stage3.rnv.gob.ve\/wp\/indigenas-de-amazonas-fueron-beneficiados-con-mas-de-12-toneladas-de-alimentos\/"},"wordCount":418,"publisher":{"@id":"https:\/\/stage3.rnv.gob.ve\/wp\/#organization"},"image":{"@id":"https:\/\/stage3.rnv.gob.ve\/wp\/indigenas-de-amazonas-fueron-beneficiados-con-mas-de-12-toneladas-de-alimentos\/#primaryimage"},"thumbnailUrl":"","keywords":["alimentos","amkazoans","clap","minpi","peublos indigenas","toneladas de aliemntos"],"articleSection":["Pueblos Originarios"],"inLanguage":"es"},{"@type":"WebPage","@id":"https:\/\/stage3.rnv.gob.ve\/wp\/indigenas-de-amazonas-fueron-beneficiados-con-mas-de-12-toneladas-de-alimentos\/","url":"https:\/\/stage3.rnv.gob.ve\/wp\/indigenas-de-amazonas-fueron-beneficiados-con-mas-de-12-toneladas-de-alimentos\/","name":"Ind\u00edgenas de Amazonas fueron beneficiados con m\u00e1s de 12 toneladas de alimentos - DEV RNV","isPartOf":{"@id":"https:\/\/stage3.rnv.gob.ve\/wp\/#website"},"primaryImageOfPage":{"@id":"https:\/\/stage3.rnv.gob.ve\/wp\/indigenas-de-amazonas-fueron-beneficiados-con-mas-de-12-toneladas-de-alimentos\/#primaryimage"},"image":{"@id":"https:\/\/stage3.rnv.gob.ve\/wp\/indigenas-de-amazonas-fueron-beneficiados-con-mas-de-12-toneladas-de-alimentos\/#primaryimage"},"thumbnailUrl":"","datePublished":"2017-09-16T19:57:47+00:00","breadcrumb":{"@id":"https:\/\/stage3.rnv.gob.ve\/wp\/indigenas-de-amazonas-fueron-beneficiados-con-mas-de-12-toneladas-de-alimentos\/#breadcrumb"},"inLanguage":"es","potentialAction":[{"@type":"ReadAction","target":["https:\/\/stage3.rnv.gob.ve\/wp\/indigenas-de-amazonas-fueron-beneficiados-con-mas-de-12-toneladas-de-alimentos\/"]}]},{"@type":"ImageObject","inLanguage":"es","@id":"https:\/\/stage3.rnv.gob.ve\/wp\/indigenas-de-amazonas-fueron-beneficiados-con-mas-de-12-toneladas-de-alimentos\/#primaryimage","url":"","contentUrl":""},{"@type":"BreadcrumbList","@id":"https:\/\/stage3.rnv.gob.ve\/wp\/indigenas-de-amazonas-fueron-beneficiados-con-mas-de-12-toneladas-de-alimentos\/#breadcrumb","itemListElement":[{"@type":"ListItem","position":1,"name":"Portada","item":"https:\/\/stage3.rnv.gob.ve\/wp\/"},{"@type":"ListItem","position":2,"name":"Ind\u00edgenas De Amazonas Fueron Beneficiados Con M\u00e1s De 12 Toneladas De Alimentos"}]},{"@type":"WebSite","@id":"https:\/\/stage3.rnv.gob.ve\/wp\/#website","url":"https:\/\/stage3.rnv.gob.ve\/wp\/","name":"DEV RNV","description":"Radio Nacional de Venezuela C.A.","publisher":{"@id":"https:\/\/stage3.rnv.gob.ve\/wp\/#organization"},"potentialAction":[{"@type":"SearchAction","target":{"@type":"EntryPoint","urlTemplate":"https:\/\/stage3.rnv.gob.ve\/wp\/?s={search_term_string}"},"query-input":{"@type":"PropertyValueSpecification","valueRequired":true,"valueName":"search_term_string"}}],"inLanguage":"es"},{"@type":"Organization","@id":"https:\/\/stage3.rnv.gob.ve\/wp\/#organization","name":"Radio Nacional de Venezuela C.A.","url":"https:\/\/stage3.rnv.gob.ve\/wp\/","logo":{"@type":"ImageObject","inLanguage":"es","@id":"https:\/\/stage3.rnv.gob.ve\/wp\/#\/schema\/logo\/image\/","url":"http:\/\/rnv.ddns.net\/prensa\/wp-content\/uploads\/2022\/04\/rnv-1-300x227-1.jpg","contentUrl":"http:\/\/rnv.ddns.net\/prensa\/wp-content\/uploads\/2022\/04\/rnv-1-300x227-1.jpg","width":800,"height":455,"caption":"Radio Nacional de Venezuela C.A."},"image":{"@id":"https:\/\/stage3.rnv.gob.ve\/wp\/#\/schema\/logo\/image\/"},"sameAs":["https:\/\/www.facebook.com\/RadioNacionaldeVenezuela","https:\/\/x.com\/RNVinformativa","https:\/\/www.instagram.com\/rnvinformativa\/","https:\/\/www.youtube.com\/user\/RNVContigo"]},{"@type":"Person","@id":"https:\/\/stage3.rnv.gob.ve\/wp\/#\/schema\/person\/0862ce8cde332e0bc63b8a243f0eea2c","name":"administrador","sameAs":["http:\/\/arnoldoeloy.net"],"url":"https:\/\/stage3.rnv.gob.ve\/wp\/author\/administrador\/"}]}},"jetpack_featured_media_url":"","_links":{"self":[{"href":"https:\/\/stage3.rnv.gob.ve\/wp\/wp-json\/wp\/v2\/posts\/169126","targetHints":{"allow":["GET"]}}],"collection":[{"href":"https:\/\/stage3.rnv.gob.ve\/wp\/wp-json\/wp\/v2\/posts"}],"about":[{"href":"https:\/\/stage3.rnv.gob.ve\/wp\/wp-json\/wp\/v2\/types\/post"}],"author":[{"embeddable":true,"href":"https:\/\/stage3.rnv.gob.ve\/wp\/wp-json\/wp\/v2\/users\/1"}],"replies":[{"embeddable":true,"href":"https:\/\/stage3.rnv.gob.ve\/wp\/wp-json\/wp\/v2\/comments?post=169126"}],"version-history":[{"count":0,"href":"https:\/\/stage3.rnv.gob.ve\/wp\/wp-json\/wp\/v2\/posts\/169126\/revisions"}],"wp:featuredmedia":[{"embeddable":true,"href":"https:\/\/stage3.rnv.gob.ve\/wp\/wp-json\/"}],"wp:attachment":[{"href":"https:\/\/stage3.rnv.gob.ve\/wp\/wp-json\/wp\/v2\/media?parent=169126"}],"wp:term":[{"taxonomy":"category","embeddable":true,"href":"https:\/\/stage3.rnv.gob.ve\/wp\/wp-json\/wp\/v2\/categories?post=169126"},{"taxonomy":"post_tag","embeddable":true,"href":"https:\/\/stage3.rnv.gob.ve\/wp\/wp-json\/wp\/v2\/tags?post=169126"}],"curies":[{"name":"wp","href":"https:\/\/api.w.org\/{rel}","templated":true}]}}