{"id":16798,"date":"2016-04-12T21:29:22","date_gmt":"2016-04-13T01:59:22","guid":{"rendered":"http:\/\/wpeditor.rnv.gob.ve\/?p=16798"},"modified":"2016-04-12T21:29:22","modified_gmt":"2016-04-13T01:59:22","slug":"en-venezuela-se-libra-continuidad-de-cambios-en-latinoamerica","status":"publish","type":"post","link":"https:\/\/stage3.rnv.gob.ve\/wp\/en-venezuela-se-libra-continuidad-de-cambios-en-latinoamerica\/","title":{"rendered":"En Venezuela se libra continuidad de cambios en Latinoam\u00e9rica"},"content":{"rendered":"<figure id=\"attachment_16816\" aria-describedby=\"caption-attachment-16816\" style=\"width: 300px\" class=\"wp-caption alignleft\"><img fetchpriority=\"high\" decoding=\"async\" class=\"size-medium wp-image-16816\" src=\"http:\/\/wpeditor.rnv.gob.ve\/app\/uploads\/2016\/04\/intelecto-1-300x200.jpg\" alt=\"Foto: Referencial.\" width=\"300\" height=\"200\" \/><figcaption id=\"caption-attachment-16816\" class=\"wp-caption-text\">Foto: Referencial.<\/figcaption><\/figure>\n<p style=\"text-align: justify;\">La Red de Intelectuales en Defensa de la Humanidad advirti\u00f3 en declaratoria que en Venezuela se libra actualmente la continuidad de los cambios progresistas en Am\u00e9rica Latina, por lo cual insisten en la defensa del proceso revolucionario.<\/p>\n<p style=\"text-align: justify;\">Durante su participaci\u00f3n en el programa Contacto con Maduro, transmitido desde el Palacio de Miraflores, Caracas, el periodista Ignacio Ramonet recalc\u00f3 que los pensadores del continente coincidieron en aportar un mensaje de solidaridad hacia Venezuela, frente a los ataques sociales, econ\u00f3micos y medi\u00e1ticos padecidos por la naci\u00f3n.<\/p>\n<p style=\"text-align: justify;\">Por su parte, la economista mexicana, Ana Esther Cece\u00f1a, apunt\u00f3: \u201cEstuvimos discutiendo muy preocupados ante esta oleada ofensiva contra Am\u00e9rica Latina, que coincide con una etapa del capitalismo que es muy complicado con guerras que no se declaran, que se provocan por dentro, muy diferentes a las que ten\u00edamos en el siglo XX\u201d.<\/p>\n<p style=\"text-align: justify;\">Refiri\u00f3 que muchos elementos se\u00f1alan el direccionamiento de \u201cbombas econ\u00f3micas\u201d, que inducen el castigo financiero e intentan corroer a la sociedad, para sembrar miedo, desconfianza, desconcierto y que la ciudadan\u00eda se sienta paralizada y desesperanzada. \u201cEst\u00e1 ocurriendo en muchos pa\u00edses de Am\u00e9rica Latina (&#8230;) y hay que defender el continente como un todo\u201d.<\/p>\n<p style=\"text-align: justify;\">El antrop\u00f3logo H\u00e9ctor D\u00edaz Polanco recalc\u00f3 la necesidad de reforzar el proceso de transformaciones que se vive en Venezuela.<\/p>\n<p style=\"text-align: justify;\">Maduro expuso que la jornada del Congreso de la Patria, a desarrollarse desde el 13 al 19 de abril, debatir\u00e1 los aportes de los intelectuales, en un per\u00edodo crucial de la Revoluci\u00f3n Bolivariana.<\/p>\n<p><strong><em>Escuche el audio con la informaci\u00f3n:<\/em><\/strong><br \/>\n<audio class=\"wp-audio-shortcode\" id=\"audio-16798-1\" preload=\"none\" style=\"width: 100%;\" controls=\"controls\"><source type=\"audio\/mpeg\" src=\"http:\/\/wpeditor.rnv.gob.ve\/app\/uploads\/2016\/04\/JORNADA-MOV-.mp3?_=1\" \/><a href=\"http:\/\/wpeditor.rnv.gob.ve\/app\/uploads\/2016\/04\/JORNADA-MOV-.mp3\">http:\/\/wpeditor.rnv.gob.ve\/app\/uploads\/2016\/04\/JORNADA-MOV-.mp3<\/a><\/audio><br \/>\n<strong>T\/ WEB RNV<\/strong><\/p>\n","protected":false},"excerpt":{"rendered":"<p>La Red de Intelectuales en Defensa de la Humanidad advirti\u00f3 en declaratoria que en Venezuela se libra actualmente la continuidad de los cambios progresistas en Am\u00e9rica Latina, por lo cual insisten en la defensa del proceso revolucionario. Durante su participaci\u00f3n en el programa Contacto con Maduro, transmitido desde el Palacio de Miraflores, Caracas, el periodista [&hellip;]<\/p>\n","protected":false},"author":2,"featured_media":16816,"comment_status":"closed","ping_status":"open","sticky":false,"template":"","format":"standard","meta":{"_acf_changed":false,"footnotes":""},"categories":[55,65],"tags":[3032,3033,2070,104],"class_list":["post-16798","post","type-post","status-publish","format-standard","has-post-thumbnail","hentry","category-cultura","category-nacional","tag-cambios","tag-continuidad","tag-intelectuales","tag-venezuela"],"acf":[],"yoast_head":"<!-- This site is optimized with the Yoast SEO plugin v27.4 - https:\/\/yoast.com\/product\/yoast-seo-wordpress\/ -->\n<title>En Venezuela se libra continuidad de cambios en Latinoam\u00e9rica - DEV RNV<\/title>\n<meta name=\"robots\" content=\"noindex, follow, max-snippet:-1, max-image-preview:large, max-video-preview:-1\" \/>\n<meta property=\"og:locale\" content=\"es_ES\" \/>\n<meta property=\"og:type\" content=\"article\" \/>\n<meta property=\"og:title\" content=\"En Venezuela se libra continuidad de cambios en Latinoam\u00e9rica - DEV RNV\" \/>\n<meta property=\"og:description\" content=\"La Red de Intelectuales en Defensa de la Humanidad advirti\u00f3 en declaratoria que en Venezuela se libra actualmente la continuidad de los cambios progresistas en Am\u00e9rica Latina, por lo cual insisten en la defensa del proceso revolucionario. Durante su participaci\u00f3n en el programa Contacto con Maduro, transmitido desde el Palacio de Miraflores, Caracas, el periodista [&hellip;]\" \/>\n<meta property=\"og:url\" content=\"https:\/\/stage3.rnv.gob.ve\/wp\/en-venezuela-se-libra-continuidad-de-cambios-en-latinoamerica\/\" \/>\n<meta property=\"og:site_name\" content=\"DEV RNV\" \/>\n<meta property=\"article:publisher\" content=\"https:\/\/www.facebook.com\/RadioNacionaldeVenezuela\" \/>\n<meta property=\"article:published_time\" content=\"2016-04-13T01:59:22+00:00\" \/>\n<meta name=\"author\" content=\"Daniel Peralta\" \/>\n<meta name=\"twitter:card\" content=\"summary_large_image\" \/>\n<meta name=\"twitter:creator\" content=\"@RNVinformativa\" \/>\n<meta name=\"twitter:site\" content=\"@RNVinformativa\" \/>\n<meta name=\"twitter:label1\" content=\"Escrito por\" \/>\n\t<meta name=\"twitter:data1\" content=\"Daniel Peralta\" \/>\n\t<meta name=\"twitter:label2\" content=\"Tiempo estimado de lectura\" \/>\n\t<meta name=\"twitter:data2\" content=\"1 minuto\" \/>\n<script type=\"application\/ld+json\" class=\"yoast-schema-graph\">{\"@context\":\"https:\\\/\\\/schema.org\",\"@graph\":[{\"@type\":\"Article\",\"@id\":\"https:\\\/\\\/stage3.rnv.gob.ve\\\/wp\\\/en-venezuela-se-libra-continuidad-de-cambios-en-latinoamerica\\\/#article\",\"isPartOf\":{\"@id\":\"https:\\\/\\\/stage3.rnv.gob.ve\\\/wp\\\/en-venezuela-se-libra-continuidad-de-cambios-en-latinoamerica\\\/\"},\"author\":{\"name\":\"Daniel Peralta\",\"@id\":\"https:\\\/\\\/stage3.rnv.gob.ve\\\/wp\\\/#\\\/schema\\\/person\\\/d9cd31b2b60c5c2e489f54856b6cb03d\"},\"headline\":\"En Venezuela se libra continuidad de cambios en Latinoam\u00e9rica\",\"datePublished\":\"2016-04-13T01:59:22+00:00\",\"mainEntityOfPage\":{\"@id\":\"https:\\\/\\\/stage3.rnv.gob.ve\\\/wp\\\/en-venezuela-se-libra-continuidad-de-cambios-en-latinoamerica\\\/\"},\"wordCount\":298,\"publisher\":{\"@id\":\"https:\\\/\\\/stage3.rnv.gob.ve\\\/wp\\\/#organization\"},\"image\":{\"@id\":\"https:\\\/\\\/stage3.rnv.gob.ve\\\/wp\\\/en-venezuela-se-libra-continuidad-de-cambios-en-latinoamerica\\\/#primaryimage\"},\"thumbnailUrl\":\"\",\"keywords\":[\"Cambios\",\"Continuidad\",\"Intelectuales\",\"Venezuela\"],\"articleSection\":[\"Cultura\",\"Nacional\"],\"inLanguage\":\"es\"},{\"@type\":\"WebPage\",\"@id\":\"https:\\\/\\\/stage3.rnv.gob.ve\\\/wp\\\/en-venezuela-se-libra-continuidad-de-cambios-en-latinoamerica\\\/\",\"url\":\"https:\\\/\\\/stage3.rnv.gob.ve\\\/wp\\\/en-venezuela-se-libra-continuidad-de-cambios-en-latinoamerica\\\/\",\"name\":\"En Venezuela se libra continuidad de cambios en Latinoam\u00e9rica - DEV RNV\",\"isPartOf\":{\"@id\":\"https:\\\/\\\/stage3.rnv.gob.ve\\\/wp\\\/#website\"},\"primaryImageOfPage\":{\"@id\":\"https:\\\/\\\/stage3.rnv.gob.ve\\\/wp\\\/en-venezuela-se-libra-continuidad-de-cambios-en-latinoamerica\\\/#primaryimage\"},\"image\":{\"@id\":\"https:\\\/\\\/stage3.rnv.gob.ve\\\/wp\\\/en-venezuela-se-libra-continuidad-de-cambios-en-latinoamerica\\\/#primaryimage\"},\"thumbnailUrl\":\"\",\"datePublished\":\"2016-04-13T01:59:22+00:00\",\"breadcrumb\":{\"@id\":\"https:\\\/\\\/stage3.rnv.gob.ve\\\/wp\\\/en-venezuela-se-libra-continuidad-de-cambios-en-latinoamerica\\\/#breadcrumb\"},\"inLanguage\":\"es\",\"potentialAction\":[{\"@type\":\"ReadAction\",\"target\":[\"https:\\\/\\\/stage3.rnv.gob.ve\\\/wp\\\/en-venezuela-se-libra-continuidad-de-cambios-en-latinoamerica\\\/\"]}]},{\"@type\":\"ImageObject\",\"inLanguage\":\"es\",\"@id\":\"https:\\\/\\\/stage3.rnv.gob.ve\\\/wp\\\/en-venezuela-se-libra-continuidad-de-cambios-en-latinoamerica\\\/#primaryimage\",\"url\":\"\",\"contentUrl\":\"\"},{\"@type\":\"BreadcrumbList\",\"@id\":\"https:\\\/\\\/stage3.rnv.gob.ve\\\/wp\\\/en-venezuela-se-libra-continuidad-de-cambios-en-latinoamerica\\\/#breadcrumb\",\"itemListElement\":[{\"@type\":\"ListItem\",\"position\":1,\"name\":\"Portada\",\"item\":\"https:\\\/\\\/stage3.rnv.gob.ve\\\/wp\\\/\"},{\"@type\":\"ListItem\",\"position\":2,\"name\":\"En Venezuela Se Libra Continuidad De Cambios En Latinoam\u00e9rica\"}]},{\"@type\":\"WebSite\",\"@id\":\"https:\\\/\\\/stage3.rnv.gob.ve\\\/wp\\\/#website\",\"url\":\"https:\\\/\\\/stage3.rnv.gob.ve\\\/wp\\\/\",\"name\":\"DEV RNV\",\"description\":\"Radio Nacional de Venezuela C.A.\",\"publisher\":{\"@id\":\"https:\\\/\\\/stage3.rnv.gob.ve\\\/wp\\\/#organization\"},\"potentialAction\":[{\"@type\":\"SearchAction\",\"target\":{\"@type\":\"EntryPoint\",\"urlTemplate\":\"https:\\\/\\\/stage3.rnv.gob.ve\\\/wp\\\/?s={search_term_string}\"},\"query-input\":{\"@type\":\"PropertyValueSpecification\",\"valueRequired\":true,\"valueName\":\"search_term_string\"}}],\"inLanguage\":\"es\"},{\"@type\":\"Organization\",\"@id\":\"https:\\\/\\\/stage3.rnv.gob.ve\\\/wp\\\/#organization\",\"name\":\"Radio Nacional de Venezuela C.A.\",\"url\":\"https:\\\/\\\/stage3.rnv.gob.ve\\\/wp\\\/\",\"logo\":{\"@type\":\"ImageObject\",\"inLanguage\":\"es\",\"@id\":\"https:\\\/\\\/stage3.rnv.gob.ve\\\/wp\\\/#\\\/schema\\\/logo\\\/image\\\/\",\"url\":\"http:\\\/\\\/rnv.ddns.net\\\/prensa\\\/wp-content\\\/uploads\\\/2022\\\/04\\\/rnv-1-300x227-1.jpg\",\"contentUrl\":\"http:\\\/\\\/rnv.ddns.net\\\/prensa\\\/wp-content\\\/uploads\\\/2022\\\/04\\\/rnv-1-300x227-1.jpg\",\"width\":800,\"height\":455,\"caption\":\"Radio Nacional de Venezuela C.A.\"},\"image\":{\"@id\":\"https:\\\/\\\/stage3.rnv.gob.ve\\\/wp\\\/#\\\/schema\\\/logo\\\/image\\\/\"},\"sameAs\":[\"https:\\\/\\\/www.facebook.com\\\/RadioNacionaldeVenezuela\",\"https:\\\/\\\/x.com\\\/RNVinformativa\",\"https:\\\/\\\/www.instagram.com\\\/rnvinformativa\\\/\",\"https:\\\/\\\/www.youtube.com\\\/user\\\/RNVContigo\"]},{\"@type\":\"Person\",\"@id\":\"https:\\\/\\\/stage3.rnv.gob.ve\\\/wp\\\/#\\\/schema\\\/person\\\/d9cd31b2b60c5c2e489f54856b6cb03d\",\"name\":\"Daniel Peralta\",\"url\":\"https:\\\/\\\/stage3.rnv.gob.ve\\\/wp\\\/author\\\/daniel_peralta\\\/\"}]}<\/script>\n<!-- \/ Yoast SEO plugin. -->","yoast_head_json":{"title":"En Venezuela se libra continuidad de cambios en Latinoam\u00e9rica - DEV RNV","robots":{"index":"noindex","follow":"follow","max-snippet":"max-snippet:-1","max-image-preview":"max-image-preview:large","max-video-preview":"max-video-preview:-1"},"og_locale":"es_ES","og_type":"article","og_title":"En Venezuela se libra continuidad de cambios en Latinoam\u00e9rica - DEV RNV","og_description":"La Red de Intelectuales en Defensa de la Humanidad advirti\u00f3 en declaratoria que en Venezuela se libra actualmente la continuidad de los cambios progresistas en Am\u00e9rica Latina, por lo cual insisten en la defensa del proceso revolucionario. Durante su participaci\u00f3n en el programa Contacto con Maduro, transmitido desde el Palacio de Miraflores, Caracas, el periodista [&hellip;]","og_url":"https:\/\/stage3.rnv.gob.ve\/wp\/en-venezuela-se-libra-continuidad-de-cambios-en-latinoamerica\/","og_site_name":"DEV RNV","article_publisher":"https:\/\/www.facebook.com\/RadioNacionaldeVenezuela","article_published_time":"2016-04-13T01:59:22+00:00","author":"Daniel Peralta","twitter_card":"summary_large_image","twitter_creator":"@RNVinformativa","twitter_site":"@RNVinformativa","twitter_misc":{"Escrito por":"Daniel Peralta","Tiempo estimado de lectura":"1 minuto"},"schema":{"@context":"https:\/\/schema.org","@graph":[{"@type":"Article","@id":"https:\/\/stage3.rnv.gob.ve\/wp\/en-venezuela-se-libra-continuidad-de-cambios-en-latinoamerica\/#article","isPartOf":{"@id":"https:\/\/stage3.rnv.gob.ve\/wp\/en-venezuela-se-libra-continuidad-de-cambios-en-latinoamerica\/"},"author":{"name":"Daniel Peralta","@id":"https:\/\/stage3.rnv.gob.ve\/wp\/#\/schema\/person\/d9cd31b2b60c5c2e489f54856b6cb03d"},"headline":"En Venezuela se libra continuidad de cambios en Latinoam\u00e9rica","datePublished":"2016-04-13T01:59:22+00:00","mainEntityOfPage":{"@id":"https:\/\/stage3.rnv.gob.ve\/wp\/en-venezuela-se-libra-continuidad-de-cambios-en-latinoamerica\/"},"wordCount":298,"publisher":{"@id":"https:\/\/stage3.rnv.gob.ve\/wp\/#organization"},"image":{"@id":"https:\/\/stage3.rnv.gob.ve\/wp\/en-venezuela-se-libra-continuidad-de-cambios-en-latinoamerica\/#primaryimage"},"thumbnailUrl":"","keywords":["Cambios","Continuidad","Intelectuales","Venezuela"],"articleSection":["Cultura","Nacional"],"inLanguage":"es"},{"@type":"WebPage","@id":"https:\/\/stage3.rnv.gob.ve\/wp\/en-venezuela-se-libra-continuidad-de-cambios-en-latinoamerica\/","url":"https:\/\/stage3.rnv.gob.ve\/wp\/en-venezuela-se-libra-continuidad-de-cambios-en-latinoamerica\/","name":"En Venezuela se libra continuidad de cambios en Latinoam\u00e9rica - DEV RNV","isPartOf":{"@id":"https:\/\/stage3.rnv.gob.ve\/wp\/#website"},"primaryImageOfPage":{"@id":"https:\/\/stage3.rnv.gob.ve\/wp\/en-venezuela-se-libra-continuidad-de-cambios-en-latinoamerica\/#primaryimage"},"image":{"@id":"https:\/\/stage3.rnv.gob.ve\/wp\/en-venezuela-se-libra-continuidad-de-cambios-en-latinoamerica\/#primaryimage"},"thumbnailUrl":"","datePublished":"2016-04-13T01:59:22+00:00","breadcrumb":{"@id":"https:\/\/stage3.rnv.gob.ve\/wp\/en-venezuela-se-libra-continuidad-de-cambios-en-latinoamerica\/#breadcrumb"},"inLanguage":"es","potentialAction":[{"@type":"ReadAction","target":["https:\/\/stage3.rnv.gob.ve\/wp\/en-venezuela-se-libra-continuidad-de-cambios-en-latinoamerica\/"]}]},{"@type":"ImageObject","inLanguage":"es","@id":"https:\/\/stage3.rnv.gob.ve\/wp\/en-venezuela-se-libra-continuidad-de-cambios-en-latinoamerica\/#primaryimage","url":"","contentUrl":""},{"@type":"BreadcrumbList","@id":"https:\/\/stage3.rnv.gob.ve\/wp\/en-venezuela-se-libra-continuidad-de-cambios-en-latinoamerica\/#breadcrumb","itemListElement":[{"@type":"ListItem","position":1,"name":"Portada","item":"https:\/\/stage3.rnv.gob.ve\/wp\/"},{"@type":"ListItem","position":2,"name":"En Venezuela Se Libra Continuidad De Cambios En Latinoam\u00e9rica"}]},{"@type":"WebSite","@id":"https:\/\/stage3.rnv.gob.ve\/wp\/#website","url":"https:\/\/stage3.rnv.gob.ve\/wp\/","name":"DEV RNV","description":"Radio Nacional de Venezuela C.A.","publisher":{"@id":"https:\/\/stage3.rnv.gob.ve\/wp\/#organization"},"potentialAction":[{"@type":"SearchAction","target":{"@type":"EntryPoint","urlTemplate":"https:\/\/stage3.rnv.gob.ve\/wp\/?s={search_term_string}"},"query-input":{"@type":"PropertyValueSpecification","valueRequired":true,"valueName":"search_term_string"}}],"inLanguage":"es"},{"@type":"Organization","@id":"https:\/\/stage3.rnv.gob.ve\/wp\/#organization","name":"Radio Nacional de Venezuela C.A.","url":"https:\/\/stage3.rnv.gob.ve\/wp\/","logo":{"@type":"ImageObject","inLanguage":"es","@id":"https:\/\/stage3.rnv.gob.ve\/wp\/#\/schema\/logo\/image\/","url":"http:\/\/rnv.ddns.net\/prensa\/wp-content\/uploads\/2022\/04\/rnv-1-300x227-1.jpg","contentUrl":"http:\/\/rnv.ddns.net\/prensa\/wp-content\/uploads\/2022\/04\/rnv-1-300x227-1.jpg","width":800,"height":455,"caption":"Radio Nacional de Venezuela C.A."},"image":{"@id":"https:\/\/stage3.rnv.gob.ve\/wp\/#\/schema\/logo\/image\/"},"sameAs":["https:\/\/www.facebook.com\/RadioNacionaldeVenezuela","https:\/\/x.com\/RNVinformativa","https:\/\/www.instagram.com\/rnvinformativa\/","https:\/\/www.youtube.com\/user\/RNVContigo"]},{"@type":"Person","@id":"https:\/\/stage3.rnv.gob.ve\/wp\/#\/schema\/person\/d9cd31b2b60c5c2e489f54856b6cb03d","name":"Daniel Peralta","url":"https:\/\/stage3.rnv.gob.ve\/wp\/author\/daniel_peralta\/"}]}},"jetpack_featured_media_url":"","_links":{"self":[{"href":"https:\/\/stage3.rnv.gob.ve\/wp\/wp-json\/wp\/v2\/posts\/16798","targetHints":{"allow":["GET"]}}],"collection":[{"href":"https:\/\/stage3.rnv.gob.ve\/wp\/wp-json\/wp\/v2\/posts"}],"about":[{"href":"https:\/\/stage3.rnv.gob.ve\/wp\/wp-json\/wp\/v2\/types\/post"}],"author":[{"embeddable":true,"href":"https:\/\/stage3.rnv.gob.ve\/wp\/wp-json\/wp\/v2\/users\/2"}],"replies":[{"embeddable":true,"href":"https:\/\/stage3.rnv.gob.ve\/wp\/wp-json\/wp\/v2\/comments?post=16798"}],"version-history":[{"count":0,"href":"https:\/\/stage3.rnv.gob.ve\/wp\/wp-json\/wp\/v2\/posts\/16798\/revisions"}],"wp:featuredmedia":[{"embeddable":true,"href":"https:\/\/stage3.rnv.gob.ve\/wp\/wp-json\/"}],"wp:attachment":[{"href":"https:\/\/stage3.rnv.gob.ve\/wp\/wp-json\/wp\/v2\/media?parent=16798"}],"wp:term":[{"taxonomy":"category","embeddable":true,"href":"https:\/\/stage3.rnv.gob.ve\/wp\/wp-json\/wp\/v2\/categories?post=16798"},{"taxonomy":"post_tag","embeddable":true,"href":"https:\/\/stage3.rnv.gob.ve\/wp\/wp-json\/wp\/v2\/tags?post=16798"}],"curies":[{"name":"wp","href":"https:\/\/api.w.org\/{rel}","templated":true}]}}