{"id":165637,"date":"2017-09-05T15:55:17","date_gmt":"2017-09-05T20:25:17","guid":{"rendered":"https:\/\/stage3.rnv.gob.ve\/wp\/?p=165637"},"modified":"2017-09-05T15:55:17","modified_gmt":"2017-09-05T20:25:17","slug":"mujeres-indigenas-aseguraron-sentirse-protegidas-unicamente-en-revolucion","status":"publish","type":"post","link":"https:\/\/stage3.rnv.gob.ve\/wp\/mujeres-indigenas-aseguraron-sentirse-protegidas-unicamente-en-revolucion\/","title":{"rendered":"Mujeres ind\u00edgenas aseguraron sentirse protegidas \u00fanicamente en revoluci\u00f3n"},"content":{"rendered":"<p class=\"western\" align=\"JUSTIFY\"><span style=\"font-family: Arial, sans-serif;\"><img fetchpriority=\"high\" decoding=\"async\" class=\"size-medium wp-image-165640 alignleft\" src=\"https:\/\/stage3.rnv.gob.ve\/wp\/wp-content\/uploads\/2017\/09\/DI-LQh5W4AIGgG3-300x225.jpg\" alt=\"\" width=\"300\" height=\"225\" \/>Este 5 de septiembre, a prop\u00f3sito del D\u00eda Internacional de la Mujer Ind\u00edgena, se celebr\u00f3 en Caracas el Encuentro de las Mujeres Ind\u00edgenas de la Patria, acto donde fue presentada una feria productiva y donde fueron entregadas tarjetas de Hogares de la Patria y reconocimientos especiales a artesanas ind\u00edgenas.<\/span><\/p>\n<p class=\"western\" align=\"JUSTIFY\"><span style=\"font-family: Arial, sans-serif;\">Este evento que se realiz\u00f3 en la sede del Ministerio del Poder Popular para los Pueblos Ind\u00edgenas cont\u00f3 con la presencia de El\u00edas Jaua, Vicepresidente para el Desarrollo Social y la Revoluci\u00f3n de las Misiones; Aloha N\u00fa\u00f1ez, presidenta de la Comisi\u00f3n Permanente de Pueblos y Comunidades Ind\u00edgenas de la Asamblea Nacional Constituyente; Asia Villegas, viceministra de Igualdad y Equidad de G\u00e9nero, las constituyentistas Noel\u00ed Pocaterra, Indira Fern\u00e1ndez, Zoila Y\u00e1nez y Keyrineth Fern\u00e1ndez, as\u00ed como la titular de la cartera ind\u00edgena Yamilet Mirabal.<\/span><\/p>\n<p class=\"western\" align=\"JUSTIFY\"><span style=\"font-family: Arial, sans-serif;\">El\u00edas Jaua, ministro del Poder Popular para la Educaci\u00f3n, expres\u00f3 \u201ccon el coraje de las mujeres ind\u00edgenas Venezuela siempre vencer\u00e1; al comandante le qued\u00f3 una frase y era \u2018como indios nos conquistaron y como indios nos liberaremos\u2019, nos toca aprender de ustedes, de su cultura, la que iba a ser la nuestra pero que nos la quitaron; este d\u00eda nos permite rememorar la lucha encabezada por la guerrera Bartolina Sisa y al leer su historia sabemos que ella est\u00e1 reflejada en mujeres de la talla de Aloha, Yamilet y Noel\u00ed, lideresas ind\u00edgenas luchadoras que han entregado todo por los pueblos originarios; hoy ustedes tienen todos sus derechos garantizados, el derecho a la identidad cultural, el derecho a tener una identificaci\u00f3n que certifique que son ind\u00edgenas; en nombre del presidente Nicol\u00e1s Maduro nos comprometemos a seguir avanzando para lograr la protecci\u00f3n total de ustedes las mujeres; hoy estamos aqu\u00ed certificando a nuestras artesanas ind\u00edgenas y otorgando tarjetas socialistas para protegerlas y valorar todo el esfuerzo que hacen desde las comunidades m\u00e1s lejanas\u201d, destac\u00f3.<\/span><\/p>\n<p class=\"western\" align=\"JUSTIFY\"><span style=\"font-family: Arial, sans-serif;\">Por su parte, la lideresa de los pueblos ind\u00edgenas y constituyentista Aloha N\u00fa\u00f1ez, asegur\u00f3 que los rostros de las mujeres ind\u00edgenas transmiten humildad, mucha sencillez y ganas de salir adelante en revoluci\u00f3n. \u201cNosotras las ind\u00edgenas nos sentimos orgullosas de nuestras ra\u00edces y a todas esas madres de familia las invito a inculcarle a sus hijos e hijas que nunca deben sentir temor ni verg\u00fcenza de decir de d\u00f3nde vienen, porque eso los ayudar\u00e1 a definir hacia donde van; antes de la revoluci\u00f3n recuerdo que pr\u00e1cticamente nos ten\u00edan prohibido usar manta porque para la sociedad era motivo de burla por el simple desapego a sus ra\u00edces, porque fue desde la llegada de nuestro comandante Ch\u00e1vez que Venezuela aprendi\u00f3 a valorar la historia de sus ancestros, de sus grandes l\u00edderes y lideresas que dieron la vida por esta patria; cuando conocimos a Ch\u00e1vez asumi\u00f3 un compromiso con nosotros los ind\u00edgenas y hoy somos nosotros, especialmente las mujeres, quienes asumimos un compromiso eterno con su legado y con el presidente Nicol\u00e1s Maduro, consecuente con la lucha de los movimientos ind\u00edgenas del pa\u00eds\u201d, manifest\u00f3.<\/span><\/p>\n<p class=\"western\" align=\"JUSTIFY\"><span style=\"font-family: Arial, sans-serif;\">Para culminar, la ministra del Poder Popular para los Pueblos Ind\u00edgenas, Yamilet Mirabal, coment\u00f3 que la revoluci\u00f3n es feminista y es gracias a ella que hoy las mujeres ind\u00edgenas ocupan importantes espacios de participaci\u00f3n protag\u00f3nica. \u201cGracias a Hugo Ch\u00e1vez y al presidente Nicol\u00e1s hemos sido ministras, constituyentistas, diputadas, concejales, voceras de importantes espacios pol\u00edticos y lideresas de nuestras comunidades; ellos nos reivindicaron y nos visibilizaron, sac\u00e1ndonos de la oscuridad en la que est\u00e1bamos inmersas; las mujeres ind\u00edgenas somos s\u00edmbolo de lucha y por eso nadie nos va a venir a enga\u00f1ar; aqu\u00ed sabemos que nuestros derechos est\u00e1n garantizados s\u00f3lo en revoluci\u00f3n y por ella daremos hasta la vida si es necesario\u201d, manifest\u00f3. <\/span><\/p>\n<p class=\"western\" align=\"JUSTIFY\"><span style=\"font-family: Arial, sans-serif;\">Nataly Gonz\u00e1lez, ind\u00edgena Wayuu de la parroquia Ant\u00edmano, y madre de 6 hijos, quien recibi\u00f3 una tarjeta socialista, le envi\u00f3 un mensaje de agradecimiento al presidente Nicol\u00e1s Maduro por siempre proteger con sus pol\u00edticas sociales a la mujer ind\u00edgena. \u201cEsta ayuda mensual representa una bendici\u00f3n para m\u00ed y para todas mis hermanas ind\u00edgenas que tambi\u00e9n resultaron beneficiadas; en a\u00f1os anteriores nadie nos atend\u00eda, a nadie le interesaba si est\u00e1bamos bien, si estudi\u00e1bamos, si \u00e9ramos capacitadas; hoy tenemos un Presidente que dej\u00f3 nuestro comandante Ch\u00e1vez para seguir luchando por nosotros los m\u00e1s humildes; las mujeres ind\u00edgenas somos constantes y muy trabajadoras, y damos gracias a la revoluci\u00f3n por todas las oportunidades que nos han dado para salir adelante\u201d, dijo. <\/span><\/p>\n<p class=\"western\" align=\"JUSTIFY\"><span style=\"font-family: Arial, sans-serif;\">Desde hace 34 a\u00f1os se conmemora cada 5 de septiembre el D\u00eda Internacional de la Mujer Ind\u00edgena en honor a Bartolina Sisa, guerrera Aymara que dio su vida para combatir la colonizaci\u00f3n que somet\u00eda a su pueblo.<\/span><\/p>\n<p class=\"western\" align=\"JUSTIFY\"><strong>T\/Minpi<\/strong><\/p>\n","protected":false},"excerpt":{"rendered":"<p>Este 5 de septiembre, a prop\u00f3sito del D\u00eda Internacional de la Mujer Ind\u00edgena, se celebr\u00f3 en Caracas el Encuentro de las Mujeres Ind\u00edgenas de la Patria, acto donde fue presentada una feria productiva y donde fueron entregadas tarjetas de Hogares de la Patria y reconocimientos especiales a artesanas ind\u00edgenas. Este evento que se realiz\u00f3 en [&hellip;]<\/p>\n","protected":false},"author":1,"featured_media":165648,"comment_status":"closed","ping_status":"open","sticky":false,"template":"","format":"standard","meta":{"_acf_changed":false,"footnotes":""},"categories":[68],"tags":[10478,16698,334],"class_list":["post-165637","post","type-post","status-publish","format-standard","has-post-thumbnail","hentry","category-pueblos-originarios","tag-minpi","tag-mujeres-indigenas","tag-revolucion"],"acf":[],"yoast_head":"<!-- This site is optimized with the Yoast SEO plugin v27.4 - https:\/\/yoast.com\/product\/yoast-seo-wordpress\/ -->\n<title>Mujeres ind\u00edgenas aseguraron sentirse protegidas \u00fanicamente en revoluci\u00f3n - DEV RNV<\/title>\n<meta name=\"robots\" content=\"noindex, follow, max-snippet:-1, max-image-preview:large, max-video-preview:-1\" \/>\n<meta property=\"og:locale\" content=\"es_ES\" \/>\n<meta property=\"og:type\" content=\"article\" \/>\n<meta property=\"og:title\" content=\"Mujeres ind\u00edgenas aseguraron sentirse protegidas \u00fanicamente en revoluci\u00f3n - DEV RNV\" \/>\n<meta property=\"og:description\" content=\"Este 5 de septiembre, a prop\u00f3sito del D\u00eda Internacional de la Mujer Ind\u00edgena, se celebr\u00f3 en Caracas el Encuentro de las Mujeres Ind\u00edgenas de la Patria, acto donde fue presentada una feria productiva y donde fueron entregadas tarjetas de Hogares de la Patria y reconocimientos especiales a artesanas ind\u00edgenas. Este evento que se realiz\u00f3 en [&hellip;]\" \/>\n<meta property=\"og:url\" content=\"https:\/\/stage3.rnv.gob.ve\/wp\/mujeres-indigenas-aseguraron-sentirse-protegidas-unicamente-en-revolucion\/\" \/>\n<meta property=\"og:site_name\" content=\"DEV RNV\" \/>\n<meta property=\"article:publisher\" content=\"https:\/\/www.facebook.com\/RadioNacionaldeVenezuela\" \/>\n<meta property=\"article:published_time\" content=\"2017-09-05T20:25:17+00:00\" \/>\n<meta name=\"author\" content=\"administrador\" \/>\n<meta name=\"twitter:card\" content=\"summary_large_image\" \/>\n<meta name=\"twitter:creator\" content=\"@RNVinformativa\" \/>\n<meta name=\"twitter:site\" content=\"@RNVinformativa\" \/>\n<meta name=\"twitter:label1\" content=\"Escrito por\" \/>\n\t<meta name=\"twitter:data1\" content=\"administrador\" \/>\n\t<meta name=\"twitter:label2\" content=\"Tiempo estimado de lectura\" \/>\n\t<meta name=\"twitter:data2\" content=\"4 minutos\" \/>\n<script type=\"application\/ld+json\" class=\"yoast-schema-graph\">{\"@context\":\"https:\\\/\\\/schema.org\",\"@graph\":[{\"@type\":\"Article\",\"@id\":\"https:\\\/\\\/stage3.rnv.gob.ve\\\/wp\\\/mujeres-indigenas-aseguraron-sentirse-protegidas-unicamente-en-revolucion\\\/#article\",\"isPartOf\":{\"@id\":\"https:\\\/\\\/stage3.rnv.gob.ve\\\/wp\\\/mujeres-indigenas-aseguraron-sentirse-protegidas-unicamente-en-revolucion\\\/\"},\"author\":{\"name\":\"administrador\",\"@id\":\"https:\\\/\\\/stage3.rnv.gob.ve\\\/wp\\\/#\\\/schema\\\/person\\\/0862ce8cde332e0bc63b8a243f0eea2c\"},\"headline\":\"Mujeres ind\u00edgenas aseguraron sentirse protegidas \u00fanicamente en revoluci\u00f3n\",\"datePublished\":\"2017-09-05T20:25:17+00:00\",\"mainEntityOfPage\":{\"@id\":\"https:\\\/\\\/stage3.rnv.gob.ve\\\/wp\\\/mujeres-indigenas-aseguraron-sentirse-protegidas-unicamente-en-revolucion\\\/\"},\"wordCount\":842,\"publisher\":{\"@id\":\"https:\\\/\\\/stage3.rnv.gob.ve\\\/wp\\\/#organization\"},\"image\":{\"@id\":\"https:\\\/\\\/stage3.rnv.gob.ve\\\/wp\\\/mujeres-indigenas-aseguraron-sentirse-protegidas-unicamente-en-revolucion\\\/#primaryimage\"},\"thumbnailUrl\":\"\",\"keywords\":[\"minpi\",\"mujeres indigenas\",\"revolucion\"],\"articleSection\":[\"Pueblos Originarios\"],\"inLanguage\":\"es\"},{\"@type\":\"WebPage\",\"@id\":\"https:\\\/\\\/stage3.rnv.gob.ve\\\/wp\\\/mujeres-indigenas-aseguraron-sentirse-protegidas-unicamente-en-revolucion\\\/\",\"url\":\"https:\\\/\\\/stage3.rnv.gob.ve\\\/wp\\\/mujeres-indigenas-aseguraron-sentirse-protegidas-unicamente-en-revolucion\\\/\",\"name\":\"Mujeres ind\u00edgenas aseguraron sentirse protegidas \u00fanicamente en revoluci\u00f3n - DEV RNV\",\"isPartOf\":{\"@id\":\"https:\\\/\\\/stage3.rnv.gob.ve\\\/wp\\\/#website\"},\"primaryImageOfPage\":{\"@id\":\"https:\\\/\\\/stage3.rnv.gob.ve\\\/wp\\\/mujeres-indigenas-aseguraron-sentirse-protegidas-unicamente-en-revolucion\\\/#primaryimage\"},\"image\":{\"@id\":\"https:\\\/\\\/stage3.rnv.gob.ve\\\/wp\\\/mujeres-indigenas-aseguraron-sentirse-protegidas-unicamente-en-revolucion\\\/#primaryimage\"},\"thumbnailUrl\":\"\",\"datePublished\":\"2017-09-05T20:25:17+00:00\",\"breadcrumb\":{\"@id\":\"https:\\\/\\\/stage3.rnv.gob.ve\\\/wp\\\/mujeres-indigenas-aseguraron-sentirse-protegidas-unicamente-en-revolucion\\\/#breadcrumb\"},\"inLanguage\":\"es\",\"potentialAction\":[{\"@type\":\"ReadAction\",\"target\":[\"https:\\\/\\\/stage3.rnv.gob.ve\\\/wp\\\/mujeres-indigenas-aseguraron-sentirse-protegidas-unicamente-en-revolucion\\\/\"]}]},{\"@type\":\"ImageObject\",\"inLanguage\":\"es\",\"@id\":\"https:\\\/\\\/stage3.rnv.gob.ve\\\/wp\\\/mujeres-indigenas-aseguraron-sentirse-protegidas-unicamente-en-revolucion\\\/#primaryimage\",\"url\":\"\",\"contentUrl\":\"\"},{\"@type\":\"BreadcrumbList\",\"@id\":\"https:\\\/\\\/stage3.rnv.gob.ve\\\/wp\\\/mujeres-indigenas-aseguraron-sentirse-protegidas-unicamente-en-revolucion\\\/#breadcrumb\",\"itemListElement\":[{\"@type\":\"ListItem\",\"position\":1,\"name\":\"Portada\",\"item\":\"https:\\\/\\\/stage3.rnv.gob.ve\\\/wp\\\/\"},{\"@type\":\"ListItem\",\"position\":2,\"name\":\"Mujeres Ind\u00edgenas Aseguraron Sentirse Protegidas \u00danicamente En Revoluci\u00f3n\"}]},{\"@type\":\"WebSite\",\"@id\":\"https:\\\/\\\/stage3.rnv.gob.ve\\\/wp\\\/#website\",\"url\":\"https:\\\/\\\/stage3.rnv.gob.ve\\\/wp\\\/\",\"name\":\"DEV RNV\",\"description\":\"Radio Nacional de Venezuela C.A.\",\"publisher\":{\"@id\":\"https:\\\/\\\/stage3.rnv.gob.ve\\\/wp\\\/#organization\"},\"potentialAction\":[{\"@type\":\"SearchAction\",\"target\":{\"@type\":\"EntryPoint\",\"urlTemplate\":\"https:\\\/\\\/stage3.rnv.gob.ve\\\/wp\\\/?s={search_term_string}\"},\"query-input\":{\"@type\":\"PropertyValueSpecification\",\"valueRequired\":true,\"valueName\":\"search_term_string\"}}],\"inLanguage\":\"es\"},{\"@type\":\"Organization\",\"@id\":\"https:\\\/\\\/stage3.rnv.gob.ve\\\/wp\\\/#organization\",\"name\":\"Radio Nacional de Venezuela C.A.\",\"url\":\"https:\\\/\\\/stage3.rnv.gob.ve\\\/wp\\\/\",\"logo\":{\"@type\":\"ImageObject\",\"inLanguage\":\"es\",\"@id\":\"https:\\\/\\\/stage3.rnv.gob.ve\\\/wp\\\/#\\\/schema\\\/logo\\\/image\\\/\",\"url\":\"http:\\\/\\\/rnv.ddns.net\\\/prensa\\\/wp-content\\\/uploads\\\/2022\\\/04\\\/rnv-1-300x227-1.jpg\",\"contentUrl\":\"http:\\\/\\\/rnv.ddns.net\\\/prensa\\\/wp-content\\\/uploads\\\/2022\\\/04\\\/rnv-1-300x227-1.jpg\",\"width\":800,\"height\":455,\"caption\":\"Radio Nacional de Venezuela C.A.\"},\"image\":{\"@id\":\"https:\\\/\\\/stage3.rnv.gob.ve\\\/wp\\\/#\\\/schema\\\/logo\\\/image\\\/\"},\"sameAs\":[\"https:\\\/\\\/www.facebook.com\\\/RadioNacionaldeVenezuela\",\"https:\\\/\\\/x.com\\\/RNVinformativa\",\"https:\\\/\\\/www.instagram.com\\\/rnvinformativa\\\/\",\"https:\\\/\\\/www.youtube.com\\\/user\\\/RNVContigo\"]},{\"@type\":\"Person\",\"@id\":\"https:\\\/\\\/stage3.rnv.gob.ve\\\/wp\\\/#\\\/schema\\\/person\\\/0862ce8cde332e0bc63b8a243f0eea2c\",\"name\":\"administrador\",\"sameAs\":[\"http:\\\/\\\/arnoldoeloy.net\"],\"url\":\"https:\\\/\\\/stage3.rnv.gob.ve\\\/wp\\\/author\\\/administrador\\\/\"}]}<\/script>\n<!-- \/ Yoast SEO plugin. -->","yoast_head_json":{"title":"Mujeres ind\u00edgenas aseguraron sentirse protegidas \u00fanicamente en revoluci\u00f3n - DEV RNV","robots":{"index":"noindex","follow":"follow","max-snippet":"max-snippet:-1","max-image-preview":"max-image-preview:large","max-video-preview":"max-video-preview:-1"},"og_locale":"es_ES","og_type":"article","og_title":"Mujeres ind\u00edgenas aseguraron sentirse protegidas \u00fanicamente en revoluci\u00f3n - DEV RNV","og_description":"Este 5 de septiembre, a prop\u00f3sito del D\u00eda Internacional de la Mujer Ind\u00edgena, se celebr\u00f3 en Caracas el Encuentro de las Mujeres Ind\u00edgenas de la Patria, acto donde fue presentada una feria productiva y donde fueron entregadas tarjetas de Hogares de la Patria y reconocimientos especiales a artesanas ind\u00edgenas. Este evento que se realiz\u00f3 en [&hellip;]","og_url":"https:\/\/stage3.rnv.gob.ve\/wp\/mujeres-indigenas-aseguraron-sentirse-protegidas-unicamente-en-revolucion\/","og_site_name":"DEV RNV","article_publisher":"https:\/\/www.facebook.com\/RadioNacionaldeVenezuela","article_published_time":"2017-09-05T20:25:17+00:00","author":"administrador","twitter_card":"summary_large_image","twitter_creator":"@RNVinformativa","twitter_site":"@RNVinformativa","twitter_misc":{"Escrito por":"administrador","Tiempo estimado de lectura":"4 minutos"},"schema":{"@context":"https:\/\/schema.org","@graph":[{"@type":"Article","@id":"https:\/\/stage3.rnv.gob.ve\/wp\/mujeres-indigenas-aseguraron-sentirse-protegidas-unicamente-en-revolucion\/#article","isPartOf":{"@id":"https:\/\/stage3.rnv.gob.ve\/wp\/mujeres-indigenas-aseguraron-sentirse-protegidas-unicamente-en-revolucion\/"},"author":{"name":"administrador","@id":"https:\/\/stage3.rnv.gob.ve\/wp\/#\/schema\/person\/0862ce8cde332e0bc63b8a243f0eea2c"},"headline":"Mujeres ind\u00edgenas aseguraron sentirse protegidas \u00fanicamente en revoluci\u00f3n","datePublished":"2017-09-05T20:25:17+00:00","mainEntityOfPage":{"@id":"https:\/\/stage3.rnv.gob.ve\/wp\/mujeres-indigenas-aseguraron-sentirse-protegidas-unicamente-en-revolucion\/"},"wordCount":842,"publisher":{"@id":"https:\/\/stage3.rnv.gob.ve\/wp\/#organization"},"image":{"@id":"https:\/\/stage3.rnv.gob.ve\/wp\/mujeres-indigenas-aseguraron-sentirse-protegidas-unicamente-en-revolucion\/#primaryimage"},"thumbnailUrl":"","keywords":["minpi","mujeres indigenas","revolucion"],"articleSection":["Pueblos Originarios"],"inLanguage":"es"},{"@type":"WebPage","@id":"https:\/\/stage3.rnv.gob.ve\/wp\/mujeres-indigenas-aseguraron-sentirse-protegidas-unicamente-en-revolucion\/","url":"https:\/\/stage3.rnv.gob.ve\/wp\/mujeres-indigenas-aseguraron-sentirse-protegidas-unicamente-en-revolucion\/","name":"Mujeres ind\u00edgenas aseguraron sentirse protegidas \u00fanicamente en revoluci\u00f3n - DEV RNV","isPartOf":{"@id":"https:\/\/stage3.rnv.gob.ve\/wp\/#website"},"primaryImageOfPage":{"@id":"https:\/\/stage3.rnv.gob.ve\/wp\/mujeres-indigenas-aseguraron-sentirse-protegidas-unicamente-en-revolucion\/#primaryimage"},"image":{"@id":"https:\/\/stage3.rnv.gob.ve\/wp\/mujeres-indigenas-aseguraron-sentirse-protegidas-unicamente-en-revolucion\/#primaryimage"},"thumbnailUrl":"","datePublished":"2017-09-05T20:25:17+00:00","breadcrumb":{"@id":"https:\/\/stage3.rnv.gob.ve\/wp\/mujeres-indigenas-aseguraron-sentirse-protegidas-unicamente-en-revolucion\/#breadcrumb"},"inLanguage":"es","potentialAction":[{"@type":"ReadAction","target":["https:\/\/stage3.rnv.gob.ve\/wp\/mujeres-indigenas-aseguraron-sentirse-protegidas-unicamente-en-revolucion\/"]}]},{"@type":"ImageObject","inLanguage":"es","@id":"https:\/\/stage3.rnv.gob.ve\/wp\/mujeres-indigenas-aseguraron-sentirse-protegidas-unicamente-en-revolucion\/#primaryimage","url":"","contentUrl":""},{"@type":"BreadcrumbList","@id":"https:\/\/stage3.rnv.gob.ve\/wp\/mujeres-indigenas-aseguraron-sentirse-protegidas-unicamente-en-revolucion\/#breadcrumb","itemListElement":[{"@type":"ListItem","position":1,"name":"Portada","item":"https:\/\/stage3.rnv.gob.ve\/wp\/"},{"@type":"ListItem","position":2,"name":"Mujeres Ind\u00edgenas Aseguraron Sentirse Protegidas \u00danicamente En Revoluci\u00f3n"}]},{"@type":"WebSite","@id":"https:\/\/stage3.rnv.gob.ve\/wp\/#website","url":"https:\/\/stage3.rnv.gob.ve\/wp\/","name":"DEV RNV","description":"Radio Nacional de Venezuela C.A.","publisher":{"@id":"https:\/\/stage3.rnv.gob.ve\/wp\/#organization"},"potentialAction":[{"@type":"SearchAction","target":{"@type":"EntryPoint","urlTemplate":"https:\/\/stage3.rnv.gob.ve\/wp\/?s={search_term_string}"},"query-input":{"@type":"PropertyValueSpecification","valueRequired":true,"valueName":"search_term_string"}}],"inLanguage":"es"},{"@type":"Organization","@id":"https:\/\/stage3.rnv.gob.ve\/wp\/#organization","name":"Radio Nacional de Venezuela C.A.","url":"https:\/\/stage3.rnv.gob.ve\/wp\/","logo":{"@type":"ImageObject","inLanguage":"es","@id":"https:\/\/stage3.rnv.gob.ve\/wp\/#\/schema\/logo\/image\/","url":"http:\/\/rnv.ddns.net\/prensa\/wp-content\/uploads\/2022\/04\/rnv-1-300x227-1.jpg","contentUrl":"http:\/\/rnv.ddns.net\/prensa\/wp-content\/uploads\/2022\/04\/rnv-1-300x227-1.jpg","width":800,"height":455,"caption":"Radio Nacional de Venezuela C.A."},"image":{"@id":"https:\/\/stage3.rnv.gob.ve\/wp\/#\/schema\/logo\/image\/"},"sameAs":["https:\/\/www.facebook.com\/RadioNacionaldeVenezuela","https:\/\/x.com\/RNVinformativa","https:\/\/www.instagram.com\/rnvinformativa\/","https:\/\/www.youtube.com\/user\/RNVContigo"]},{"@type":"Person","@id":"https:\/\/stage3.rnv.gob.ve\/wp\/#\/schema\/person\/0862ce8cde332e0bc63b8a243f0eea2c","name":"administrador","sameAs":["http:\/\/arnoldoeloy.net"],"url":"https:\/\/stage3.rnv.gob.ve\/wp\/author\/administrador\/"}]}},"jetpack_featured_media_url":"","_links":{"self":[{"href":"https:\/\/stage3.rnv.gob.ve\/wp\/wp-json\/wp\/v2\/posts\/165637","targetHints":{"allow":["GET"]}}],"collection":[{"href":"https:\/\/stage3.rnv.gob.ve\/wp\/wp-json\/wp\/v2\/posts"}],"about":[{"href":"https:\/\/stage3.rnv.gob.ve\/wp\/wp-json\/wp\/v2\/types\/post"}],"author":[{"embeddable":true,"href":"https:\/\/stage3.rnv.gob.ve\/wp\/wp-json\/wp\/v2\/users\/1"}],"replies":[{"embeddable":true,"href":"https:\/\/stage3.rnv.gob.ve\/wp\/wp-json\/wp\/v2\/comments?post=165637"}],"version-history":[{"count":0,"href":"https:\/\/stage3.rnv.gob.ve\/wp\/wp-json\/wp\/v2\/posts\/165637\/revisions"}],"wp:featuredmedia":[{"embeddable":true,"href":"https:\/\/stage3.rnv.gob.ve\/wp\/wp-json\/"}],"wp:attachment":[{"href":"https:\/\/stage3.rnv.gob.ve\/wp\/wp-json\/wp\/v2\/media?parent=165637"}],"wp:term":[{"taxonomy":"category","embeddable":true,"href":"https:\/\/stage3.rnv.gob.ve\/wp\/wp-json\/wp\/v2\/categories?post=165637"},{"taxonomy":"post_tag","embeddable":true,"href":"https:\/\/stage3.rnv.gob.ve\/wp\/wp-json\/wp\/v2\/tags?post=165637"}],"curies":[{"name":"wp","href":"https:\/\/api.w.org\/{rel}","templated":true}]}}