{"id":161141,"date":"2017-08-20T10:52:23","date_gmt":"2017-08-20T15:22:23","guid":{"rendered":"https:\/\/stage3.rnv.gob.ve\/wp\/?p=161141"},"modified":"2017-08-20T10:52:23","modified_gmt":"2017-08-20T15:22:23","slug":"cnn-fox-news-bbc-mundo-y-the-new-york-times-en-campana-contra-venezuela","status":"publish","type":"post","link":"https:\/\/stage3.rnv.gob.ve\/wp\/cnn-fox-news-bbc-mundo-y-the-new-york-times-en-campana-contra-venezuela\/","title":{"rendered":"CNN, Fox News, BBC Mundo y The New York Times en campa\u00f1a contra Venezuela"},"content":{"rendered":"<figure id=\"attachment_161146\" aria-describedby=\"caption-attachment-161146\" style=\"width: 300px\" class=\"wp-caption alignleft\"><img fetchpriority=\"high\" decoding=\"async\" class=\"size-medium wp-image-161146\" src=\"https:\/\/stage3.rnv.gob.ve\/wp\/wp-content\/uploads\/2017\/08\/maduro-5-300x194.jpg\" alt=\"\" width=\"300\" height=\"194\" \/><figcaption id=\"caption-attachment-161146\" class=\"wp-caption-text\">Foto: @PresidencialVen<\/figcaption><\/figure>\n<p>El presidente de la Rep\u00fablica, Nicol\u00e1s Maduro, acus\u00f3 a las cadenas CNN, Fox News, BBC Mundo, y a los diarios The New York Times y The Washington Post, de articular la \u201ccampa\u00f1a inclemente y permanente contra la Revoluci\u00f3n Bolivariana, de desfiguraci\u00f3n total de nuestra realidad\u201d.<!--more--><\/p>\n<p>Estos medios, generadores informaci\u00f3n y opini\u00f3n de la hegemon\u00eda comunicacional mundial, con fuerte influencia en Estados Unidos, Europa, Am\u00e9rica Latina y el Caribe, se dedican a vender una imagen que no se corresponde con la realidad del pa\u00eds, asinti\u00f3.<\/p>\n<p>Durante una entrevista con el periodista Jos\u00e9 Vicente Rangel, desde el sal\u00f3n Sim\u00f3n Bol\u00edvar del Palacio de Miraflores, en Caracas, sede del Poder Ejecutivo, se refiri\u00f3 a la cobertura informativa de las agencias internacionales durante las guarimbas. \u201cEllos presentaban a quienes quemaban hospitales, atacaban bases militare y quemaban gente viva como los h\u00e9roes, los guerreros, presentaban el mundo al rev\u00e9s.\u201d<\/p>\n<p>El Jefe de Estado se pregunt\u00f3 qu\u00e9 pasar\u00eda en algunos de los pa\u00edses (Colombia, Argentina, Brasil, Per\u00fa, M\u00e9xico, Espa\u00f1a o Estados Unidos) que se sumaron a la campa\u00f1a medi\u00e1tica mundial emprendida por las transnacionales de la comunicaci\u00f3n si grupos de oposici\u00f3n pretendieran generar una peque\u00f1a parte del caos desatado aqu\u00ed.<\/p>\n<p>\u201c\u00bfT\u00fa te imaginas que en Colombia, Espa\u00f1a, M\u00e9xico, Estados Unidos, la oposici\u00f3n llame a atacar bases militares? \u00bfT\u00fa te imaginas que en estos pa\u00edses -Per\u00fa, Argentina, Brasil- la oposici\u00f3n llame a un alzamiento militar y llame a los militares a marchar contra el gobierno para asaltar el palacio presidencial? \u00bf T\u00fa te imaginas que en Alemania se queme a alguien por sus ideas pol\u00edticas? All\u00ed mismo rememorar\u00edan la \u00e9pocas de los nazis.\u201d<\/p>\n<p>&nbsp;<\/p>\n<p><strong>Escuche fragmentos de la entrevista al Presidente Nicol\u00e1s Maduro<\/strong><\/p>\n<audio class=\"wp-audio-shortcode\" id=\"audio-161141-1\" preload=\"none\" style=\"width: 100%;\" controls=\"controls\"><source type=\"audio\/mpeg\" src=\"https:\/\/stage3.rnv.gob.ve\/wp\/wp-content\/uploads\/2017\/08\/MADURO-CUMBRE-CAMPA\u00d1A.mp3?_=1\" \/><a href=\"https:\/\/stage3.rnv.gob.ve\/wp\/wp-content\/uploads\/2017\/08\/MADURO-CUMBRE-CAMPA\u00d1A.mp3\">https:\/\/stage3.rnv.gob.ve\/wp\/wp-content\/uploads\/2017\/08\/MADURO-CUMBRE-CAMPA\u00d1A.mp3<\/a><\/audio>\n<p><strong>T\/RNV WEB<\/strong><\/p>\n","protected":false},"excerpt":{"rendered":"<p>El presidente de la Rep\u00fablica, Nicol\u00e1s Maduro, acus\u00f3 a las cadenas CNN, Fox News, BBC Mundo, y a los diarios The New York Times y The Washington Post, de articular la \u201ccampa\u00f1a inclemente y permanente contra la Revoluci\u00f3n Bolivariana, de desfiguraci\u00f3n total de nuestra realidad\u201d.<\/p>\n","protected":false},"author":1,"featured_media":161146,"comment_status":"closed","ping_status":"open","sticky":false,"template":"","format":"standard","meta":{"_acf_changed":false,"footnotes":""},"categories":[65],"tags":[655,9614,6092,16732,1592,16733,104,16734],"class_list":["post-161141","post","type-post","status-publish","format-standard","has-post-thumbnail","hentry","category-nacional","tag-agresion","tag-campana-mediatica","tag-cnn","tag-fox-news","tag-nicolas-maduro","tag-the-new-york-times","tag-venezuela","tag-washington-post"],"acf":[],"yoast_head":"<!-- This site is optimized with the Yoast SEO plugin v27.4 - https:\/\/yoast.com\/product\/yoast-seo-wordpress\/ -->\n<title>CNN, Fox News, BBC Mundo y The New York Times en campa\u00f1a contra Venezuela - DEV RNV<\/title>\n<meta name=\"robots\" content=\"noindex, follow, max-snippet:-1, max-image-preview:large, max-video-preview:-1\" \/>\n<meta property=\"og:locale\" content=\"es_ES\" \/>\n<meta property=\"og:type\" content=\"article\" \/>\n<meta property=\"og:title\" content=\"CNN, Fox News, BBC Mundo y The New York Times en campa\u00f1a contra Venezuela - DEV RNV\" \/>\n<meta property=\"og:description\" content=\"El presidente de la Rep\u00fablica, Nicol\u00e1s Maduro, acus\u00f3 a las cadenas CNN, Fox News, BBC Mundo, y a los diarios The New York Times y The Washington Post, de articular la \u201ccampa\u00f1a inclemente y permanente contra la Revoluci\u00f3n Bolivariana, de desfiguraci\u00f3n total de nuestra realidad\u201d.\" \/>\n<meta property=\"og:url\" content=\"https:\/\/stage3.rnv.gob.ve\/wp\/cnn-fox-news-bbc-mundo-y-the-new-york-times-en-campana-contra-venezuela\/\" \/>\n<meta property=\"og:site_name\" content=\"DEV RNV\" \/>\n<meta property=\"article:publisher\" content=\"https:\/\/www.facebook.com\/RadioNacionaldeVenezuela\" \/>\n<meta property=\"article:published_time\" content=\"2017-08-20T15:22:23+00:00\" \/>\n<meta name=\"author\" content=\"administrador\" \/>\n<meta name=\"twitter:card\" content=\"summary_large_image\" \/>\n<meta name=\"twitter:creator\" content=\"@RNVinformativa\" \/>\n<meta name=\"twitter:site\" content=\"@RNVinformativa\" \/>\n<meta name=\"twitter:label1\" content=\"Escrito por\" \/>\n\t<meta name=\"twitter:data1\" content=\"administrador\" \/>\n\t<meta name=\"twitter:label2\" content=\"Tiempo estimado de lectura\" \/>\n\t<meta name=\"twitter:data2\" content=\"2 minutos\" \/>\n<script type=\"application\/ld+json\" class=\"yoast-schema-graph\">{\"@context\":\"https:\\\/\\\/schema.org\",\"@graph\":[{\"@type\":\"Article\",\"@id\":\"https:\\\/\\\/stage3.rnv.gob.ve\\\/wp\\\/cnn-fox-news-bbc-mundo-y-the-new-york-times-en-campana-contra-venezuela\\\/#article\",\"isPartOf\":{\"@id\":\"https:\\\/\\\/stage3.rnv.gob.ve\\\/wp\\\/cnn-fox-news-bbc-mundo-y-the-new-york-times-en-campana-contra-venezuela\\\/\"},\"author\":{\"name\":\"administrador\",\"@id\":\"https:\\\/\\\/stage3.rnv.gob.ve\\\/wp\\\/#\\\/schema\\\/person\\\/0862ce8cde332e0bc63b8a243f0eea2c\"},\"headline\":\"CNN, Fox News, BBC Mundo y The New York Times en campa\u00f1a contra Venezuela\",\"datePublished\":\"2017-08-20T15:22:23+00:00\",\"mainEntityOfPage\":{\"@id\":\"https:\\\/\\\/stage3.rnv.gob.ve\\\/wp\\\/cnn-fox-news-bbc-mundo-y-the-new-york-times-en-campana-contra-venezuela\\\/\"},\"wordCount\":348,\"publisher\":{\"@id\":\"https:\\\/\\\/stage3.rnv.gob.ve\\\/wp\\\/#organization\"},\"image\":{\"@id\":\"https:\\\/\\\/stage3.rnv.gob.ve\\\/wp\\\/cnn-fox-news-bbc-mundo-y-the-new-york-times-en-campana-contra-venezuela\\\/#primaryimage\"},\"thumbnailUrl\":\"\",\"keywords\":[\"agresion\",\"campa\u00f1a medi\u00e1tica\",\"cnn\",\"fox news\",\"Nicol\u00e1s Maduro\",\"the new york times\",\"Venezuela\",\"washington post\"],\"articleSection\":[\"Nacional\"],\"inLanguage\":\"es\"},{\"@type\":\"WebPage\",\"@id\":\"https:\\\/\\\/stage3.rnv.gob.ve\\\/wp\\\/cnn-fox-news-bbc-mundo-y-the-new-york-times-en-campana-contra-venezuela\\\/\",\"url\":\"https:\\\/\\\/stage3.rnv.gob.ve\\\/wp\\\/cnn-fox-news-bbc-mundo-y-the-new-york-times-en-campana-contra-venezuela\\\/\",\"name\":\"CNN, Fox News, BBC Mundo y The New York Times en campa\u00f1a contra Venezuela - DEV RNV\",\"isPartOf\":{\"@id\":\"https:\\\/\\\/stage3.rnv.gob.ve\\\/wp\\\/#website\"},\"primaryImageOfPage\":{\"@id\":\"https:\\\/\\\/stage3.rnv.gob.ve\\\/wp\\\/cnn-fox-news-bbc-mundo-y-the-new-york-times-en-campana-contra-venezuela\\\/#primaryimage\"},\"image\":{\"@id\":\"https:\\\/\\\/stage3.rnv.gob.ve\\\/wp\\\/cnn-fox-news-bbc-mundo-y-the-new-york-times-en-campana-contra-venezuela\\\/#primaryimage\"},\"thumbnailUrl\":\"\",\"datePublished\":\"2017-08-20T15:22:23+00:00\",\"breadcrumb\":{\"@id\":\"https:\\\/\\\/stage3.rnv.gob.ve\\\/wp\\\/cnn-fox-news-bbc-mundo-y-the-new-york-times-en-campana-contra-venezuela\\\/#breadcrumb\"},\"inLanguage\":\"es\",\"potentialAction\":[{\"@type\":\"ReadAction\",\"target\":[\"https:\\\/\\\/stage3.rnv.gob.ve\\\/wp\\\/cnn-fox-news-bbc-mundo-y-the-new-york-times-en-campana-contra-venezuela\\\/\"]}]},{\"@type\":\"ImageObject\",\"inLanguage\":\"es\",\"@id\":\"https:\\\/\\\/stage3.rnv.gob.ve\\\/wp\\\/cnn-fox-news-bbc-mundo-y-the-new-york-times-en-campana-contra-venezuela\\\/#primaryimage\",\"url\":\"\",\"contentUrl\":\"\"},{\"@type\":\"BreadcrumbList\",\"@id\":\"https:\\\/\\\/stage3.rnv.gob.ve\\\/wp\\\/cnn-fox-news-bbc-mundo-y-the-new-york-times-en-campana-contra-venezuela\\\/#breadcrumb\",\"itemListElement\":[{\"@type\":\"ListItem\",\"position\":1,\"name\":\"Portada\",\"item\":\"https:\\\/\\\/stage3.rnv.gob.ve\\\/wp\\\/\"},{\"@type\":\"ListItem\",\"position\":2,\"name\":\"Cnn, Fox News, Bbc Mundo Y The New York Times En Campa\u00f1a Contra Venezuela\"}]},{\"@type\":\"WebSite\",\"@id\":\"https:\\\/\\\/stage3.rnv.gob.ve\\\/wp\\\/#website\",\"url\":\"https:\\\/\\\/stage3.rnv.gob.ve\\\/wp\\\/\",\"name\":\"DEV RNV\",\"description\":\"Radio Nacional de Venezuela C.A.\",\"publisher\":{\"@id\":\"https:\\\/\\\/stage3.rnv.gob.ve\\\/wp\\\/#organization\"},\"potentialAction\":[{\"@type\":\"SearchAction\",\"target\":{\"@type\":\"EntryPoint\",\"urlTemplate\":\"https:\\\/\\\/stage3.rnv.gob.ve\\\/wp\\\/?s={search_term_string}\"},\"query-input\":{\"@type\":\"PropertyValueSpecification\",\"valueRequired\":true,\"valueName\":\"search_term_string\"}}],\"inLanguage\":\"es\"},{\"@type\":\"Organization\",\"@id\":\"https:\\\/\\\/stage3.rnv.gob.ve\\\/wp\\\/#organization\",\"name\":\"Radio Nacional de Venezuela C.A.\",\"url\":\"https:\\\/\\\/stage3.rnv.gob.ve\\\/wp\\\/\",\"logo\":{\"@type\":\"ImageObject\",\"inLanguage\":\"es\",\"@id\":\"https:\\\/\\\/stage3.rnv.gob.ve\\\/wp\\\/#\\\/schema\\\/logo\\\/image\\\/\",\"url\":\"http:\\\/\\\/rnv.ddns.net\\\/prensa\\\/wp-content\\\/uploads\\\/2022\\\/04\\\/rnv-1-300x227-1.jpg\",\"contentUrl\":\"http:\\\/\\\/rnv.ddns.net\\\/prensa\\\/wp-content\\\/uploads\\\/2022\\\/04\\\/rnv-1-300x227-1.jpg\",\"width\":800,\"height\":455,\"caption\":\"Radio Nacional de Venezuela C.A.\"},\"image\":{\"@id\":\"https:\\\/\\\/stage3.rnv.gob.ve\\\/wp\\\/#\\\/schema\\\/logo\\\/image\\\/\"},\"sameAs\":[\"https:\\\/\\\/www.facebook.com\\\/RadioNacionaldeVenezuela\",\"https:\\\/\\\/x.com\\\/RNVinformativa\",\"https:\\\/\\\/www.instagram.com\\\/rnvinformativa\\\/\",\"https:\\\/\\\/www.youtube.com\\\/user\\\/RNVContigo\"]},{\"@type\":\"Person\",\"@id\":\"https:\\\/\\\/stage3.rnv.gob.ve\\\/wp\\\/#\\\/schema\\\/person\\\/0862ce8cde332e0bc63b8a243f0eea2c\",\"name\":\"administrador\",\"sameAs\":[\"http:\\\/\\\/arnoldoeloy.net\"],\"url\":\"https:\\\/\\\/stage3.rnv.gob.ve\\\/wp\\\/author\\\/administrador\\\/\"}]}<\/script>\n<!-- \/ Yoast SEO plugin. -->","yoast_head_json":{"title":"CNN, Fox News, BBC Mundo y The New York Times en campa\u00f1a contra Venezuela - DEV RNV","robots":{"index":"noindex","follow":"follow","max-snippet":"max-snippet:-1","max-image-preview":"max-image-preview:large","max-video-preview":"max-video-preview:-1"},"og_locale":"es_ES","og_type":"article","og_title":"CNN, Fox News, BBC Mundo y The New York Times en campa\u00f1a contra Venezuela - DEV RNV","og_description":"El presidente de la Rep\u00fablica, Nicol\u00e1s Maduro, acus\u00f3 a las cadenas CNN, Fox News, BBC Mundo, y a los diarios The New York Times y The Washington Post, de articular la \u201ccampa\u00f1a inclemente y permanente contra la Revoluci\u00f3n Bolivariana, de desfiguraci\u00f3n total de nuestra realidad\u201d.","og_url":"https:\/\/stage3.rnv.gob.ve\/wp\/cnn-fox-news-bbc-mundo-y-the-new-york-times-en-campana-contra-venezuela\/","og_site_name":"DEV RNV","article_publisher":"https:\/\/www.facebook.com\/RadioNacionaldeVenezuela","article_published_time":"2017-08-20T15:22:23+00:00","author":"administrador","twitter_card":"summary_large_image","twitter_creator":"@RNVinformativa","twitter_site":"@RNVinformativa","twitter_misc":{"Escrito por":"administrador","Tiempo estimado de lectura":"2 minutos"},"schema":{"@context":"https:\/\/schema.org","@graph":[{"@type":"Article","@id":"https:\/\/stage3.rnv.gob.ve\/wp\/cnn-fox-news-bbc-mundo-y-the-new-york-times-en-campana-contra-venezuela\/#article","isPartOf":{"@id":"https:\/\/stage3.rnv.gob.ve\/wp\/cnn-fox-news-bbc-mundo-y-the-new-york-times-en-campana-contra-venezuela\/"},"author":{"name":"administrador","@id":"https:\/\/stage3.rnv.gob.ve\/wp\/#\/schema\/person\/0862ce8cde332e0bc63b8a243f0eea2c"},"headline":"CNN, Fox News, BBC Mundo y The New York Times en campa\u00f1a contra Venezuela","datePublished":"2017-08-20T15:22:23+00:00","mainEntityOfPage":{"@id":"https:\/\/stage3.rnv.gob.ve\/wp\/cnn-fox-news-bbc-mundo-y-the-new-york-times-en-campana-contra-venezuela\/"},"wordCount":348,"publisher":{"@id":"https:\/\/stage3.rnv.gob.ve\/wp\/#organization"},"image":{"@id":"https:\/\/stage3.rnv.gob.ve\/wp\/cnn-fox-news-bbc-mundo-y-the-new-york-times-en-campana-contra-venezuela\/#primaryimage"},"thumbnailUrl":"","keywords":["agresion","campa\u00f1a medi\u00e1tica","cnn","fox news","Nicol\u00e1s Maduro","the new york times","Venezuela","washington post"],"articleSection":["Nacional"],"inLanguage":"es"},{"@type":"WebPage","@id":"https:\/\/stage3.rnv.gob.ve\/wp\/cnn-fox-news-bbc-mundo-y-the-new-york-times-en-campana-contra-venezuela\/","url":"https:\/\/stage3.rnv.gob.ve\/wp\/cnn-fox-news-bbc-mundo-y-the-new-york-times-en-campana-contra-venezuela\/","name":"CNN, Fox News, BBC Mundo y The New York Times en campa\u00f1a contra Venezuela - DEV RNV","isPartOf":{"@id":"https:\/\/stage3.rnv.gob.ve\/wp\/#website"},"primaryImageOfPage":{"@id":"https:\/\/stage3.rnv.gob.ve\/wp\/cnn-fox-news-bbc-mundo-y-the-new-york-times-en-campana-contra-venezuela\/#primaryimage"},"image":{"@id":"https:\/\/stage3.rnv.gob.ve\/wp\/cnn-fox-news-bbc-mundo-y-the-new-york-times-en-campana-contra-venezuela\/#primaryimage"},"thumbnailUrl":"","datePublished":"2017-08-20T15:22:23+00:00","breadcrumb":{"@id":"https:\/\/stage3.rnv.gob.ve\/wp\/cnn-fox-news-bbc-mundo-y-the-new-york-times-en-campana-contra-venezuela\/#breadcrumb"},"inLanguage":"es","potentialAction":[{"@type":"ReadAction","target":["https:\/\/stage3.rnv.gob.ve\/wp\/cnn-fox-news-bbc-mundo-y-the-new-york-times-en-campana-contra-venezuela\/"]}]},{"@type":"ImageObject","inLanguage":"es","@id":"https:\/\/stage3.rnv.gob.ve\/wp\/cnn-fox-news-bbc-mundo-y-the-new-york-times-en-campana-contra-venezuela\/#primaryimage","url":"","contentUrl":""},{"@type":"BreadcrumbList","@id":"https:\/\/stage3.rnv.gob.ve\/wp\/cnn-fox-news-bbc-mundo-y-the-new-york-times-en-campana-contra-venezuela\/#breadcrumb","itemListElement":[{"@type":"ListItem","position":1,"name":"Portada","item":"https:\/\/stage3.rnv.gob.ve\/wp\/"},{"@type":"ListItem","position":2,"name":"Cnn, Fox News, Bbc Mundo Y The New York Times En Campa\u00f1a Contra Venezuela"}]},{"@type":"WebSite","@id":"https:\/\/stage3.rnv.gob.ve\/wp\/#website","url":"https:\/\/stage3.rnv.gob.ve\/wp\/","name":"DEV RNV","description":"Radio Nacional de Venezuela C.A.","publisher":{"@id":"https:\/\/stage3.rnv.gob.ve\/wp\/#organization"},"potentialAction":[{"@type":"SearchAction","target":{"@type":"EntryPoint","urlTemplate":"https:\/\/stage3.rnv.gob.ve\/wp\/?s={search_term_string}"},"query-input":{"@type":"PropertyValueSpecification","valueRequired":true,"valueName":"search_term_string"}}],"inLanguage":"es"},{"@type":"Organization","@id":"https:\/\/stage3.rnv.gob.ve\/wp\/#organization","name":"Radio Nacional de Venezuela C.A.","url":"https:\/\/stage3.rnv.gob.ve\/wp\/","logo":{"@type":"ImageObject","inLanguage":"es","@id":"https:\/\/stage3.rnv.gob.ve\/wp\/#\/schema\/logo\/image\/","url":"http:\/\/rnv.ddns.net\/prensa\/wp-content\/uploads\/2022\/04\/rnv-1-300x227-1.jpg","contentUrl":"http:\/\/rnv.ddns.net\/prensa\/wp-content\/uploads\/2022\/04\/rnv-1-300x227-1.jpg","width":800,"height":455,"caption":"Radio Nacional de Venezuela C.A."},"image":{"@id":"https:\/\/stage3.rnv.gob.ve\/wp\/#\/schema\/logo\/image\/"},"sameAs":["https:\/\/www.facebook.com\/RadioNacionaldeVenezuela","https:\/\/x.com\/RNVinformativa","https:\/\/www.instagram.com\/rnvinformativa\/","https:\/\/www.youtube.com\/user\/RNVContigo"]},{"@type":"Person","@id":"https:\/\/stage3.rnv.gob.ve\/wp\/#\/schema\/person\/0862ce8cde332e0bc63b8a243f0eea2c","name":"administrador","sameAs":["http:\/\/arnoldoeloy.net"],"url":"https:\/\/stage3.rnv.gob.ve\/wp\/author\/administrador\/"}]}},"jetpack_featured_media_url":"","_links":{"self":[{"href":"https:\/\/stage3.rnv.gob.ve\/wp\/wp-json\/wp\/v2\/posts\/161141","targetHints":{"allow":["GET"]}}],"collection":[{"href":"https:\/\/stage3.rnv.gob.ve\/wp\/wp-json\/wp\/v2\/posts"}],"about":[{"href":"https:\/\/stage3.rnv.gob.ve\/wp\/wp-json\/wp\/v2\/types\/post"}],"author":[{"embeddable":true,"href":"https:\/\/stage3.rnv.gob.ve\/wp\/wp-json\/wp\/v2\/users\/1"}],"replies":[{"embeddable":true,"href":"https:\/\/stage3.rnv.gob.ve\/wp\/wp-json\/wp\/v2\/comments?post=161141"}],"version-history":[{"count":0,"href":"https:\/\/stage3.rnv.gob.ve\/wp\/wp-json\/wp\/v2\/posts\/161141\/revisions"}],"wp:featuredmedia":[{"embeddable":true,"href":"https:\/\/stage3.rnv.gob.ve\/wp\/wp-json\/"}],"wp:attachment":[{"href":"https:\/\/stage3.rnv.gob.ve\/wp\/wp-json\/wp\/v2\/media?parent=161141"}],"wp:term":[{"taxonomy":"category","embeddable":true,"href":"https:\/\/stage3.rnv.gob.ve\/wp\/wp-json\/wp\/v2\/categories?post=161141"},{"taxonomy":"post_tag","embeddable":true,"href":"https:\/\/stage3.rnv.gob.ve\/wp\/wp-json\/wp\/v2\/tags?post=161141"}],"curies":[{"name":"wp","href":"https:\/\/api.w.org\/{rel}","templated":true}]}}