{"id":155513,"date":"2017-07-08T20:37:11","date_gmt":"2017-07-09T01:07:11","guid":{"rendered":"http:\/\/wpeditor.rnv.gob.ve\/?p=155513"},"modified":"2017-07-08T20:37:11","modified_gmt":"2017-07-09T01:07:11","slug":"victimas-de-la-violencia-dieron-leccion-historica-al-acatar-decision-del-tsj","status":"publish","type":"post","link":"https:\/\/stage3.rnv.gob.ve\/wp\/victimas-de-la-violencia-dieron-leccion-historica-al-acatar-decision-del-tsj\/","title":{"rendered":"V\u00edctimas de la violencia dieron lecci\u00f3n hist\u00f3rica al acatar decisi\u00f3n del TSJ"},"content":{"rendered":"<p><img decoding=\"async\" class=\"size-medium wp-image-155514 alignleft\" src=\"http:\/\/wpeditor.rnv.gob.ve\/app\/uploads\/2017\/07\/83c2d5db2b930eb5dba29fa6a29d5fcd-300x144.jpg\" alt=\"\" width=\"300\" height=\"144\" \/>La presidenta de la Comisi\u00f3n para la Justicia, la Verdad, la reparaci\u00f3n de las v\u00edctimas y la Paz, Delcy Rodr\u00edguez,\u00a0resalt\u00f3 este s\u00e1bado\u00a0que los miembros del comit\u00e9 de v\u00edctimas de la guarimba\u00a0han dado una lecci\u00f3n hist\u00f3rica al acatar la decisi\u00f3n del Tribunal Supremo de Justicia (TSJ) que le otorg\u00f3 medida sustitutiva de casa por c\u00e1rcel a Leopoldo L\u00f3pez, quien cumple una condena de casi 14 a\u00f1os por delitos de instigaci\u00f3n p\u00fablica, da\u00f1os a la propiedad, incendio y asociaci\u00f3n para delinquir, cometidos durante el plan violento llamado \u00abLa Salida\u00bb.<\/p>\n<p>\u00abQueremos saludar la lecci\u00f3n hist\u00f3rica que dieron hoy las v\u00edctimas de la violencia con fines pol\u00edticos. Queremos saludar que, superando incluso su dolor particular, dieron un paso al frente y le han dicho al pa\u00eds: &#8216;podr\u00edamos no estar o compartir de acuerdo con esta decisi\u00f3n, que como ustedes bien saben conoci\u00f3 tambi\u00e9n el pueblo de Venezuela y la comunidad internacional, pero si esto abre la puerta a la paz y el di\u00e1logo en Venezuela, le damos la bienvenida'\u00bb, expres\u00f3 Rodr\u00edguez en declaraciones transmitidas pro VTV.<\/p>\n<p>En ese sentido, se\u00f1al\u00f3 que la Asamblea Nacional Constituyente\u00a0tiene como uno de sus objetivos la transformaci\u00f3n del sistema de justicia para frenar la impunidad y preservar la paz.<\/p>\n<p>\u00abLa ANC permitir\u00e1 subsanar y reforzar el estado de derecho, atender y modificar el sistema penal, atender todo lo tiene que ver con el debido proceso, y el eje de todo el sistema penal concentrado en las v\u00edctimas\u00bb, destac\u00f3.<\/p>\n<p>Finalmente,\u00a0agradeci\u00f3 al jefe de Estado por la propuesta\u00a0para presidir la Comisi\u00f3n de la Verdad en el proceso constituyente, luego de elegir los representantes de esta instancia el pr\u00f3ximo 30 de julio.<\/p>\n<p><strong>Escuche a la presidenta de la Comisi\u00f3n de la Verdad, Delcy Rodr\u00edguez:<\/strong><\/p>\n<audio class=\"wp-audio-shortcode\" id=\"audio-155513-1\" preload=\"none\" style=\"width: 100%;\" controls=\"controls\"><source type=\"audio\/mpeg\" src=\"http:\/\/wpeditor.rnv.gob.ve\/app\/uploads\/2017\/07\/DELCY-R.mp3?_=1\" \/><a href=\"http:\/\/wpeditor.rnv.gob.ve\/app\/uploads\/2017\/07\/DELCY-R.mp3\">http:\/\/wpeditor.rnv.gob.ve\/app\/uploads\/2017\/07\/DELCY-R.mp3<\/a><\/audio>\n<p><strong>T\/RNV Web\/CP<\/strong><\/p>\n","protected":false},"excerpt":{"rendered":"<p>La presidenta de la Comisi\u00f3n para la Justicia, la Verdad, la reparaci\u00f3n de las v\u00edctimas y la Paz, Delcy Rodr\u00edguez,\u00a0resalt\u00f3 este s\u00e1bado\u00a0que los miembros del comit\u00e9 de v\u00edctimas de la guarimba\u00a0han dado una lecci\u00f3n hist\u00f3rica al acatar la decisi\u00f3n del Tribunal Supremo de Justicia (TSJ) que le otorg\u00f3 medida sustitutiva de casa por c\u00e1rcel a [&hellip;]<\/p>\n","protected":false},"author":1,"featured_media":155514,"comment_status":"closed","ping_status":"open","sticky":false,"template":"","format":"standard","meta":{"_acf_changed":false,"footnotes":""},"categories":[65],"tags":[16180,16181,229],"class_list":["post-155513","post","type-post","status-publish","format-standard","has-post-thumbnail","hentry","category-nacional","tag-comision-de-la-verdad-y-la-justicia","tag-comite-de-victimas-de-la-violencia","tag-delcy-rodriguez"],"acf":[],"yoast_head":"<!-- This site is optimized with the Yoast SEO plugin v27.4 - https:\/\/yoast.com\/product\/yoast-seo-wordpress\/ -->\n<title>V\u00edctimas de la violencia dieron lecci\u00f3n hist\u00f3rica al acatar decisi\u00f3n del TSJ - DEV RNV<\/title>\n<meta name=\"robots\" content=\"noindex, follow, max-snippet:-1, max-image-preview:large, max-video-preview:-1\" \/>\n<meta property=\"og:locale\" content=\"es_ES\" \/>\n<meta property=\"og:type\" content=\"article\" \/>\n<meta property=\"og:title\" content=\"V\u00edctimas de la violencia dieron lecci\u00f3n hist\u00f3rica al acatar decisi\u00f3n del TSJ - DEV RNV\" \/>\n<meta property=\"og:description\" content=\"La presidenta de la Comisi\u00f3n para la Justicia, la Verdad, la reparaci\u00f3n de las v\u00edctimas y la Paz, Delcy Rodr\u00edguez,\u00a0resalt\u00f3 este s\u00e1bado\u00a0que los miembros del comit\u00e9 de v\u00edctimas de la guarimba\u00a0han dado una lecci\u00f3n hist\u00f3rica al acatar la decisi\u00f3n del Tribunal Supremo de Justicia (TSJ) que le otorg\u00f3 medida sustitutiva de casa por c\u00e1rcel a [&hellip;]\" \/>\n<meta property=\"og:url\" content=\"https:\/\/stage3.rnv.gob.ve\/wp\/victimas-de-la-violencia-dieron-leccion-historica-al-acatar-decision-del-tsj\/\" \/>\n<meta property=\"og:site_name\" content=\"DEV RNV\" \/>\n<meta property=\"article:publisher\" content=\"https:\/\/www.facebook.com\/RadioNacionaldeVenezuela\" \/>\n<meta property=\"article:published_time\" content=\"2017-07-09T01:07:11+00:00\" \/>\n<meta name=\"author\" content=\"administrador\" \/>\n<meta name=\"twitter:card\" content=\"summary_large_image\" \/>\n<meta name=\"twitter:creator\" content=\"@RNVinformativa\" \/>\n<meta name=\"twitter:site\" content=\"@RNVinformativa\" \/>\n<meta name=\"twitter:label1\" content=\"Escrito por\" \/>\n\t<meta name=\"twitter:data1\" content=\"administrador\" \/>\n\t<meta name=\"twitter:label2\" content=\"Tiempo estimado de lectura\" \/>\n\t<meta name=\"twitter:data2\" content=\"2 minutos\" \/>\n<script type=\"application\/ld+json\" class=\"yoast-schema-graph\">{\"@context\":\"https:\\\/\\\/schema.org\",\"@graph\":[{\"@type\":\"Article\",\"@id\":\"https:\\\/\\\/stage3.rnv.gob.ve\\\/wp\\\/victimas-de-la-violencia-dieron-leccion-historica-al-acatar-decision-del-tsj\\\/#article\",\"isPartOf\":{\"@id\":\"https:\\\/\\\/stage3.rnv.gob.ve\\\/wp\\\/victimas-de-la-violencia-dieron-leccion-historica-al-acatar-decision-del-tsj\\\/\"},\"author\":{\"name\":\"administrador\",\"@id\":\"https:\\\/\\\/stage3.rnv.gob.ve\\\/wp\\\/#\\\/schema\\\/person\\\/0862ce8cde332e0bc63b8a243f0eea2c\"},\"headline\":\"V\u00edctimas de la violencia dieron lecci\u00f3n hist\u00f3rica al acatar decisi\u00f3n del TSJ\",\"datePublished\":\"2017-07-09T01:07:11+00:00\",\"mainEntityOfPage\":{\"@id\":\"https:\\\/\\\/stage3.rnv.gob.ve\\\/wp\\\/victimas-de-la-violencia-dieron-leccion-historica-al-acatar-decision-del-tsj\\\/\"},\"wordCount\":351,\"publisher\":{\"@id\":\"https:\\\/\\\/stage3.rnv.gob.ve\\\/wp\\\/#organization\"},\"image\":{\"@id\":\"https:\\\/\\\/stage3.rnv.gob.ve\\\/wp\\\/victimas-de-la-violencia-dieron-leccion-historica-al-acatar-decision-del-tsj\\\/#primaryimage\"},\"thumbnailUrl\":\"\",\"keywords\":[\"comision de la verdad y la justicia\",\"comit\u00e9 de v\u00edctimas de la violencia\",\"delcy rodriguez\"],\"articleSection\":[\"Nacional\"],\"inLanguage\":\"es\"},{\"@type\":\"WebPage\",\"@id\":\"https:\\\/\\\/stage3.rnv.gob.ve\\\/wp\\\/victimas-de-la-violencia-dieron-leccion-historica-al-acatar-decision-del-tsj\\\/\",\"url\":\"https:\\\/\\\/stage3.rnv.gob.ve\\\/wp\\\/victimas-de-la-violencia-dieron-leccion-historica-al-acatar-decision-del-tsj\\\/\",\"name\":\"V\u00edctimas de la violencia dieron lecci\u00f3n hist\u00f3rica al acatar decisi\u00f3n del TSJ - DEV RNV\",\"isPartOf\":{\"@id\":\"https:\\\/\\\/stage3.rnv.gob.ve\\\/wp\\\/#website\"},\"primaryImageOfPage\":{\"@id\":\"https:\\\/\\\/stage3.rnv.gob.ve\\\/wp\\\/victimas-de-la-violencia-dieron-leccion-historica-al-acatar-decision-del-tsj\\\/#primaryimage\"},\"image\":{\"@id\":\"https:\\\/\\\/stage3.rnv.gob.ve\\\/wp\\\/victimas-de-la-violencia-dieron-leccion-historica-al-acatar-decision-del-tsj\\\/#primaryimage\"},\"thumbnailUrl\":\"\",\"datePublished\":\"2017-07-09T01:07:11+00:00\",\"breadcrumb\":{\"@id\":\"https:\\\/\\\/stage3.rnv.gob.ve\\\/wp\\\/victimas-de-la-violencia-dieron-leccion-historica-al-acatar-decision-del-tsj\\\/#breadcrumb\"},\"inLanguage\":\"es\",\"potentialAction\":[{\"@type\":\"ReadAction\",\"target\":[\"https:\\\/\\\/stage3.rnv.gob.ve\\\/wp\\\/victimas-de-la-violencia-dieron-leccion-historica-al-acatar-decision-del-tsj\\\/\"]}]},{\"@type\":\"ImageObject\",\"inLanguage\":\"es\",\"@id\":\"https:\\\/\\\/stage3.rnv.gob.ve\\\/wp\\\/victimas-de-la-violencia-dieron-leccion-historica-al-acatar-decision-del-tsj\\\/#primaryimage\",\"url\":\"\",\"contentUrl\":\"\"},{\"@type\":\"BreadcrumbList\",\"@id\":\"https:\\\/\\\/stage3.rnv.gob.ve\\\/wp\\\/victimas-de-la-violencia-dieron-leccion-historica-al-acatar-decision-del-tsj\\\/#breadcrumb\",\"itemListElement\":[{\"@type\":\"ListItem\",\"position\":1,\"name\":\"Portada\",\"item\":\"https:\\\/\\\/stage3.rnv.gob.ve\\\/wp\\\/\"},{\"@type\":\"ListItem\",\"position\":2,\"name\":\"V\u00edctimas De La Violencia Dieron Lecci\u00f3n Hist\u00f3rica Al Acatar Decisi\u00f3n Del Tsj\"}]},{\"@type\":\"WebSite\",\"@id\":\"https:\\\/\\\/stage3.rnv.gob.ve\\\/wp\\\/#website\",\"url\":\"https:\\\/\\\/stage3.rnv.gob.ve\\\/wp\\\/\",\"name\":\"DEV RNV\",\"description\":\"Radio Nacional de Venezuela C.A.\",\"publisher\":{\"@id\":\"https:\\\/\\\/stage3.rnv.gob.ve\\\/wp\\\/#organization\"},\"potentialAction\":[{\"@type\":\"SearchAction\",\"target\":{\"@type\":\"EntryPoint\",\"urlTemplate\":\"https:\\\/\\\/stage3.rnv.gob.ve\\\/wp\\\/?s={search_term_string}\"},\"query-input\":{\"@type\":\"PropertyValueSpecification\",\"valueRequired\":true,\"valueName\":\"search_term_string\"}}],\"inLanguage\":\"es\"},{\"@type\":\"Organization\",\"@id\":\"https:\\\/\\\/stage3.rnv.gob.ve\\\/wp\\\/#organization\",\"name\":\"Radio Nacional de Venezuela C.A.\",\"url\":\"https:\\\/\\\/stage3.rnv.gob.ve\\\/wp\\\/\",\"logo\":{\"@type\":\"ImageObject\",\"inLanguage\":\"es\",\"@id\":\"https:\\\/\\\/stage3.rnv.gob.ve\\\/wp\\\/#\\\/schema\\\/logo\\\/image\\\/\",\"url\":\"http:\\\/\\\/rnv.ddns.net\\\/prensa\\\/wp-content\\\/uploads\\\/2022\\\/04\\\/rnv-1-300x227-1.jpg\",\"contentUrl\":\"http:\\\/\\\/rnv.ddns.net\\\/prensa\\\/wp-content\\\/uploads\\\/2022\\\/04\\\/rnv-1-300x227-1.jpg\",\"width\":800,\"height\":455,\"caption\":\"Radio Nacional de Venezuela C.A.\"},\"image\":{\"@id\":\"https:\\\/\\\/stage3.rnv.gob.ve\\\/wp\\\/#\\\/schema\\\/logo\\\/image\\\/\"},\"sameAs\":[\"https:\\\/\\\/www.facebook.com\\\/RadioNacionaldeVenezuela\",\"https:\\\/\\\/x.com\\\/RNVinformativa\",\"https:\\\/\\\/www.instagram.com\\\/rnvinformativa\\\/\",\"https:\\\/\\\/www.youtube.com\\\/user\\\/RNVContigo\"]},{\"@type\":\"Person\",\"@id\":\"https:\\\/\\\/stage3.rnv.gob.ve\\\/wp\\\/#\\\/schema\\\/person\\\/0862ce8cde332e0bc63b8a243f0eea2c\",\"name\":\"administrador\",\"sameAs\":[\"http:\\\/\\\/arnoldoeloy.net\"],\"url\":\"https:\\\/\\\/stage3.rnv.gob.ve\\\/wp\\\/author\\\/administrador\\\/\"}]}<\/script>\n<!-- \/ Yoast SEO plugin. -->","yoast_head_json":{"title":"V\u00edctimas de la violencia dieron lecci\u00f3n hist\u00f3rica al acatar decisi\u00f3n del TSJ - DEV RNV","robots":{"index":"noindex","follow":"follow","max-snippet":"max-snippet:-1","max-image-preview":"max-image-preview:large","max-video-preview":"max-video-preview:-1"},"og_locale":"es_ES","og_type":"article","og_title":"V\u00edctimas de la violencia dieron lecci\u00f3n hist\u00f3rica al acatar decisi\u00f3n del TSJ - DEV RNV","og_description":"La presidenta de la Comisi\u00f3n para la Justicia, la Verdad, la reparaci\u00f3n de las v\u00edctimas y la Paz, Delcy Rodr\u00edguez,\u00a0resalt\u00f3 este s\u00e1bado\u00a0que los miembros del comit\u00e9 de v\u00edctimas de la guarimba\u00a0han dado una lecci\u00f3n hist\u00f3rica al acatar la decisi\u00f3n del Tribunal Supremo de Justicia (TSJ) que le otorg\u00f3 medida sustitutiva de casa por c\u00e1rcel a [&hellip;]","og_url":"https:\/\/stage3.rnv.gob.ve\/wp\/victimas-de-la-violencia-dieron-leccion-historica-al-acatar-decision-del-tsj\/","og_site_name":"DEV RNV","article_publisher":"https:\/\/www.facebook.com\/RadioNacionaldeVenezuela","article_published_time":"2017-07-09T01:07:11+00:00","author":"administrador","twitter_card":"summary_large_image","twitter_creator":"@RNVinformativa","twitter_site":"@RNVinformativa","twitter_misc":{"Escrito por":"administrador","Tiempo estimado de lectura":"2 minutos"},"schema":{"@context":"https:\/\/schema.org","@graph":[{"@type":"Article","@id":"https:\/\/stage3.rnv.gob.ve\/wp\/victimas-de-la-violencia-dieron-leccion-historica-al-acatar-decision-del-tsj\/#article","isPartOf":{"@id":"https:\/\/stage3.rnv.gob.ve\/wp\/victimas-de-la-violencia-dieron-leccion-historica-al-acatar-decision-del-tsj\/"},"author":{"name":"administrador","@id":"https:\/\/stage3.rnv.gob.ve\/wp\/#\/schema\/person\/0862ce8cde332e0bc63b8a243f0eea2c"},"headline":"V\u00edctimas de la violencia dieron lecci\u00f3n hist\u00f3rica al acatar decisi\u00f3n del TSJ","datePublished":"2017-07-09T01:07:11+00:00","mainEntityOfPage":{"@id":"https:\/\/stage3.rnv.gob.ve\/wp\/victimas-de-la-violencia-dieron-leccion-historica-al-acatar-decision-del-tsj\/"},"wordCount":351,"publisher":{"@id":"https:\/\/stage3.rnv.gob.ve\/wp\/#organization"},"image":{"@id":"https:\/\/stage3.rnv.gob.ve\/wp\/victimas-de-la-violencia-dieron-leccion-historica-al-acatar-decision-del-tsj\/#primaryimage"},"thumbnailUrl":"","keywords":["comision de la verdad y la justicia","comit\u00e9 de v\u00edctimas de la violencia","delcy rodriguez"],"articleSection":["Nacional"],"inLanguage":"es"},{"@type":"WebPage","@id":"https:\/\/stage3.rnv.gob.ve\/wp\/victimas-de-la-violencia-dieron-leccion-historica-al-acatar-decision-del-tsj\/","url":"https:\/\/stage3.rnv.gob.ve\/wp\/victimas-de-la-violencia-dieron-leccion-historica-al-acatar-decision-del-tsj\/","name":"V\u00edctimas de la violencia dieron lecci\u00f3n hist\u00f3rica al acatar decisi\u00f3n del TSJ - DEV RNV","isPartOf":{"@id":"https:\/\/stage3.rnv.gob.ve\/wp\/#website"},"primaryImageOfPage":{"@id":"https:\/\/stage3.rnv.gob.ve\/wp\/victimas-de-la-violencia-dieron-leccion-historica-al-acatar-decision-del-tsj\/#primaryimage"},"image":{"@id":"https:\/\/stage3.rnv.gob.ve\/wp\/victimas-de-la-violencia-dieron-leccion-historica-al-acatar-decision-del-tsj\/#primaryimage"},"thumbnailUrl":"","datePublished":"2017-07-09T01:07:11+00:00","breadcrumb":{"@id":"https:\/\/stage3.rnv.gob.ve\/wp\/victimas-de-la-violencia-dieron-leccion-historica-al-acatar-decision-del-tsj\/#breadcrumb"},"inLanguage":"es","potentialAction":[{"@type":"ReadAction","target":["https:\/\/stage3.rnv.gob.ve\/wp\/victimas-de-la-violencia-dieron-leccion-historica-al-acatar-decision-del-tsj\/"]}]},{"@type":"ImageObject","inLanguage":"es","@id":"https:\/\/stage3.rnv.gob.ve\/wp\/victimas-de-la-violencia-dieron-leccion-historica-al-acatar-decision-del-tsj\/#primaryimage","url":"","contentUrl":""},{"@type":"BreadcrumbList","@id":"https:\/\/stage3.rnv.gob.ve\/wp\/victimas-de-la-violencia-dieron-leccion-historica-al-acatar-decision-del-tsj\/#breadcrumb","itemListElement":[{"@type":"ListItem","position":1,"name":"Portada","item":"https:\/\/stage3.rnv.gob.ve\/wp\/"},{"@type":"ListItem","position":2,"name":"V\u00edctimas De La Violencia Dieron Lecci\u00f3n Hist\u00f3rica Al Acatar Decisi\u00f3n Del Tsj"}]},{"@type":"WebSite","@id":"https:\/\/stage3.rnv.gob.ve\/wp\/#website","url":"https:\/\/stage3.rnv.gob.ve\/wp\/","name":"DEV RNV","description":"Radio Nacional de Venezuela C.A.","publisher":{"@id":"https:\/\/stage3.rnv.gob.ve\/wp\/#organization"},"potentialAction":[{"@type":"SearchAction","target":{"@type":"EntryPoint","urlTemplate":"https:\/\/stage3.rnv.gob.ve\/wp\/?s={search_term_string}"},"query-input":{"@type":"PropertyValueSpecification","valueRequired":true,"valueName":"search_term_string"}}],"inLanguage":"es"},{"@type":"Organization","@id":"https:\/\/stage3.rnv.gob.ve\/wp\/#organization","name":"Radio Nacional de Venezuela C.A.","url":"https:\/\/stage3.rnv.gob.ve\/wp\/","logo":{"@type":"ImageObject","inLanguage":"es","@id":"https:\/\/stage3.rnv.gob.ve\/wp\/#\/schema\/logo\/image\/","url":"http:\/\/rnv.ddns.net\/prensa\/wp-content\/uploads\/2022\/04\/rnv-1-300x227-1.jpg","contentUrl":"http:\/\/rnv.ddns.net\/prensa\/wp-content\/uploads\/2022\/04\/rnv-1-300x227-1.jpg","width":800,"height":455,"caption":"Radio Nacional de Venezuela C.A."},"image":{"@id":"https:\/\/stage3.rnv.gob.ve\/wp\/#\/schema\/logo\/image\/"},"sameAs":["https:\/\/www.facebook.com\/RadioNacionaldeVenezuela","https:\/\/x.com\/RNVinformativa","https:\/\/www.instagram.com\/rnvinformativa\/","https:\/\/www.youtube.com\/user\/RNVContigo"]},{"@type":"Person","@id":"https:\/\/stage3.rnv.gob.ve\/wp\/#\/schema\/person\/0862ce8cde332e0bc63b8a243f0eea2c","name":"administrador","sameAs":["http:\/\/arnoldoeloy.net"],"url":"https:\/\/stage3.rnv.gob.ve\/wp\/author\/administrador\/"}]}},"jetpack_featured_media_url":"","_links":{"self":[{"href":"https:\/\/stage3.rnv.gob.ve\/wp\/wp-json\/wp\/v2\/posts\/155513","targetHints":{"allow":["GET"]}}],"collection":[{"href":"https:\/\/stage3.rnv.gob.ve\/wp\/wp-json\/wp\/v2\/posts"}],"about":[{"href":"https:\/\/stage3.rnv.gob.ve\/wp\/wp-json\/wp\/v2\/types\/post"}],"author":[{"embeddable":true,"href":"https:\/\/stage3.rnv.gob.ve\/wp\/wp-json\/wp\/v2\/users\/1"}],"replies":[{"embeddable":true,"href":"https:\/\/stage3.rnv.gob.ve\/wp\/wp-json\/wp\/v2\/comments?post=155513"}],"version-history":[{"count":0,"href":"https:\/\/stage3.rnv.gob.ve\/wp\/wp-json\/wp\/v2\/posts\/155513\/revisions"}],"wp:featuredmedia":[{"embeddable":true,"href":"https:\/\/stage3.rnv.gob.ve\/wp\/wp-json\/"}],"wp:attachment":[{"href":"https:\/\/stage3.rnv.gob.ve\/wp\/wp-json\/wp\/v2\/media?parent=155513"}],"wp:term":[{"taxonomy":"category","embeddable":true,"href":"https:\/\/stage3.rnv.gob.ve\/wp\/wp-json\/wp\/v2\/categories?post=155513"},{"taxonomy":"post_tag","embeddable":true,"href":"https:\/\/stage3.rnv.gob.ve\/wp\/wp-json\/wp\/v2\/tags?post=155513"}],"curies":[{"name":"wp","href":"https:\/\/api.w.org\/{rel}","templated":true}]}}