{"id":151891,"date":"2017-06-25T09:33:36","date_gmt":"2017-06-25T14:03:36","guid":{"rendered":"http:\/\/wpeditor.rnv.gob.ve\/?p=151891"},"modified":"2026-04-14T21:07:38","modified_gmt":"2026-04-15T01:07:38","slug":"federacion-venezolana-de-karate-do-renovo-sus-autoridades","status":"publish","type":"post","link":"https:\/\/stage3.rnv.gob.ve\/wp\/federacion-venezolana-de-karate-do-renovo-sus-autoridades\/","title":{"rendered":"Federaci\u00f3n Venezolana de K\u00e1rate Do renov\u00f3 sus autoridades"},"content":{"rendered":"<p><a href=\"http:\/\/wpeditor.rnv.gob.ve\/federacion-venezolana-de-karate-do-renovo-sus-autoridades\/cov-karate\/\" rel=\"attachment wp-att-151892\"><img fetchpriority=\"high\" decoding=\"async\" class=\"aligncenter size-full wp-image-151892\" src=\"http:\/\/wpeditor.rnv.gob.ve\/app\/uploads\/2017\/06\/COV-Karate.jpg\" alt=\"\" width=\"640\" height=\"343\" \/><\/a>En la sede del Comit\u00e9 Ol\u00edmpico Venezolano se efectuaron las elecciones que designan a los miembros de la junta directiva de la Federaci\u00f3n Venezolana de K\u00e1rate Do para el ciclo 2017-2021.<\/p>\n<p>En el proceso eleccionario, la Junta Directiva qued\u00f3 de la siguiente forma: Sensei Ram\u00f3n Arturo Castillo como presidente, Angelo Stifano D Orsi como suplente de la presidencia, Leyda Rodr\u00edguez R\u00edos Secretaria General, Jaime Noguera Campo como Secretario General Suplente.<\/p>\n<p>Antonio D\u00edaz y Yeisy Pi\u00f1a (suplente) representar\u00e1n a los atletas ante la Junta Directiva; Marianth Cuervo y Alexander Nicastro estar\u00e1n como delegados en el Consejo Contralor.<\/p>\n<p>Esta Junta directiva posee la responsabilidad de supervisar y hacer cumplir el cronograma de eventos y proyectos nacionales e internacionales de la federaci\u00f3n nacional, y que este se efect\u00fae en su totalidad y normalidad en el per\u00edodo 2017-2021.<\/p>\n<p>RNVDeportes\/COV\/CC<\/p>\n","protected":false},"excerpt":{"rendered":"<p>En la sede del Comit\u00e9 Ol\u00edmpico Venezolano se efectuaron las elecciones que designan a los miembros de la junta directiva de la Federaci\u00f3n Venezolana de K\u00e1rate Do para el ciclo 2017-2021. En el proceso eleccionario, la Junta Directiva qued\u00f3 de la siguiente forma: Sensei Ram\u00f3n Arturo Castillo como presidente, Angelo Stifano D Orsi como suplente [&hellip;]<\/p>\n","protected":false},"author":1,"featured_media":151892,"comment_status":"closed","ping_status":"open","sticky":false,"template":"","format":"standard","meta":{"_acf_changed":false,"footnotes":""},"categories":[56],"tags":[115,82,104,476],"class_list":["post-151891","post","type-post","status-publish","format-standard","has-post-thumbnail","hentry","category-deporte","tag-deportes","tag-rnv","tag-venezuela","tag-venezuela-deportiva"],"acf":[],"yoast_head":"<!-- This site is optimized with the Yoast SEO plugin v27.4 - https:\/\/yoast.com\/product\/yoast-seo-wordpress\/ -->\n<title>Federaci\u00f3n Venezolana de K\u00e1rate Do renov\u00f3 sus autoridades - DEV RNV<\/title>\n<meta name=\"robots\" content=\"noindex, follow, max-snippet:-1, max-image-preview:large, max-video-preview:-1\" \/>\n<meta property=\"og:locale\" content=\"es_ES\" \/>\n<meta property=\"og:type\" content=\"article\" \/>\n<meta property=\"og:title\" content=\"Federaci\u00f3n Venezolana de K\u00e1rate Do renov\u00f3 sus autoridades - DEV RNV\" \/>\n<meta property=\"og:description\" content=\"En la sede del Comit\u00e9 Ol\u00edmpico Venezolano se efectuaron las elecciones que designan a los miembros de la junta directiva de la Federaci\u00f3n Venezolana de K\u00e1rate Do para el ciclo 2017-2021. En el proceso eleccionario, la Junta Directiva qued\u00f3 de la siguiente forma: Sensei Ram\u00f3n Arturo Castillo como presidente, Angelo Stifano D Orsi como suplente [&hellip;]\" \/>\n<meta property=\"og:url\" content=\"https:\/\/stage3.rnv.gob.ve\/wp\/federacion-venezolana-de-karate-do-renovo-sus-autoridades\/\" \/>\n<meta property=\"og:site_name\" content=\"DEV RNV\" \/>\n<meta property=\"article:publisher\" content=\"https:\/\/www.facebook.com\/RadioNacionaldeVenezuela\" \/>\n<meta property=\"article:published_time\" content=\"2017-06-25T14:03:36+00:00\" \/>\n<meta property=\"article:modified_time\" content=\"2026-04-15T01:07:38+00:00\" \/>\n<meta name=\"author\" content=\"administrador\" \/>\n<meta name=\"twitter:card\" content=\"summary_large_image\" \/>\n<meta name=\"twitter:creator\" content=\"@RNVinformativa\" \/>\n<meta name=\"twitter:site\" content=\"@RNVinformativa\" \/>\n<meta name=\"twitter:label1\" content=\"Escrito por\" \/>\n\t<meta name=\"twitter:data1\" content=\"administrador\" \/>\n\t<meta name=\"twitter:label2\" content=\"Tiempo estimado de lectura\" \/>\n\t<meta name=\"twitter:data2\" content=\"1 minuto\" \/>\n<script type=\"application\/ld+json\" class=\"yoast-schema-graph\">{\"@context\":\"https:\\\/\\\/schema.org\",\"@graph\":[{\"@type\":\"Article\",\"@id\":\"https:\\\/\\\/stage3.rnv.gob.ve\\\/wp\\\/federacion-venezolana-de-karate-do-renovo-sus-autoridades\\\/#article\",\"isPartOf\":{\"@id\":\"https:\\\/\\\/stage3.rnv.gob.ve\\\/wp\\\/federacion-venezolana-de-karate-do-renovo-sus-autoridades\\\/\"},\"author\":{\"name\":\"administrador\",\"@id\":\"https:\\\/\\\/stage3.rnv.gob.ve\\\/wp\\\/#\\\/schema\\\/person\\\/0862ce8cde332e0bc63b8a243f0eea2c\"},\"headline\":\"Federaci\u00f3n Venezolana de K\u00e1rate Do renov\u00f3 sus autoridades\",\"datePublished\":\"2017-06-25T14:03:36+00:00\",\"dateModified\":\"2026-04-15T01:07:38+00:00\",\"mainEntityOfPage\":{\"@id\":\"https:\\\/\\\/stage3.rnv.gob.ve\\\/wp\\\/federacion-venezolana-de-karate-do-renovo-sus-autoridades\\\/\"},\"wordCount\":160,\"publisher\":{\"@id\":\"https:\\\/\\\/stage3.rnv.gob.ve\\\/wp\\\/#organization\"},\"image\":{\"@id\":\"https:\\\/\\\/stage3.rnv.gob.ve\\\/wp\\\/federacion-venezolana-de-karate-do-renovo-sus-autoridades\\\/#primaryimage\"},\"thumbnailUrl\":\"\",\"keywords\":[\"deportes\",\"RNV\",\"Venezuela\",\"Venezuela Deportiva\"],\"articleSection\":[\"Deporte\"],\"inLanguage\":\"es\"},{\"@type\":\"WebPage\",\"@id\":\"https:\\\/\\\/stage3.rnv.gob.ve\\\/wp\\\/federacion-venezolana-de-karate-do-renovo-sus-autoridades\\\/\",\"url\":\"https:\\\/\\\/stage3.rnv.gob.ve\\\/wp\\\/federacion-venezolana-de-karate-do-renovo-sus-autoridades\\\/\",\"name\":\"Federaci\u00f3n Venezolana de K\u00e1rate Do renov\u00f3 sus autoridades - DEV RNV\",\"isPartOf\":{\"@id\":\"https:\\\/\\\/stage3.rnv.gob.ve\\\/wp\\\/#website\"},\"primaryImageOfPage\":{\"@id\":\"https:\\\/\\\/stage3.rnv.gob.ve\\\/wp\\\/federacion-venezolana-de-karate-do-renovo-sus-autoridades\\\/#primaryimage\"},\"image\":{\"@id\":\"https:\\\/\\\/stage3.rnv.gob.ve\\\/wp\\\/federacion-venezolana-de-karate-do-renovo-sus-autoridades\\\/#primaryimage\"},\"thumbnailUrl\":\"\",\"datePublished\":\"2017-06-25T14:03:36+00:00\",\"dateModified\":\"2026-04-15T01:07:38+00:00\",\"breadcrumb\":{\"@id\":\"https:\\\/\\\/stage3.rnv.gob.ve\\\/wp\\\/federacion-venezolana-de-karate-do-renovo-sus-autoridades\\\/#breadcrumb\"},\"inLanguage\":\"es\",\"potentialAction\":[{\"@type\":\"ReadAction\",\"target\":[\"https:\\\/\\\/stage3.rnv.gob.ve\\\/wp\\\/federacion-venezolana-de-karate-do-renovo-sus-autoridades\\\/\"]}]},{\"@type\":\"ImageObject\",\"inLanguage\":\"es\",\"@id\":\"https:\\\/\\\/stage3.rnv.gob.ve\\\/wp\\\/federacion-venezolana-de-karate-do-renovo-sus-autoridades\\\/#primaryimage\",\"url\":\"\",\"contentUrl\":\"\"},{\"@type\":\"BreadcrumbList\",\"@id\":\"https:\\\/\\\/stage3.rnv.gob.ve\\\/wp\\\/federacion-venezolana-de-karate-do-renovo-sus-autoridades\\\/#breadcrumb\",\"itemListElement\":[{\"@type\":\"ListItem\",\"position\":1,\"name\":\"Portada\",\"item\":\"https:\\\/\\\/stage3.rnv.gob.ve\\\/wp\\\/\"},{\"@type\":\"ListItem\",\"position\":2,\"name\":\"Federaci\u00f3n Venezolana De K\u00e1rate Do Renov\u00f3 Sus Autoridades\"}]},{\"@type\":\"WebSite\",\"@id\":\"https:\\\/\\\/stage3.rnv.gob.ve\\\/wp\\\/#website\",\"url\":\"https:\\\/\\\/stage3.rnv.gob.ve\\\/wp\\\/\",\"name\":\"DEV RNV\",\"description\":\"Radio Nacional de Venezuela C.A.\",\"publisher\":{\"@id\":\"https:\\\/\\\/stage3.rnv.gob.ve\\\/wp\\\/#organization\"},\"potentialAction\":[{\"@type\":\"SearchAction\",\"target\":{\"@type\":\"EntryPoint\",\"urlTemplate\":\"https:\\\/\\\/stage3.rnv.gob.ve\\\/wp\\\/?s={search_term_string}\"},\"query-input\":{\"@type\":\"PropertyValueSpecification\",\"valueRequired\":true,\"valueName\":\"search_term_string\"}}],\"inLanguage\":\"es\"},{\"@type\":\"Organization\",\"@id\":\"https:\\\/\\\/stage3.rnv.gob.ve\\\/wp\\\/#organization\",\"name\":\"Radio Nacional de Venezuela C.A.\",\"url\":\"https:\\\/\\\/stage3.rnv.gob.ve\\\/wp\\\/\",\"logo\":{\"@type\":\"ImageObject\",\"inLanguage\":\"es\",\"@id\":\"https:\\\/\\\/stage3.rnv.gob.ve\\\/wp\\\/#\\\/schema\\\/logo\\\/image\\\/\",\"url\":\"http:\\\/\\\/rnv.ddns.net\\\/prensa\\\/wp-content\\\/uploads\\\/2022\\\/04\\\/rnv-1-300x227-1.jpg\",\"contentUrl\":\"http:\\\/\\\/rnv.ddns.net\\\/prensa\\\/wp-content\\\/uploads\\\/2022\\\/04\\\/rnv-1-300x227-1.jpg\",\"width\":800,\"height\":455,\"caption\":\"Radio Nacional de Venezuela C.A.\"},\"image\":{\"@id\":\"https:\\\/\\\/stage3.rnv.gob.ve\\\/wp\\\/#\\\/schema\\\/logo\\\/image\\\/\"},\"sameAs\":[\"https:\\\/\\\/www.facebook.com\\\/RadioNacionaldeVenezuela\",\"https:\\\/\\\/x.com\\\/RNVinformativa\",\"https:\\\/\\\/www.instagram.com\\\/rnvinformativa\\\/\",\"https:\\\/\\\/www.youtube.com\\\/user\\\/RNVContigo\"]},{\"@type\":\"Person\",\"@id\":\"https:\\\/\\\/stage3.rnv.gob.ve\\\/wp\\\/#\\\/schema\\\/person\\\/0862ce8cde332e0bc63b8a243f0eea2c\",\"name\":\"administrador\",\"sameAs\":[\"http:\\\/\\\/arnoldoeloy.net\"],\"url\":\"https:\\\/\\\/stage3.rnv.gob.ve\\\/wp\\\/author\\\/administrador\\\/\"}]}<\/script>\n<!-- \/ Yoast SEO plugin. -->","yoast_head_json":{"title":"Federaci\u00f3n Venezolana de K\u00e1rate Do renov\u00f3 sus autoridades - DEV RNV","robots":{"index":"noindex","follow":"follow","max-snippet":"max-snippet:-1","max-image-preview":"max-image-preview:large","max-video-preview":"max-video-preview:-1"},"og_locale":"es_ES","og_type":"article","og_title":"Federaci\u00f3n Venezolana de K\u00e1rate Do renov\u00f3 sus autoridades - DEV RNV","og_description":"En la sede del Comit\u00e9 Ol\u00edmpico Venezolano se efectuaron las elecciones que designan a los miembros de la junta directiva de la Federaci\u00f3n Venezolana de K\u00e1rate Do para el ciclo 2017-2021. En el proceso eleccionario, la Junta Directiva qued\u00f3 de la siguiente forma: Sensei Ram\u00f3n Arturo Castillo como presidente, Angelo Stifano D Orsi como suplente [&hellip;]","og_url":"https:\/\/stage3.rnv.gob.ve\/wp\/federacion-venezolana-de-karate-do-renovo-sus-autoridades\/","og_site_name":"DEV RNV","article_publisher":"https:\/\/www.facebook.com\/RadioNacionaldeVenezuela","article_published_time":"2017-06-25T14:03:36+00:00","article_modified_time":"2026-04-15T01:07:38+00:00","author":"administrador","twitter_card":"summary_large_image","twitter_creator":"@RNVinformativa","twitter_site":"@RNVinformativa","twitter_misc":{"Escrito por":"administrador","Tiempo estimado de lectura":"1 minuto"},"schema":{"@context":"https:\/\/schema.org","@graph":[{"@type":"Article","@id":"https:\/\/stage3.rnv.gob.ve\/wp\/federacion-venezolana-de-karate-do-renovo-sus-autoridades\/#article","isPartOf":{"@id":"https:\/\/stage3.rnv.gob.ve\/wp\/federacion-venezolana-de-karate-do-renovo-sus-autoridades\/"},"author":{"name":"administrador","@id":"https:\/\/stage3.rnv.gob.ve\/wp\/#\/schema\/person\/0862ce8cde332e0bc63b8a243f0eea2c"},"headline":"Federaci\u00f3n Venezolana de K\u00e1rate Do renov\u00f3 sus autoridades","datePublished":"2017-06-25T14:03:36+00:00","dateModified":"2026-04-15T01:07:38+00:00","mainEntityOfPage":{"@id":"https:\/\/stage3.rnv.gob.ve\/wp\/federacion-venezolana-de-karate-do-renovo-sus-autoridades\/"},"wordCount":160,"publisher":{"@id":"https:\/\/stage3.rnv.gob.ve\/wp\/#organization"},"image":{"@id":"https:\/\/stage3.rnv.gob.ve\/wp\/federacion-venezolana-de-karate-do-renovo-sus-autoridades\/#primaryimage"},"thumbnailUrl":"","keywords":["deportes","RNV","Venezuela","Venezuela Deportiva"],"articleSection":["Deporte"],"inLanguage":"es"},{"@type":"WebPage","@id":"https:\/\/stage3.rnv.gob.ve\/wp\/federacion-venezolana-de-karate-do-renovo-sus-autoridades\/","url":"https:\/\/stage3.rnv.gob.ve\/wp\/federacion-venezolana-de-karate-do-renovo-sus-autoridades\/","name":"Federaci\u00f3n Venezolana de K\u00e1rate Do renov\u00f3 sus autoridades - DEV RNV","isPartOf":{"@id":"https:\/\/stage3.rnv.gob.ve\/wp\/#website"},"primaryImageOfPage":{"@id":"https:\/\/stage3.rnv.gob.ve\/wp\/federacion-venezolana-de-karate-do-renovo-sus-autoridades\/#primaryimage"},"image":{"@id":"https:\/\/stage3.rnv.gob.ve\/wp\/federacion-venezolana-de-karate-do-renovo-sus-autoridades\/#primaryimage"},"thumbnailUrl":"","datePublished":"2017-06-25T14:03:36+00:00","dateModified":"2026-04-15T01:07:38+00:00","breadcrumb":{"@id":"https:\/\/stage3.rnv.gob.ve\/wp\/federacion-venezolana-de-karate-do-renovo-sus-autoridades\/#breadcrumb"},"inLanguage":"es","potentialAction":[{"@type":"ReadAction","target":["https:\/\/stage3.rnv.gob.ve\/wp\/federacion-venezolana-de-karate-do-renovo-sus-autoridades\/"]}]},{"@type":"ImageObject","inLanguage":"es","@id":"https:\/\/stage3.rnv.gob.ve\/wp\/federacion-venezolana-de-karate-do-renovo-sus-autoridades\/#primaryimage","url":"","contentUrl":""},{"@type":"BreadcrumbList","@id":"https:\/\/stage3.rnv.gob.ve\/wp\/federacion-venezolana-de-karate-do-renovo-sus-autoridades\/#breadcrumb","itemListElement":[{"@type":"ListItem","position":1,"name":"Portada","item":"https:\/\/stage3.rnv.gob.ve\/wp\/"},{"@type":"ListItem","position":2,"name":"Federaci\u00f3n Venezolana De K\u00e1rate Do Renov\u00f3 Sus Autoridades"}]},{"@type":"WebSite","@id":"https:\/\/stage3.rnv.gob.ve\/wp\/#website","url":"https:\/\/stage3.rnv.gob.ve\/wp\/","name":"DEV RNV","description":"Radio Nacional de Venezuela C.A.","publisher":{"@id":"https:\/\/stage3.rnv.gob.ve\/wp\/#organization"},"potentialAction":[{"@type":"SearchAction","target":{"@type":"EntryPoint","urlTemplate":"https:\/\/stage3.rnv.gob.ve\/wp\/?s={search_term_string}"},"query-input":{"@type":"PropertyValueSpecification","valueRequired":true,"valueName":"search_term_string"}}],"inLanguage":"es"},{"@type":"Organization","@id":"https:\/\/stage3.rnv.gob.ve\/wp\/#organization","name":"Radio Nacional de Venezuela C.A.","url":"https:\/\/stage3.rnv.gob.ve\/wp\/","logo":{"@type":"ImageObject","inLanguage":"es","@id":"https:\/\/stage3.rnv.gob.ve\/wp\/#\/schema\/logo\/image\/","url":"http:\/\/rnv.ddns.net\/prensa\/wp-content\/uploads\/2022\/04\/rnv-1-300x227-1.jpg","contentUrl":"http:\/\/rnv.ddns.net\/prensa\/wp-content\/uploads\/2022\/04\/rnv-1-300x227-1.jpg","width":800,"height":455,"caption":"Radio Nacional de Venezuela C.A."},"image":{"@id":"https:\/\/stage3.rnv.gob.ve\/wp\/#\/schema\/logo\/image\/"},"sameAs":["https:\/\/www.facebook.com\/RadioNacionaldeVenezuela","https:\/\/x.com\/RNVinformativa","https:\/\/www.instagram.com\/rnvinformativa\/","https:\/\/www.youtube.com\/user\/RNVContigo"]},{"@type":"Person","@id":"https:\/\/stage3.rnv.gob.ve\/wp\/#\/schema\/person\/0862ce8cde332e0bc63b8a243f0eea2c","name":"administrador","sameAs":["http:\/\/arnoldoeloy.net"],"url":"https:\/\/stage3.rnv.gob.ve\/wp\/author\/administrador\/"}]}},"jetpack_featured_media_url":"","_links":{"self":[{"href":"https:\/\/stage3.rnv.gob.ve\/wp\/wp-json\/wp\/v2\/posts\/151891","targetHints":{"allow":["GET"]}}],"collection":[{"href":"https:\/\/stage3.rnv.gob.ve\/wp\/wp-json\/wp\/v2\/posts"}],"about":[{"href":"https:\/\/stage3.rnv.gob.ve\/wp\/wp-json\/wp\/v2\/types\/post"}],"author":[{"embeddable":true,"href":"https:\/\/stage3.rnv.gob.ve\/wp\/wp-json\/wp\/v2\/users\/1"}],"replies":[{"embeddable":true,"href":"https:\/\/stage3.rnv.gob.ve\/wp\/wp-json\/wp\/v2\/comments?post=151891"}],"version-history":[{"count":0,"href":"https:\/\/stage3.rnv.gob.ve\/wp\/wp-json\/wp\/v2\/posts\/151891\/revisions"}],"wp:featuredmedia":[{"embeddable":true,"href":"https:\/\/stage3.rnv.gob.ve\/wp\/wp-json\/"}],"wp:attachment":[{"href":"https:\/\/stage3.rnv.gob.ve\/wp\/wp-json\/wp\/v2\/media?parent=151891"}],"wp:term":[{"taxonomy":"category","embeddable":true,"href":"https:\/\/stage3.rnv.gob.ve\/wp\/wp-json\/wp\/v2\/categories?post=151891"},{"taxonomy":"post_tag","embeddable":true,"href":"https:\/\/stage3.rnv.gob.ve\/wp\/wp-json\/wp\/v2\/tags?post=151891"}],"curies":[{"name":"wp","href":"https:\/\/api.w.org\/{rel}","templated":true}]}}