{"id":150910,"date":"2017-06-21T12:22:04","date_gmt":"2017-06-21T16:52:04","guid":{"rendered":"http:\/\/wpeditor.rnv.gob.ve\/?p=150910"},"modified":"2017-06-21T12:22:04","modified_gmt":"2017-06-21T16:52:04","slug":"corpoelec-atiende-falla-del-servicio-electrico-en-el-centro-de-caracas","status":"publish","type":"post","link":"https:\/\/stage3.rnv.gob.ve\/wp\/corpoelec-atiende-falla-del-servicio-electrico-en-el-centro-de-caracas\/","title":{"rendered":"Corpoelec atiende falla del servicio el\u00e9ctrico en el centro de Caracas"},"content":{"rendered":"<figure id=\"attachment_150914\" aria-describedby=\"caption-attachment-150914\" style=\"width: 300px\" class=\"wp-caption alignleft\"><img fetchpriority=\"high\" decoding=\"async\" class=\"size-medium wp-image-150914\" src=\"http:\/\/wpeditor.rnv.gob.ve\/app\/uploads\/2017\/06\/corpoelec-1-696x392-300x200.jpg\" alt=\"\" width=\"300\" height=\"200\" \/><figcaption id=\"caption-attachment-150914\" class=\"wp-caption-text\">Foto referencial<\/figcaption><\/figure>\n<p>El presidente de la Corporaci\u00f3n El\u00e9ctrica Nacional (Corpoelec), Luis Motta Dom\u00ednguez, inform\u00f3 este mi\u00e9rcoles que cuadrillas reparan una aver\u00eda que afect\u00f3 el servicio de electricidad en parte del Centro de Caracas por la explosi\u00f3n e incendio de un transformador debido a la lluvia registrada entre la noche de este martes y parte de la madrugada de este mi\u00e9rcoles.<\/p>\n<p>Mediante su cuenta oficial en Instagram @lmottad. \u201cMotivado a la explosi\u00f3n e incendio de este transformador, se encuentra sin servicio el\u00e9ctrico parte del centro de Caracas\u201d.<\/p>\n<p>Los trabajos se ejecutan sobre el circuito Candilito, que afecta el centro de la capital, alrededores y sectores aleda\u00f1os a la Plaza Bol\u00edvar.<\/p>\n<p>\u201cLa falla se debe a que se quem\u00f3 un transformador de 1000 Kva en la zona. Ya se est\u00e1n haciendo las coordinaciones para traer un nuevo equipo\u201d, detall\u00f3.<\/p>\n<p>T\/Ciudad Caracas<\/p>\n","protected":false},"excerpt":{"rendered":"<p>El presidente de la Corporaci\u00f3n El\u00e9ctrica Nacional (Corpoelec), Luis Motta Dom\u00ednguez, inform\u00f3 este mi\u00e9rcoles que cuadrillas reparan una aver\u00eda que afect\u00f3 el servicio de electricidad en parte del Centro de Caracas por la explosi\u00f3n e incendio de un transformador debido a la lluvia registrada entre la noche de este martes y parte de la madrugada [&hellip;]<\/p>\n","protected":false},"author":1,"featured_media":150914,"comment_status":"closed","ping_status":"open","sticky":false,"template":"","format":"standard","meta":{"_acf_changed":false,"footnotes":""},"categories":[52],"tags":[1436,8220,82,1266],"class_list":["post-150910","post","type-post","status-publish","format-standard","has-post-thumbnail","hentry","category-ciudad","tag-corpoelec","tag-falla","tag-rnv","tag-servicio"],"acf":[],"yoast_head":"<!-- This site is optimized with the Yoast SEO plugin v27.4 - https:\/\/yoast.com\/product\/yoast-seo-wordpress\/ -->\n<title>Corpoelec atiende falla del servicio el\u00e9ctrico en el centro de Caracas - DEV RNV<\/title>\n<meta name=\"robots\" content=\"noindex, follow, max-snippet:-1, max-image-preview:large, max-video-preview:-1\" \/>\n<meta property=\"og:locale\" content=\"es_ES\" \/>\n<meta property=\"og:type\" content=\"article\" \/>\n<meta property=\"og:title\" content=\"Corpoelec atiende falla del servicio el\u00e9ctrico en el centro de Caracas - DEV RNV\" \/>\n<meta property=\"og:description\" content=\"El presidente de la Corporaci\u00f3n El\u00e9ctrica Nacional (Corpoelec), Luis Motta Dom\u00ednguez, inform\u00f3 este mi\u00e9rcoles que cuadrillas reparan una aver\u00eda que afect\u00f3 el servicio de electricidad en parte del Centro de Caracas por la explosi\u00f3n e incendio de un transformador debido a la lluvia registrada entre la noche de este martes y parte de la madrugada [&hellip;]\" \/>\n<meta property=\"og:url\" content=\"https:\/\/stage3.rnv.gob.ve\/wp\/corpoelec-atiende-falla-del-servicio-electrico-en-el-centro-de-caracas\/\" \/>\n<meta property=\"og:site_name\" content=\"DEV RNV\" \/>\n<meta property=\"article:publisher\" content=\"https:\/\/www.facebook.com\/RadioNacionaldeVenezuela\" \/>\n<meta property=\"article:published_time\" content=\"2017-06-21T16:52:04+00:00\" \/>\n<meta name=\"author\" content=\"administrador\" \/>\n<meta name=\"twitter:card\" content=\"summary_large_image\" \/>\n<meta name=\"twitter:creator\" content=\"@RNVinformativa\" \/>\n<meta name=\"twitter:site\" content=\"@RNVinformativa\" \/>\n<meta name=\"twitter:label1\" content=\"Escrito por\" \/>\n\t<meta name=\"twitter:data1\" content=\"administrador\" \/>\n\t<meta name=\"twitter:label2\" content=\"Tiempo estimado de lectura\" \/>\n\t<meta name=\"twitter:data2\" content=\"1 minuto\" \/>\n<script type=\"application\/ld+json\" class=\"yoast-schema-graph\">{\"@context\":\"https:\\\/\\\/schema.org\",\"@graph\":[{\"@type\":\"Article\",\"@id\":\"https:\\\/\\\/stage3.rnv.gob.ve\\\/wp\\\/corpoelec-atiende-falla-del-servicio-electrico-en-el-centro-de-caracas\\\/#article\",\"isPartOf\":{\"@id\":\"https:\\\/\\\/stage3.rnv.gob.ve\\\/wp\\\/corpoelec-atiende-falla-del-servicio-electrico-en-el-centro-de-caracas\\\/\"},\"author\":{\"name\":\"administrador\",\"@id\":\"https:\\\/\\\/stage3.rnv.gob.ve\\\/wp\\\/#\\\/schema\\\/person\\\/0862ce8cde332e0bc63b8a243f0eea2c\"},\"headline\":\"Corpoelec atiende falla del servicio el\u00e9ctrico en el centro de Caracas\",\"datePublished\":\"2017-06-21T16:52:04+00:00\",\"mainEntityOfPage\":{\"@id\":\"https:\\\/\\\/stage3.rnv.gob.ve\\\/wp\\\/corpoelec-atiende-falla-del-servicio-electrico-en-el-centro-de-caracas\\\/\"},\"wordCount\":170,\"publisher\":{\"@id\":\"https:\\\/\\\/stage3.rnv.gob.ve\\\/wp\\\/#organization\"},\"image\":{\"@id\":\"https:\\\/\\\/stage3.rnv.gob.ve\\\/wp\\\/corpoelec-atiende-falla-del-servicio-electrico-en-el-centro-de-caracas\\\/#primaryimage\"},\"thumbnailUrl\":\"\",\"keywords\":[\"corpoelec\",\"falla\",\"RNV\",\"servicio\"],\"articleSection\":[\"Ciudad\"],\"inLanguage\":\"es\"},{\"@type\":\"WebPage\",\"@id\":\"https:\\\/\\\/stage3.rnv.gob.ve\\\/wp\\\/corpoelec-atiende-falla-del-servicio-electrico-en-el-centro-de-caracas\\\/\",\"url\":\"https:\\\/\\\/stage3.rnv.gob.ve\\\/wp\\\/corpoelec-atiende-falla-del-servicio-electrico-en-el-centro-de-caracas\\\/\",\"name\":\"Corpoelec atiende falla del servicio el\u00e9ctrico en el centro de Caracas - DEV RNV\",\"isPartOf\":{\"@id\":\"https:\\\/\\\/stage3.rnv.gob.ve\\\/wp\\\/#website\"},\"primaryImageOfPage\":{\"@id\":\"https:\\\/\\\/stage3.rnv.gob.ve\\\/wp\\\/corpoelec-atiende-falla-del-servicio-electrico-en-el-centro-de-caracas\\\/#primaryimage\"},\"image\":{\"@id\":\"https:\\\/\\\/stage3.rnv.gob.ve\\\/wp\\\/corpoelec-atiende-falla-del-servicio-electrico-en-el-centro-de-caracas\\\/#primaryimage\"},\"thumbnailUrl\":\"\",\"datePublished\":\"2017-06-21T16:52:04+00:00\",\"breadcrumb\":{\"@id\":\"https:\\\/\\\/stage3.rnv.gob.ve\\\/wp\\\/corpoelec-atiende-falla-del-servicio-electrico-en-el-centro-de-caracas\\\/#breadcrumb\"},\"inLanguage\":\"es\",\"potentialAction\":[{\"@type\":\"ReadAction\",\"target\":[\"https:\\\/\\\/stage3.rnv.gob.ve\\\/wp\\\/corpoelec-atiende-falla-del-servicio-electrico-en-el-centro-de-caracas\\\/\"]}]},{\"@type\":\"ImageObject\",\"inLanguage\":\"es\",\"@id\":\"https:\\\/\\\/stage3.rnv.gob.ve\\\/wp\\\/corpoelec-atiende-falla-del-servicio-electrico-en-el-centro-de-caracas\\\/#primaryimage\",\"url\":\"\",\"contentUrl\":\"\"},{\"@type\":\"BreadcrumbList\",\"@id\":\"https:\\\/\\\/stage3.rnv.gob.ve\\\/wp\\\/corpoelec-atiende-falla-del-servicio-electrico-en-el-centro-de-caracas\\\/#breadcrumb\",\"itemListElement\":[{\"@type\":\"ListItem\",\"position\":1,\"name\":\"Portada\",\"item\":\"https:\\\/\\\/stage3.rnv.gob.ve\\\/wp\\\/\"},{\"@type\":\"ListItem\",\"position\":2,\"name\":\"Corpoelec Atiende Falla Del Servicio El\u00e9ctrico En El Centro De Caracas\"}]},{\"@type\":\"WebSite\",\"@id\":\"https:\\\/\\\/stage3.rnv.gob.ve\\\/wp\\\/#website\",\"url\":\"https:\\\/\\\/stage3.rnv.gob.ve\\\/wp\\\/\",\"name\":\"DEV RNV\",\"description\":\"Radio Nacional de Venezuela C.A.\",\"publisher\":{\"@id\":\"https:\\\/\\\/stage3.rnv.gob.ve\\\/wp\\\/#organization\"},\"potentialAction\":[{\"@type\":\"SearchAction\",\"target\":{\"@type\":\"EntryPoint\",\"urlTemplate\":\"https:\\\/\\\/stage3.rnv.gob.ve\\\/wp\\\/?s={search_term_string}\"},\"query-input\":{\"@type\":\"PropertyValueSpecification\",\"valueRequired\":true,\"valueName\":\"search_term_string\"}}],\"inLanguage\":\"es\"},{\"@type\":\"Organization\",\"@id\":\"https:\\\/\\\/stage3.rnv.gob.ve\\\/wp\\\/#organization\",\"name\":\"Radio Nacional de Venezuela C.A.\",\"url\":\"https:\\\/\\\/stage3.rnv.gob.ve\\\/wp\\\/\",\"logo\":{\"@type\":\"ImageObject\",\"inLanguage\":\"es\",\"@id\":\"https:\\\/\\\/stage3.rnv.gob.ve\\\/wp\\\/#\\\/schema\\\/logo\\\/image\\\/\",\"url\":\"http:\\\/\\\/rnv.ddns.net\\\/prensa\\\/wp-content\\\/uploads\\\/2022\\\/04\\\/rnv-1-300x227-1.jpg\",\"contentUrl\":\"http:\\\/\\\/rnv.ddns.net\\\/prensa\\\/wp-content\\\/uploads\\\/2022\\\/04\\\/rnv-1-300x227-1.jpg\",\"width\":800,\"height\":455,\"caption\":\"Radio Nacional de Venezuela C.A.\"},\"image\":{\"@id\":\"https:\\\/\\\/stage3.rnv.gob.ve\\\/wp\\\/#\\\/schema\\\/logo\\\/image\\\/\"},\"sameAs\":[\"https:\\\/\\\/www.facebook.com\\\/RadioNacionaldeVenezuela\",\"https:\\\/\\\/x.com\\\/RNVinformativa\",\"https:\\\/\\\/www.instagram.com\\\/rnvinformativa\\\/\",\"https:\\\/\\\/www.youtube.com\\\/user\\\/RNVContigo\"]},{\"@type\":\"Person\",\"@id\":\"https:\\\/\\\/stage3.rnv.gob.ve\\\/wp\\\/#\\\/schema\\\/person\\\/0862ce8cde332e0bc63b8a243f0eea2c\",\"name\":\"administrador\",\"sameAs\":[\"http:\\\/\\\/arnoldoeloy.net\"],\"url\":\"https:\\\/\\\/stage3.rnv.gob.ve\\\/wp\\\/author\\\/administrador\\\/\"}]}<\/script>\n<!-- \/ Yoast SEO plugin. -->","yoast_head_json":{"title":"Corpoelec atiende falla del servicio el\u00e9ctrico en el centro de Caracas - DEV RNV","robots":{"index":"noindex","follow":"follow","max-snippet":"max-snippet:-1","max-image-preview":"max-image-preview:large","max-video-preview":"max-video-preview:-1"},"og_locale":"es_ES","og_type":"article","og_title":"Corpoelec atiende falla del servicio el\u00e9ctrico en el centro de Caracas - DEV RNV","og_description":"El presidente de la Corporaci\u00f3n El\u00e9ctrica Nacional (Corpoelec), Luis Motta Dom\u00ednguez, inform\u00f3 este mi\u00e9rcoles que cuadrillas reparan una aver\u00eda que afect\u00f3 el servicio de electricidad en parte del Centro de Caracas por la explosi\u00f3n e incendio de un transformador debido a la lluvia registrada entre la noche de este martes y parte de la madrugada [&hellip;]","og_url":"https:\/\/stage3.rnv.gob.ve\/wp\/corpoelec-atiende-falla-del-servicio-electrico-en-el-centro-de-caracas\/","og_site_name":"DEV RNV","article_publisher":"https:\/\/www.facebook.com\/RadioNacionaldeVenezuela","article_published_time":"2017-06-21T16:52:04+00:00","author":"administrador","twitter_card":"summary_large_image","twitter_creator":"@RNVinformativa","twitter_site":"@RNVinformativa","twitter_misc":{"Escrito por":"administrador","Tiempo estimado de lectura":"1 minuto"},"schema":{"@context":"https:\/\/schema.org","@graph":[{"@type":"Article","@id":"https:\/\/stage3.rnv.gob.ve\/wp\/corpoelec-atiende-falla-del-servicio-electrico-en-el-centro-de-caracas\/#article","isPartOf":{"@id":"https:\/\/stage3.rnv.gob.ve\/wp\/corpoelec-atiende-falla-del-servicio-electrico-en-el-centro-de-caracas\/"},"author":{"name":"administrador","@id":"https:\/\/stage3.rnv.gob.ve\/wp\/#\/schema\/person\/0862ce8cde332e0bc63b8a243f0eea2c"},"headline":"Corpoelec atiende falla del servicio el\u00e9ctrico en el centro de Caracas","datePublished":"2017-06-21T16:52:04+00:00","mainEntityOfPage":{"@id":"https:\/\/stage3.rnv.gob.ve\/wp\/corpoelec-atiende-falla-del-servicio-electrico-en-el-centro-de-caracas\/"},"wordCount":170,"publisher":{"@id":"https:\/\/stage3.rnv.gob.ve\/wp\/#organization"},"image":{"@id":"https:\/\/stage3.rnv.gob.ve\/wp\/corpoelec-atiende-falla-del-servicio-electrico-en-el-centro-de-caracas\/#primaryimage"},"thumbnailUrl":"","keywords":["corpoelec","falla","RNV","servicio"],"articleSection":["Ciudad"],"inLanguage":"es"},{"@type":"WebPage","@id":"https:\/\/stage3.rnv.gob.ve\/wp\/corpoelec-atiende-falla-del-servicio-electrico-en-el-centro-de-caracas\/","url":"https:\/\/stage3.rnv.gob.ve\/wp\/corpoelec-atiende-falla-del-servicio-electrico-en-el-centro-de-caracas\/","name":"Corpoelec atiende falla del servicio el\u00e9ctrico en el centro de Caracas - DEV RNV","isPartOf":{"@id":"https:\/\/stage3.rnv.gob.ve\/wp\/#website"},"primaryImageOfPage":{"@id":"https:\/\/stage3.rnv.gob.ve\/wp\/corpoelec-atiende-falla-del-servicio-electrico-en-el-centro-de-caracas\/#primaryimage"},"image":{"@id":"https:\/\/stage3.rnv.gob.ve\/wp\/corpoelec-atiende-falla-del-servicio-electrico-en-el-centro-de-caracas\/#primaryimage"},"thumbnailUrl":"","datePublished":"2017-06-21T16:52:04+00:00","breadcrumb":{"@id":"https:\/\/stage3.rnv.gob.ve\/wp\/corpoelec-atiende-falla-del-servicio-electrico-en-el-centro-de-caracas\/#breadcrumb"},"inLanguage":"es","potentialAction":[{"@type":"ReadAction","target":["https:\/\/stage3.rnv.gob.ve\/wp\/corpoelec-atiende-falla-del-servicio-electrico-en-el-centro-de-caracas\/"]}]},{"@type":"ImageObject","inLanguage":"es","@id":"https:\/\/stage3.rnv.gob.ve\/wp\/corpoelec-atiende-falla-del-servicio-electrico-en-el-centro-de-caracas\/#primaryimage","url":"","contentUrl":""},{"@type":"BreadcrumbList","@id":"https:\/\/stage3.rnv.gob.ve\/wp\/corpoelec-atiende-falla-del-servicio-electrico-en-el-centro-de-caracas\/#breadcrumb","itemListElement":[{"@type":"ListItem","position":1,"name":"Portada","item":"https:\/\/stage3.rnv.gob.ve\/wp\/"},{"@type":"ListItem","position":2,"name":"Corpoelec Atiende Falla Del Servicio El\u00e9ctrico En El Centro De Caracas"}]},{"@type":"WebSite","@id":"https:\/\/stage3.rnv.gob.ve\/wp\/#website","url":"https:\/\/stage3.rnv.gob.ve\/wp\/","name":"DEV RNV","description":"Radio Nacional de Venezuela C.A.","publisher":{"@id":"https:\/\/stage3.rnv.gob.ve\/wp\/#organization"},"potentialAction":[{"@type":"SearchAction","target":{"@type":"EntryPoint","urlTemplate":"https:\/\/stage3.rnv.gob.ve\/wp\/?s={search_term_string}"},"query-input":{"@type":"PropertyValueSpecification","valueRequired":true,"valueName":"search_term_string"}}],"inLanguage":"es"},{"@type":"Organization","@id":"https:\/\/stage3.rnv.gob.ve\/wp\/#organization","name":"Radio Nacional de Venezuela C.A.","url":"https:\/\/stage3.rnv.gob.ve\/wp\/","logo":{"@type":"ImageObject","inLanguage":"es","@id":"https:\/\/stage3.rnv.gob.ve\/wp\/#\/schema\/logo\/image\/","url":"http:\/\/rnv.ddns.net\/prensa\/wp-content\/uploads\/2022\/04\/rnv-1-300x227-1.jpg","contentUrl":"http:\/\/rnv.ddns.net\/prensa\/wp-content\/uploads\/2022\/04\/rnv-1-300x227-1.jpg","width":800,"height":455,"caption":"Radio Nacional de Venezuela C.A."},"image":{"@id":"https:\/\/stage3.rnv.gob.ve\/wp\/#\/schema\/logo\/image\/"},"sameAs":["https:\/\/www.facebook.com\/RadioNacionaldeVenezuela","https:\/\/x.com\/RNVinformativa","https:\/\/www.instagram.com\/rnvinformativa\/","https:\/\/www.youtube.com\/user\/RNVContigo"]},{"@type":"Person","@id":"https:\/\/stage3.rnv.gob.ve\/wp\/#\/schema\/person\/0862ce8cde332e0bc63b8a243f0eea2c","name":"administrador","sameAs":["http:\/\/arnoldoeloy.net"],"url":"https:\/\/stage3.rnv.gob.ve\/wp\/author\/administrador\/"}]}},"jetpack_featured_media_url":"","_links":{"self":[{"href":"https:\/\/stage3.rnv.gob.ve\/wp\/wp-json\/wp\/v2\/posts\/150910","targetHints":{"allow":["GET"]}}],"collection":[{"href":"https:\/\/stage3.rnv.gob.ve\/wp\/wp-json\/wp\/v2\/posts"}],"about":[{"href":"https:\/\/stage3.rnv.gob.ve\/wp\/wp-json\/wp\/v2\/types\/post"}],"author":[{"embeddable":true,"href":"https:\/\/stage3.rnv.gob.ve\/wp\/wp-json\/wp\/v2\/users\/1"}],"replies":[{"embeddable":true,"href":"https:\/\/stage3.rnv.gob.ve\/wp\/wp-json\/wp\/v2\/comments?post=150910"}],"version-history":[{"count":0,"href":"https:\/\/stage3.rnv.gob.ve\/wp\/wp-json\/wp\/v2\/posts\/150910\/revisions"}],"wp:featuredmedia":[{"embeddable":true,"href":"https:\/\/stage3.rnv.gob.ve\/wp\/wp-json\/"}],"wp:attachment":[{"href":"https:\/\/stage3.rnv.gob.ve\/wp\/wp-json\/wp\/v2\/media?parent=150910"}],"wp:term":[{"taxonomy":"category","embeddable":true,"href":"https:\/\/stage3.rnv.gob.ve\/wp\/wp-json\/wp\/v2\/categories?post=150910"},{"taxonomy":"post_tag","embeddable":true,"href":"https:\/\/stage3.rnv.gob.ve\/wp\/wp-json\/wp\/v2\/tags?post=150910"}],"curies":[{"name":"wp","href":"https:\/\/api.w.org\/{rel}","templated":true}]}}