{"id":149374,"date":"2017-06-15T06:48:56","date_gmt":"2017-06-15T11:18:56","guid":{"rendered":"http:\/\/wpeditor.rnv.gob.ve\/?p=149374"},"modified":"2017-06-15T06:48:56","modified_gmt":"2017-06-15T11:18:56","slug":"corpocentro-dirige-abordaje-tecnico-para-fortalecer-al-poder-popular-en-carabobo","status":"publish","type":"post","link":"https:\/\/stage3.rnv.gob.ve\/wp\/corpocentro-dirige-abordaje-tecnico-para-fortalecer-al-poder-popular-en-carabobo\/","title":{"rendered":"Corpocentro dirige abordaje t\u00e9cnico para fortalecer al Poder Popular en Carabobo"},"content":{"rendered":"<figure id=\"attachment_149378\" aria-describedby=\"caption-attachment-149378\" style=\"width: 300px\" class=\"wp-caption alignleft\"><img fetchpriority=\"high\" decoding=\"async\" class=\"size-medium wp-image-149378\" src=\"http:\/\/wpeditor.rnv.gob.ve\/app\/uploads\/2017\/06\/DBUlnb3WsAUpnkb-300x225.jpg\" alt=\"\" width=\"300\" height=\"225\" \/><figcaption id=\"caption-attachment-149378\" class=\"wp-caption-text\">Foto referencial<\/figcaption><\/figure>\n<p>En el marco del Proceso Popular Constituyente la Corporaci\u00f3n para el Desarrollo de la Regi\u00f3n Central (Corpocentro), desarrolla un plan de abordaje t\u00e9cnico en comunidades de Carabobo para el fortalecimiento de proyectos del Poder Popular.<\/p>\n<p>Diferentes talleres de capacitaci\u00f3n en relaci\u00f3n a las leyes que competen a los Consejos Comunales y Comunas, asesor\u00edas en la elaboraci\u00f3n de proyectos as\u00ed como acompa\u00f1ar toda la campa\u00f1a informativa hacia la Asamblea Nacional Constituyente, son las tareas asumidas por todo el equipo de Corpocentro, informaci\u00f3n que precis\u00f3 Honexis Valdespino, jefe del \u00c1rea de Asistencia T\u00e9cnica.<\/p>\n<p>\u201cEstamos dando talleres de capacitaci\u00f3n para el fortalecimiento del Poder Popular con todo lo que tiene que ver con la Ley de Contrataciones P\u00fablicas, con la Ley de Comunas, la Ley de Planificaci\u00f3n del Poder Popular, tenemos talleres para la formaci\u00f3n de proyectos\u201d, destac\u00f3 Valdespino.<\/p>\n<p>Resalt\u00f3 que el abordaje t\u00e9cnico se adelanta con la Comuna Batalla de Vigirima en Guacara y el mismo tiene el objetivo de atender tambi\u00e9n las necesidades de cada Consejo Comunal que la integra.<\/p>\n<p>El funcionario del Corpocentro indic\u00f3 adem\u00e1s que este plan tiene contemplado visitar a las comunidades organizadas del estado Aragua que al igual requieran el acompa\u00f1amiento.<\/p>\n<p><strong>Escuche el reporte de Wendy Rengifo para RNV<\/strong><\/p>\n<audio class=\"wp-audio-shortcode\" id=\"audio-149374-1\" preload=\"none\" style=\"width: 100%;\" controls=\"controls\"><source type=\"audio\/mpeg\" src=\"http:\/\/wpeditor.rnv.gob.ve\/app\/uploads\/2017\/06\/reportecarabobo-1.mp3?_=1\" \/><a href=\"http:\/\/wpeditor.rnv.gob.ve\/app\/uploads\/2017\/06\/reportecarabobo-1.mp3\">http:\/\/wpeditor.rnv.gob.ve\/app\/uploads\/2017\/06\/reportecarabobo-1.mp3<\/a><\/audio>\n<p>T\/RNV Corresponsal\u00eda\/Carabobo<\/p>\n","protected":false},"excerpt":{"rendered":"<p>En el marco del Proceso Popular Constituyente la Corporaci\u00f3n para el Desarrollo de la Regi\u00f3n Central (Corpocentro), desarrolla un plan de abordaje t\u00e9cnico en comunidades de Carabobo para el fortalecimiento de proyectos del Poder Popular. Diferentes talleres de capacitaci\u00f3n en relaci\u00f3n a las leyes que competen a los Consejos Comunales y Comunas, asesor\u00edas en la [&hellip;]<\/p>\n","protected":false},"author":1,"featured_media":149378,"comment_status":"closed","ping_status":"open","sticky":false,"template":"","format":"standard","meta":{"_acf_changed":false,"footnotes":""},"categories":[69],"tags":[14550,247,15557,82],"class_list":["post-149374","post","type-post","status-publish","format-standard","has-post-thumbnail","hentry","category-regional","tag-anc","tag-carabobo","tag-corpocentro","tag-rnv"],"acf":[],"yoast_head":"<!-- This site is optimized with the Yoast SEO plugin v27.4 - https:\/\/yoast.com\/product\/yoast-seo-wordpress\/ -->\n<title>Corpocentro dirige abordaje t\u00e9cnico para fortalecer al Poder Popular en Carabobo - DEV RNV<\/title>\n<meta name=\"robots\" content=\"noindex, follow, max-snippet:-1, max-image-preview:large, max-video-preview:-1\" \/>\n<meta property=\"og:locale\" content=\"es_ES\" \/>\n<meta property=\"og:type\" content=\"article\" \/>\n<meta property=\"og:title\" content=\"Corpocentro dirige abordaje t\u00e9cnico para fortalecer al Poder Popular en Carabobo - DEV RNV\" \/>\n<meta property=\"og:description\" content=\"En el marco del Proceso Popular Constituyente la Corporaci\u00f3n para el Desarrollo de la Regi\u00f3n Central (Corpocentro), desarrolla un plan de abordaje t\u00e9cnico en comunidades de Carabobo para el fortalecimiento de proyectos del Poder Popular. Diferentes talleres de capacitaci\u00f3n en relaci\u00f3n a las leyes que competen a los Consejos Comunales y Comunas, asesor\u00edas en la [&hellip;]\" \/>\n<meta property=\"og:url\" content=\"https:\/\/stage3.rnv.gob.ve\/wp\/corpocentro-dirige-abordaje-tecnico-para-fortalecer-al-poder-popular-en-carabobo\/\" \/>\n<meta property=\"og:site_name\" content=\"DEV RNV\" \/>\n<meta property=\"article:publisher\" content=\"https:\/\/www.facebook.com\/RadioNacionaldeVenezuela\" \/>\n<meta property=\"article:published_time\" content=\"2017-06-15T11:18:56+00:00\" \/>\n<meta name=\"author\" content=\"administrador\" \/>\n<meta name=\"twitter:card\" content=\"summary_large_image\" \/>\n<meta name=\"twitter:creator\" content=\"@RNVinformativa\" \/>\n<meta name=\"twitter:site\" content=\"@RNVinformativa\" \/>\n<meta name=\"twitter:label1\" content=\"Escrito por\" \/>\n\t<meta name=\"twitter:data1\" content=\"administrador\" \/>\n\t<meta name=\"twitter:label2\" content=\"Tiempo estimado de lectura\" \/>\n\t<meta name=\"twitter:data2\" content=\"1 minuto\" \/>\n<script type=\"application\/ld+json\" class=\"yoast-schema-graph\">{\"@context\":\"https:\\\/\\\/schema.org\",\"@graph\":[{\"@type\":\"Article\",\"@id\":\"https:\\\/\\\/stage3.rnv.gob.ve\\\/wp\\\/corpocentro-dirige-abordaje-tecnico-para-fortalecer-al-poder-popular-en-carabobo\\\/#article\",\"isPartOf\":{\"@id\":\"https:\\\/\\\/stage3.rnv.gob.ve\\\/wp\\\/corpocentro-dirige-abordaje-tecnico-para-fortalecer-al-poder-popular-en-carabobo\\\/\"},\"author\":{\"name\":\"administrador\",\"@id\":\"https:\\\/\\\/stage3.rnv.gob.ve\\\/wp\\\/#\\\/schema\\\/person\\\/0862ce8cde332e0bc63b8a243f0eea2c\"},\"headline\":\"Corpocentro dirige abordaje t\u00e9cnico para fortalecer al Poder Popular en Carabobo\",\"datePublished\":\"2017-06-15T11:18:56+00:00\",\"mainEntityOfPage\":{\"@id\":\"https:\\\/\\\/stage3.rnv.gob.ve\\\/wp\\\/corpocentro-dirige-abordaje-tecnico-para-fortalecer-al-poder-popular-en-carabobo\\\/\"},\"wordCount\":259,\"publisher\":{\"@id\":\"https:\\\/\\\/stage3.rnv.gob.ve\\\/wp\\\/#organization\"},\"image\":{\"@id\":\"https:\\\/\\\/stage3.rnv.gob.ve\\\/wp\\\/corpocentro-dirige-abordaje-tecnico-para-fortalecer-al-poder-popular-en-carabobo\\\/#primaryimage\"},\"thumbnailUrl\":\"\",\"keywords\":[\"anc\",\"carabobo\",\"corpocentro\",\"RNV\"],\"articleSection\":[\"Regional\"],\"inLanguage\":\"es\"},{\"@type\":\"WebPage\",\"@id\":\"https:\\\/\\\/stage3.rnv.gob.ve\\\/wp\\\/corpocentro-dirige-abordaje-tecnico-para-fortalecer-al-poder-popular-en-carabobo\\\/\",\"url\":\"https:\\\/\\\/stage3.rnv.gob.ve\\\/wp\\\/corpocentro-dirige-abordaje-tecnico-para-fortalecer-al-poder-popular-en-carabobo\\\/\",\"name\":\"Corpocentro dirige abordaje t\u00e9cnico para fortalecer al Poder Popular en Carabobo - DEV RNV\",\"isPartOf\":{\"@id\":\"https:\\\/\\\/stage3.rnv.gob.ve\\\/wp\\\/#website\"},\"primaryImageOfPage\":{\"@id\":\"https:\\\/\\\/stage3.rnv.gob.ve\\\/wp\\\/corpocentro-dirige-abordaje-tecnico-para-fortalecer-al-poder-popular-en-carabobo\\\/#primaryimage\"},\"image\":{\"@id\":\"https:\\\/\\\/stage3.rnv.gob.ve\\\/wp\\\/corpocentro-dirige-abordaje-tecnico-para-fortalecer-al-poder-popular-en-carabobo\\\/#primaryimage\"},\"thumbnailUrl\":\"\",\"datePublished\":\"2017-06-15T11:18:56+00:00\",\"breadcrumb\":{\"@id\":\"https:\\\/\\\/stage3.rnv.gob.ve\\\/wp\\\/corpocentro-dirige-abordaje-tecnico-para-fortalecer-al-poder-popular-en-carabobo\\\/#breadcrumb\"},\"inLanguage\":\"es\",\"potentialAction\":[{\"@type\":\"ReadAction\",\"target\":[\"https:\\\/\\\/stage3.rnv.gob.ve\\\/wp\\\/corpocentro-dirige-abordaje-tecnico-para-fortalecer-al-poder-popular-en-carabobo\\\/\"]}]},{\"@type\":\"ImageObject\",\"inLanguage\":\"es\",\"@id\":\"https:\\\/\\\/stage3.rnv.gob.ve\\\/wp\\\/corpocentro-dirige-abordaje-tecnico-para-fortalecer-al-poder-popular-en-carabobo\\\/#primaryimage\",\"url\":\"\",\"contentUrl\":\"\"},{\"@type\":\"BreadcrumbList\",\"@id\":\"https:\\\/\\\/stage3.rnv.gob.ve\\\/wp\\\/corpocentro-dirige-abordaje-tecnico-para-fortalecer-al-poder-popular-en-carabobo\\\/#breadcrumb\",\"itemListElement\":[{\"@type\":\"ListItem\",\"position\":1,\"name\":\"Portada\",\"item\":\"https:\\\/\\\/stage3.rnv.gob.ve\\\/wp\\\/\"},{\"@type\":\"ListItem\",\"position\":2,\"name\":\"Corpocentro Dirige Abordaje T\u00e9cnico Para Fortalecer Al Poder Popular En Carabobo\"}]},{\"@type\":\"WebSite\",\"@id\":\"https:\\\/\\\/stage3.rnv.gob.ve\\\/wp\\\/#website\",\"url\":\"https:\\\/\\\/stage3.rnv.gob.ve\\\/wp\\\/\",\"name\":\"DEV RNV\",\"description\":\"Radio Nacional de Venezuela C.A.\",\"publisher\":{\"@id\":\"https:\\\/\\\/stage3.rnv.gob.ve\\\/wp\\\/#organization\"},\"potentialAction\":[{\"@type\":\"SearchAction\",\"target\":{\"@type\":\"EntryPoint\",\"urlTemplate\":\"https:\\\/\\\/stage3.rnv.gob.ve\\\/wp\\\/?s={search_term_string}\"},\"query-input\":{\"@type\":\"PropertyValueSpecification\",\"valueRequired\":true,\"valueName\":\"search_term_string\"}}],\"inLanguage\":\"es\"},{\"@type\":\"Organization\",\"@id\":\"https:\\\/\\\/stage3.rnv.gob.ve\\\/wp\\\/#organization\",\"name\":\"Radio Nacional de Venezuela C.A.\",\"url\":\"https:\\\/\\\/stage3.rnv.gob.ve\\\/wp\\\/\",\"logo\":{\"@type\":\"ImageObject\",\"inLanguage\":\"es\",\"@id\":\"https:\\\/\\\/stage3.rnv.gob.ve\\\/wp\\\/#\\\/schema\\\/logo\\\/image\\\/\",\"url\":\"http:\\\/\\\/rnv.ddns.net\\\/prensa\\\/wp-content\\\/uploads\\\/2022\\\/04\\\/rnv-1-300x227-1.jpg\",\"contentUrl\":\"http:\\\/\\\/rnv.ddns.net\\\/prensa\\\/wp-content\\\/uploads\\\/2022\\\/04\\\/rnv-1-300x227-1.jpg\",\"width\":800,\"height\":455,\"caption\":\"Radio Nacional de Venezuela C.A.\"},\"image\":{\"@id\":\"https:\\\/\\\/stage3.rnv.gob.ve\\\/wp\\\/#\\\/schema\\\/logo\\\/image\\\/\"},\"sameAs\":[\"https:\\\/\\\/www.facebook.com\\\/RadioNacionaldeVenezuela\",\"https:\\\/\\\/x.com\\\/RNVinformativa\",\"https:\\\/\\\/www.instagram.com\\\/rnvinformativa\\\/\",\"https:\\\/\\\/www.youtube.com\\\/user\\\/RNVContigo\"]},{\"@type\":\"Person\",\"@id\":\"https:\\\/\\\/stage3.rnv.gob.ve\\\/wp\\\/#\\\/schema\\\/person\\\/0862ce8cde332e0bc63b8a243f0eea2c\",\"name\":\"administrador\",\"sameAs\":[\"http:\\\/\\\/arnoldoeloy.net\"],\"url\":\"https:\\\/\\\/stage3.rnv.gob.ve\\\/wp\\\/author\\\/administrador\\\/\"}]}<\/script>\n<!-- \/ Yoast SEO plugin. -->","yoast_head_json":{"title":"Corpocentro dirige abordaje t\u00e9cnico para fortalecer al Poder Popular en Carabobo - DEV RNV","robots":{"index":"noindex","follow":"follow","max-snippet":"max-snippet:-1","max-image-preview":"max-image-preview:large","max-video-preview":"max-video-preview:-1"},"og_locale":"es_ES","og_type":"article","og_title":"Corpocentro dirige abordaje t\u00e9cnico para fortalecer al Poder Popular en Carabobo - DEV RNV","og_description":"En el marco del Proceso Popular Constituyente la Corporaci\u00f3n para el Desarrollo de la Regi\u00f3n Central (Corpocentro), desarrolla un plan de abordaje t\u00e9cnico en comunidades de Carabobo para el fortalecimiento de proyectos del Poder Popular. Diferentes talleres de capacitaci\u00f3n en relaci\u00f3n a las leyes que competen a los Consejos Comunales y Comunas, asesor\u00edas en la [&hellip;]","og_url":"https:\/\/stage3.rnv.gob.ve\/wp\/corpocentro-dirige-abordaje-tecnico-para-fortalecer-al-poder-popular-en-carabobo\/","og_site_name":"DEV RNV","article_publisher":"https:\/\/www.facebook.com\/RadioNacionaldeVenezuela","article_published_time":"2017-06-15T11:18:56+00:00","author":"administrador","twitter_card":"summary_large_image","twitter_creator":"@RNVinformativa","twitter_site":"@RNVinformativa","twitter_misc":{"Escrito por":"administrador","Tiempo estimado de lectura":"1 minuto"},"schema":{"@context":"https:\/\/schema.org","@graph":[{"@type":"Article","@id":"https:\/\/stage3.rnv.gob.ve\/wp\/corpocentro-dirige-abordaje-tecnico-para-fortalecer-al-poder-popular-en-carabobo\/#article","isPartOf":{"@id":"https:\/\/stage3.rnv.gob.ve\/wp\/corpocentro-dirige-abordaje-tecnico-para-fortalecer-al-poder-popular-en-carabobo\/"},"author":{"name":"administrador","@id":"https:\/\/stage3.rnv.gob.ve\/wp\/#\/schema\/person\/0862ce8cde332e0bc63b8a243f0eea2c"},"headline":"Corpocentro dirige abordaje t\u00e9cnico para fortalecer al Poder Popular en Carabobo","datePublished":"2017-06-15T11:18:56+00:00","mainEntityOfPage":{"@id":"https:\/\/stage3.rnv.gob.ve\/wp\/corpocentro-dirige-abordaje-tecnico-para-fortalecer-al-poder-popular-en-carabobo\/"},"wordCount":259,"publisher":{"@id":"https:\/\/stage3.rnv.gob.ve\/wp\/#organization"},"image":{"@id":"https:\/\/stage3.rnv.gob.ve\/wp\/corpocentro-dirige-abordaje-tecnico-para-fortalecer-al-poder-popular-en-carabobo\/#primaryimage"},"thumbnailUrl":"","keywords":["anc","carabobo","corpocentro","RNV"],"articleSection":["Regional"],"inLanguage":"es"},{"@type":"WebPage","@id":"https:\/\/stage3.rnv.gob.ve\/wp\/corpocentro-dirige-abordaje-tecnico-para-fortalecer-al-poder-popular-en-carabobo\/","url":"https:\/\/stage3.rnv.gob.ve\/wp\/corpocentro-dirige-abordaje-tecnico-para-fortalecer-al-poder-popular-en-carabobo\/","name":"Corpocentro dirige abordaje t\u00e9cnico para fortalecer al Poder Popular en Carabobo - DEV RNV","isPartOf":{"@id":"https:\/\/stage3.rnv.gob.ve\/wp\/#website"},"primaryImageOfPage":{"@id":"https:\/\/stage3.rnv.gob.ve\/wp\/corpocentro-dirige-abordaje-tecnico-para-fortalecer-al-poder-popular-en-carabobo\/#primaryimage"},"image":{"@id":"https:\/\/stage3.rnv.gob.ve\/wp\/corpocentro-dirige-abordaje-tecnico-para-fortalecer-al-poder-popular-en-carabobo\/#primaryimage"},"thumbnailUrl":"","datePublished":"2017-06-15T11:18:56+00:00","breadcrumb":{"@id":"https:\/\/stage3.rnv.gob.ve\/wp\/corpocentro-dirige-abordaje-tecnico-para-fortalecer-al-poder-popular-en-carabobo\/#breadcrumb"},"inLanguage":"es","potentialAction":[{"@type":"ReadAction","target":["https:\/\/stage3.rnv.gob.ve\/wp\/corpocentro-dirige-abordaje-tecnico-para-fortalecer-al-poder-popular-en-carabobo\/"]}]},{"@type":"ImageObject","inLanguage":"es","@id":"https:\/\/stage3.rnv.gob.ve\/wp\/corpocentro-dirige-abordaje-tecnico-para-fortalecer-al-poder-popular-en-carabobo\/#primaryimage","url":"","contentUrl":""},{"@type":"BreadcrumbList","@id":"https:\/\/stage3.rnv.gob.ve\/wp\/corpocentro-dirige-abordaje-tecnico-para-fortalecer-al-poder-popular-en-carabobo\/#breadcrumb","itemListElement":[{"@type":"ListItem","position":1,"name":"Portada","item":"https:\/\/stage3.rnv.gob.ve\/wp\/"},{"@type":"ListItem","position":2,"name":"Corpocentro Dirige Abordaje T\u00e9cnico Para Fortalecer Al Poder Popular En Carabobo"}]},{"@type":"WebSite","@id":"https:\/\/stage3.rnv.gob.ve\/wp\/#website","url":"https:\/\/stage3.rnv.gob.ve\/wp\/","name":"DEV RNV","description":"Radio Nacional de Venezuela C.A.","publisher":{"@id":"https:\/\/stage3.rnv.gob.ve\/wp\/#organization"},"potentialAction":[{"@type":"SearchAction","target":{"@type":"EntryPoint","urlTemplate":"https:\/\/stage3.rnv.gob.ve\/wp\/?s={search_term_string}"},"query-input":{"@type":"PropertyValueSpecification","valueRequired":true,"valueName":"search_term_string"}}],"inLanguage":"es"},{"@type":"Organization","@id":"https:\/\/stage3.rnv.gob.ve\/wp\/#organization","name":"Radio Nacional de Venezuela C.A.","url":"https:\/\/stage3.rnv.gob.ve\/wp\/","logo":{"@type":"ImageObject","inLanguage":"es","@id":"https:\/\/stage3.rnv.gob.ve\/wp\/#\/schema\/logo\/image\/","url":"http:\/\/rnv.ddns.net\/prensa\/wp-content\/uploads\/2022\/04\/rnv-1-300x227-1.jpg","contentUrl":"http:\/\/rnv.ddns.net\/prensa\/wp-content\/uploads\/2022\/04\/rnv-1-300x227-1.jpg","width":800,"height":455,"caption":"Radio Nacional de Venezuela C.A."},"image":{"@id":"https:\/\/stage3.rnv.gob.ve\/wp\/#\/schema\/logo\/image\/"},"sameAs":["https:\/\/www.facebook.com\/RadioNacionaldeVenezuela","https:\/\/x.com\/RNVinformativa","https:\/\/www.instagram.com\/rnvinformativa\/","https:\/\/www.youtube.com\/user\/RNVContigo"]},{"@type":"Person","@id":"https:\/\/stage3.rnv.gob.ve\/wp\/#\/schema\/person\/0862ce8cde332e0bc63b8a243f0eea2c","name":"administrador","sameAs":["http:\/\/arnoldoeloy.net"],"url":"https:\/\/stage3.rnv.gob.ve\/wp\/author\/administrador\/"}]}},"jetpack_featured_media_url":"","_links":{"self":[{"href":"https:\/\/stage3.rnv.gob.ve\/wp\/wp-json\/wp\/v2\/posts\/149374","targetHints":{"allow":["GET"]}}],"collection":[{"href":"https:\/\/stage3.rnv.gob.ve\/wp\/wp-json\/wp\/v2\/posts"}],"about":[{"href":"https:\/\/stage3.rnv.gob.ve\/wp\/wp-json\/wp\/v2\/types\/post"}],"author":[{"embeddable":true,"href":"https:\/\/stage3.rnv.gob.ve\/wp\/wp-json\/wp\/v2\/users\/1"}],"replies":[{"embeddable":true,"href":"https:\/\/stage3.rnv.gob.ve\/wp\/wp-json\/wp\/v2\/comments?post=149374"}],"version-history":[{"count":0,"href":"https:\/\/stage3.rnv.gob.ve\/wp\/wp-json\/wp\/v2\/posts\/149374\/revisions"}],"wp:featuredmedia":[{"embeddable":true,"href":"https:\/\/stage3.rnv.gob.ve\/wp\/wp-json\/"}],"wp:attachment":[{"href":"https:\/\/stage3.rnv.gob.ve\/wp\/wp-json\/wp\/v2\/media?parent=149374"}],"wp:term":[{"taxonomy":"category","embeddable":true,"href":"https:\/\/stage3.rnv.gob.ve\/wp\/wp-json\/wp\/v2\/categories?post=149374"},{"taxonomy":"post_tag","embeddable":true,"href":"https:\/\/stage3.rnv.gob.ve\/wp\/wp-json\/wp\/v2\/tags?post=149374"}],"curies":[{"name":"wp","href":"https:\/\/api.w.org\/{rel}","templated":true}]}}