{"id":149250,"date":"2017-06-15T06:13:21","date_gmt":"2017-06-15T10:43:21","guid":{"rendered":"http:\/\/wpeditor.rnv.gob.ve\/?p=149250"},"modified":"2017-06-15T06:13:21","modified_gmt":"2017-06-15T10:43:21","slug":"grupo-vandalico-ataco-radio-elevacion-bolivariana-93-3-fm-en-anzoategui","status":"publish","type":"post","link":"https:\/\/stage3.rnv.gob.ve\/wp\/grupo-vandalico-ataco-radio-elevacion-bolivariana-93-3-fm-en-anzoategui\/","title":{"rendered":"Grupo vand\u00e1lico atac\u00f3 Radio Elevaci\u00f3n Bolivariana 93.3 FM en Anzo\u00e1tegui"},"content":{"rendered":"<figure id=\"attachment_149251\" aria-describedby=\"caption-attachment-149251\" style=\"width: 300px\" class=\"wp-caption alignleft\"><img fetchpriority=\"high\" decoding=\"async\" class=\"size-medium wp-image-149251\" src=\"http:\/\/wpeditor.rnv.gob.ve\/app\/uploads\/2017\/06\/guarimba-300x225.jpg\" alt=\"\" width=\"300\" height=\"225\" \/><figcaption id=\"caption-attachment-149251\" class=\"wp-caption-text\">Foto: Manifestaciones violentas en Anzo\u00e1tegui\/Archivo<\/figcaption><\/figure>\n<p>El director de la Radio Elevaci\u00f3n Bolivariana 93.3 FM, Julio Medina, denunci\u00f3 ayer, mi\u00e9rcoles, que un grupo vand\u00e1lico lanz\u00f3 excremento humano contra esta emisora radial, as\u00ed como tambi\u00e9n dej\u00f3 un supuesto dispositivo explosivo en la puerta principal de este local, ubicado en Aragua de Barcelona, estado Anzo\u00e1tegui.<!--more--><\/p>\n<p>El director de la emisora, en un contacto telef\u00f3nico por Venezolana de Televisi\u00f3n, hizo un llamado al pueblo a repudiar todo tipo de actos vand\u00e1licos y terroristas a los medios de comunicaci\u00f3n nacidos y creados en revoluci\u00f3n.<\/p>\n<p>\u00abHoy repudiamos estos actos que van en contra de nuestra venezolanidad. Hoy fue nuestra emisora, la semana pasada fueron v\u00edctimas tambi\u00e9n reporteros y el exdirector de esta emisora Vicente Fajardo Carmona\u00bb, record\u00f3 Molina.<\/p>\n<p>Sostuvo que el comunicador popular Jos\u00e9 Triana, trabajador de la emisora, tambi\u00e9n fue v\u00edctima de un atentado contra su vivienda.<\/p>\n<p>Desde a principios de abril, sectores extremistas de la oposici\u00f3n activaron un plan sedicioso con fines golpistas, que incluye la activaci\u00f3n de grupos violentos y vand\u00e1licos que han atacado a bienes p\u00fablicos y privados, as\u00ed como instituciones gubernamentales e integrantes de medios de comunicaci\u00f3n.<\/p>\n<p>&nbsp;<\/p>\n<p><strong>T\/AVN<\/strong><\/p>\n","protected":false},"excerpt":{"rendered":"<p>El director de la Radio Elevaci\u00f3n Bolivariana 93.3 FM, Julio Medina, denunci\u00f3 ayer, mi\u00e9rcoles, que un grupo vand\u00e1lico lanz\u00f3 excremento humano contra esta emisora radial, as\u00ed como tambi\u00e9n dej\u00f3 un supuesto dispositivo explosivo en la puerta principal de este local, ubicado en Aragua de Barcelona, estado Anzo\u00e1tegui.<\/p>\n","protected":false},"author":1,"featured_media":149251,"comment_status":"closed","ping_status":"open","sticky":false,"template":"","format":"standard","meta":{"_acf_changed":false,"footnotes":""},"categories":[69],"tags":[546,1051,571,15553],"class_list":["post-149250","post","type-post","status-publish","format-standard","has-post-thumbnail","hentry","category-regional","tag-anzoategui","tag-ataque","tag-guarimbas","tag-radio-elevacion-bolivariana"],"acf":[],"yoast_head":"<!-- This site is optimized with the Yoast SEO plugin v27.4 - https:\/\/yoast.com\/product\/yoast-seo-wordpress\/ -->\n<title>Grupo vand\u00e1lico atac\u00f3 Radio Elevaci\u00f3n Bolivariana 93.3 FM en Anzo\u00e1tegui - DEV RNV<\/title>\n<meta name=\"robots\" content=\"noindex, follow, max-snippet:-1, max-image-preview:large, max-video-preview:-1\" \/>\n<meta property=\"og:locale\" content=\"es_ES\" \/>\n<meta property=\"og:type\" content=\"article\" \/>\n<meta property=\"og:title\" content=\"Grupo vand\u00e1lico atac\u00f3 Radio Elevaci\u00f3n Bolivariana 93.3 FM en Anzo\u00e1tegui - DEV RNV\" \/>\n<meta property=\"og:description\" content=\"El director de la Radio Elevaci\u00f3n Bolivariana 93.3 FM, Julio Medina, denunci\u00f3 ayer, mi\u00e9rcoles, que un grupo vand\u00e1lico lanz\u00f3 excremento humano contra esta emisora radial, as\u00ed como tambi\u00e9n dej\u00f3 un supuesto dispositivo explosivo en la puerta principal de este local, ubicado en Aragua de Barcelona, estado Anzo\u00e1tegui.\" \/>\n<meta property=\"og:url\" content=\"https:\/\/stage3.rnv.gob.ve\/wp\/grupo-vandalico-ataco-radio-elevacion-bolivariana-93-3-fm-en-anzoategui\/\" \/>\n<meta property=\"og:site_name\" content=\"DEV RNV\" \/>\n<meta property=\"article:publisher\" content=\"https:\/\/www.facebook.com\/RadioNacionaldeVenezuela\" \/>\n<meta property=\"article:published_time\" content=\"2017-06-15T10:43:21+00:00\" \/>\n<meta name=\"author\" content=\"administrador\" \/>\n<meta name=\"twitter:card\" content=\"summary_large_image\" \/>\n<meta name=\"twitter:creator\" content=\"@RNVinformativa\" \/>\n<meta name=\"twitter:site\" content=\"@RNVinformativa\" \/>\n<meta name=\"twitter:label1\" content=\"Escrito por\" \/>\n\t<meta name=\"twitter:data1\" content=\"administrador\" \/>\n\t<meta name=\"twitter:label2\" content=\"Tiempo estimado de lectura\" \/>\n\t<meta name=\"twitter:data2\" content=\"1 minuto\" \/>\n<script type=\"application\/ld+json\" class=\"yoast-schema-graph\">{\"@context\":\"https:\\\/\\\/schema.org\",\"@graph\":[{\"@type\":\"Article\",\"@id\":\"https:\\\/\\\/stage3.rnv.gob.ve\\\/wp\\\/grupo-vandalico-ataco-radio-elevacion-bolivariana-93-3-fm-en-anzoategui\\\/#article\",\"isPartOf\":{\"@id\":\"https:\\\/\\\/stage3.rnv.gob.ve\\\/wp\\\/grupo-vandalico-ataco-radio-elevacion-bolivariana-93-3-fm-en-anzoategui\\\/\"},\"author\":{\"name\":\"administrador\",\"@id\":\"https:\\\/\\\/stage3.rnv.gob.ve\\\/wp\\\/#\\\/schema\\\/person\\\/0862ce8cde332e0bc63b8a243f0eea2c\"},\"headline\":\"Grupo vand\u00e1lico atac\u00f3 Radio Elevaci\u00f3n Bolivariana 93.3 FM en Anzo\u00e1tegui\",\"datePublished\":\"2017-06-15T10:43:21+00:00\",\"mainEntityOfPage\":{\"@id\":\"https:\\\/\\\/stage3.rnv.gob.ve\\\/wp\\\/grupo-vandalico-ataco-radio-elevacion-bolivariana-93-3-fm-en-anzoategui\\\/\"},\"wordCount\":228,\"publisher\":{\"@id\":\"https:\\\/\\\/stage3.rnv.gob.ve\\\/wp\\\/#organization\"},\"image\":{\"@id\":\"https:\\\/\\\/stage3.rnv.gob.ve\\\/wp\\\/grupo-vandalico-ataco-radio-elevacion-bolivariana-93-3-fm-en-anzoategui\\\/#primaryimage\"},\"thumbnailUrl\":\"\",\"keywords\":[\"anzo\u00e1tegui\",\"ataque\",\"guarimbas\",\"radio elevacion bolivariana\"],\"articleSection\":[\"Regional\"],\"inLanguage\":\"es\"},{\"@type\":\"WebPage\",\"@id\":\"https:\\\/\\\/stage3.rnv.gob.ve\\\/wp\\\/grupo-vandalico-ataco-radio-elevacion-bolivariana-93-3-fm-en-anzoategui\\\/\",\"url\":\"https:\\\/\\\/stage3.rnv.gob.ve\\\/wp\\\/grupo-vandalico-ataco-radio-elevacion-bolivariana-93-3-fm-en-anzoategui\\\/\",\"name\":\"Grupo vand\u00e1lico atac\u00f3 Radio Elevaci\u00f3n Bolivariana 93.3 FM en Anzo\u00e1tegui - DEV RNV\",\"isPartOf\":{\"@id\":\"https:\\\/\\\/stage3.rnv.gob.ve\\\/wp\\\/#website\"},\"primaryImageOfPage\":{\"@id\":\"https:\\\/\\\/stage3.rnv.gob.ve\\\/wp\\\/grupo-vandalico-ataco-radio-elevacion-bolivariana-93-3-fm-en-anzoategui\\\/#primaryimage\"},\"image\":{\"@id\":\"https:\\\/\\\/stage3.rnv.gob.ve\\\/wp\\\/grupo-vandalico-ataco-radio-elevacion-bolivariana-93-3-fm-en-anzoategui\\\/#primaryimage\"},\"thumbnailUrl\":\"\",\"datePublished\":\"2017-06-15T10:43:21+00:00\",\"breadcrumb\":{\"@id\":\"https:\\\/\\\/stage3.rnv.gob.ve\\\/wp\\\/grupo-vandalico-ataco-radio-elevacion-bolivariana-93-3-fm-en-anzoategui\\\/#breadcrumb\"},\"inLanguage\":\"es\",\"potentialAction\":[{\"@type\":\"ReadAction\",\"target\":[\"https:\\\/\\\/stage3.rnv.gob.ve\\\/wp\\\/grupo-vandalico-ataco-radio-elevacion-bolivariana-93-3-fm-en-anzoategui\\\/\"]}]},{\"@type\":\"ImageObject\",\"inLanguage\":\"es\",\"@id\":\"https:\\\/\\\/stage3.rnv.gob.ve\\\/wp\\\/grupo-vandalico-ataco-radio-elevacion-bolivariana-93-3-fm-en-anzoategui\\\/#primaryimage\",\"url\":\"\",\"contentUrl\":\"\"},{\"@type\":\"BreadcrumbList\",\"@id\":\"https:\\\/\\\/stage3.rnv.gob.ve\\\/wp\\\/grupo-vandalico-ataco-radio-elevacion-bolivariana-93-3-fm-en-anzoategui\\\/#breadcrumb\",\"itemListElement\":[{\"@type\":\"ListItem\",\"position\":1,\"name\":\"Portada\",\"item\":\"https:\\\/\\\/stage3.rnv.gob.ve\\\/wp\\\/\"},{\"@type\":\"ListItem\",\"position\":2,\"name\":\"Grupo Vand\u00e1lico Atac\u00f3 Radio Elevaci\u00f3n Bolivariana 93.3 Fm En Anzo\u00e1tegui\"}]},{\"@type\":\"WebSite\",\"@id\":\"https:\\\/\\\/stage3.rnv.gob.ve\\\/wp\\\/#website\",\"url\":\"https:\\\/\\\/stage3.rnv.gob.ve\\\/wp\\\/\",\"name\":\"DEV RNV\",\"description\":\"Radio Nacional de Venezuela C.A.\",\"publisher\":{\"@id\":\"https:\\\/\\\/stage3.rnv.gob.ve\\\/wp\\\/#organization\"},\"potentialAction\":[{\"@type\":\"SearchAction\",\"target\":{\"@type\":\"EntryPoint\",\"urlTemplate\":\"https:\\\/\\\/stage3.rnv.gob.ve\\\/wp\\\/?s={search_term_string}\"},\"query-input\":{\"@type\":\"PropertyValueSpecification\",\"valueRequired\":true,\"valueName\":\"search_term_string\"}}],\"inLanguage\":\"es\"},{\"@type\":\"Organization\",\"@id\":\"https:\\\/\\\/stage3.rnv.gob.ve\\\/wp\\\/#organization\",\"name\":\"Radio Nacional de Venezuela C.A.\",\"url\":\"https:\\\/\\\/stage3.rnv.gob.ve\\\/wp\\\/\",\"logo\":{\"@type\":\"ImageObject\",\"inLanguage\":\"es\",\"@id\":\"https:\\\/\\\/stage3.rnv.gob.ve\\\/wp\\\/#\\\/schema\\\/logo\\\/image\\\/\",\"url\":\"http:\\\/\\\/rnv.ddns.net\\\/prensa\\\/wp-content\\\/uploads\\\/2022\\\/04\\\/rnv-1-300x227-1.jpg\",\"contentUrl\":\"http:\\\/\\\/rnv.ddns.net\\\/prensa\\\/wp-content\\\/uploads\\\/2022\\\/04\\\/rnv-1-300x227-1.jpg\",\"width\":800,\"height\":455,\"caption\":\"Radio Nacional de Venezuela C.A.\"},\"image\":{\"@id\":\"https:\\\/\\\/stage3.rnv.gob.ve\\\/wp\\\/#\\\/schema\\\/logo\\\/image\\\/\"},\"sameAs\":[\"https:\\\/\\\/www.facebook.com\\\/RadioNacionaldeVenezuela\",\"https:\\\/\\\/x.com\\\/RNVinformativa\",\"https:\\\/\\\/www.instagram.com\\\/rnvinformativa\\\/\",\"https:\\\/\\\/www.youtube.com\\\/user\\\/RNVContigo\"]},{\"@type\":\"Person\",\"@id\":\"https:\\\/\\\/stage3.rnv.gob.ve\\\/wp\\\/#\\\/schema\\\/person\\\/0862ce8cde332e0bc63b8a243f0eea2c\",\"name\":\"administrador\",\"sameAs\":[\"http:\\\/\\\/arnoldoeloy.net\"],\"url\":\"https:\\\/\\\/stage3.rnv.gob.ve\\\/wp\\\/author\\\/administrador\\\/\"}]}<\/script>\n<!-- \/ Yoast SEO plugin. -->","yoast_head_json":{"title":"Grupo vand\u00e1lico atac\u00f3 Radio Elevaci\u00f3n Bolivariana 93.3 FM en Anzo\u00e1tegui - DEV RNV","robots":{"index":"noindex","follow":"follow","max-snippet":"max-snippet:-1","max-image-preview":"max-image-preview:large","max-video-preview":"max-video-preview:-1"},"og_locale":"es_ES","og_type":"article","og_title":"Grupo vand\u00e1lico atac\u00f3 Radio Elevaci\u00f3n Bolivariana 93.3 FM en Anzo\u00e1tegui - DEV RNV","og_description":"El director de la Radio Elevaci\u00f3n Bolivariana 93.3 FM, Julio Medina, denunci\u00f3 ayer, mi\u00e9rcoles, que un grupo vand\u00e1lico lanz\u00f3 excremento humano contra esta emisora radial, as\u00ed como tambi\u00e9n dej\u00f3 un supuesto dispositivo explosivo en la puerta principal de este local, ubicado en Aragua de Barcelona, estado Anzo\u00e1tegui.","og_url":"https:\/\/stage3.rnv.gob.ve\/wp\/grupo-vandalico-ataco-radio-elevacion-bolivariana-93-3-fm-en-anzoategui\/","og_site_name":"DEV RNV","article_publisher":"https:\/\/www.facebook.com\/RadioNacionaldeVenezuela","article_published_time":"2017-06-15T10:43:21+00:00","author":"administrador","twitter_card":"summary_large_image","twitter_creator":"@RNVinformativa","twitter_site":"@RNVinformativa","twitter_misc":{"Escrito por":"administrador","Tiempo estimado de lectura":"1 minuto"},"schema":{"@context":"https:\/\/schema.org","@graph":[{"@type":"Article","@id":"https:\/\/stage3.rnv.gob.ve\/wp\/grupo-vandalico-ataco-radio-elevacion-bolivariana-93-3-fm-en-anzoategui\/#article","isPartOf":{"@id":"https:\/\/stage3.rnv.gob.ve\/wp\/grupo-vandalico-ataco-radio-elevacion-bolivariana-93-3-fm-en-anzoategui\/"},"author":{"name":"administrador","@id":"https:\/\/stage3.rnv.gob.ve\/wp\/#\/schema\/person\/0862ce8cde332e0bc63b8a243f0eea2c"},"headline":"Grupo vand\u00e1lico atac\u00f3 Radio Elevaci\u00f3n Bolivariana 93.3 FM en Anzo\u00e1tegui","datePublished":"2017-06-15T10:43:21+00:00","mainEntityOfPage":{"@id":"https:\/\/stage3.rnv.gob.ve\/wp\/grupo-vandalico-ataco-radio-elevacion-bolivariana-93-3-fm-en-anzoategui\/"},"wordCount":228,"publisher":{"@id":"https:\/\/stage3.rnv.gob.ve\/wp\/#organization"},"image":{"@id":"https:\/\/stage3.rnv.gob.ve\/wp\/grupo-vandalico-ataco-radio-elevacion-bolivariana-93-3-fm-en-anzoategui\/#primaryimage"},"thumbnailUrl":"","keywords":["anzo\u00e1tegui","ataque","guarimbas","radio elevacion bolivariana"],"articleSection":["Regional"],"inLanguage":"es"},{"@type":"WebPage","@id":"https:\/\/stage3.rnv.gob.ve\/wp\/grupo-vandalico-ataco-radio-elevacion-bolivariana-93-3-fm-en-anzoategui\/","url":"https:\/\/stage3.rnv.gob.ve\/wp\/grupo-vandalico-ataco-radio-elevacion-bolivariana-93-3-fm-en-anzoategui\/","name":"Grupo vand\u00e1lico atac\u00f3 Radio Elevaci\u00f3n Bolivariana 93.3 FM en Anzo\u00e1tegui - DEV RNV","isPartOf":{"@id":"https:\/\/stage3.rnv.gob.ve\/wp\/#website"},"primaryImageOfPage":{"@id":"https:\/\/stage3.rnv.gob.ve\/wp\/grupo-vandalico-ataco-radio-elevacion-bolivariana-93-3-fm-en-anzoategui\/#primaryimage"},"image":{"@id":"https:\/\/stage3.rnv.gob.ve\/wp\/grupo-vandalico-ataco-radio-elevacion-bolivariana-93-3-fm-en-anzoategui\/#primaryimage"},"thumbnailUrl":"","datePublished":"2017-06-15T10:43:21+00:00","breadcrumb":{"@id":"https:\/\/stage3.rnv.gob.ve\/wp\/grupo-vandalico-ataco-radio-elevacion-bolivariana-93-3-fm-en-anzoategui\/#breadcrumb"},"inLanguage":"es","potentialAction":[{"@type":"ReadAction","target":["https:\/\/stage3.rnv.gob.ve\/wp\/grupo-vandalico-ataco-radio-elevacion-bolivariana-93-3-fm-en-anzoategui\/"]}]},{"@type":"ImageObject","inLanguage":"es","@id":"https:\/\/stage3.rnv.gob.ve\/wp\/grupo-vandalico-ataco-radio-elevacion-bolivariana-93-3-fm-en-anzoategui\/#primaryimage","url":"","contentUrl":""},{"@type":"BreadcrumbList","@id":"https:\/\/stage3.rnv.gob.ve\/wp\/grupo-vandalico-ataco-radio-elevacion-bolivariana-93-3-fm-en-anzoategui\/#breadcrumb","itemListElement":[{"@type":"ListItem","position":1,"name":"Portada","item":"https:\/\/stage3.rnv.gob.ve\/wp\/"},{"@type":"ListItem","position":2,"name":"Grupo Vand\u00e1lico Atac\u00f3 Radio Elevaci\u00f3n Bolivariana 93.3 Fm En Anzo\u00e1tegui"}]},{"@type":"WebSite","@id":"https:\/\/stage3.rnv.gob.ve\/wp\/#website","url":"https:\/\/stage3.rnv.gob.ve\/wp\/","name":"DEV RNV","description":"Radio Nacional de Venezuela C.A.","publisher":{"@id":"https:\/\/stage3.rnv.gob.ve\/wp\/#organization"},"potentialAction":[{"@type":"SearchAction","target":{"@type":"EntryPoint","urlTemplate":"https:\/\/stage3.rnv.gob.ve\/wp\/?s={search_term_string}"},"query-input":{"@type":"PropertyValueSpecification","valueRequired":true,"valueName":"search_term_string"}}],"inLanguage":"es"},{"@type":"Organization","@id":"https:\/\/stage3.rnv.gob.ve\/wp\/#organization","name":"Radio Nacional de Venezuela C.A.","url":"https:\/\/stage3.rnv.gob.ve\/wp\/","logo":{"@type":"ImageObject","inLanguage":"es","@id":"https:\/\/stage3.rnv.gob.ve\/wp\/#\/schema\/logo\/image\/","url":"http:\/\/rnv.ddns.net\/prensa\/wp-content\/uploads\/2022\/04\/rnv-1-300x227-1.jpg","contentUrl":"http:\/\/rnv.ddns.net\/prensa\/wp-content\/uploads\/2022\/04\/rnv-1-300x227-1.jpg","width":800,"height":455,"caption":"Radio Nacional de Venezuela C.A."},"image":{"@id":"https:\/\/stage3.rnv.gob.ve\/wp\/#\/schema\/logo\/image\/"},"sameAs":["https:\/\/www.facebook.com\/RadioNacionaldeVenezuela","https:\/\/x.com\/RNVinformativa","https:\/\/www.instagram.com\/rnvinformativa\/","https:\/\/www.youtube.com\/user\/RNVContigo"]},{"@type":"Person","@id":"https:\/\/stage3.rnv.gob.ve\/wp\/#\/schema\/person\/0862ce8cde332e0bc63b8a243f0eea2c","name":"administrador","sameAs":["http:\/\/arnoldoeloy.net"],"url":"https:\/\/stage3.rnv.gob.ve\/wp\/author\/administrador\/"}]}},"jetpack_featured_media_url":"","_links":{"self":[{"href":"https:\/\/stage3.rnv.gob.ve\/wp\/wp-json\/wp\/v2\/posts\/149250","targetHints":{"allow":["GET"]}}],"collection":[{"href":"https:\/\/stage3.rnv.gob.ve\/wp\/wp-json\/wp\/v2\/posts"}],"about":[{"href":"https:\/\/stage3.rnv.gob.ve\/wp\/wp-json\/wp\/v2\/types\/post"}],"author":[{"embeddable":true,"href":"https:\/\/stage3.rnv.gob.ve\/wp\/wp-json\/wp\/v2\/users\/1"}],"replies":[{"embeddable":true,"href":"https:\/\/stage3.rnv.gob.ve\/wp\/wp-json\/wp\/v2\/comments?post=149250"}],"version-history":[{"count":0,"href":"https:\/\/stage3.rnv.gob.ve\/wp\/wp-json\/wp\/v2\/posts\/149250\/revisions"}],"wp:featuredmedia":[{"embeddable":true,"href":"https:\/\/stage3.rnv.gob.ve\/wp\/wp-json\/"}],"wp:attachment":[{"href":"https:\/\/stage3.rnv.gob.ve\/wp\/wp-json\/wp\/v2\/media?parent=149250"}],"wp:term":[{"taxonomy":"category","embeddable":true,"href":"https:\/\/stage3.rnv.gob.ve\/wp\/wp-json\/wp\/v2\/categories?post=149250"},{"taxonomy":"post_tag","embeddable":true,"href":"https:\/\/stage3.rnv.gob.ve\/wp\/wp-json\/wp\/v2\/tags?post=149250"}],"curies":[{"name":"wp","href":"https:\/\/api.w.org\/{rel}","templated":true}]}}