{"id":14563,"date":"2016-04-07T09:01:55","date_gmt":"2016-04-07T13:31:55","guid":{"rendered":"http:\/\/wpeditor.rnv.gob.ve\/?p=14563"},"modified":"2016-04-07T09:01:55","modified_gmt":"2016-04-07T13:31:55","slug":"cada-semana-matan-a-un-lider-social-en-colombia","status":"publish","type":"post","link":"https:\/\/stage3.rnv.gob.ve\/wp\/cada-semana-matan-a-un-lider-social-en-colombia\/","title":{"rendered":"Cada semana matan a un l\u00edder social en Colombia"},"content":{"rendered":"<p><figure id=\"attachment_14565\" aria-describedby=\"caption-attachment-14565\" style=\"width: 600px\" class=\"wp-caption alignleft\"><img fetchpriority=\"high\" decoding=\"async\" class=\"size-full wp-image-14565\" src=\"http:\/\/wpeditor.rnv.gob.ve\/app\/uploads\/2016\/04\/colombia-690x386.jpg\" alt=\"Foto: archivo\" width=\"600\" height=\"300\" \/><figcaption id=\"caption-attachment-14565\" class=\"wp-caption-text\">Foto: archivo<\/figcaption><\/figure><br \/>\nEl ministro de Interior de Colombia, Juan Fernando Cristo, confirm\u00f3 que en lo que va de 2016 han sido asesinados 12 l\u00edderes sociales.<!--more--><br \/>\nCristo\u00a0confirm\u00f3 este mi\u00e9rcoles que cada semana asesinan a un dirigente social en Colombia, lo que supone un ambiente inestable de cara a la firma del acuerdo final de paz en La Habana.<br \/>\nCristo asegur\u00f3 que la mayor\u00eda de esos asesinatos han sido cometidos por bandas criminales que temen ser exterminadas una vez se firme la tan esperada paz que demandan los colombianos desde hace m\u00e1s de 50 a\u00f1os.<br \/>\nAnunci\u00f3 que se crear\u00e1 una comisi\u00f3n con representante del ministerio de Defensa, Polic\u00eda Nacional, Unidad Nacional de Protecci\u00f3n, Defensor\u00eda del Pueblo, Alta Consejer\u00eda para los derechos humanos y la Fiscal\u00eda a fin de evitar que sigan asesinando a l\u00edderes sociales en el pa\u00eds.<br \/>\n\u201cDesde hace tres semanas andamos en contacto con dirigentes de derechos humanos, de la Marcha Patri\u00f3tica, de la Uni\u00f3n Patri\u00f3tica, la Cumbre Agraria y les estamos pidiendo que conformen un equipo con cinco representantes de las organizaciones sociales para establecer medidas\u201d, coment\u00f3 Cristo.<br \/>\nReconoci\u00f3 que la situaci\u00f3n es preocupante pero que depende de todos los colombianos salir de la violencia que tanto da\u00f1o ha causado a la naci\u00f3n suramericana.<br \/>\nAfirm\u00f3 que no habr\u00e1 impunidad en ninguno de los cr\u00edmenes que se han cometido contra campesinos y l\u00edderes sociales. \u00abVamos a encontrar los responsables con el compromiso de la Fiscal\u00eda y la Polic\u00eda\u00bb.<br \/>\nLuego de postergarse el acuerdo final para la paz, el jefe del equipo negociador de las Fuerzas Armadas Revolucionarias de Colombia \u2013 Ej\u00e9rcito del Pueblo (FARC-EP), Iv\u00e1n M\u00e1rquez, responsabiliz\u00f3 al ministro de Defensa Luis Carlos Villegas por querer entorpecer los Di\u00e1logos de Paz en La Habana.<br \/>\n&nbsp;<br \/>\n<strong>T\/El Espectador\/ Telesur<\/strong><\/p>\n","protected":false},"excerpt":{"rendered":"<p>El ministro de Interior de Colombia, Juan Fernando Cristo, confirm\u00f3 que en lo que va de 2016 han sido asesinados 12 l\u00edderes sociales.<\/p>\n","protected":false},"author":5,"featured_media":14565,"comment_status":"closed","ping_status":"open","sticky":false,"template":"","format":"standard","meta":{"_acf_changed":false,"footnotes":""},"categories":[61],"tags":[483,2703,849],"class_list":["post-14563","post","type-post","status-publish","format-standard","has-post-thumbnail","hentry","category-internacional","tag-colombia","tag-lider","tag-social"],"acf":[],"yoast_head":"<!-- This site is optimized with the Yoast SEO plugin v27.4 - https:\/\/yoast.com\/product\/yoast-seo-wordpress\/ -->\n<title>Cada semana matan a un l\u00edder social en Colombia - DEV RNV<\/title>\n<meta name=\"robots\" content=\"noindex, follow, max-snippet:-1, max-image-preview:large, max-video-preview:-1\" \/>\n<meta property=\"og:locale\" content=\"es_ES\" \/>\n<meta property=\"og:type\" content=\"article\" \/>\n<meta property=\"og:title\" content=\"Cada semana matan a un l\u00edder social en Colombia - DEV RNV\" \/>\n<meta property=\"og:description\" content=\"El ministro de Interior de Colombia, Juan Fernando Cristo, confirm\u00f3 que en lo que va de 2016 han sido asesinados 12 l\u00edderes sociales.\" \/>\n<meta property=\"og:url\" content=\"https:\/\/stage3.rnv.gob.ve\/wp\/cada-semana-matan-a-un-lider-social-en-colombia\/\" \/>\n<meta property=\"og:site_name\" content=\"DEV RNV\" \/>\n<meta property=\"article:publisher\" content=\"https:\/\/www.facebook.com\/RadioNacionaldeVenezuela\" \/>\n<meta property=\"article:published_time\" content=\"2016-04-07T13:31:55+00:00\" \/>\n<meta name=\"author\" content=\"Dennis Contreras\" \/>\n<meta name=\"twitter:card\" content=\"summary_large_image\" \/>\n<meta name=\"twitter:creator\" content=\"@RNVinformativa\" \/>\n<meta name=\"twitter:site\" content=\"@RNVinformativa\" \/>\n<meta name=\"twitter:label1\" content=\"Escrito por\" \/>\n\t<meta name=\"twitter:data1\" content=\"Dennis Contreras\" \/>\n\t<meta name=\"twitter:label2\" content=\"Tiempo estimado de lectura\" \/>\n\t<meta name=\"twitter:data2\" content=\"2 minutos\" \/>\n<script type=\"application\/ld+json\" class=\"yoast-schema-graph\">{\"@context\":\"https:\\\/\\\/schema.org\",\"@graph\":[{\"@type\":\"Article\",\"@id\":\"https:\\\/\\\/stage3.rnv.gob.ve\\\/wp\\\/cada-semana-matan-a-un-lider-social-en-colombia\\\/#article\",\"isPartOf\":{\"@id\":\"https:\\\/\\\/stage3.rnv.gob.ve\\\/wp\\\/cada-semana-matan-a-un-lider-social-en-colombia\\\/\"},\"author\":{\"name\":\"Dennis Contreras\",\"@id\":\"https:\\\/\\\/stage3.rnv.gob.ve\\\/wp\\\/#\\\/schema\\\/person\\\/991592202fc6b714a00cdb0d400e4440\"},\"headline\":\"Cada semana matan a un l\u00edder social en Colombia\",\"datePublished\":\"2016-04-07T13:31:55+00:00\",\"mainEntityOfPage\":{\"@id\":\"https:\\\/\\\/stage3.rnv.gob.ve\\\/wp\\\/cada-semana-matan-a-un-lider-social-en-colombia\\\/\"},\"wordCount\":330,\"publisher\":{\"@id\":\"https:\\\/\\\/stage3.rnv.gob.ve\\\/wp\\\/#organization\"},\"image\":{\"@id\":\"https:\\\/\\\/stage3.rnv.gob.ve\\\/wp\\\/cada-semana-matan-a-un-lider-social-en-colombia\\\/#primaryimage\"},\"thumbnailUrl\":\"\",\"keywords\":[\"colombia\",\"lider\",\"social\"],\"articleSection\":[\"Internacional\"],\"inLanguage\":\"es\"},{\"@type\":\"WebPage\",\"@id\":\"https:\\\/\\\/stage3.rnv.gob.ve\\\/wp\\\/cada-semana-matan-a-un-lider-social-en-colombia\\\/\",\"url\":\"https:\\\/\\\/stage3.rnv.gob.ve\\\/wp\\\/cada-semana-matan-a-un-lider-social-en-colombia\\\/\",\"name\":\"Cada semana matan a un l\u00edder social en Colombia - DEV RNV\",\"isPartOf\":{\"@id\":\"https:\\\/\\\/stage3.rnv.gob.ve\\\/wp\\\/#website\"},\"primaryImageOfPage\":{\"@id\":\"https:\\\/\\\/stage3.rnv.gob.ve\\\/wp\\\/cada-semana-matan-a-un-lider-social-en-colombia\\\/#primaryimage\"},\"image\":{\"@id\":\"https:\\\/\\\/stage3.rnv.gob.ve\\\/wp\\\/cada-semana-matan-a-un-lider-social-en-colombia\\\/#primaryimage\"},\"thumbnailUrl\":\"\",\"datePublished\":\"2016-04-07T13:31:55+00:00\",\"breadcrumb\":{\"@id\":\"https:\\\/\\\/stage3.rnv.gob.ve\\\/wp\\\/cada-semana-matan-a-un-lider-social-en-colombia\\\/#breadcrumb\"},\"inLanguage\":\"es\",\"potentialAction\":[{\"@type\":\"ReadAction\",\"target\":[\"https:\\\/\\\/stage3.rnv.gob.ve\\\/wp\\\/cada-semana-matan-a-un-lider-social-en-colombia\\\/\"]}]},{\"@type\":\"ImageObject\",\"inLanguage\":\"es\",\"@id\":\"https:\\\/\\\/stage3.rnv.gob.ve\\\/wp\\\/cada-semana-matan-a-un-lider-social-en-colombia\\\/#primaryimage\",\"url\":\"\",\"contentUrl\":\"\"},{\"@type\":\"BreadcrumbList\",\"@id\":\"https:\\\/\\\/stage3.rnv.gob.ve\\\/wp\\\/cada-semana-matan-a-un-lider-social-en-colombia\\\/#breadcrumb\",\"itemListElement\":[{\"@type\":\"ListItem\",\"position\":1,\"name\":\"Portada\",\"item\":\"https:\\\/\\\/stage3.rnv.gob.ve\\\/wp\\\/\"},{\"@type\":\"ListItem\",\"position\":2,\"name\":\"Cada Semana Matan A Un L\u00edder Social En Colombia\"}]},{\"@type\":\"WebSite\",\"@id\":\"https:\\\/\\\/stage3.rnv.gob.ve\\\/wp\\\/#website\",\"url\":\"https:\\\/\\\/stage3.rnv.gob.ve\\\/wp\\\/\",\"name\":\"DEV RNV\",\"description\":\"Radio Nacional de Venezuela C.A.\",\"publisher\":{\"@id\":\"https:\\\/\\\/stage3.rnv.gob.ve\\\/wp\\\/#organization\"},\"potentialAction\":[{\"@type\":\"SearchAction\",\"target\":{\"@type\":\"EntryPoint\",\"urlTemplate\":\"https:\\\/\\\/stage3.rnv.gob.ve\\\/wp\\\/?s={search_term_string}\"},\"query-input\":{\"@type\":\"PropertyValueSpecification\",\"valueRequired\":true,\"valueName\":\"search_term_string\"}}],\"inLanguage\":\"es\"},{\"@type\":\"Organization\",\"@id\":\"https:\\\/\\\/stage3.rnv.gob.ve\\\/wp\\\/#organization\",\"name\":\"Radio Nacional de Venezuela C.A.\",\"url\":\"https:\\\/\\\/stage3.rnv.gob.ve\\\/wp\\\/\",\"logo\":{\"@type\":\"ImageObject\",\"inLanguage\":\"es\",\"@id\":\"https:\\\/\\\/stage3.rnv.gob.ve\\\/wp\\\/#\\\/schema\\\/logo\\\/image\\\/\",\"url\":\"http:\\\/\\\/rnv.ddns.net\\\/prensa\\\/wp-content\\\/uploads\\\/2022\\\/04\\\/rnv-1-300x227-1.jpg\",\"contentUrl\":\"http:\\\/\\\/rnv.ddns.net\\\/prensa\\\/wp-content\\\/uploads\\\/2022\\\/04\\\/rnv-1-300x227-1.jpg\",\"width\":800,\"height\":455,\"caption\":\"Radio Nacional de Venezuela C.A.\"},\"image\":{\"@id\":\"https:\\\/\\\/stage3.rnv.gob.ve\\\/wp\\\/#\\\/schema\\\/logo\\\/image\\\/\"},\"sameAs\":[\"https:\\\/\\\/www.facebook.com\\\/RadioNacionaldeVenezuela\",\"https:\\\/\\\/x.com\\\/RNVinformativa\",\"https:\\\/\\\/www.instagram.com\\\/rnvinformativa\\\/\",\"https:\\\/\\\/www.youtube.com\\\/user\\\/RNVContigo\"]},{\"@type\":\"Person\",\"@id\":\"https:\\\/\\\/stage3.rnv.gob.ve\\\/wp\\\/#\\\/schema\\\/person\\\/991592202fc6b714a00cdb0d400e4440\",\"name\":\"Dennis Contreras\",\"url\":\"https:\\\/\\\/stage3.rnv.gob.ve\\\/wp\\\/author\\\/dennis_contreras\\\/\"}]}<\/script>\n<!-- \/ Yoast SEO plugin. -->","yoast_head_json":{"title":"Cada semana matan a un l\u00edder social en Colombia - DEV RNV","robots":{"index":"noindex","follow":"follow","max-snippet":"max-snippet:-1","max-image-preview":"max-image-preview:large","max-video-preview":"max-video-preview:-1"},"og_locale":"es_ES","og_type":"article","og_title":"Cada semana matan a un l\u00edder social en Colombia - DEV RNV","og_description":"El ministro de Interior de Colombia, Juan Fernando Cristo, confirm\u00f3 que en lo que va de 2016 han sido asesinados 12 l\u00edderes sociales.","og_url":"https:\/\/stage3.rnv.gob.ve\/wp\/cada-semana-matan-a-un-lider-social-en-colombia\/","og_site_name":"DEV RNV","article_publisher":"https:\/\/www.facebook.com\/RadioNacionaldeVenezuela","article_published_time":"2016-04-07T13:31:55+00:00","author":"Dennis Contreras","twitter_card":"summary_large_image","twitter_creator":"@RNVinformativa","twitter_site":"@RNVinformativa","twitter_misc":{"Escrito por":"Dennis Contreras","Tiempo estimado de lectura":"2 minutos"},"schema":{"@context":"https:\/\/schema.org","@graph":[{"@type":"Article","@id":"https:\/\/stage3.rnv.gob.ve\/wp\/cada-semana-matan-a-un-lider-social-en-colombia\/#article","isPartOf":{"@id":"https:\/\/stage3.rnv.gob.ve\/wp\/cada-semana-matan-a-un-lider-social-en-colombia\/"},"author":{"name":"Dennis Contreras","@id":"https:\/\/stage3.rnv.gob.ve\/wp\/#\/schema\/person\/991592202fc6b714a00cdb0d400e4440"},"headline":"Cada semana matan a un l\u00edder social en Colombia","datePublished":"2016-04-07T13:31:55+00:00","mainEntityOfPage":{"@id":"https:\/\/stage3.rnv.gob.ve\/wp\/cada-semana-matan-a-un-lider-social-en-colombia\/"},"wordCount":330,"publisher":{"@id":"https:\/\/stage3.rnv.gob.ve\/wp\/#organization"},"image":{"@id":"https:\/\/stage3.rnv.gob.ve\/wp\/cada-semana-matan-a-un-lider-social-en-colombia\/#primaryimage"},"thumbnailUrl":"","keywords":["colombia","lider","social"],"articleSection":["Internacional"],"inLanguage":"es"},{"@type":"WebPage","@id":"https:\/\/stage3.rnv.gob.ve\/wp\/cada-semana-matan-a-un-lider-social-en-colombia\/","url":"https:\/\/stage3.rnv.gob.ve\/wp\/cada-semana-matan-a-un-lider-social-en-colombia\/","name":"Cada semana matan a un l\u00edder social en Colombia - DEV RNV","isPartOf":{"@id":"https:\/\/stage3.rnv.gob.ve\/wp\/#website"},"primaryImageOfPage":{"@id":"https:\/\/stage3.rnv.gob.ve\/wp\/cada-semana-matan-a-un-lider-social-en-colombia\/#primaryimage"},"image":{"@id":"https:\/\/stage3.rnv.gob.ve\/wp\/cada-semana-matan-a-un-lider-social-en-colombia\/#primaryimage"},"thumbnailUrl":"","datePublished":"2016-04-07T13:31:55+00:00","breadcrumb":{"@id":"https:\/\/stage3.rnv.gob.ve\/wp\/cada-semana-matan-a-un-lider-social-en-colombia\/#breadcrumb"},"inLanguage":"es","potentialAction":[{"@type":"ReadAction","target":["https:\/\/stage3.rnv.gob.ve\/wp\/cada-semana-matan-a-un-lider-social-en-colombia\/"]}]},{"@type":"ImageObject","inLanguage":"es","@id":"https:\/\/stage3.rnv.gob.ve\/wp\/cada-semana-matan-a-un-lider-social-en-colombia\/#primaryimage","url":"","contentUrl":""},{"@type":"BreadcrumbList","@id":"https:\/\/stage3.rnv.gob.ve\/wp\/cada-semana-matan-a-un-lider-social-en-colombia\/#breadcrumb","itemListElement":[{"@type":"ListItem","position":1,"name":"Portada","item":"https:\/\/stage3.rnv.gob.ve\/wp\/"},{"@type":"ListItem","position":2,"name":"Cada Semana Matan A Un L\u00edder Social En Colombia"}]},{"@type":"WebSite","@id":"https:\/\/stage3.rnv.gob.ve\/wp\/#website","url":"https:\/\/stage3.rnv.gob.ve\/wp\/","name":"DEV RNV","description":"Radio Nacional de Venezuela C.A.","publisher":{"@id":"https:\/\/stage3.rnv.gob.ve\/wp\/#organization"},"potentialAction":[{"@type":"SearchAction","target":{"@type":"EntryPoint","urlTemplate":"https:\/\/stage3.rnv.gob.ve\/wp\/?s={search_term_string}"},"query-input":{"@type":"PropertyValueSpecification","valueRequired":true,"valueName":"search_term_string"}}],"inLanguage":"es"},{"@type":"Organization","@id":"https:\/\/stage3.rnv.gob.ve\/wp\/#organization","name":"Radio Nacional de Venezuela C.A.","url":"https:\/\/stage3.rnv.gob.ve\/wp\/","logo":{"@type":"ImageObject","inLanguage":"es","@id":"https:\/\/stage3.rnv.gob.ve\/wp\/#\/schema\/logo\/image\/","url":"http:\/\/rnv.ddns.net\/prensa\/wp-content\/uploads\/2022\/04\/rnv-1-300x227-1.jpg","contentUrl":"http:\/\/rnv.ddns.net\/prensa\/wp-content\/uploads\/2022\/04\/rnv-1-300x227-1.jpg","width":800,"height":455,"caption":"Radio Nacional de Venezuela C.A."},"image":{"@id":"https:\/\/stage3.rnv.gob.ve\/wp\/#\/schema\/logo\/image\/"},"sameAs":["https:\/\/www.facebook.com\/RadioNacionaldeVenezuela","https:\/\/x.com\/RNVinformativa","https:\/\/www.instagram.com\/rnvinformativa\/","https:\/\/www.youtube.com\/user\/RNVContigo"]},{"@type":"Person","@id":"https:\/\/stage3.rnv.gob.ve\/wp\/#\/schema\/person\/991592202fc6b714a00cdb0d400e4440","name":"Dennis Contreras","url":"https:\/\/stage3.rnv.gob.ve\/wp\/author\/dennis_contreras\/"}]}},"jetpack_featured_media_url":"","_links":{"self":[{"href":"https:\/\/stage3.rnv.gob.ve\/wp\/wp-json\/wp\/v2\/posts\/14563","targetHints":{"allow":["GET"]}}],"collection":[{"href":"https:\/\/stage3.rnv.gob.ve\/wp\/wp-json\/wp\/v2\/posts"}],"about":[{"href":"https:\/\/stage3.rnv.gob.ve\/wp\/wp-json\/wp\/v2\/types\/post"}],"author":[{"embeddable":true,"href":"https:\/\/stage3.rnv.gob.ve\/wp\/wp-json\/wp\/v2\/users\/5"}],"replies":[{"embeddable":true,"href":"https:\/\/stage3.rnv.gob.ve\/wp\/wp-json\/wp\/v2\/comments?post=14563"}],"version-history":[{"count":0,"href":"https:\/\/stage3.rnv.gob.ve\/wp\/wp-json\/wp\/v2\/posts\/14563\/revisions"}],"wp:featuredmedia":[{"embeddable":true,"href":"https:\/\/stage3.rnv.gob.ve\/wp\/wp-json\/"}],"wp:attachment":[{"href":"https:\/\/stage3.rnv.gob.ve\/wp\/wp-json\/wp\/v2\/media?parent=14563"}],"wp:term":[{"taxonomy":"category","embeddable":true,"href":"https:\/\/stage3.rnv.gob.ve\/wp\/wp-json\/wp\/v2\/categories?post=14563"},{"taxonomy":"post_tag","embeddable":true,"href":"https:\/\/stage3.rnv.gob.ve\/wp\/wp-json\/wp\/v2\/tags?post=14563"}],"curies":[{"name":"wp","href":"https:\/\/api.w.org\/{rel}","templated":true}]}}