{"id":139521,"date":"2017-05-10T10:01:23","date_gmt":"2017-05-10T14:31:23","guid":{"rendered":"http:\/\/wpeditor.rnv.gob.ve\/?p=139521"},"modified":"2017-05-10T10:01:23","modified_gmt":"2017-05-10T14:31:23","slug":"lula-declara-este-miercoles-ante-juez-moro-por-causa-lava-jato","status":"publish","type":"post","link":"https:\/\/stage3.rnv.gob.ve\/wp\/lula-declara-este-miercoles-ante-juez-moro-por-causa-lava-jato\/","title":{"rendered":"Lula declara este mi\u00e9rcoles ante juez Moro por causa Lava Jato"},"content":{"rendered":"<p><img fetchpriority=\"high\" decoding=\"async\" class=\"alignleft size-full wp-image-81252\" src=\"http:\/\/wpeditor.rnv.gob.ve\/app\/uploads\/2016\/10\/lula2.jpg\" alt=\"\" width=\"300\" height=\"300\" \/>El expresidente de Brasil Luiz In\u00e1cio\u00a0Lula da Silva est\u00e1 tranquilo y seguro ante su primer encuentro con el juez Sergio Moro este mi\u00e9rcoles\u00a0en la ciudad de Curitiba\u00a0por el caso de corrupci\u00f3n Lava Jato.<\/p>\n<p>De acuerdo con el senador del Partido de los Trabajadores (PT) Humbeto\u00a0Costa, el l\u00edder brasile\u00f1o est\u00e1 muy tranquilo, seguro y preparado para prestar su testimonio y adem\u00e1s se espera que aborde \u00ablas fragilidades y debilidades del proceso\u00bb en curso.<\/p>\n<p>El encuentro entre Lula y Moro es el primero entre ambos. Las medidas de seguridad aplicadas en la zona se han reforzado, mientras\u00a0en la capital\u00a0del estado de Paran\u00e1\u00a0movimientos sociales junto a alrededor de 50 legisladores participan en un campamento en respaldo\u00a0de Lula, quien busca demostrar su inocencia.<\/p>\n<p>Entretanto, la sentencia podr\u00eda ser le\u00edda entre 45 y 60 d\u00edas despu\u00e9s.<\/p>\n<p>El exmandatario brasile\u00f1o acusa al juez de emprender una persecuci\u00f3n pol\u00edtica en su contra y present\u00f3 una denuncia en su contra ante el comit\u00e9 de derechos humanos de las Naciones Unidas.<\/p>\n<p>\u00abNo me est\u00e1n juzgando por corrupci\u00f3n, sino por la forma en que gobern\u00e9 este pa\u00eds\u00bb, dijo hace\u00a0d\u00edas en R\u00edo Grande del Sur.<\/p>\n<p>Para Lula, el juicio es un ensa\u00f1amiento pol\u00edtico que busca impedir su candidatura a las elecciones presidenciales de 2018, \u00a0para las que lidera las encuestas de intenci\u00f3n de voto.<\/p>\n<p>Este proceso inici\u00f3 en julio de\u00a02016, luego de que\u00a0el exsenador Delcidio do Amaral involucrara a Lula en un plan para comprar el silencio del exdirector del \u00e1rea Internacional de Petrobras,\u00a0Nestor Cerver\u00f3.<\/p>\n<p>Lula\u00a0enfrenta cinco causas judiciales en tribunales de Brasilia y Curitiba, acusado de corrupci\u00f3n, lavado de dinero y tr\u00e1fico de influencias.<\/p>\n<p>T\/TeleSUR<\/p>\n","protected":false},"excerpt":{"rendered":"<p>El expresidente de Brasil Luiz In\u00e1cio\u00a0Lula da Silva est\u00e1 tranquilo y seguro ante su primer encuentro con el juez Sergio Moro este mi\u00e9rcoles\u00a0en la ciudad de Curitiba\u00a0por el caso de corrupci\u00f3n Lava Jato. De acuerdo con el senador del Partido de los Trabajadores (PT) Humbeto\u00a0Costa, el l\u00edder brasile\u00f1o est\u00e1 muy tranquilo, seguro y preparado para [&hellip;]<\/p>\n","protected":false},"author":1,"featured_media":764,"comment_status":"closed","ping_status":"open","sticky":false,"template":"","format":"standard","meta":{"_acf_changed":false,"footnotes":""},"categories":[63],"tags":[286,14554,256],"class_list":["post-139521","post","type-post","status-publish","format-standard","has-post-thumbnail","hentry","category-latinoamerica","tag-brasil","tag-lava-jato","tag-lula"],"acf":[],"yoast_head":"<!-- This site is optimized with the Yoast SEO plugin v27.4 - https:\/\/yoast.com\/product\/yoast-seo-wordpress\/ -->\n<title>Lula declara este mi\u00e9rcoles ante juez Moro por causa Lava Jato - DEV RNV<\/title>\n<meta name=\"robots\" content=\"noindex, follow, max-snippet:-1, max-image-preview:large, max-video-preview:-1\" \/>\n<meta property=\"og:locale\" content=\"es_ES\" \/>\n<meta property=\"og:type\" content=\"article\" \/>\n<meta property=\"og:title\" content=\"Lula declara este mi\u00e9rcoles ante juez Moro por causa Lava Jato - DEV RNV\" \/>\n<meta property=\"og:description\" content=\"El expresidente de Brasil Luiz In\u00e1cio\u00a0Lula da Silva est\u00e1 tranquilo y seguro ante su primer encuentro con el juez Sergio Moro este mi\u00e9rcoles\u00a0en la ciudad de Curitiba\u00a0por el caso de corrupci\u00f3n Lava Jato. De acuerdo con el senador del Partido de los Trabajadores (PT) Humbeto\u00a0Costa, el l\u00edder brasile\u00f1o est\u00e1 muy tranquilo, seguro y preparado para [&hellip;]\" \/>\n<meta property=\"og:url\" content=\"https:\/\/stage3.rnv.gob.ve\/wp\/lula-declara-este-miercoles-ante-juez-moro-por-causa-lava-jato\/\" \/>\n<meta property=\"og:site_name\" content=\"DEV RNV\" \/>\n<meta property=\"article:publisher\" content=\"https:\/\/www.facebook.com\/RadioNacionaldeVenezuela\" \/>\n<meta property=\"article:published_time\" content=\"2017-05-10T14:31:23+00:00\" \/>\n<meta name=\"author\" content=\"administrador\" \/>\n<meta name=\"twitter:card\" content=\"summary_large_image\" \/>\n<meta name=\"twitter:creator\" content=\"@RNVinformativa\" \/>\n<meta name=\"twitter:site\" content=\"@RNVinformativa\" \/>\n<meta name=\"twitter:label1\" content=\"Escrito por\" \/>\n\t<meta name=\"twitter:data1\" content=\"administrador\" \/>\n\t<meta name=\"twitter:label2\" content=\"Tiempo estimado de lectura\" \/>\n\t<meta name=\"twitter:data2\" content=\"1 minuto\" \/>\n<script type=\"application\/ld+json\" class=\"yoast-schema-graph\">{\"@context\":\"https:\\\/\\\/schema.org\",\"@graph\":[{\"@type\":\"Article\",\"@id\":\"https:\\\/\\\/stage3.rnv.gob.ve\\\/wp\\\/lula-declara-este-miercoles-ante-juez-moro-por-causa-lava-jato\\\/#article\",\"isPartOf\":{\"@id\":\"https:\\\/\\\/stage3.rnv.gob.ve\\\/wp\\\/lula-declara-este-miercoles-ante-juez-moro-por-causa-lava-jato\\\/\"},\"author\":{\"name\":\"administrador\",\"@id\":\"https:\\\/\\\/stage3.rnv.gob.ve\\\/wp\\\/#\\\/schema\\\/person\\\/0862ce8cde332e0bc63b8a243f0eea2c\"},\"headline\":\"Lula declara este mi\u00e9rcoles ante juez Moro por causa Lava Jato\",\"datePublished\":\"2017-05-10T14:31:23+00:00\",\"mainEntityOfPage\":{\"@id\":\"https:\\\/\\\/stage3.rnv.gob.ve\\\/wp\\\/lula-declara-este-miercoles-ante-juez-moro-por-causa-lava-jato\\\/\"},\"wordCount\":309,\"publisher\":{\"@id\":\"https:\\\/\\\/stage3.rnv.gob.ve\\\/wp\\\/#organization\"},\"image\":{\"@id\":\"https:\\\/\\\/stage3.rnv.gob.ve\\\/wp\\\/lula-declara-este-miercoles-ante-juez-moro-por-causa-lava-jato\\\/#primaryimage\"},\"thumbnailUrl\":\"\",\"keywords\":[\"brasil\",\"Lava Jato\",\"lula\"],\"articleSection\":[\"Latinoam\u00e9rica\"],\"inLanguage\":\"es\"},{\"@type\":\"WebPage\",\"@id\":\"https:\\\/\\\/stage3.rnv.gob.ve\\\/wp\\\/lula-declara-este-miercoles-ante-juez-moro-por-causa-lava-jato\\\/\",\"url\":\"https:\\\/\\\/stage3.rnv.gob.ve\\\/wp\\\/lula-declara-este-miercoles-ante-juez-moro-por-causa-lava-jato\\\/\",\"name\":\"Lula declara este mi\u00e9rcoles ante juez Moro por causa Lava Jato - DEV RNV\",\"isPartOf\":{\"@id\":\"https:\\\/\\\/stage3.rnv.gob.ve\\\/wp\\\/#website\"},\"primaryImageOfPage\":{\"@id\":\"https:\\\/\\\/stage3.rnv.gob.ve\\\/wp\\\/lula-declara-este-miercoles-ante-juez-moro-por-causa-lava-jato\\\/#primaryimage\"},\"image\":{\"@id\":\"https:\\\/\\\/stage3.rnv.gob.ve\\\/wp\\\/lula-declara-este-miercoles-ante-juez-moro-por-causa-lava-jato\\\/#primaryimage\"},\"thumbnailUrl\":\"\",\"datePublished\":\"2017-05-10T14:31:23+00:00\",\"breadcrumb\":{\"@id\":\"https:\\\/\\\/stage3.rnv.gob.ve\\\/wp\\\/lula-declara-este-miercoles-ante-juez-moro-por-causa-lava-jato\\\/#breadcrumb\"},\"inLanguage\":\"es\",\"potentialAction\":[{\"@type\":\"ReadAction\",\"target\":[\"https:\\\/\\\/stage3.rnv.gob.ve\\\/wp\\\/lula-declara-este-miercoles-ante-juez-moro-por-causa-lava-jato\\\/\"]}]},{\"@type\":\"ImageObject\",\"inLanguage\":\"es\",\"@id\":\"https:\\\/\\\/stage3.rnv.gob.ve\\\/wp\\\/lula-declara-este-miercoles-ante-juez-moro-por-causa-lava-jato\\\/#primaryimage\",\"url\":\"\",\"contentUrl\":\"\"},{\"@type\":\"BreadcrumbList\",\"@id\":\"https:\\\/\\\/stage3.rnv.gob.ve\\\/wp\\\/lula-declara-este-miercoles-ante-juez-moro-por-causa-lava-jato\\\/#breadcrumb\",\"itemListElement\":[{\"@type\":\"ListItem\",\"position\":1,\"name\":\"Portada\",\"item\":\"https:\\\/\\\/stage3.rnv.gob.ve\\\/wp\\\/\"},{\"@type\":\"ListItem\",\"position\":2,\"name\":\"Lula Declara Este Mi\u00e9rcoles Ante Juez Moro Por Causa Lava Jato\"}]},{\"@type\":\"WebSite\",\"@id\":\"https:\\\/\\\/stage3.rnv.gob.ve\\\/wp\\\/#website\",\"url\":\"https:\\\/\\\/stage3.rnv.gob.ve\\\/wp\\\/\",\"name\":\"DEV RNV\",\"description\":\"Radio Nacional de Venezuela C.A.\",\"publisher\":{\"@id\":\"https:\\\/\\\/stage3.rnv.gob.ve\\\/wp\\\/#organization\"},\"potentialAction\":[{\"@type\":\"SearchAction\",\"target\":{\"@type\":\"EntryPoint\",\"urlTemplate\":\"https:\\\/\\\/stage3.rnv.gob.ve\\\/wp\\\/?s={search_term_string}\"},\"query-input\":{\"@type\":\"PropertyValueSpecification\",\"valueRequired\":true,\"valueName\":\"search_term_string\"}}],\"inLanguage\":\"es\"},{\"@type\":\"Organization\",\"@id\":\"https:\\\/\\\/stage3.rnv.gob.ve\\\/wp\\\/#organization\",\"name\":\"Radio Nacional de Venezuela C.A.\",\"url\":\"https:\\\/\\\/stage3.rnv.gob.ve\\\/wp\\\/\",\"logo\":{\"@type\":\"ImageObject\",\"inLanguage\":\"es\",\"@id\":\"https:\\\/\\\/stage3.rnv.gob.ve\\\/wp\\\/#\\\/schema\\\/logo\\\/image\\\/\",\"url\":\"http:\\\/\\\/rnv.ddns.net\\\/prensa\\\/wp-content\\\/uploads\\\/2022\\\/04\\\/rnv-1-300x227-1.jpg\",\"contentUrl\":\"http:\\\/\\\/rnv.ddns.net\\\/prensa\\\/wp-content\\\/uploads\\\/2022\\\/04\\\/rnv-1-300x227-1.jpg\",\"width\":800,\"height\":455,\"caption\":\"Radio Nacional de Venezuela C.A.\"},\"image\":{\"@id\":\"https:\\\/\\\/stage3.rnv.gob.ve\\\/wp\\\/#\\\/schema\\\/logo\\\/image\\\/\"},\"sameAs\":[\"https:\\\/\\\/www.facebook.com\\\/RadioNacionaldeVenezuela\",\"https:\\\/\\\/x.com\\\/RNVinformativa\",\"https:\\\/\\\/www.instagram.com\\\/rnvinformativa\\\/\",\"https:\\\/\\\/www.youtube.com\\\/user\\\/RNVContigo\"]},{\"@type\":\"Person\",\"@id\":\"https:\\\/\\\/stage3.rnv.gob.ve\\\/wp\\\/#\\\/schema\\\/person\\\/0862ce8cde332e0bc63b8a243f0eea2c\",\"name\":\"administrador\",\"sameAs\":[\"http:\\\/\\\/arnoldoeloy.net\"],\"url\":\"https:\\\/\\\/stage3.rnv.gob.ve\\\/wp\\\/author\\\/administrador\\\/\"}]}<\/script>\n<!-- \/ Yoast SEO plugin. -->","yoast_head_json":{"title":"Lula declara este mi\u00e9rcoles ante juez Moro por causa Lava Jato - DEV RNV","robots":{"index":"noindex","follow":"follow","max-snippet":"max-snippet:-1","max-image-preview":"max-image-preview:large","max-video-preview":"max-video-preview:-1"},"og_locale":"es_ES","og_type":"article","og_title":"Lula declara este mi\u00e9rcoles ante juez Moro por causa Lava Jato - DEV RNV","og_description":"El expresidente de Brasil Luiz In\u00e1cio\u00a0Lula da Silva est\u00e1 tranquilo y seguro ante su primer encuentro con el juez Sergio Moro este mi\u00e9rcoles\u00a0en la ciudad de Curitiba\u00a0por el caso de corrupci\u00f3n Lava Jato. De acuerdo con el senador del Partido de los Trabajadores (PT) Humbeto\u00a0Costa, el l\u00edder brasile\u00f1o est\u00e1 muy tranquilo, seguro y preparado para [&hellip;]","og_url":"https:\/\/stage3.rnv.gob.ve\/wp\/lula-declara-este-miercoles-ante-juez-moro-por-causa-lava-jato\/","og_site_name":"DEV RNV","article_publisher":"https:\/\/www.facebook.com\/RadioNacionaldeVenezuela","article_published_time":"2017-05-10T14:31:23+00:00","author":"administrador","twitter_card":"summary_large_image","twitter_creator":"@RNVinformativa","twitter_site":"@RNVinformativa","twitter_misc":{"Escrito por":"administrador","Tiempo estimado de lectura":"1 minuto"},"schema":{"@context":"https:\/\/schema.org","@graph":[{"@type":"Article","@id":"https:\/\/stage3.rnv.gob.ve\/wp\/lula-declara-este-miercoles-ante-juez-moro-por-causa-lava-jato\/#article","isPartOf":{"@id":"https:\/\/stage3.rnv.gob.ve\/wp\/lula-declara-este-miercoles-ante-juez-moro-por-causa-lava-jato\/"},"author":{"name":"administrador","@id":"https:\/\/stage3.rnv.gob.ve\/wp\/#\/schema\/person\/0862ce8cde332e0bc63b8a243f0eea2c"},"headline":"Lula declara este mi\u00e9rcoles ante juez Moro por causa Lava Jato","datePublished":"2017-05-10T14:31:23+00:00","mainEntityOfPage":{"@id":"https:\/\/stage3.rnv.gob.ve\/wp\/lula-declara-este-miercoles-ante-juez-moro-por-causa-lava-jato\/"},"wordCount":309,"publisher":{"@id":"https:\/\/stage3.rnv.gob.ve\/wp\/#organization"},"image":{"@id":"https:\/\/stage3.rnv.gob.ve\/wp\/lula-declara-este-miercoles-ante-juez-moro-por-causa-lava-jato\/#primaryimage"},"thumbnailUrl":"","keywords":["brasil","Lava Jato","lula"],"articleSection":["Latinoam\u00e9rica"],"inLanguage":"es"},{"@type":"WebPage","@id":"https:\/\/stage3.rnv.gob.ve\/wp\/lula-declara-este-miercoles-ante-juez-moro-por-causa-lava-jato\/","url":"https:\/\/stage3.rnv.gob.ve\/wp\/lula-declara-este-miercoles-ante-juez-moro-por-causa-lava-jato\/","name":"Lula declara este mi\u00e9rcoles ante juez Moro por causa Lava Jato - DEV RNV","isPartOf":{"@id":"https:\/\/stage3.rnv.gob.ve\/wp\/#website"},"primaryImageOfPage":{"@id":"https:\/\/stage3.rnv.gob.ve\/wp\/lula-declara-este-miercoles-ante-juez-moro-por-causa-lava-jato\/#primaryimage"},"image":{"@id":"https:\/\/stage3.rnv.gob.ve\/wp\/lula-declara-este-miercoles-ante-juez-moro-por-causa-lava-jato\/#primaryimage"},"thumbnailUrl":"","datePublished":"2017-05-10T14:31:23+00:00","breadcrumb":{"@id":"https:\/\/stage3.rnv.gob.ve\/wp\/lula-declara-este-miercoles-ante-juez-moro-por-causa-lava-jato\/#breadcrumb"},"inLanguage":"es","potentialAction":[{"@type":"ReadAction","target":["https:\/\/stage3.rnv.gob.ve\/wp\/lula-declara-este-miercoles-ante-juez-moro-por-causa-lava-jato\/"]}]},{"@type":"ImageObject","inLanguage":"es","@id":"https:\/\/stage3.rnv.gob.ve\/wp\/lula-declara-este-miercoles-ante-juez-moro-por-causa-lava-jato\/#primaryimage","url":"","contentUrl":""},{"@type":"BreadcrumbList","@id":"https:\/\/stage3.rnv.gob.ve\/wp\/lula-declara-este-miercoles-ante-juez-moro-por-causa-lava-jato\/#breadcrumb","itemListElement":[{"@type":"ListItem","position":1,"name":"Portada","item":"https:\/\/stage3.rnv.gob.ve\/wp\/"},{"@type":"ListItem","position":2,"name":"Lula Declara Este Mi\u00e9rcoles Ante Juez Moro Por Causa Lava Jato"}]},{"@type":"WebSite","@id":"https:\/\/stage3.rnv.gob.ve\/wp\/#website","url":"https:\/\/stage3.rnv.gob.ve\/wp\/","name":"DEV RNV","description":"Radio Nacional de Venezuela C.A.","publisher":{"@id":"https:\/\/stage3.rnv.gob.ve\/wp\/#organization"},"potentialAction":[{"@type":"SearchAction","target":{"@type":"EntryPoint","urlTemplate":"https:\/\/stage3.rnv.gob.ve\/wp\/?s={search_term_string}"},"query-input":{"@type":"PropertyValueSpecification","valueRequired":true,"valueName":"search_term_string"}}],"inLanguage":"es"},{"@type":"Organization","@id":"https:\/\/stage3.rnv.gob.ve\/wp\/#organization","name":"Radio Nacional de Venezuela C.A.","url":"https:\/\/stage3.rnv.gob.ve\/wp\/","logo":{"@type":"ImageObject","inLanguage":"es","@id":"https:\/\/stage3.rnv.gob.ve\/wp\/#\/schema\/logo\/image\/","url":"http:\/\/rnv.ddns.net\/prensa\/wp-content\/uploads\/2022\/04\/rnv-1-300x227-1.jpg","contentUrl":"http:\/\/rnv.ddns.net\/prensa\/wp-content\/uploads\/2022\/04\/rnv-1-300x227-1.jpg","width":800,"height":455,"caption":"Radio Nacional de Venezuela C.A."},"image":{"@id":"https:\/\/stage3.rnv.gob.ve\/wp\/#\/schema\/logo\/image\/"},"sameAs":["https:\/\/www.facebook.com\/RadioNacionaldeVenezuela","https:\/\/x.com\/RNVinformativa","https:\/\/www.instagram.com\/rnvinformativa\/","https:\/\/www.youtube.com\/user\/RNVContigo"]},{"@type":"Person","@id":"https:\/\/stage3.rnv.gob.ve\/wp\/#\/schema\/person\/0862ce8cde332e0bc63b8a243f0eea2c","name":"administrador","sameAs":["http:\/\/arnoldoeloy.net"],"url":"https:\/\/stage3.rnv.gob.ve\/wp\/author\/administrador\/"}]}},"jetpack_featured_media_url":"","_links":{"self":[{"href":"https:\/\/stage3.rnv.gob.ve\/wp\/wp-json\/wp\/v2\/posts\/139521","targetHints":{"allow":["GET"]}}],"collection":[{"href":"https:\/\/stage3.rnv.gob.ve\/wp\/wp-json\/wp\/v2\/posts"}],"about":[{"href":"https:\/\/stage3.rnv.gob.ve\/wp\/wp-json\/wp\/v2\/types\/post"}],"author":[{"embeddable":true,"href":"https:\/\/stage3.rnv.gob.ve\/wp\/wp-json\/wp\/v2\/users\/1"}],"replies":[{"embeddable":true,"href":"https:\/\/stage3.rnv.gob.ve\/wp\/wp-json\/wp\/v2\/comments?post=139521"}],"version-history":[{"count":0,"href":"https:\/\/stage3.rnv.gob.ve\/wp\/wp-json\/wp\/v2\/posts\/139521\/revisions"}],"wp:featuredmedia":[{"embeddable":true,"href":"https:\/\/stage3.rnv.gob.ve\/wp\/wp-json\/"}],"wp:attachment":[{"href":"https:\/\/stage3.rnv.gob.ve\/wp\/wp-json\/wp\/v2\/media?parent=139521"}],"wp:term":[{"taxonomy":"category","embeddable":true,"href":"https:\/\/stage3.rnv.gob.ve\/wp\/wp-json\/wp\/v2\/categories?post=139521"},{"taxonomy":"post_tag","embeddable":true,"href":"https:\/\/stage3.rnv.gob.ve\/wp\/wp-json\/wp\/v2\/tags?post=139521"}],"curies":[{"name":"wp","href":"https:\/\/api.w.org\/{rel}","templated":true}]}}