{"id":138583,"date":"2017-05-05T08:41:31","date_gmt":"2017-05-05T13:11:31","guid":{"rendered":"http:\/\/wpeditor.rnv.gob.ve\/?p=138583"},"modified":"2017-05-05T08:41:31","modified_gmt":"2017-05-05T13:11:31","slug":"tachirenses-denuncian-supuestos-nexos-de-ex-gobernador-perez-vivas-en-financiamiento-de-grupos-terroristas","status":"publish","type":"post","link":"https:\/\/stage3.rnv.gob.ve\/wp\/tachirenses-denuncian-supuestos-nexos-de-ex-gobernador-perez-vivas-en-financiamiento-de-grupos-terroristas\/","title":{"rendered":"Denuncian presunta implicaci\u00f3n de ex gobernador P\u00e9rez Vivas con grupos terroristas"},"content":{"rendered":"<p style=\"text-align: justify;\"><img fetchpriority=\"high\" decoding=\"async\" class=\"size-medium wp-image-138585 alignleft\" src=\"http:\/\/wpeditor.rnv.gob.ve\/app\/uploads\/2017\/05\/PREFECTO-LUIS-RIVERA-OSORIO_TACHIRENSES-DENUNCIAS-SUPUESTOS-NEXOS-DE-EXGOBERNADOR-P\u00c9REZ-VIVAS-CON-GRUPOS-VIOLENTOS-QUE-HAN-INSTALADO-EL-TERROR-EN-T\u00c1CHIRA-300x200.jpg\" alt=\"PREFECTO LUIS RIVERA OSORIO_TACHIRENSES DENUNCIAS SUPUESTOS NEXOS DE EXGOBERNADOR P\u00c9REZ VIVAS CON GRUPOS VIOLENTOS QUE HAN INSTALADO EL TERROR EN T\u00c1CHIRA\" width=\"300\" height=\"200\" \/>El Poder Popular organizado del estado T\u00e1chira denunci\u00f3 ante el Ministerio P\u00fablico al ex gobernador opositor C\u00e9sar P\u00e9rez Vivas, por supuestos nexos con grupos violentos \u00a0que han implementado terror en comunidades de la entidad. As\u00ed lo explic\u00f3 Luis Rivera Osorio, prefecto del municipio San Crist\u00f3bal.<\/p>\n<p style=\"text-align: justify;\">Osorio record\u00f3 que sobre la figura de P\u00e9rez Vivas reposan investigaciones que lo vinculan a corrupci\u00f3n durante su gesti\u00f3n como Gobernador; extendiendo un llamado a los ciudadanos a denunciar a quienes han atentado contra la tranquilidad de los tachirenses.<\/p>\n<p style=\"text-align: justify;\">La autoridad municipal indic\u00f3 que gracias a la organizaci\u00f3n del pueblo se han consignado ante organismos competentes varias denuncias que recogen el sentir del pueblo andino rechazando las acciones vand\u00e1licas y terroristas que se desataron en la entidad tras convocatorias de movilizaci\u00f3n realizadas por la derecha.<\/p>\n<p style=\"text-align: justify;\">Escuche el siguiente reporte de nuestra compa\u00f1era Larissa Chac\u00f3n.<\/p>\n<audio class=\"wp-audio-shortcode\" id=\"audio-138583-1\" preload=\"none\" style=\"width: 100%;\" controls=\"controls\"><source type=\"audio\/mpeg\" src=\"http:\/\/wpeditor.rnv.gob.ve\/app\/uploads\/2017\/05\/REPORTE-TACHIRA-MP.mp3?_=1\" \/><a href=\"http:\/\/wpeditor.rnv.gob.ve\/app\/uploads\/2017\/05\/REPORTE-TACHIRA-MP.mp3\">http:\/\/wpeditor.rnv.gob.ve\/app\/uploads\/2017\/05\/REPORTE-TACHIRA-MP.mp3<\/a><\/audio>\n<p>T\/ RNV Corresponsal\u00eda\/ T\u00e1chira.<\/p>\n<p>&nbsp;<\/p>\n","protected":false},"excerpt":{"rendered":"<p>El Poder Popular organizado del estado T\u00e1chira denunci\u00f3 ante el Ministerio P\u00fablico al ex gobernador opositor C\u00e9sar P\u00e9rez Vivas, por supuestos nexos con grupos violentos \u00a0que han implementado terror en comunidades de la entidad. As\u00ed lo explic\u00f3 Luis Rivera Osorio, prefecto del municipio San Crist\u00f3bal. Osorio record\u00f3 que sobre la figura de P\u00e9rez Vivas reposan [&hellip;]<\/p>\n","protected":false},"author":30,"featured_media":138585,"comment_status":"closed","ping_status":"open","sticky":false,"template":"","format":"standard","meta":{"_acf_changed":false,"footnotes":""},"categories":[69],"tags":[678,2422,14430,14431,14432],"class_list":["post-138583","post","type-post","status-publish","format-standard","has-post-thumbnail","hentry","category-regional","tag-denuncia","tag-financiamiento","tag-nexos","tag-perez-vivas","tag-tachirenses"],"acf":[],"yoast_head":"<!-- This site is optimized with the Yoast SEO plugin v27.4 - https:\/\/yoast.com\/product\/yoast-seo-wordpress\/ -->\n<title>Denuncian presunta implicaci\u00f3n de ex gobernador P\u00e9rez Vivas con grupos terroristas - DEV RNV<\/title>\n<meta name=\"robots\" content=\"noindex, follow, max-snippet:-1, max-image-preview:large, max-video-preview:-1\" \/>\n<meta property=\"og:locale\" content=\"es_ES\" \/>\n<meta property=\"og:type\" content=\"article\" \/>\n<meta property=\"og:title\" content=\"Denuncian presunta implicaci\u00f3n de ex gobernador P\u00e9rez Vivas con grupos terroristas - DEV RNV\" \/>\n<meta property=\"og:description\" content=\"El Poder Popular organizado del estado T\u00e1chira denunci\u00f3 ante el Ministerio P\u00fablico al ex gobernador opositor C\u00e9sar P\u00e9rez Vivas, por supuestos nexos con grupos violentos \u00a0que han implementado terror en comunidades de la entidad. As\u00ed lo explic\u00f3 Luis Rivera Osorio, prefecto del municipio San Crist\u00f3bal. Osorio record\u00f3 que sobre la figura de P\u00e9rez Vivas reposan [&hellip;]\" \/>\n<meta property=\"og:url\" content=\"https:\/\/stage3.rnv.gob.ve\/wp\/tachirenses-denuncian-supuestos-nexos-de-ex-gobernador-perez-vivas-en-financiamiento-de-grupos-terroristas\/\" \/>\n<meta property=\"og:site_name\" content=\"DEV RNV\" \/>\n<meta property=\"article:publisher\" content=\"https:\/\/www.facebook.com\/RadioNacionaldeVenezuela\" \/>\n<meta property=\"article:published_time\" content=\"2017-05-05T13:11:31+00:00\" \/>\n<meta name=\"author\" content=\"Nelson Acosta\" \/>\n<meta name=\"twitter:card\" content=\"summary_large_image\" \/>\n<meta name=\"twitter:creator\" content=\"@RNVinformativa\" \/>\n<meta name=\"twitter:site\" content=\"@RNVinformativa\" \/>\n<meta name=\"twitter:label1\" content=\"Escrito por\" \/>\n\t<meta name=\"twitter:data1\" content=\"Nelson Acosta\" \/>\n\t<meta name=\"twitter:label2\" content=\"Tiempo estimado de lectura\" \/>\n\t<meta name=\"twitter:data2\" content=\"1 minuto\" \/>\n<script type=\"application\/ld+json\" class=\"yoast-schema-graph\">{\"@context\":\"https:\\\/\\\/schema.org\",\"@graph\":[{\"@type\":\"Article\",\"@id\":\"https:\\\/\\\/stage3.rnv.gob.ve\\\/wp\\\/tachirenses-denuncian-supuestos-nexos-de-ex-gobernador-perez-vivas-en-financiamiento-de-grupos-terroristas\\\/#article\",\"isPartOf\":{\"@id\":\"https:\\\/\\\/stage3.rnv.gob.ve\\\/wp\\\/tachirenses-denuncian-supuestos-nexos-de-ex-gobernador-perez-vivas-en-financiamiento-de-grupos-terroristas\\\/\"},\"author\":{\"name\":\"Nelson Acosta\",\"@id\":\"https:\\\/\\\/stage3.rnv.gob.ve\\\/wp\\\/#\\\/schema\\\/person\\\/456d26599214e85256835dffede212ff\"},\"headline\":\"Denuncian presunta implicaci\u00f3n de ex gobernador P\u00e9rez Vivas con grupos terroristas\",\"datePublished\":\"2017-05-05T13:11:31+00:00\",\"mainEntityOfPage\":{\"@id\":\"https:\\\/\\\/stage3.rnv.gob.ve\\\/wp\\\/tachirenses-denuncian-supuestos-nexos-de-ex-gobernador-perez-vivas-en-financiamiento-de-grupos-terroristas\\\/\"},\"wordCount\":184,\"publisher\":{\"@id\":\"https:\\\/\\\/stage3.rnv.gob.ve\\\/wp\\\/#organization\"},\"image\":{\"@id\":\"https:\\\/\\\/stage3.rnv.gob.ve\\\/wp\\\/tachirenses-denuncian-supuestos-nexos-de-ex-gobernador-perez-vivas-en-financiamiento-de-grupos-terroristas\\\/#primaryimage\"},\"thumbnailUrl\":\"\",\"keywords\":[\"denuncia\",\"financiamiento\",\"nexos\",\"Perez Vivas\",\"tachirenses\"],\"articleSection\":[\"Regional\"],\"inLanguage\":\"es\"},{\"@type\":\"WebPage\",\"@id\":\"https:\\\/\\\/stage3.rnv.gob.ve\\\/wp\\\/tachirenses-denuncian-supuestos-nexos-de-ex-gobernador-perez-vivas-en-financiamiento-de-grupos-terroristas\\\/\",\"url\":\"https:\\\/\\\/stage3.rnv.gob.ve\\\/wp\\\/tachirenses-denuncian-supuestos-nexos-de-ex-gobernador-perez-vivas-en-financiamiento-de-grupos-terroristas\\\/\",\"name\":\"Denuncian presunta implicaci\u00f3n de ex gobernador P\u00e9rez Vivas con grupos terroristas - DEV RNV\",\"isPartOf\":{\"@id\":\"https:\\\/\\\/stage3.rnv.gob.ve\\\/wp\\\/#website\"},\"primaryImageOfPage\":{\"@id\":\"https:\\\/\\\/stage3.rnv.gob.ve\\\/wp\\\/tachirenses-denuncian-supuestos-nexos-de-ex-gobernador-perez-vivas-en-financiamiento-de-grupos-terroristas\\\/#primaryimage\"},\"image\":{\"@id\":\"https:\\\/\\\/stage3.rnv.gob.ve\\\/wp\\\/tachirenses-denuncian-supuestos-nexos-de-ex-gobernador-perez-vivas-en-financiamiento-de-grupos-terroristas\\\/#primaryimage\"},\"thumbnailUrl\":\"\",\"datePublished\":\"2017-05-05T13:11:31+00:00\",\"breadcrumb\":{\"@id\":\"https:\\\/\\\/stage3.rnv.gob.ve\\\/wp\\\/tachirenses-denuncian-supuestos-nexos-de-ex-gobernador-perez-vivas-en-financiamiento-de-grupos-terroristas\\\/#breadcrumb\"},\"inLanguage\":\"es\",\"potentialAction\":[{\"@type\":\"ReadAction\",\"target\":[\"https:\\\/\\\/stage3.rnv.gob.ve\\\/wp\\\/tachirenses-denuncian-supuestos-nexos-de-ex-gobernador-perez-vivas-en-financiamiento-de-grupos-terroristas\\\/\"]}]},{\"@type\":\"ImageObject\",\"inLanguage\":\"es\",\"@id\":\"https:\\\/\\\/stage3.rnv.gob.ve\\\/wp\\\/tachirenses-denuncian-supuestos-nexos-de-ex-gobernador-perez-vivas-en-financiamiento-de-grupos-terroristas\\\/#primaryimage\",\"url\":\"\",\"contentUrl\":\"\"},{\"@type\":\"BreadcrumbList\",\"@id\":\"https:\\\/\\\/stage3.rnv.gob.ve\\\/wp\\\/tachirenses-denuncian-supuestos-nexos-de-ex-gobernador-perez-vivas-en-financiamiento-de-grupos-terroristas\\\/#breadcrumb\",\"itemListElement\":[{\"@type\":\"ListItem\",\"position\":1,\"name\":\"Portada\",\"item\":\"https:\\\/\\\/stage3.rnv.gob.ve\\\/wp\\\/\"},{\"@type\":\"ListItem\",\"position\":2,\"name\":\"Denuncian Presunta Implicaci\u00f3n De Ex Gobernador P\u00e9rez Vivas Con Grupos Terroristas\"}]},{\"@type\":\"WebSite\",\"@id\":\"https:\\\/\\\/stage3.rnv.gob.ve\\\/wp\\\/#website\",\"url\":\"https:\\\/\\\/stage3.rnv.gob.ve\\\/wp\\\/\",\"name\":\"DEV RNV\",\"description\":\"Radio Nacional de Venezuela C.A.\",\"publisher\":{\"@id\":\"https:\\\/\\\/stage3.rnv.gob.ve\\\/wp\\\/#organization\"},\"potentialAction\":[{\"@type\":\"SearchAction\",\"target\":{\"@type\":\"EntryPoint\",\"urlTemplate\":\"https:\\\/\\\/stage3.rnv.gob.ve\\\/wp\\\/?s={search_term_string}\"},\"query-input\":{\"@type\":\"PropertyValueSpecification\",\"valueRequired\":true,\"valueName\":\"search_term_string\"}}],\"inLanguage\":\"es\"},{\"@type\":\"Organization\",\"@id\":\"https:\\\/\\\/stage3.rnv.gob.ve\\\/wp\\\/#organization\",\"name\":\"Radio Nacional de Venezuela C.A.\",\"url\":\"https:\\\/\\\/stage3.rnv.gob.ve\\\/wp\\\/\",\"logo\":{\"@type\":\"ImageObject\",\"inLanguage\":\"es\",\"@id\":\"https:\\\/\\\/stage3.rnv.gob.ve\\\/wp\\\/#\\\/schema\\\/logo\\\/image\\\/\",\"url\":\"http:\\\/\\\/rnv.ddns.net\\\/prensa\\\/wp-content\\\/uploads\\\/2022\\\/04\\\/rnv-1-300x227-1.jpg\",\"contentUrl\":\"http:\\\/\\\/rnv.ddns.net\\\/prensa\\\/wp-content\\\/uploads\\\/2022\\\/04\\\/rnv-1-300x227-1.jpg\",\"width\":800,\"height\":455,\"caption\":\"Radio Nacional de Venezuela C.A.\"},\"image\":{\"@id\":\"https:\\\/\\\/stage3.rnv.gob.ve\\\/wp\\\/#\\\/schema\\\/logo\\\/image\\\/\"},\"sameAs\":[\"https:\\\/\\\/www.facebook.com\\\/RadioNacionaldeVenezuela\",\"https:\\\/\\\/x.com\\\/RNVinformativa\",\"https:\\\/\\\/www.instagram.com\\\/rnvinformativa\\\/\",\"https:\\\/\\\/www.youtube.com\\\/user\\\/RNVContigo\"]},{\"@type\":\"Person\",\"@id\":\"https:\\\/\\\/stage3.rnv.gob.ve\\\/wp\\\/#\\\/schema\\\/person\\\/456d26599214e85256835dffede212ff\",\"name\":\"Nelson Acosta\",\"url\":\"https:\\\/\\\/stage3.rnv.gob.ve\\\/wp\\\/author\\\/nelson_acosta\\\/\"}]}<\/script>\n<!-- \/ Yoast SEO plugin. -->","yoast_head_json":{"title":"Denuncian presunta implicaci\u00f3n de ex gobernador P\u00e9rez Vivas con grupos terroristas - DEV RNV","robots":{"index":"noindex","follow":"follow","max-snippet":"max-snippet:-1","max-image-preview":"max-image-preview:large","max-video-preview":"max-video-preview:-1"},"og_locale":"es_ES","og_type":"article","og_title":"Denuncian presunta implicaci\u00f3n de ex gobernador P\u00e9rez Vivas con grupos terroristas - DEV RNV","og_description":"El Poder Popular organizado del estado T\u00e1chira denunci\u00f3 ante el Ministerio P\u00fablico al ex gobernador opositor C\u00e9sar P\u00e9rez Vivas, por supuestos nexos con grupos violentos \u00a0que han implementado terror en comunidades de la entidad. As\u00ed lo explic\u00f3 Luis Rivera Osorio, prefecto del municipio San Crist\u00f3bal. Osorio record\u00f3 que sobre la figura de P\u00e9rez Vivas reposan [&hellip;]","og_url":"https:\/\/stage3.rnv.gob.ve\/wp\/tachirenses-denuncian-supuestos-nexos-de-ex-gobernador-perez-vivas-en-financiamiento-de-grupos-terroristas\/","og_site_name":"DEV RNV","article_publisher":"https:\/\/www.facebook.com\/RadioNacionaldeVenezuela","article_published_time":"2017-05-05T13:11:31+00:00","author":"Nelson Acosta","twitter_card":"summary_large_image","twitter_creator":"@RNVinformativa","twitter_site":"@RNVinformativa","twitter_misc":{"Escrito por":"Nelson Acosta","Tiempo estimado de lectura":"1 minuto"},"schema":{"@context":"https:\/\/schema.org","@graph":[{"@type":"Article","@id":"https:\/\/stage3.rnv.gob.ve\/wp\/tachirenses-denuncian-supuestos-nexos-de-ex-gobernador-perez-vivas-en-financiamiento-de-grupos-terroristas\/#article","isPartOf":{"@id":"https:\/\/stage3.rnv.gob.ve\/wp\/tachirenses-denuncian-supuestos-nexos-de-ex-gobernador-perez-vivas-en-financiamiento-de-grupos-terroristas\/"},"author":{"name":"Nelson Acosta","@id":"https:\/\/stage3.rnv.gob.ve\/wp\/#\/schema\/person\/456d26599214e85256835dffede212ff"},"headline":"Denuncian presunta implicaci\u00f3n de ex gobernador P\u00e9rez Vivas con grupos terroristas","datePublished":"2017-05-05T13:11:31+00:00","mainEntityOfPage":{"@id":"https:\/\/stage3.rnv.gob.ve\/wp\/tachirenses-denuncian-supuestos-nexos-de-ex-gobernador-perez-vivas-en-financiamiento-de-grupos-terroristas\/"},"wordCount":184,"publisher":{"@id":"https:\/\/stage3.rnv.gob.ve\/wp\/#organization"},"image":{"@id":"https:\/\/stage3.rnv.gob.ve\/wp\/tachirenses-denuncian-supuestos-nexos-de-ex-gobernador-perez-vivas-en-financiamiento-de-grupos-terroristas\/#primaryimage"},"thumbnailUrl":"","keywords":["denuncia","financiamiento","nexos","Perez Vivas","tachirenses"],"articleSection":["Regional"],"inLanguage":"es"},{"@type":"WebPage","@id":"https:\/\/stage3.rnv.gob.ve\/wp\/tachirenses-denuncian-supuestos-nexos-de-ex-gobernador-perez-vivas-en-financiamiento-de-grupos-terroristas\/","url":"https:\/\/stage3.rnv.gob.ve\/wp\/tachirenses-denuncian-supuestos-nexos-de-ex-gobernador-perez-vivas-en-financiamiento-de-grupos-terroristas\/","name":"Denuncian presunta implicaci\u00f3n de ex gobernador P\u00e9rez Vivas con grupos terroristas - DEV RNV","isPartOf":{"@id":"https:\/\/stage3.rnv.gob.ve\/wp\/#website"},"primaryImageOfPage":{"@id":"https:\/\/stage3.rnv.gob.ve\/wp\/tachirenses-denuncian-supuestos-nexos-de-ex-gobernador-perez-vivas-en-financiamiento-de-grupos-terroristas\/#primaryimage"},"image":{"@id":"https:\/\/stage3.rnv.gob.ve\/wp\/tachirenses-denuncian-supuestos-nexos-de-ex-gobernador-perez-vivas-en-financiamiento-de-grupos-terroristas\/#primaryimage"},"thumbnailUrl":"","datePublished":"2017-05-05T13:11:31+00:00","breadcrumb":{"@id":"https:\/\/stage3.rnv.gob.ve\/wp\/tachirenses-denuncian-supuestos-nexos-de-ex-gobernador-perez-vivas-en-financiamiento-de-grupos-terroristas\/#breadcrumb"},"inLanguage":"es","potentialAction":[{"@type":"ReadAction","target":["https:\/\/stage3.rnv.gob.ve\/wp\/tachirenses-denuncian-supuestos-nexos-de-ex-gobernador-perez-vivas-en-financiamiento-de-grupos-terroristas\/"]}]},{"@type":"ImageObject","inLanguage":"es","@id":"https:\/\/stage3.rnv.gob.ve\/wp\/tachirenses-denuncian-supuestos-nexos-de-ex-gobernador-perez-vivas-en-financiamiento-de-grupos-terroristas\/#primaryimage","url":"","contentUrl":""},{"@type":"BreadcrumbList","@id":"https:\/\/stage3.rnv.gob.ve\/wp\/tachirenses-denuncian-supuestos-nexos-de-ex-gobernador-perez-vivas-en-financiamiento-de-grupos-terroristas\/#breadcrumb","itemListElement":[{"@type":"ListItem","position":1,"name":"Portada","item":"https:\/\/stage3.rnv.gob.ve\/wp\/"},{"@type":"ListItem","position":2,"name":"Denuncian Presunta Implicaci\u00f3n De Ex Gobernador P\u00e9rez Vivas Con Grupos Terroristas"}]},{"@type":"WebSite","@id":"https:\/\/stage3.rnv.gob.ve\/wp\/#website","url":"https:\/\/stage3.rnv.gob.ve\/wp\/","name":"DEV RNV","description":"Radio Nacional de Venezuela C.A.","publisher":{"@id":"https:\/\/stage3.rnv.gob.ve\/wp\/#organization"},"potentialAction":[{"@type":"SearchAction","target":{"@type":"EntryPoint","urlTemplate":"https:\/\/stage3.rnv.gob.ve\/wp\/?s={search_term_string}"},"query-input":{"@type":"PropertyValueSpecification","valueRequired":true,"valueName":"search_term_string"}}],"inLanguage":"es"},{"@type":"Organization","@id":"https:\/\/stage3.rnv.gob.ve\/wp\/#organization","name":"Radio Nacional de Venezuela C.A.","url":"https:\/\/stage3.rnv.gob.ve\/wp\/","logo":{"@type":"ImageObject","inLanguage":"es","@id":"https:\/\/stage3.rnv.gob.ve\/wp\/#\/schema\/logo\/image\/","url":"http:\/\/rnv.ddns.net\/prensa\/wp-content\/uploads\/2022\/04\/rnv-1-300x227-1.jpg","contentUrl":"http:\/\/rnv.ddns.net\/prensa\/wp-content\/uploads\/2022\/04\/rnv-1-300x227-1.jpg","width":800,"height":455,"caption":"Radio Nacional de Venezuela C.A."},"image":{"@id":"https:\/\/stage3.rnv.gob.ve\/wp\/#\/schema\/logo\/image\/"},"sameAs":["https:\/\/www.facebook.com\/RadioNacionaldeVenezuela","https:\/\/x.com\/RNVinformativa","https:\/\/www.instagram.com\/rnvinformativa\/","https:\/\/www.youtube.com\/user\/RNVContigo"]},{"@type":"Person","@id":"https:\/\/stage3.rnv.gob.ve\/wp\/#\/schema\/person\/456d26599214e85256835dffede212ff","name":"Nelson Acosta","url":"https:\/\/stage3.rnv.gob.ve\/wp\/author\/nelson_acosta\/"}]}},"jetpack_featured_media_url":"","_links":{"self":[{"href":"https:\/\/stage3.rnv.gob.ve\/wp\/wp-json\/wp\/v2\/posts\/138583","targetHints":{"allow":["GET"]}}],"collection":[{"href":"https:\/\/stage3.rnv.gob.ve\/wp\/wp-json\/wp\/v2\/posts"}],"about":[{"href":"https:\/\/stage3.rnv.gob.ve\/wp\/wp-json\/wp\/v2\/types\/post"}],"author":[{"embeddable":true,"href":"https:\/\/stage3.rnv.gob.ve\/wp\/wp-json\/wp\/v2\/users\/30"}],"replies":[{"embeddable":true,"href":"https:\/\/stage3.rnv.gob.ve\/wp\/wp-json\/wp\/v2\/comments?post=138583"}],"version-history":[{"count":0,"href":"https:\/\/stage3.rnv.gob.ve\/wp\/wp-json\/wp\/v2\/posts\/138583\/revisions"}],"wp:featuredmedia":[{"embeddable":true,"href":"https:\/\/stage3.rnv.gob.ve\/wp\/wp-json\/"}],"wp:attachment":[{"href":"https:\/\/stage3.rnv.gob.ve\/wp\/wp-json\/wp\/v2\/media?parent=138583"}],"wp:term":[{"taxonomy":"category","embeddable":true,"href":"https:\/\/stage3.rnv.gob.ve\/wp\/wp-json\/wp\/v2\/categories?post=138583"},{"taxonomy":"post_tag","embeddable":true,"href":"https:\/\/stage3.rnv.gob.ve\/wp\/wp-json\/wp\/v2\/tags?post=138583"}],"curies":[{"name":"wp","href":"https:\/\/api.w.org\/{rel}","templated":true}]}}