{"id":13796,"date":"2016-04-05T11:53:36","date_gmt":"2016-04-05T16:23:36","guid":{"rendered":"http:\/\/wpeditor.rnv.gob.ve\/?p=13796"},"modified":"2026-04-14T18:21:48","modified_gmt":"2026-04-14T22:21:48","slug":"martin-perez-enfrenta-primer-desafio-del-ano","status":"publish","type":"post","link":"https:\/\/stage3.rnv.gob.ve\/wp\/martin-perez-enfrenta-primer-desafio-del-ano\/","title":{"rendered":"Mart\u00edn P\u00e9rez enfrenta primer desaf\u00edo del a\u00f1o"},"content":{"rendered":"<p><img fetchpriority=\"high\" decoding=\"async\" class=\"aligncenter size-full wp-image-13799\" src=\"http:\/\/wpeditor.rnv.gob.ve\/app\/uploads\/2016\/04\/Martin-perez.jpg\" alt=\"Martin perez\" width=\"579\" height=\"300\" \/><br \/>\nEsta noche a partir de las 7:35pm el zurdo Mart\u00edn P\u00e9rez enfrentar\u00e1 su primer desaf\u00edo de la temporada 2016 con los Rangers de Texas cuando enfrente a los Marineros de Seattle en el Globe Life Park en Arlington.<br \/>\nP\u00e9rez se medir\u00e1 a un rival dif\u00edcil para como los nautas los cuales en ocho presentaciones acumula record de 2-2 con 3.49 de efectividad.<br \/>\nSin embargo el criollo ha lanzador mejor como local y las estad\u00edsticas lo demuestran, en 16.2 entradas de labor solo ha recibido tres anotaciones con 14 abanicados.<br \/>\n<em><strong>RnvDeporte\/JEC<\/strong> <\/em><\/p>\n","protected":false},"excerpt":{"rendered":"<p>Esta noche a partir de las 7:35pm el zurdo Mart\u00edn P\u00e9rez enfrentar\u00e1 su primer desaf\u00edo de la temporada 2016 con los Rangers de Texas cuando enfrente a los Marineros de Seattle en el Globe Life Park en Arlington. P\u00e9rez se medir\u00e1 a un rival dif\u00edcil para como los nautas los cuales en ocho presentaciones acumula [&hellip;]<\/p>\n","protected":false},"author":16,"featured_media":13799,"comment_status":"closed","ping_status":"open","sticky":false,"template":"","format":"standard","meta":{"_acf_changed":false,"footnotes":""},"categories":[56],"tags":[112,120,2514,492,82,493],"class_list":["post-13796","post","type-post","status-publish","format-standard","has-post-thumbnail","hentry","category-deporte","tag-beisbol","tag-deporte","tag-marineros","tag-perez","tag-rnv","tag-texas"],"acf":[],"yoast_head":"<!-- This site is optimized with the Yoast SEO plugin v27.4 - https:\/\/yoast.com\/product\/yoast-seo-wordpress\/ -->\n<title>Mart\u00edn P\u00e9rez enfrenta primer desaf\u00edo del a\u00f1o - DEV RNV<\/title>\n<meta name=\"robots\" content=\"noindex, follow, max-snippet:-1, max-image-preview:large, max-video-preview:-1\" \/>\n<meta property=\"og:locale\" content=\"es_ES\" \/>\n<meta property=\"og:type\" content=\"article\" \/>\n<meta property=\"og:title\" content=\"Mart\u00edn P\u00e9rez enfrenta primer desaf\u00edo del a\u00f1o - DEV RNV\" \/>\n<meta property=\"og:description\" content=\"Esta noche a partir de las 7:35pm el zurdo Mart\u00edn P\u00e9rez enfrentar\u00e1 su primer desaf\u00edo de la temporada 2016 con los Rangers de Texas cuando enfrente a los Marineros de Seattle en el Globe Life Park en Arlington. P\u00e9rez se medir\u00e1 a un rival dif\u00edcil para como los nautas los cuales en ocho presentaciones acumula [&hellip;]\" \/>\n<meta property=\"og:url\" content=\"https:\/\/stage3.rnv.gob.ve\/wp\/martin-perez-enfrenta-primer-desafio-del-ano\/\" \/>\n<meta property=\"og:site_name\" content=\"DEV RNV\" \/>\n<meta property=\"article:publisher\" content=\"https:\/\/www.facebook.com\/RadioNacionaldeVenezuela\" \/>\n<meta property=\"article:published_time\" content=\"2016-04-05T16:23:36+00:00\" \/>\n<meta property=\"article:modified_time\" content=\"2026-04-14T22:21:48+00:00\" \/>\n<meta name=\"author\" content=\"Jonatha Escalante\" \/>\n<meta name=\"twitter:card\" content=\"summary_large_image\" \/>\n<meta name=\"twitter:creator\" content=\"@RNVinformativa\" \/>\n<meta name=\"twitter:site\" content=\"@RNVinformativa\" \/>\n<meta name=\"twitter:label1\" content=\"Escrito por\" \/>\n\t<meta name=\"twitter:data1\" content=\"Jonatha Escalante\" \/>\n<script type=\"application\/ld+json\" class=\"yoast-schema-graph\">{\"@context\":\"https:\\\/\\\/schema.org\",\"@graph\":[{\"@type\":\"Article\",\"@id\":\"https:\\\/\\\/stage3.rnv.gob.ve\\\/wp\\\/martin-perez-enfrenta-primer-desafio-del-ano\\\/#article\",\"isPartOf\":{\"@id\":\"https:\\\/\\\/stage3.rnv.gob.ve\\\/wp\\\/martin-perez-enfrenta-primer-desafio-del-ano\\\/\"},\"author\":{\"name\":\"Jonatha Escalante\",\"@id\":\"https:\\\/\\\/stage3.rnv.gob.ve\\\/wp\\\/#\\\/schema\\\/person\\\/348f72b27bc2b4f1b1da5e4f9e553e00\"},\"headline\":\"Mart\u00edn P\u00e9rez enfrenta primer desaf\u00edo del a\u00f1o\",\"datePublished\":\"2016-04-05T16:23:36+00:00\",\"dateModified\":\"2026-04-14T22:21:48+00:00\",\"mainEntityOfPage\":{\"@id\":\"https:\\\/\\\/stage3.rnv.gob.ve\\\/wp\\\/martin-perez-enfrenta-primer-desafio-del-ano\\\/\"},\"wordCount\":104,\"publisher\":{\"@id\":\"https:\\\/\\\/stage3.rnv.gob.ve\\\/wp\\\/#organization\"},\"image\":{\"@id\":\"https:\\\/\\\/stage3.rnv.gob.ve\\\/wp\\\/martin-perez-enfrenta-primer-desafio-del-ano\\\/#primaryimage\"},\"thumbnailUrl\":\"\",\"keywords\":[\"Beisbol\",\"deporte\",\"marineros\",\"perez\",\"RNV\",\"texas\"],\"articleSection\":[\"Deporte\"],\"inLanguage\":\"es\"},{\"@type\":\"WebPage\",\"@id\":\"https:\\\/\\\/stage3.rnv.gob.ve\\\/wp\\\/martin-perez-enfrenta-primer-desafio-del-ano\\\/\",\"url\":\"https:\\\/\\\/stage3.rnv.gob.ve\\\/wp\\\/martin-perez-enfrenta-primer-desafio-del-ano\\\/\",\"name\":\"Mart\u00edn P\u00e9rez enfrenta primer desaf\u00edo del a\u00f1o - DEV RNV\",\"isPartOf\":{\"@id\":\"https:\\\/\\\/stage3.rnv.gob.ve\\\/wp\\\/#website\"},\"primaryImageOfPage\":{\"@id\":\"https:\\\/\\\/stage3.rnv.gob.ve\\\/wp\\\/martin-perez-enfrenta-primer-desafio-del-ano\\\/#primaryimage\"},\"image\":{\"@id\":\"https:\\\/\\\/stage3.rnv.gob.ve\\\/wp\\\/martin-perez-enfrenta-primer-desafio-del-ano\\\/#primaryimage\"},\"thumbnailUrl\":\"\",\"datePublished\":\"2016-04-05T16:23:36+00:00\",\"dateModified\":\"2026-04-14T22:21:48+00:00\",\"breadcrumb\":{\"@id\":\"https:\\\/\\\/stage3.rnv.gob.ve\\\/wp\\\/martin-perez-enfrenta-primer-desafio-del-ano\\\/#breadcrumb\"},\"inLanguage\":\"es\",\"potentialAction\":[{\"@type\":\"ReadAction\",\"target\":[\"https:\\\/\\\/stage3.rnv.gob.ve\\\/wp\\\/martin-perez-enfrenta-primer-desafio-del-ano\\\/\"]}]},{\"@type\":\"ImageObject\",\"inLanguage\":\"es\",\"@id\":\"https:\\\/\\\/stage3.rnv.gob.ve\\\/wp\\\/martin-perez-enfrenta-primer-desafio-del-ano\\\/#primaryimage\",\"url\":\"\",\"contentUrl\":\"\"},{\"@type\":\"BreadcrumbList\",\"@id\":\"https:\\\/\\\/stage3.rnv.gob.ve\\\/wp\\\/martin-perez-enfrenta-primer-desafio-del-ano\\\/#breadcrumb\",\"itemListElement\":[{\"@type\":\"ListItem\",\"position\":1,\"name\":\"Portada\",\"item\":\"https:\\\/\\\/stage3.rnv.gob.ve\\\/wp\\\/\"},{\"@type\":\"ListItem\",\"position\":2,\"name\":\"Mart\u00edn P\u00e9rez Enfrenta Primer Desaf\u00edo Del A\u00f1o\"}]},{\"@type\":\"WebSite\",\"@id\":\"https:\\\/\\\/stage3.rnv.gob.ve\\\/wp\\\/#website\",\"url\":\"https:\\\/\\\/stage3.rnv.gob.ve\\\/wp\\\/\",\"name\":\"DEV RNV\",\"description\":\"Radio Nacional de Venezuela C.A.\",\"publisher\":{\"@id\":\"https:\\\/\\\/stage3.rnv.gob.ve\\\/wp\\\/#organization\"},\"potentialAction\":[{\"@type\":\"SearchAction\",\"target\":{\"@type\":\"EntryPoint\",\"urlTemplate\":\"https:\\\/\\\/stage3.rnv.gob.ve\\\/wp\\\/?s={search_term_string}\"},\"query-input\":{\"@type\":\"PropertyValueSpecification\",\"valueRequired\":true,\"valueName\":\"search_term_string\"}}],\"inLanguage\":\"es\"},{\"@type\":\"Organization\",\"@id\":\"https:\\\/\\\/stage3.rnv.gob.ve\\\/wp\\\/#organization\",\"name\":\"Radio Nacional de Venezuela C.A.\",\"url\":\"https:\\\/\\\/stage3.rnv.gob.ve\\\/wp\\\/\",\"logo\":{\"@type\":\"ImageObject\",\"inLanguage\":\"es\",\"@id\":\"https:\\\/\\\/stage3.rnv.gob.ve\\\/wp\\\/#\\\/schema\\\/logo\\\/image\\\/\",\"url\":\"http:\\\/\\\/rnv.ddns.net\\\/prensa\\\/wp-content\\\/uploads\\\/2022\\\/04\\\/rnv-1-300x227-1.jpg\",\"contentUrl\":\"http:\\\/\\\/rnv.ddns.net\\\/prensa\\\/wp-content\\\/uploads\\\/2022\\\/04\\\/rnv-1-300x227-1.jpg\",\"width\":800,\"height\":455,\"caption\":\"Radio Nacional de Venezuela C.A.\"},\"image\":{\"@id\":\"https:\\\/\\\/stage3.rnv.gob.ve\\\/wp\\\/#\\\/schema\\\/logo\\\/image\\\/\"},\"sameAs\":[\"https:\\\/\\\/www.facebook.com\\\/RadioNacionaldeVenezuela\",\"https:\\\/\\\/x.com\\\/RNVinformativa\",\"https:\\\/\\\/www.instagram.com\\\/rnvinformativa\\\/\",\"https:\\\/\\\/www.youtube.com\\\/user\\\/RNVContigo\"]},{\"@type\":\"Person\",\"@id\":\"https:\\\/\\\/stage3.rnv.gob.ve\\\/wp\\\/#\\\/schema\\\/person\\\/348f72b27bc2b4f1b1da5e4f9e553e00\",\"name\":\"Jonatha Escalante\",\"url\":\"https:\\\/\\\/stage3.rnv.gob.ve\\\/wp\\\/author\\\/jhonatha_escalante\\\/\"}]}<\/script>\n<!-- \/ Yoast SEO plugin. -->","yoast_head_json":{"title":"Mart\u00edn P\u00e9rez enfrenta primer desaf\u00edo del a\u00f1o - DEV RNV","robots":{"index":"noindex","follow":"follow","max-snippet":"max-snippet:-1","max-image-preview":"max-image-preview:large","max-video-preview":"max-video-preview:-1"},"og_locale":"es_ES","og_type":"article","og_title":"Mart\u00edn P\u00e9rez enfrenta primer desaf\u00edo del a\u00f1o - DEV RNV","og_description":"Esta noche a partir de las 7:35pm el zurdo Mart\u00edn P\u00e9rez enfrentar\u00e1 su primer desaf\u00edo de la temporada 2016 con los Rangers de Texas cuando enfrente a los Marineros de Seattle en el Globe Life Park en Arlington. P\u00e9rez se medir\u00e1 a un rival dif\u00edcil para como los nautas los cuales en ocho presentaciones acumula [&hellip;]","og_url":"https:\/\/stage3.rnv.gob.ve\/wp\/martin-perez-enfrenta-primer-desafio-del-ano\/","og_site_name":"DEV RNV","article_publisher":"https:\/\/www.facebook.com\/RadioNacionaldeVenezuela","article_published_time":"2016-04-05T16:23:36+00:00","article_modified_time":"2026-04-14T22:21:48+00:00","author":"Jonatha Escalante","twitter_card":"summary_large_image","twitter_creator":"@RNVinformativa","twitter_site":"@RNVinformativa","twitter_misc":{"Escrito por":"Jonatha Escalante"},"schema":{"@context":"https:\/\/schema.org","@graph":[{"@type":"Article","@id":"https:\/\/stage3.rnv.gob.ve\/wp\/martin-perez-enfrenta-primer-desafio-del-ano\/#article","isPartOf":{"@id":"https:\/\/stage3.rnv.gob.ve\/wp\/martin-perez-enfrenta-primer-desafio-del-ano\/"},"author":{"name":"Jonatha Escalante","@id":"https:\/\/stage3.rnv.gob.ve\/wp\/#\/schema\/person\/348f72b27bc2b4f1b1da5e4f9e553e00"},"headline":"Mart\u00edn P\u00e9rez enfrenta primer desaf\u00edo del a\u00f1o","datePublished":"2016-04-05T16:23:36+00:00","dateModified":"2026-04-14T22:21:48+00:00","mainEntityOfPage":{"@id":"https:\/\/stage3.rnv.gob.ve\/wp\/martin-perez-enfrenta-primer-desafio-del-ano\/"},"wordCount":104,"publisher":{"@id":"https:\/\/stage3.rnv.gob.ve\/wp\/#organization"},"image":{"@id":"https:\/\/stage3.rnv.gob.ve\/wp\/martin-perez-enfrenta-primer-desafio-del-ano\/#primaryimage"},"thumbnailUrl":"","keywords":["Beisbol","deporte","marineros","perez","RNV","texas"],"articleSection":["Deporte"],"inLanguage":"es"},{"@type":"WebPage","@id":"https:\/\/stage3.rnv.gob.ve\/wp\/martin-perez-enfrenta-primer-desafio-del-ano\/","url":"https:\/\/stage3.rnv.gob.ve\/wp\/martin-perez-enfrenta-primer-desafio-del-ano\/","name":"Mart\u00edn P\u00e9rez enfrenta primer desaf\u00edo del a\u00f1o - DEV RNV","isPartOf":{"@id":"https:\/\/stage3.rnv.gob.ve\/wp\/#website"},"primaryImageOfPage":{"@id":"https:\/\/stage3.rnv.gob.ve\/wp\/martin-perez-enfrenta-primer-desafio-del-ano\/#primaryimage"},"image":{"@id":"https:\/\/stage3.rnv.gob.ve\/wp\/martin-perez-enfrenta-primer-desafio-del-ano\/#primaryimage"},"thumbnailUrl":"","datePublished":"2016-04-05T16:23:36+00:00","dateModified":"2026-04-14T22:21:48+00:00","breadcrumb":{"@id":"https:\/\/stage3.rnv.gob.ve\/wp\/martin-perez-enfrenta-primer-desafio-del-ano\/#breadcrumb"},"inLanguage":"es","potentialAction":[{"@type":"ReadAction","target":["https:\/\/stage3.rnv.gob.ve\/wp\/martin-perez-enfrenta-primer-desafio-del-ano\/"]}]},{"@type":"ImageObject","inLanguage":"es","@id":"https:\/\/stage3.rnv.gob.ve\/wp\/martin-perez-enfrenta-primer-desafio-del-ano\/#primaryimage","url":"","contentUrl":""},{"@type":"BreadcrumbList","@id":"https:\/\/stage3.rnv.gob.ve\/wp\/martin-perez-enfrenta-primer-desafio-del-ano\/#breadcrumb","itemListElement":[{"@type":"ListItem","position":1,"name":"Portada","item":"https:\/\/stage3.rnv.gob.ve\/wp\/"},{"@type":"ListItem","position":2,"name":"Mart\u00edn P\u00e9rez Enfrenta Primer Desaf\u00edo Del A\u00f1o"}]},{"@type":"WebSite","@id":"https:\/\/stage3.rnv.gob.ve\/wp\/#website","url":"https:\/\/stage3.rnv.gob.ve\/wp\/","name":"DEV RNV","description":"Radio Nacional de Venezuela C.A.","publisher":{"@id":"https:\/\/stage3.rnv.gob.ve\/wp\/#organization"},"potentialAction":[{"@type":"SearchAction","target":{"@type":"EntryPoint","urlTemplate":"https:\/\/stage3.rnv.gob.ve\/wp\/?s={search_term_string}"},"query-input":{"@type":"PropertyValueSpecification","valueRequired":true,"valueName":"search_term_string"}}],"inLanguage":"es"},{"@type":"Organization","@id":"https:\/\/stage3.rnv.gob.ve\/wp\/#organization","name":"Radio Nacional de Venezuela C.A.","url":"https:\/\/stage3.rnv.gob.ve\/wp\/","logo":{"@type":"ImageObject","inLanguage":"es","@id":"https:\/\/stage3.rnv.gob.ve\/wp\/#\/schema\/logo\/image\/","url":"http:\/\/rnv.ddns.net\/prensa\/wp-content\/uploads\/2022\/04\/rnv-1-300x227-1.jpg","contentUrl":"http:\/\/rnv.ddns.net\/prensa\/wp-content\/uploads\/2022\/04\/rnv-1-300x227-1.jpg","width":800,"height":455,"caption":"Radio Nacional de Venezuela C.A."},"image":{"@id":"https:\/\/stage3.rnv.gob.ve\/wp\/#\/schema\/logo\/image\/"},"sameAs":["https:\/\/www.facebook.com\/RadioNacionaldeVenezuela","https:\/\/x.com\/RNVinformativa","https:\/\/www.instagram.com\/rnvinformativa\/","https:\/\/www.youtube.com\/user\/RNVContigo"]},{"@type":"Person","@id":"https:\/\/stage3.rnv.gob.ve\/wp\/#\/schema\/person\/348f72b27bc2b4f1b1da5e4f9e553e00","name":"Jonatha Escalante","url":"https:\/\/stage3.rnv.gob.ve\/wp\/author\/jhonatha_escalante\/"}]}},"jetpack_featured_media_url":"","_links":{"self":[{"href":"https:\/\/stage3.rnv.gob.ve\/wp\/wp-json\/wp\/v2\/posts\/13796","targetHints":{"allow":["GET"]}}],"collection":[{"href":"https:\/\/stage3.rnv.gob.ve\/wp\/wp-json\/wp\/v2\/posts"}],"about":[{"href":"https:\/\/stage3.rnv.gob.ve\/wp\/wp-json\/wp\/v2\/types\/post"}],"author":[{"embeddable":true,"href":"https:\/\/stage3.rnv.gob.ve\/wp\/wp-json\/wp\/v2\/users\/16"}],"replies":[{"embeddable":true,"href":"https:\/\/stage3.rnv.gob.ve\/wp\/wp-json\/wp\/v2\/comments?post=13796"}],"version-history":[{"count":0,"href":"https:\/\/stage3.rnv.gob.ve\/wp\/wp-json\/wp\/v2\/posts\/13796\/revisions"}],"wp:featuredmedia":[{"embeddable":true,"href":"https:\/\/stage3.rnv.gob.ve\/wp\/wp-json\/"}],"wp:attachment":[{"href":"https:\/\/stage3.rnv.gob.ve\/wp\/wp-json\/wp\/v2\/media?parent=13796"}],"wp:term":[{"taxonomy":"category","embeddable":true,"href":"https:\/\/stage3.rnv.gob.ve\/wp\/wp-json\/wp\/v2\/categories?post=13796"},{"taxonomy":"post_tag","embeddable":true,"href":"https:\/\/stage3.rnv.gob.ve\/wp\/wp-json\/wp\/v2\/tags?post=13796"}],"curies":[{"name":"wp","href":"https:\/\/api.w.org\/{rel}","templated":true}]}}