{"id":136891,"date":"2017-04-28T12:38:20","date_gmt":"2017-04-28T17:08:20","guid":{"rendered":"http:\/\/wpeditor.rnv.gob.ve\/?p=136891"},"modified":"2017-04-28T12:38:20","modified_gmt":"2017-04-28T17:08:20","slug":"trabajadores-del-metro-solicitan-al-mp-investigar-vandalismo-contra-el-sistema","status":"publish","type":"post","link":"https:\/\/stage3.rnv.gob.ve\/wp\/trabajadores-del-metro-solicitan-al-mp-investigar-vandalismo-contra-el-sistema\/","title":{"rendered":"Trabajadores del Metro solicitan al MP investigar vandalismo contra el sistema"},"content":{"rendered":"<figure id=\"attachment_136894\" aria-describedby=\"caption-attachment-136894\" style=\"width: 300px\" class=\"wp-caption alignleft\"><img fetchpriority=\"high\" decoding=\"async\" class=\"size-medium wp-image-136894\" src=\"http:\/\/wpeditor.rnv.gob.ve\/app\/uploads\/2017\/04\/TrabajdoresMetro-300x200.jpg\" alt=\"Foto v\u00eda Twitter\" width=\"300\" height=\"200\" \/><figcaption id=\"caption-attachment-136894\" class=\"wp-caption-text\">Foto v\u00eda Twitter<\/figcaption><\/figure>\n<p style=\"text-align: justify;\">Los trabajadores del Metro de Caracas asistieron a la sede del Ministerio P\u00fablico con el objeto de solicitar que se inicie una investigaci\u00f3n en contra de grupos vand\u00e1licos que han atentado contra instalaciones y servidores del sistema de transporte.<\/p>\n<p style=\"text-align: justify;\">Edison Alvarado, presidente de sindicato del Metro de Caracas, expres\u00f3 que lo hechos que se suscitan cuando se realizan convocatorias de calle por parte de la derecha venezolana, destacando que en reiteradas oportunidades han sido lesionados f\u00edsicamente trabajadores del Sistema.<\/p>\n<p style=\"text-align: justify;\">\u201cEstamos haciendo una denuncia para que se aperture ante los organismos por los actos vand\u00e1licos y terroristas que han vivido los trabajadores y las instalaciones del metro\u201d, agreg\u00f3.<\/p>\n<p style=\"text-align: justify;\">Destac\u00f3 que fueron consignadas pruebas en v\u00eddeo y fotograf\u00edas de un denuncia realizada en el 2014 que a\u00fan no tiene tiene respuesta.<\/p>\n<p style=\"text-align: justify;\">Alvarado hizo un llamado a la fiscal\u00eda a realizar las diligencias necesarias para garantizar la vida de los trabajadores y el resguardo de las instalaciones del Metro de Caracas.<\/p>\n<p style=\"text-align: justify;\">\u201cCuando suspendemos el servicio lo hacemos para proteger a nuestro pueblo, a nuestros trabajadores (&#8230;) somos pueblo y trabajadores, por eso tambi\u00e9n le decimos a los usuarios que nos ayuden a conservar el Sistema de Transporte\u201d, indic\u00f3.<\/p>\n<p><strong>Escuche la intervenci\u00f3n de los Trabajadores del Metro de Caracas<\/strong><\/p>\n<audio class=\"wp-audio-shortcode\" id=\"audio-136891-1\" preload=\"none\" style=\"width: 100%;\" controls=\"controls\"><source type=\"audio\/mpeg\" src=\"http:\/\/wpeditor.rnv.gob.ve\/app\/uploads\/2017\/04\/trabajadoresmetro.mp3?_=1\" \/><a href=\"http:\/\/wpeditor.rnv.gob.ve\/app\/uploads\/2017\/04\/trabajadoresmetro.mp3\">http:\/\/wpeditor.rnv.gob.ve\/app\/uploads\/2017\/04\/trabajadoresmetro.mp3<\/a><\/audio>\n<p>T\/RNV Web\/SD<\/p>\n","protected":false},"excerpt":{"rendered":"<p>Los trabajadores del Metro de Caracas asistieron a la sede del Ministerio P\u00fablico con el objeto de solicitar que se inicie una investigaci\u00f3n en contra de grupos vand\u00e1licos que han atentado contra instalaciones y servidores del sistema de transporte. Edison Alvarado, presidente de sindicato del Metro de Caracas, expres\u00f3 que lo hechos que se suscitan [&hellip;]<\/p>\n","protected":false},"author":1,"featured_media":136894,"comment_status":"closed","ping_status":"open","sticky":false,"template":"","format":"standard","meta":{"_acf_changed":false,"footnotes":""},"categories":[65],"tags":[678,696,1504,3799,82,5537],"class_list":["post-136891","post","type-post","status-publish","format-standard","has-post-thumbnail","hentry","category-nacional","tag-denuncia","tag-investigacion","tag-metro","tag-ministerio-publico","tag-rnv","tag-vandalismo"],"acf":[],"yoast_head":"<!-- This site is optimized with the Yoast SEO plugin v27.4 - https:\/\/yoast.com\/product\/yoast-seo-wordpress\/ -->\n<title>Trabajadores del Metro solicitan al MP investigar vandalismo contra el sistema - DEV RNV<\/title>\n<meta name=\"robots\" content=\"noindex, follow, max-snippet:-1, max-image-preview:large, max-video-preview:-1\" \/>\n<meta property=\"og:locale\" content=\"es_ES\" \/>\n<meta property=\"og:type\" content=\"article\" \/>\n<meta property=\"og:title\" content=\"Trabajadores del Metro solicitan al MP investigar vandalismo contra el sistema - DEV RNV\" \/>\n<meta property=\"og:description\" content=\"Los trabajadores del Metro de Caracas asistieron a la sede del Ministerio P\u00fablico con el objeto de solicitar que se inicie una investigaci\u00f3n en contra de grupos vand\u00e1licos que han atentado contra instalaciones y servidores del sistema de transporte. Edison Alvarado, presidente de sindicato del Metro de Caracas, expres\u00f3 que lo hechos que se suscitan [&hellip;]\" \/>\n<meta property=\"og:url\" content=\"https:\/\/stage3.rnv.gob.ve\/wp\/trabajadores-del-metro-solicitan-al-mp-investigar-vandalismo-contra-el-sistema\/\" \/>\n<meta property=\"og:site_name\" content=\"DEV RNV\" \/>\n<meta property=\"article:publisher\" content=\"https:\/\/www.facebook.com\/RadioNacionaldeVenezuela\" \/>\n<meta property=\"article:published_time\" content=\"2017-04-28T17:08:20+00:00\" \/>\n<meta name=\"author\" content=\"administrador\" \/>\n<meta name=\"twitter:card\" content=\"summary_large_image\" \/>\n<meta name=\"twitter:creator\" content=\"@RNVinformativa\" \/>\n<meta name=\"twitter:site\" content=\"@RNVinformativa\" \/>\n<meta name=\"twitter:label1\" content=\"Escrito por\" \/>\n\t<meta name=\"twitter:data1\" content=\"administrador\" \/>\n\t<meta name=\"twitter:label2\" content=\"Tiempo estimado de lectura\" \/>\n\t<meta name=\"twitter:data2\" content=\"1 minuto\" \/>\n<script type=\"application\/ld+json\" class=\"yoast-schema-graph\">{\"@context\":\"https:\\\/\\\/schema.org\",\"@graph\":[{\"@type\":\"Article\",\"@id\":\"https:\\\/\\\/stage3.rnv.gob.ve\\\/wp\\\/trabajadores-del-metro-solicitan-al-mp-investigar-vandalismo-contra-el-sistema\\\/#article\",\"isPartOf\":{\"@id\":\"https:\\\/\\\/stage3.rnv.gob.ve\\\/wp\\\/trabajadores-del-metro-solicitan-al-mp-investigar-vandalismo-contra-el-sistema\\\/\"},\"author\":{\"name\":\"administrador\",\"@id\":\"https:\\\/\\\/stage3.rnv.gob.ve\\\/wp\\\/#\\\/schema\\\/person\\\/0862ce8cde332e0bc63b8a243f0eea2c\"},\"headline\":\"Trabajadores del Metro solicitan al MP investigar vandalismo contra el sistema\",\"datePublished\":\"2017-04-28T17:08:20+00:00\",\"mainEntityOfPage\":{\"@id\":\"https:\\\/\\\/stage3.rnv.gob.ve\\\/wp\\\/trabajadores-del-metro-solicitan-al-mp-investigar-vandalismo-contra-el-sistema\\\/\"},\"wordCount\":252,\"publisher\":{\"@id\":\"https:\\\/\\\/stage3.rnv.gob.ve\\\/wp\\\/#organization\"},\"image\":{\"@id\":\"https:\\\/\\\/stage3.rnv.gob.ve\\\/wp\\\/trabajadores-del-metro-solicitan-al-mp-investigar-vandalismo-contra-el-sistema\\\/#primaryimage\"},\"thumbnailUrl\":\"\",\"keywords\":[\"denuncia\",\"investigaci\u00f3n\",\"metro\",\"Ministerio P\u00fablico\",\"RNV\",\"vandalismo\"],\"articleSection\":[\"Nacional\"],\"inLanguage\":\"es\"},{\"@type\":\"WebPage\",\"@id\":\"https:\\\/\\\/stage3.rnv.gob.ve\\\/wp\\\/trabajadores-del-metro-solicitan-al-mp-investigar-vandalismo-contra-el-sistema\\\/\",\"url\":\"https:\\\/\\\/stage3.rnv.gob.ve\\\/wp\\\/trabajadores-del-metro-solicitan-al-mp-investigar-vandalismo-contra-el-sistema\\\/\",\"name\":\"Trabajadores del Metro solicitan al MP investigar vandalismo contra el sistema - DEV RNV\",\"isPartOf\":{\"@id\":\"https:\\\/\\\/stage3.rnv.gob.ve\\\/wp\\\/#website\"},\"primaryImageOfPage\":{\"@id\":\"https:\\\/\\\/stage3.rnv.gob.ve\\\/wp\\\/trabajadores-del-metro-solicitan-al-mp-investigar-vandalismo-contra-el-sistema\\\/#primaryimage\"},\"image\":{\"@id\":\"https:\\\/\\\/stage3.rnv.gob.ve\\\/wp\\\/trabajadores-del-metro-solicitan-al-mp-investigar-vandalismo-contra-el-sistema\\\/#primaryimage\"},\"thumbnailUrl\":\"\",\"datePublished\":\"2017-04-28T17:08:20+00:00\",\"breadcrumb\":{\"@id\":\"https:\\\/\\\/stage3.rnv.gob.ve\\\/wp\\\/trabajadores-del-metro-solicitan-al-mp-investigar-vandalismo-contra-el-sistema\\\/#breadcrumb\"},\"inLanguage\":\"es\",\"potentialAction\":[{\"@type\":\"ReadAction\",\"target\":[\"https:\\\/\\\/stage3.rnv.gob.ve\\\/wp\\\/trabajadores-del-metro-solicitan-al-mp-investigar-vandalismo-contra-el-sistema\\\/\"]}]},{\"@type\":\"ImageObject\",\"inLanguage\":\"es\",\"@id\":\"https:\\\/\\\/stage3.rnv.gob.ve\\\/wp\\\/trabajadores-del-metro-solicitan-al-mp-investigar-vandalismo-contra-el-sistema\\\/#primaryimage\",\"url\":\"\",\"contentUrl\":\"\"},{\"@type\":\"BreadcrumbList\",\"@id\":\"https:\\\/\\\/stage3.rnv.gob.ve\\\/wp\\\/trabajadores-del-metro-solicitan-al-mp-investigar-vandalismo-contra-el-sistema\\\/#breadcrumb\",\"itemListElement\":[{\"@type\":\"ListItem\",\"position\":1,\"name\":\"Portada\",\"item\":\"https:\\\/\\\/stage3.rnv.gob.ve\\\/wp\\\/\"},{\"@type\":\"ListItem\",\"position\":2,\"name\":\"Trabajadores Del Metro Solicitan Al Mp Investigar Vandalismo Contra El Sistema\"}]},{\"@type\":\"WebSite\",\"@id\":\"https:\\\/\\\/stage3.rnv.gob.ve\\\/wp\\\/#website\",\"url\":\"https:\\\/\\\/stage3.rnv.gob.ve\\\/wp\\\/\",\"name\":\"DEV RNV\",\"description\":\"Radio Nacional de Venezuela C.A.\",\"publisher\":{\"@id\":\"https:\\\/\\\/stage3.rnv.gob.ve\\\/wp\\\/#organization\"},\"potentialAction\":[{\"@type\":\"SearchAction\",\"target\":{\"@type\":\"EntryPoint\",\"urlTemplate\":\"https:\\\/\\\/stage3.rnv.gob.ve\\\/wp\\\/?s={search_term_string}\"},\"query-input\":{\"@type\":\"PropertyValueSpecification\",\"valueRequired\":true,\"valueName\":\"search_term_string\"}}],\"inLanguage\":\"es\"},{\"@type\":\"Organization\",\"@id\":\"https:\\\/\\\/stage3.rnv.gob.ve\\\/wp\\\/#organization\",\"name\":\"Radio Nacional de Venezuela C.A.\",\"url\":\"https:\\\/\\\/stage3.rnv.gob.ve\\\/wp\\\/\",\"logo\":{\"@type\":\"ImageObject\",\"inLanguage\":\"es\",\"@id\":\"https:\\\/\\\/stage3.rnv.gob.ve\\\/wp\\\/#\\\/schema\\\/logo\\\/image\\\/\",\"url\":\"http:\\\/\\\/rnv.ddns.net\\\/prensa\\\/wp-content\\\/uploads\\\/2022\\\/04\\\/rnv-1-300x227-1.jpg\",\"contentUrl\":\"http:\\\/\\\/rnv.ddns.net\\\/prensa\\\/wp-content\\\/uploads\\\/2022\\\/04\\\/rnv-1-300x227-1.jpg\",\"width\":800,\"height\":455,\"caption\":\"Radio Nacional de Venezuela C.A.\"},\"image\":{\"@id\":\"https:\\\/\\\/stage3.rnv.gob.ve\\\/wp\\\/#\\\/schema\\\/logo\\\/image\\\/\"},\"sameAs\":[\"https:\\\/\\\/www.facebook.com\\\/RadioNacionaldeVenezuela\",\"https:\\\/\\\/x.com\\\/RNVinformativa\",\"https:\\\/\\\/www.instagram.com\\\/rnvinformativa\\\/\",\"https:\\\/\\\/www.youtube.com\\\/user\\\/RNVContigo\"]},{\"@type\":\"Person\",\"@id\":\"https:\\\/\\\/stage3.rnv.gob.ve\\\/wp\\\/#\\\/schema\\\/person\\\/0862ce8cde332e0bc63b8a243f0eea2c\",\"name\":\"administrador\",\"sameAs\":[\"http:\\\/\\\/arnoldoeloy.net\"],\"url\":\"https:\\\/\\\/stage3.rnv.gob.ve\\\/wp\\\/author\\\/administrador\\\/\"}]}<\/script>\n<!-- \/ Yoast SEO plugin. -->","yoast_head_json":{"title":"Trabajadores del Metro solicitan al MP investigar vandalismo contra el sistema - DEV RNV","robots":{"index":"noindex","follow":"follow","max-snippet":"max-snippet:-1","max-image-preview":"max-image-preview:large","max-video-preview":"max-video-preview:-1"},"og_locale":"es_ES","og_type":"article","og_title":"Trabajadores del Metro solicitan al MP investigar vandalismo contra el sistema - DEV RNV","og_description":"Los trabajadores del Metro de Caracas asistieron a la sede del Ministerio P\u00fablico con el objeto de solicitar que se inicie una investigaci\u00f3n en contra de grupos vand\u00e1licos que han atentado contra instalaciones y servidores del sistema de transporte. Edison Alvarado, presidente de sindicato del Metro de Caracas, expres\u00f3 que lo hechos que se suscitan [&hellip;]","og_url":"https:\/\/stage3.rnv.gob.ve\/wp\/trabajadores-del-metro-solicitan-al-mp-investigar-vandalismo-contra-el-sistema\/","og_site_name":"DEV RNV","article_publisher":"https:\/\/www.facebook.com\/RadioNacionaldeVenezuela","article_published_time":"2017-04-28T17:08:20+00:00","author":"administrador","twitter_card":"summary_large_image","twitter_creator":"@RNVinformativa","twitter_site":"@RNVinformativa","twitter_misc":{"Escrito por":"administrador","Tiempo estimado de lectura":"1 minuto"},"schema":{"@context":"https:\/\/schema.org","@graph":[{"@type":"Article","@id":"https:\/\/stage3.rnv.gob.ve\/wp\/trabajadores-del-metro-solicitan-al-mp-investigar-vandalismo-contra-el-sistema\/#article","isPartOf":{"@id":"https:\/\/stage3.rnv.gob.ve\/wp\/trabajadores-del-metro-solicitan-al-mp-investigar-vandalismo-contra-el-sistema\/"},"author":{"name":"administrador","@id":"https:\/\/stage3.rnv.gob.ve\/wp\/#\/schema\/person\/0862ce8cde332e0bc63b8a243f0eea2c"},"headline":"Trabajadores del Metro solicitan al MP investigar vandalismo contra el sistema","datePublished":"2017-04-28T17:08:20+00:00","mainEntityOfPage":{"@id":"https:\/\/stage3.rnv.gob.ve\/wp\/trabajadores-del-metro-solicitan-al-mp-investigar-vandalismo-contra-el-sistema\/"},"wordCount":252,"publisher":{"@id":"https:\/\/stage3.rnv.gob.ve\/wp\/#organization"},"image":{"@id":"https:\/\/stage3.rnv.gob.ve\/wp\/trabajadores-del-metro-solicitan-al-mp-investigar-vandalismo-contra-el-sistema\/#primaryimage"},"thumbnailUrl":"","keywords":["denuncia","investigaci\u00f3n","metro","Ministerio P\u00fablico","RNV","vandalismo"],"articleSection":["Nacional"],"inLanguage":"es"},{"@type":"WebPage","@id":"https:\/\/stage3.rnv.gob.ve\/wp\/trabajadores-del-metro-solicitan-al-mp-investigar-vandalismo-contra-el-sistema\/","url":"https:\/\/stage3.rnv.gob.ve\/wp\/trabajadores-del-metro-solicitan-al-mp-investigar-vandalismo-contra-el-sistema\/","name":"Trabajadores del Metro solicitan al MP investigar vandalismo contra el sistema - DEV RNV","isPartOf":{"@id":"https:\/\/stage3.rnv.gob.ve\/wp\/#website"},"primaryImageOfPage":{"@id":"https:\/\/stage3.rnv.gob.ve\/wp\/trabajadores-del-metro-solicitan-al-mp-investigar-vandalismo-contra-el-sistema\/#primaryimage"},"image":{"@id":"https:\/\/stage3.rnv.gob.ve\/wp\/trabajadores-del-metro-solicitan-al-mp-investigar-vandalismo-contra-el-sistema\/#primaryimage"},"thumbnailUrl":"","datePublished":"2017-04-28T17:08:20+00:00","breadcrumb":{"@id":"https:\/\/stage3.rnv.gob.ve\/wp\/trabajadores-del-metro-solicitan-al-mp-investigar-vandalismo-contra-el-sistema\/#breadcrumb"},"inLanguage":"es","potentialAction":[{"@type":"ReadAction","target":["https:\/\/stage3.rnv.gob.ve\/wp\/trabajadores-del-metro-solicitan-al-mp-investigar-vandalismo-contra-el-sistema\/"]}]},{"@type":"ImageObject","inLanguage":"es","@id":"https:\/\/stage3.rnv.gob.ve\/wp\/trabajadores-del-metro-solicitan-al-mp-investigar-vandalismo-contra-el-sistema\/#primaryimage","url":"","contentUrl":""},{"@type":"BreadcrumbList","@id":"https:\/\/stage3.rnv.gob.ve\/wp\/trabajadores-del-metro-solicitan-al-mp-investigar-vandalismo-contra-el-sistema\/#breadcrumb","itemListElement":[{"@type":"ListItem","position":1,"name":"Portada","item":"https:\/\/stage3.rnv.gob.ve\/wp\/"},{"@type":"ListItem","position":2,"name":"Trabajadores Del Metro Solicitan Al Mp Investigar Vandalismo Contra El Sistema"}]},{"@type":"WebSite","@id":"https:\/\/stage3.rnv.gob.ve\/wp\/#website","url":"https:\/\/stage3.rnv.gob.ve\/wp\/","name":"DEV RNV","description":"Radio Nacional de Venezuela C.A.","publisher":{"@id":"https:\/\/stage3.rnv.gob.ve\/wp\/#organization"},"potentialAction":[{"@type":"SearchAction","target":{"@type":"EntryPoint","urlTemplate":"https:\/\/stage3.rnv.gob.ve\/wp\/?s={search_term_string}"},"query-input":{"@type":"PropertyValueSpecification","valueRequired":true,"valueName":"search_term_string"}}],"inLanguage":"es"},{"@type":"Organization","@id":"https:\/\/stage3.rnv.gob.ve\/wp\/#organization","name":"Radio Nacional de Venezuela C.A.","url":"https:\/\/stage3.rnv.gob.ve\/wp\/","logo":{"@type":"ImageObject","inLanguage":"es","@id":"https:\/\/stage3.rnv.gob.ve\/wp\/#\/schema\/logo\/image\/","url":"http:\/\/rnv.ddns.net\/prensa\/wp-content\/uploads\/2022\/04\/rnv-1-300x227-1.jpg","contentUrl":"http:\/\/rnv.ddns.net\/prensa\/wp-content\/uploads\/2022\/04\/rnv-1-300x227-1.jpg","width":800,"height":455,"caption":"Radio Nacional de Venezuela C.A."},"image":{"@id":"https:\/\/stage3.rnv.gob.ve\/wp\/#\/schema\/logo\/image\/"},"sameAs":["https:\/\/www.facebook.com\/RadioNacionaldeVenezuela","https:\/\/x.com\/RNVinformativa","https:\/\/www.instagram.com\/rnvinformativa\/","https:\/\/www.youtube.com\/user\/RNVContigo"]},{"@type":"Person","@id":"https:\/\/stage3.rnv.gob.ve\/wp\/#\/schema\/person\/0862ce8cde332e0bc63b8a243f0eea2c","name":"administrador","sameAs":["http:\/\/arnoldoeloy.net"],"url":"https:\/\/stage3.rnv.gob.ve\/wp\/author\/administrador\/"}]}},"jetpack_featured_media_url":"","_links":{"self":[{"href":"https:\/\/stage3.rnv.gob.ve\/wp\/wp-json\/wp\/v2\/posts\/136891","targetHints":{"allow":["GET"]}}],"collection":[{"href":"https:\/\/stage3.rnv.gob.ve\/wp\/wp-json\/wp\/v2\/posts"}],"about":[{"href":"https:\/\/stage3.rnv.gob.ve\/wp\/wp-json\/wp\/v2\/types\/post"}],"author":[{"embeddable":true,"href":"https:\/\/stage3.rnv.gob.ve\/wp\/wp-json\/wp\/v2\/users\/1"}],"replies":[{"embeddable":true,"href":"https:\/\/stage3.rnv.gob.ve\/wp\/wp-json\/wp\/v2\/comments?post=136891"}],"version-history":[{"count":0,"href":"https:\/\/stage3.rnv.gob.ve\/wp\/wp-json\/wp\/v2\/posts\/136891\/revisions"}],"wp:featuredmedia":[{"embeddable":true,"href":"https:\/\/stage3.rnv.gob.ve\/wp\/wp-json\/"}],"wp:attachment":[{"href":"https:\/\/stage3.rnv.gob.ve\/wp\/wp-json\/wp\/v2\/media?parent=136891"}],"wp:term":[{"taxonomy":"category","embeddable":true,"href":"https:\/\/stage3.rnv.gob.ve\/wp\/wp-json\/wp\/v2\/categories?post=136891"},{"taxonomy":"post_tag","embeddable":true,"href":"https:\/\/stage3.rnv.gob.ve\/wp\/wp-json\/wp\/v2\/tags?post=136891"}],"curies":[{"name":"wp","href":"https:\/\/api.w.org\/{rel}","templated":true}]}}