{"id":135703,"date":"2017-04-24T16:42:48","date_gmt":"2017-04-24T21:12:48","guid":{"rendered":"http:\/\/wpeditor.rnv.gob.ve\/?p=135703"},"modified":"2017-04-24T16:42:48","modified_gmt":"2017-04-24T21:12:48","slug":"pueblo-obrero-marchara-este-1o-de-mayo-en-caracas","status":"publish","type":"post","link":"https:\/\/stage3.rnv.gob.ve\/wp\/pueblo-obrero-marchara-este-1o-de-mayo-en-caracas\/","title":{"rendered":"Pueblo obrero marchar\u00e1 este 1\u00ba de mayo en Caracas"},"content":{"rendered":"<p><img decoding=\"async\" class=\"size-medium wp-image-135708 alignleft\" src=\"http:\/\/wpeditor.rnv.gob.ve\/app\/uploads\/2017\/04\/MARCHA-300x166.jpg\" alt=\"MARCHA\" width=\"300\" height=\"166\" \/>El vicepresidente del Partido Socialista Unido de Venezuela (PSUV), Diosdado Cabello,\u00a0inform\u00f3 este lunes que el pueblo patriota marchar\u00e1 en Caracas el pr\u00f3ximo 1\u00ba de mayo, para celebrar el D\u00eda del Trabajador.<\/p>\n<p style=\"text-align: justify;\">Destac\u00f3 que con el Gran Polo Patri\u00f3tico, la Fuerza Armada Nacional Bolivariana,\u00a0el jefe de Estado Nicol\u00e1s Maduro y el pueblo obrero, se est\u00e1 organizando para hacer el 1\u00b0 de mayo \u00abla m\u00e1s grande movilizaci\u00f3n en la historia de este pa\u00eds, de los trabajadores y trabajadoras de la Patria\u00bb.<\/p>\n<p style=\"text-align: justify;\">\u201cNosotros para este 1\u00ba de mayo estaremos en Caracas otra vez\u00a0en las calles, que esto que ellos est\u00e1n haciendo no nos distraiga para nada, ya sabemos de que lado est\u00e1 el terrorismo, no son pol\u00edticos son terroristas\u00bb, resalt\u00f3.<\/p>\n<p style=\"text-align: justify;\">Adelant\u00f3 que visitar\u00e1n\u00a0las parroquias de Ant\u00edmano y La Vega, para apoyar a esos sectores que han sido afectados por los actos terroristas de\u00a0la derecha. Tambi\u00e9n visitar\u00e1n\u00a0a los estados T\u00e1chira, Zulia y Aragua.<\/p>\n<p><strong>Escuche al vicepresidente del PSUV, Diosdado Cabello:<\/strong><\/p>\n<p><audio class=\"wp-audio-shortcode\" id=\"audio-135703-1\" preload=\"none\" style=\"width: 100%;\" controls=\"controls\"><source type=\"audio\/mpeg\" src=\"http:\/\/wpeditor.rnv.gob.ve\/app\/uploads\/2017\/04\/diosdi.mp3?_=1\" \/><a href=\"http:\/\/wpeditor.rnv.gob.ve\/app\/uploads\/2017\/04\/diosdi.mp3\">http:\/\/wpeditor.rnv.gob.ve\/app\/uploads\/2017\/04\/diosdi.mp3<\/a><\/audio><br \/>\n<strong>T\/RNV Web\/CP<\/strong><\/p>\n<p>&nbsp;<\/p>\n","protected":false},"excerpt":{"rendered":"<p>El vicepresidente del Partido Socialista Unido de Venezuela (PSUV), Diosdado Cabello,\u00a0inform\u00f3 este lunes que el pueblo patriota marchar\u00e1 en Caracas el pr\u00f3ximo 1\u00ba de mayo, para celebrar el D\u00eda del Trabajador. Destac\u00f3 que con el Gran Polo Patri\u00f3tico, la Fuerza Armada Nacional Bolivariana,\u00a0el jefe de Estado Nicol\u00e1s Maduro y el pueblo obrero, se est\u00e1 organizando [&hellip;]<\/p>\n","protected":false},"author":1,"featured_media":135708,"comment_status":"closed","ping_status":"open","sticky":false,"template":"","format":"standard","meta":{"_acf_changed":false,"footnotes":""},"categories":[52],"tags":[14094,3815,1054,82],"class_list":["post-135703","post","type-post","status-publish","format-standard","has-post-thumbnail","hentry","category-ciudad","tag-1-de-mayo","tag-dia-del-trabajador","tag-movilizacion","tag-rnv"],"acf":[],"yoast_head":"<!-- This site is optimized with the Yoast SEO plugin v27.4 - https:\/\/yoast.com\/product\/yoast-seo-wordpress\/ -->\n<title>Pueblo obrero marchar\u00e1 este 1\u00ba de mayo en Caracas - DEV RNV<\/title>\n<meta name=\"robots\" content=\"noindex, follow, max-snippet:-1, max-image-preview:large, max-video-preview:-1\" \/>\n<meta property=\"og:locale\" content=\"es_ES\" \/>\n<meta property=\"og:type\" content=\"article\" \/>\n<meta property=\"og:title\" content=\"Pueblo obrero marchar\u00e1 este 1\u00ba de mayo en Caracas - DEV RNV\" \/>\n<meta property=\"og:description\" content=\"El vicepresidente del Partido Socialista Unido de Venezuela (PSUV), Diosdado Cabello,\u00a0inform\u00f3 este lunes que el pueblo patriota marchar\u00e1 en Caracas el pr\u00f3ximo 1\u00ba de mayo, para celebrar el D\u00eda del Trabajador. Destac\u00f3 que con el Gran Polo Patri\u00f3tico, la Fuerza Armada Nacional Bolivariana,\u00a0el jefe de Estado Nicol\u00e1s Maduro y el pueblo obrero, se est\u00e1 organizando [&hellip;]\" \/>\n<meta property=\"og:url\" content=\"https:\/\/stage3.rnv.gob.ve\/wp\/pueblo-obrero-marchara-este-1o-de-mayo-en-caracas\/\" \/>\n<meta property=\"og:site_name\" content=\"DEV RNV\" \/>\n<meta property=\"article:publisher\" content=\"https:\/\/www.facebook.com\/RadioNacionaldeVenezuela\" \/>\n<meta property=\"article:published_time\" content=\"2017-04-24T21:12:48+00:00\" \/>\n<meta name=\"author\" content=\"administrador\" \/>\n<meta name=\"twitter:card\" content=\"summary_large_image\" \/>\n<meta name=\"twitter:creator\" content=\"@RNVinformativa\" \/>\n<meta name=\"twitter:site\" content=\"@RNVinformativa\" \/>\n<meta name=\"twitter:label1\" content=\"Escrito por\" \/>\n\t<meta name=\"twitter:data1\" content=\"administrador\" \/>\n\t<meta name=\"twitter:label2\" content=\"Tiempo estimado de lectura\" \/>\n\t<meta name=\"twitter:data2\" content=\"1 minuto\" \/>\n<script type=\"application\/ld+json\" class=\"yoast-schema-graph\">{\"@context\":\"https:\\\/\\\/schema.org\",\"@graph\":[{\"@type\":\"Article\",\"@id\":\"https:\\\/\\\/stage3.rnv.gob.ve\\\/wp\\\/pueblo-obrero-marchara-este-1o-de-mayo-en-caracas\\\/#article\",\"isPartOf\":{\"@id\":\"https:\\\/\\\/stage3.rnv.gob.ve\\\/wp\\\/pueblo-obrero-marchara-este-1o-de-mayo-en-caracas\\\/\"},\"author\":{\"name\":\"administrador\",\"@id\":\"https:\\\/\\\/stage3.rnv.gob.ve\\\/wp\\\/#\\\/schema\\\/person\\\/0862ce8cde332e0bc63b8a243f0eea2c\"},\"headline\":\"Pueblo obrero marchar\u00e1 este 1\u00ba de mayo en Caracas\",\"datePublished\":\"2017-04-24T21:12:48+00:00\",\"mainEntityOfPage\":{\"@id\":\"https:\\\/\\\/stage3.rnv.gob.ve\\\/wp\\\/pueblo-obrero-marchara-este-1o-de-mayo-en-caracas\\\/\"},\"wordCount\":198,\"publisher\":{\"@id\":\"https:\\\/\\\/stage3.rnv.gob.ve\\\/wp\\\/#organization\"},\"image\":{\"@id\":\"https:\\\/\\\/stage3.rnv.gob.ve\\\/wp\\\/pueblo-obrero-marchara-este-1o-de-mayo-en-caracas\\\/#primaryimage\"},\"thumbnailUrl\":\"\",\"keywords\":[\"1 de mayo\",\"D\u00eda del Trabajador\",\"movilizacion\",\"RNV\"],\"articleSection\":[\"Ciudad\"],\"inLanguage\":\"es\"},{\"@type\":\"WebPage\",\"@id\":\"https:\\\/\\\/stage3.rnv.gob.ve\\\/wp\\\/pueblo-obrero-marchara-este-1o-de-mayo-en-caracas\\\/\",\"url\":\"https:\\\/\\\/stage3.rnv.gob.ve\\\/wp\\\/pueblo-obrero-marchara-este-1o-de-mayo-en-caracas\\\/\",\"name\":\"Pueblo obrero marchar\u00e1 este 1\u00ba de mayo en Caracas - DEV RNV\",\"isPartOf\":{\"@id\":\"https:\\\/\\\/stage3.rnv.gob.ve\\\/wp\\\/#website\"},\"primaryImageOfPage\":{\"@id\":\"https:\\\/\\\/stage3.rnv.gob.ve\\\/wp\\\/pueblo-obrero-marchara-este-1o-de-mayo-en-caracas\\\/#primaryimage\"},\"image\":{\"@id\":\"https:\\\/\\\/stage3.rnv.gob.ve\\\/wp\\\/pueblo-obrero-marchara-este-1o-de-mayo-en-caracas\\\/#primaryimage\"},\"thumbnailUrl\":\"\",\"datePublished\":\"2017-04-24T21:12:48+00:00\",\"breadcrumb\":{\"@id\":\"https:\\\/\\\/stage3.rnv.gob.ve\\\/wp\\\/pueblo-obrero-marchara-este-1o-de-mayo-en-caracas\\\/#breadcrumb\"},\"inLanguage\":\"es\",\"potentialAction\":[{\"@type\":\"ReadAction\",\"target\":[\"https:\\\/\\\/stage3.rnv.gob.ve\\\/wp\\\/pueblo-obrero-marchara-este-1o-de-mayo-en-caracas\\\/\"]}]},{\"@type\":\"ImageObject\",\"inLanguage\":\"es\",\"@id\":\"https:\\\/\\\/stage3.rnv.gob.ve\\\/wp\\\/pueblo-obrero-marchara-este-1o-de-mayo-en-caracas\\\/#primaryimage\",\"url\":\"\",\"contentUrl\":\"\"},{\"@type\":\"BreadcrumbList\",\"@id\":\"https:\\\/\\\/stage3.rnv.gob.ve\\\/wp\\\/pueblo-obrero-marchara-este-1o-de-mayo-en-caracas\\\/#breadcrumb\",\"itemListElement\":[{\"@type\":\"ListItem\",\"position\":1,\"name\":\"Portada\",\"item\":\"https:\\\/\\\/stage3.rnv.gob.ve\\\/wp\\\/\"},{\"@type\":\"ListItem\",\"position\":2,\"name\":\"Pueblo Obrero Marchar\u00e1 Este 1\u00ba De Mayo En Caracas\"}]},{\"@type\":\"WebSite\",\"@id\":\"https:\\\/\\\/stage3.rnv.gob.ve\\\/wp\\\/#website\",\"url\":\"https:\\\/\\\/stage3.rnv.gob.ve\\\/wp\\\/\",\"name\":\"DEV RNV\",\"description\":\"Radio Nacional de Venezuela C.A.\",\"publisher\":{\"@id\":\"https:\\\/\\\/stage3.rnv.gob.ve\\\/wp\\\/#organization\"},\"potentialAction\":[{\"@type\":\"SearchAction\",\"target\":{\"@type\":\"EntryPoint\",\"urlTemplate\":\"https:\\\/\\\/stage3.rnv.gob.ve\\\/wp\\\/?s={search_term_string}\"},\"query-input\":{\"@type\":\"PropertyValueSpecification\",\"valueRequired\":true,\"valueName\":\"search_term_string\"}}],\"inLanguage\":\"es\"},{\"@type\":\"Organization\",\"@id\":\"https:\\\/\\\/stage3.rnv.gob.ve\\\/wp\\\/#organization\",\"name\":\"Radio Nacional de Venezuela C.A.\",\"url\":\"https:\\\/\\\/stage3.rnv.gob.ve\\\/wp\\\/\",\"logo\":{\"@type\":\"ImageObject\",\"inLanguage\":\"es\",\"@id\":\"https:\\\/\\\/stage3.rnv.gob.ve\\\/wp\\\/#\\\/schema\\\/logo\\\/image\\\/\",\"url\":\"http:\\\/\\\/rnv.ddns.net\\\/prensa\\\/wp-content\\\/uploads\\\/2022\\\/04\\\/rnv-1-300x227-1.jpg\",\"contentUrl\":\"http:\\\/\\\/rnv.ddns.net\\\/prensa\\\/wp-content\\\/uploads\\\/2022\\\/04\\\/rnv-1-300x227-1.jpg\",\"width\":800,\"height\":455,\"caption\":\"Radio Nacional de Venezuela C.A.\"},\"image\":{\"@id\":\"https:\\\/\\\/stage3.rnv.gob.ve\\\/wp\\\/#\\\/schema\\\/logo\\\/image\\\/\"},\"sameAs\":[\"https:\\\/\\\/www.facebook.com\\\/RadioNacionaldeVenezuela\",\"https:\\\/\\\/x.com\\\/RNVinformativa\",\"https:\\\/\\\/www.instagram.com\\\/rnvinformativa\\\/\",\"https:\\\/\\\/www.youtube.com\\\/user\\\/RNVContigo\"]},{\"@type\":\"Person\",\"@id\":\"https:\\\/\\\/stage3.rnv.gob.ve\\\/wp\\\/#\\\/schema\\\/person\\\/0862ce8cde332e0bc63b8a243f0eea2c\",\"name\":\"administrador\",\"sameAs\":[\"http:\\\/\\\/arnoldoeloy.net\"],\"url\":\"https:\\\/\\\/stage3.rnv.gob.ve\\\/wp\\\/author\\\/administrador\\\/\"}]}<\/script>\n<!-- \/ Yoast SEO plugin. -->","yoast_head_json":{"title":"Pueblo obrero marchar\u00e1 este 1\u00ba de mayo en Caracas - DEV RNV","robots":{"index":"noindex","follow":"follow","max-snippet":"max-snippet:-1","max-image-preview":"max-image-preview:large","max-video-preview":"max-video-preview:-1"},"og_locale":"es_ES","og_type":"article","og_title":"Pueblo obrero marchar\u00e1 este 1\u00ba de mayo en Caracas - DEV RNV","og_description":"El vicepresidente del Partido Socialista Unido de Venezuela (PSUV), Diosdado Cabello,\u00a0inform\u00f3 este lunes que el pueblo patriota marchar\u00e1 en Caracas el pr\u00f3ximo 1\u00ba de mayo, para celebrar el D\u00eda del Trabajador. Destac\u00f3 que con el Gran Polo Patri\u00f3tico, la Fuerza Armada Nacional Bolivariana,\u00a0el jefe de Estado Nicol\u00e1s Maduro y el pueblo obrero, se est\u00e1 organizando [&hellip;]","og_url":"https:\/\/stage3.rnv.gob.ve\/wp\/pueblo-obrero-marchara-este-1o-de-mayo-en-caracas\/","og_site_name":"DEV RNV","article_publisher":"https:\/\/www.facebook.com\/RadioNacionaldeVenezuela","article_published_time":"2017-04-24T21:12:48+00:00","author":"administrador","twitter_card":"summary_large_image","twitter_creator":"@RNVinformativa","twitter_site":"@RNVinformativa","twitter_misc":{"Escrito por":"administrador","Tiempo estimado de lectura":"1 minuto"},"schema":{"@context":"https:\/\/schema.org","@graph":[{"@type":"Article","@id":"https:\/\/stage3.rnv.gob.ve\/wp\/pueblo-obrero-marchara-este-1o-de-mayo-en-caracas\/#article","isPartOf":{"@id":"https:\/\/stage3.rnv.gob.ve\/wp\/pueblo-obrero-marchara-este-1o-de-mayo-en-caracas\/"},"author":{"name":"administrador","@id":"https:\/\/stage3.rnv.gob.ve\/wp\/#\/schema\/person\/0862ce8cde332e0bc63b8a243f0eea2c"},"headline":"Pueblo obrero marchar\u00e1 este 1\u00ba de mayo en Caracas","datePublished":"2017-04-24T21:12:48+00:00","mainEntityOfPage":{"@id":"https:\/\/stage3.rnv.gob.ve\/wp\/pueblo-obrero-marchara-este-1o-de-mayo-en-caracas\/"},"wordCount":198,"publisher":{"@id":"https:\/\/stage3.rnv.gob.ve\/wp\/#organization"},"image":{"@id":"https:\/\/stage3.rnv.gob.ve\/wp\/pueblo-obrero-marchara-este-1o-de-mayo-en-caracas\/#primaryimage"},"thumbnailUrl":"","keywords":["1 de mayo","D\u00eda del Trabajador","movilizacion","RNV"],"articleSection":["Ciudad"],"inLanguage":"es"},{"@type":"WebPage","@id":"https:\/\/stage3.rnv.gob.ve\/wp\/pueblo-obrero-marchara-este-1o-de-mayo-en-caracas\/","url":"https:\/\/stage3.rnv.gob.ve\/wp\/pueblo-obrero-marchara-este-1o-de-mayo-en-caracas\/","name":"Pueblo obrero marchar\u00e1 este 1\u00ba de mayo en Caracas - DEV RNV","isPartOf":{"@id":"https:\/\/stage3.rnv.gob.ve\/wp\/#website"},"primaryImageOfPage":{"@id":"https:\/\/stage3.rnv.gob.ve\/wp\/pueblo-obrero-marchara-este-1o-de-mayo-en-caracas\/#primaryimage"},"image":{"@id":"https:\/\/stage3.rnv.gob.ve\/wp\/pueblo-obrero-marchara-este-1o-de-mayo-en-caracas\/#primaryimage"},"thumbnailUrl":"","datePublished":"2017-04-24T21:12:48+00:00","breadcrumb":{"@id":"https:\/\/stage3.rnv.gob.ve\/wp\/pueblo-obrero-marchara-este-1o-de-mayo-en-caracas\/#breadcrumb"},"inLanguage":"es","potentialAction":[{"@type":"ReadAction","target":["https:\/\/stage3.rnv.gob.ve\/wp\/pueblo-obrero-marchara-este-1o-de-mayo-en-caracas\/"]}]},{"@type":"ImageObject","inLanguage":"es","@id":"https:\/\/stage3.rnv.gob.ve\/wp\/pueblo-obrero-marchara-este-1o-de-mayo-en-caracas\/#primaryimage","url":"","contentUrl":""},{"@type":"BreadcrumbList","@id":"https:\/\/stage3.rnv.gob.ve\/wp\/pueblo-obrero-marchara-este-1o-de-mayo-en-caracas\/#breadcrumb","itemListElement":[{"@type":"ListItem","position":1,"name":"Portada","item":"https:\/\/stage3.rnv.gob.ve\/wp\/"},{"@type":"ListItem","position":2,"name":"Pueblo Obrero Marchar\u00e1 Este 1\u00ba De Mayo En Caracas"}]},{"@type":"WebSite","@id":"https:\/\/stage3.rnv.gob.ve\/wp\/#website","url":"https:\/\/stage3.rnv.gob.ve\/wp\/","name":"DEV RNV","description":"Radio Nacional de Venezuela C.A.","publisher":{"@id":"https:\/\/stage3.rnv.gob.ve\/wp\/#organization"},"potentialAction":[{"@type":"SearchAction","target":{"@type":"EntryPoint","urlTemplate":"https:\/\/stage3.rnv.gob.ve\/wp\/?s={search_term_string}"},"query-input":{"@type":"PropertyValueSpecification","valueRequired":true,"valueName":"search_term_string"}}],"inLanguage":"es"},{"@type":"Organization","@id":"https:\/\/stage3.rnv.gob.ve\/wp\/#organization","name":"Radio Nacional de Venezuela C.A.","url":"https:\/\/stage3.rnv.gob.ve\/wp\/","logo":{"@type":"ImageObject","inLanguage":"es","@id":"https:\/\/stage3.rnv.gob.ve\/wp\/#\/schema\/logo\/image\/","url":"http:\/\/rnv.ddns.net\/prensa\/wp-content\/uploads\/2022\/04\/rnv-1-300x227-1.jpg","contentUrl":"http:\/\/rnv.ddns.net\/prensa\/wp-content\/uploads\/2022\/04\/rnv-1-300x227-1.jpg","width":800,"height":455,"caption":"Radio Nacional de Venezuela C.A."},"image":{"@id":"https:\/\/stage3.rnv.gob.ve\/wp\/#\/schema\/logo\/image\/"},"sameAs":["https:\/\/www.facebook.com\/RadioNacionaldeVenezuela","https:\/\/x.com\/RNVinformativa","https:\/\/www.instagram.com\/rnvinformativa\/","https:\/\/www.youtube.com\/user\/RNVContigo"]},{"@type":"Person","@id":"https:\/\/stage3.rnv.gob.ve\/wp\/#\/schema\/person\/0862ce8cde332e0bc63b8a243f0eea2c","name":"administrador","sameAs":["http:\/\/arnoldoeloy.net"],"url":"https:\/\/stage3.rnv.gob.ve\/wp\/author\/administrador\/"}]}},"jetpack_featured_media_url":"","_links":{"self":[{"href":"https:\/\/stage3.rnv.gob.ve\/wp\/wp-json\/wp\/v2\/posts\/135703","targetHints":{"allow":["GET"]}}],"collection":[{"href":"https:\/\/stage3.rnv.gob.ve\/wp\/wp-json\/wp\/v2\/posts"}],"about":[{"href":"https:\/\/stage3.rnv.gob.ve\/wp\/wp-json\/wp\/v2\/types\/post"}],"author":[{"embeddable":true,"href":"https:\/\/stage3.rnv.gob.ve\/wp\/wp-json\/wp\/v2\/users\/1"}],"replies":[{"embeddable":true,"href":"https:\/\/stage3.rnv.gob.ve\/wp\/wp-json\/wp\/v2\/comments?post=135703"}],"version-history":[{"count":0,"href":"https:\/\/stage3.rnv.gob.ve\/wp\/wp-json\/wp\/v2\/posts\/135703\/revisions"}],"wp:featuredmedia":[{"embeddable":true,"href":"https:\/\/stage3.rnv.gob.ve\/wp\/wp-json\/"}],"wp:attachment":[{"href":"https:\/\/stage3.rnv.gob.ve\/wp\/wp-json\/wp\/v2\/media?parent=135703"}],"wp:term":[{"taxonomy":"category","embeddable":true,"href":"https:\/\/stage3.rnv.gob.ve\/wp\/wp-json\/wp\/v2\/categories?post=135703"},{"taxonomy":"post_tag","embeddable":true,"href":"https:\/\/stage3.rnv.gob.ve\/wp\/wp-json\/wp\/v2\/tags?post=135703"}],"curies":[{"name":"wp","href":"https:\/\/api.w.org\/{rel}","templated":true}]}}