{"id":134395,"date":"2017-04-18T14:58:48","date_gmt":"2017-04-18T19:28:48","guid":{"rendered":"http:\/\/wpeditor.rnv.gob.ve\/?p=134395"},"modified":"2017-04-18T14:58:48","modified_gmt":"2017-04-18T19:28:48","slug":"desde-el-municipio-libertador-de-carabobo-se-movilizan-a-caracas-este-19a-en-defensa-de-la-revolucion","status":"publish","type":"post","link":"https:\/\/stage3.rnv.gob.ve\/wp\/desde-el-municipio-libertador-de-carabobo-se-movilizan-a-caracas-este-19a-en-defensa-de-la-revolucion\/","title":{"rendered":"Desde el Municipio Libertador de Carabobo se movilizan a Caracas este 19\u00aa en defensa de la revoluci\u00f3n"},"content":{"rendered":"<figure id=\"attachment_131368\" aria-describedby=\"caption-attachment-131368\" style=\"width: 300px\" class=\"wp-caption alignleft\"><img fetchpriority=\"high\" decoding=\"async\" class=\"size-medium wp-image-131368\" src=\"http:\/\/wpeditor.rnv.gob.ve\/app\/uploads\/2017\/04\/img_94541491506409-300x200.jpg\" alt=\"Foto: AVN\" width=\"300\" height=\"200\" \/><figcaption id=\"caption-attachment-131368\" class=\"wp-caption-text\">Foto: AVN<\/figcaption><\/figure>\n<p>Con Gran movilizaci\u00f3n por la Paz y el respeto de la autodeterminaci\u00f3n\u00a0 de los pueblos, los libertadorenses se movilizan este 19 de abril, para dar un apoyo rotundo al presidente Nicol\u00e1s Maduro.<\/p>\n<p>As\u00ed lo afirm\u00f3 Juan Perozo, alcalde de la localidad Carabobe\u00f1a al destacar que \u201cse realizar\u00e1 una gran movilizaci\u00f3n, con 15 autobuses hacia Caracas, al igual que se hizo con el Comandante Eterno Hugo Ch\u00e1vez, ser\u00e1 con el mismo esp\u00edritu de defensa de\u00a0 la patria\u00a0 y lealtad al presidente Nicol\u00e1s Maduro.<\/p>\n<p>El alcalde del Municipio Libertador Juan Perozo se\u00f1al\u00f3 que este 19 de Abril se celebra los 207 a\u00f1os\u00a0 la Independencia de Venezuela, y el pueblo estar\u00e1 listo para la defensa de la patria.<\/p>\n<p>Escuche el reporte de Juan Carlos Amoros para RNV Noticias<\/p>\n<audio class=\"wp-audio-shortcode\" id=\"audio-134395-1\" preload=\"none\" style=\"width: 100%;\" controls=\"controls\"><source type=\"audio\/mpeg\" src=\"http:\/\/wpeditor.rnv.gob.ve\/app\/uploads\/2017\/04\/19-DE-ABRIL-JUAN-PEROZO.mp3?_=1\" \/><a href=\"http:\/\/wpeditor.rnv.gob.ve\/app\/uploads\/2017\/04\/19-DE-ABRIL-JUAN-PEROZO.mp3\">http:\/\/wpeditor.rnv.gob.ve\/app\/uploads\/2017\/04\/19-DE-ABRIL-JUAN-PEROZO.mp3<\/a><\/audio>\n<p>T\/RNV Corresponsal\u00eda\/Carabobo\/JCA<\/p>\n","protected":false},"excerpt":{"rendered":"<p>Con Gran movilizaci\u00f3n por la Paz y el respeto de la autodeterminaci\u00f3n\u00a0 de los pueblos, los libertadorenses se movilizan este 19 de abril, para dar un apoyo rotundo al presidente Nicol\u00e1s Maduro. As\u00ed lo afirm\u00f3 Juan Perozo, alcalde de la localidad Carabobe\u00f1a al destacar que \u201cse realizar\u00e1 una gran movilizaci\u00f3n, con 15 autobuses hacia Caracas, [&hellip;]<\/p>\n","protected":false},"author":1,"featured_media":131368,"comment_status":"closed","ping_status":"open","sticky":false,"template":"","format":"standard","meta":{"_acf_changed":false,"footnotes":""},"categories":[69],"tags":[],"class_list":["post-134395","post","type-post","status-publish","format-standard","has-post-thumbnail","hentry","category-regional"],"acf":[],"yoast_head":"<!-- This site is optimized with the Yoast SEO plugin v27.4 - https:\/\/yoast.com\/product\/yoast-seo-wordpress\/ -->\n<title>Desde el Municipio Libertador de Carabobo se movilizan a Caracas este 19\u00aa en defensa de la revoluci\u00f3n - DEV RNV<\/title>\n<meta name=\"robots\" content=\"noindex, follow, max-snippet:-1, max-image-preview:large, max-video-preview:-1\" \/>\n<meta property=\"og:locale\" content=\"es_ES\" \/>\n<meta property=\"og:type\" content=\"article\" \/>\n<meta property=\"og:title\" content=\"Desde el Municipio Libertador de Carabobo se movilizan a Caracas este 19\u00aa en defensa de la revoluci\u00f3n - DEV RNV\" \/>\n<meta property=\"og:description\" content=\"Con Gran movilizaci\u00f3n por la Paz y el respeto de la autodeterminaci\u00f3n\u00a0 de los pueblos, los libertadorenses se movilizan este 19 de abril, para dar un apoyo rotundo al presidente Nicol\u00e1s Maduro. As\u00ed lo afirm\u00f3 Juan Perozo, alcalde de la localidad Carabobe\u00f1a al destacar que \u201cse realizar\u00e1 una gran movilizaci\u00f3n, con 15 autobuses hacia Caracas, [&hellip;]\" \/>\n<meta property=\"og:url\" content=\"https:\/\/stage3.rnv.gob.ve\/wp\/desde-el-municipio-libertador-de-carabobo-se-movilizan-a-caracas-este-19a-en-defensa-de-la-revolucion\/\" \/>\n<meta property=\"og:site_name\" content=\"DEV RNV\" \/>\n<meta property=\"article:publisher\" content=\"https:\/\/www.facebook.com\/RadioNacionaldeVenezuela\" \/>\n<meta property=\"article:published_time\" content=\"2017-04-18T19:28:48+00:00\" \/>\n<meta name=\"author\" content=\"administrador\" \/>\n<meta name=\"twitter:card\" content=\"summary_large_image\" \/>\n<meta name=\"twitter:creator\" content=\"@RNVinformativa\" \/>\n<meta name=\"twitter:site\" content=\"@RNVinformativa\" \/>\n<meta name=\"twitter:label1\" content=\"Escrito por\" \/>\n\t<meta name=\"twitter:data1\" content=\"administrador\" \/>\n\t<meta name=\"twitter:label2\" content=\"Tiempo estimado de lectura\" \/>\n\t<meta name=\"twitter:data2\" content=\"1 minuto\" \/>\n<script type=\"application\/ld+json\" class=\"yoast-schema-graph\">{\"@context\":\"https:\\\/\\\/schema.org\",\"@graph\":[{\"@type\":\"Article\",\"@id\":\"https:\\\/\\\/stage3.rnv.gob.ve\\\/wp\\\/desde-el-municipio-libertador-de-carabobo-se-movilizan-a-caracas-este-19a-en-defensa-de-la-revolucion\\\/#article\",\"isPartOf\":{\"@id\":\"https:\\\/\\\/stage3.rnv.gob.ve\\\/wp\\\/desde-el-municipio-libertador-de-carabobo-se-movilizan-a-caracas-este-19a-en-defensa-de-la-revolucion\\\/\"},\"author\":{\"name\":\"administrador\",\"@id\":\"https:\\\/\\\/stage3.rnv.gob.ve\\\/wp\\\/#\\\/schema\\\/person\\\/0862ce8cde332e0bc63b8a243f0eea2c\"},\"headline\":\"Desde el Municipio Libertador de Carabobo se movilizan a Caracas este 19\u00aa en defensa de la revoluci\u00f3n\",\"datePublished\":\"2017-04-18T19:28:48+00:00\",\"mainEntityOfPage\":{\"@id\":\"https:\\\/\\\/stage3.rnv.gob.ve\\\/wp\\\/desde-el-municipio-libertador-de-carabobo-se-movilizan-a-caracas-este-19a-en-defensa-de-la-revolucion\\\/\"},\"wordCount\":175,\"publisher\":{\"@id\":\"https:\\\/\\\/stage3.rnv.gob.ve\\\/wp\\\/#organization\"},\"image\":{\"@id\":\"https:\\\/\\\/stage3.rnv.gob.ve\\\/wp\\\/desde-el-municipio-libertador-de-carabobo-se-movilizan-a-caracas-este-19a-en-defensa-de-la-revolucion\\\/#primaryimage\"},\"thumbnailUrl\":\"\",\"articleSection\":[\"Regional\"],\"inLanguage\":\"es\"},{\"@type\":\"WebPage\",\"@id\":\"https:\\\/\\\/stage3.rnv.gob.ve\\\/wp\\\/desde-el-municipio-libertador-de-carabobo-se-movilizan-a-caracas-este-19a-en-defensa-de-la-revolucion\\\/\",\"url\":\"https:\\\/\\\/stage3.rnv.gob.ve\\\/wp\\\/desde-el-municipio-libertador-de-carabobo-se-movilizan-a-caracas-este-19a-en-defensa-de-la-revolucion\\\/\",\"name\":\"Desde el Municipio Libertador de Carabobo se movilizan a Caracas este 19\u00aa en defensa de la revoluci\u00f3n - DEV RNV\",\"isPartOf\":{\"@id\":\"https:\\\/\\\/stage3.rnv.gob.ve\\\/wp\\\/#website\"},\"primaryImageOfPage\":{\"@id\":\"https:\\\/\\\/stage3.rnv.gob.ve\\\/wp\\\/desde-el-municipio-libertador-de-carabobo-se-movilizan-a-caracas-este-19a-en-defensa-de-la-revolucion\\\/#primaryimage\"},\"image\":{\"@id\":\"https:\\\/\\\/stage3.rnv.gob.ve\\\/wp\\\/desde-el-municipio-libertador-de-carabobo-se-movilizan-a-caracas-este-19a-en-defensa-de-la-revolucion\\\/#primaryimage\"},\"thumbnailUrl\":\"\",\"datePublished\":\"2017-04-18T19:28:48+00:00\",\"breadcrumb\":{\"@id\":\"https:\\\/\\\/stage3.rnv.gob.ve\\\/wp\\\/desde-el-municipio-libertador-de-carabobo-se-movilizan-a-caracas-este-19a-en-defensa-de-la-revolucion\\\/#breadcrumb\"},\"inLanguage\":\"es\",\"potentialAction\":[{\"@type\":\"ReadAction\",\"target\":[\"https:\\\/\\\/stage3.rnv.gob.ve\\\/wp\\\/desde-el-municipio-libertador-de-carabobo-se-movilizan-a-caracas-este-19a-en-defensa-de-la-revolucion\\\/\"]}]},{\"@type\":\"ImageObject\",\"inLanguage\":\"es\",\"@id\":\"https:\\\/\\\/stage3.rnv.gob.ve\\\/wp\\\/desde-el-municipio-libertador-de-carabobo-se-movilizan-a-caracas-este-19a-en-defensa-de-la-revolucion\\\/#primaryimage\",\"url\":\"\",\"contentUrl\":\"\"},{\"@type\":\"BreadcrumbList\",\"@id\":\"https:\\\/\\\/stage3.rnv.gob.ve\\\/wp\\\/desde-el-municipio-libertador-de-carabobo-se-movilizan-a-caracas-este-19a-en-defensa-de-la-revolucion\\\/#breadcrumb\",\"itemListElement\":[{\"@type\":\"ListItem\",\"position\":1,\"name\":\"Portada\",\"item\":\"https:\\\/\\\/stage3.rnv.gob.ve\\\/wp\\\/\"},{\"@type\":\"ListItem\",\"position\":2,\"name\":\"Desde El Municipio Libertador De Carabobo Se Movilizan A Caracas Este 19\u00aa En Defensa De La Revoluci\u00f3n\"}]},{\"@type\":\"WebSite\",\"@id\":\"https:\\\/\\\/stage3.rnv.gob.ve\\\/wp\\\/#website\",\"url\":\"https:\\\/\\\/stage3.rnv.gob.ve\\\/wp\\\/\",\"name\":\"DEV RNV\",\"description\":\"Radio Nacional de Venezuela C.A.\",\"publisher\":{\"@id\":\"https:\\\/\\\/stage3.rnv.gob.ve\\\/wp\\\/#organization\"},\"potentialAction\":[{\"@type\":\"SearchAction\",\"target\":{\"@type\":\"EntryPoint\",\"urlTemplate\":\"https:\\\/\\\/stage3.rnv.gob.ve\\\/wp\\\/?s={search_term_string}\"},\"query-input\":{\"@type\":\"PropertyValueSpecification\",\"valueRequired\":true,\"valueName\":\"search_term_string\"}}],\"inLanguage\":\"es\"},{\"@type\":\"Organization\",\"@id\":\"https:\\\/\\\/stage3.rnv.gob.ve\\\/wp\\\/#organization\",\"name\":\"Radio Nacional de Venezuela C.A.\",\"url\":\"https:\\\/\\\/stage3.rnv.gob.ve\\\/wp\\\/\",\"logo\":{\"@type\":\"ImageObject\",\"inLanguage\":\"es\",\"@id\":\"https:\\\/\\\/stage3.rnv.gob.ve\\\/wp\\\/#\\\/schema\\\/logo\\\/image\\\/\",\"url\":\"http:\\\/\\\/rnv.ddns.net\\\/prensa\\\/wp-content\\\/uploads\\\/2022\\\/04\\\/rnv-1-300x227-1.jpg\",\"contentUrl\":\"http:\\\/\\\/rnv.ddns.net\\\/prensa\\\/wp-content\\\/uploads\\\/2022\\\/04\\\/rnv-1-300x227-1.jpg\",\"width\":800,\"height\":455,\"caption\":\"Radio Nacional de Venezuela C.A.\"},\"image\":{\"@id\":\"https:\\\/\\\/stage3.rnv.gob.ve\\\/wp\\\/#\\\/schema\\\/logo\\\/image\\\/\"},\"sameAs\":[\"https:\\\/\\\/www.facebook.com\\\/RadioNacionaldeVenezuela\",\"https:\\\/\\\/x.com\\\/RNVinformativa\",\"https:\\\/\\\/www.instagram.com\\\/rnvinformativa\\\/\",\"https:\\\/\\\/www.youtube.com\\\/user\\\/RNVContigo\"]},{\"@type\":\"Person\",\"@id\":\"https:\\\/\\\/stage3.rnv.gob.ve\\\/wp\\\/#\\\/schema\\\/person\\\/0862ce8cde332e0bc63b8a243f0eea2c\",\"name\":\"administrador\",\"sameAs\":[\"http:\\\/\\\/arnoldoeloy.net\"],\"url\":\"https:\\\/\\\/stage3.rnv.gob.ve\\\/wp\\\/author\\\/administrador\\\/\"}]}<\/script>\n<!-- \/ Yoast SEO plugin. -->","yoast_head_json":{"title":"Desde el Municipio Libertador de Carabobo se movilizan a Caracas este 19\u00aa en defensa de la revoluci\u00f3n - DEV RNV","robots":{"index":"noindex","follow":"follow","max-snippet":"max-snippet:-1","max-image-preview":"max-image-preview:large","max-video-preview":"max-video-preview:-1"},"og_locale":"es_ES","og_type":"article","og_title":"Desde el Municipio Libertador de Carabobo se movilizan a Caracas este 19\u00aa en defensa de la revoluci\u00f3n - DEV RNV","og_description":"Con Gran movilizaci\u00f3n por la Paz y el respeto de la autodeterminaci\u00f3n\u00a0 de los pueblos, los libertadorenses se movilizan este 19 de abril, para dar un apoyo rotundo al presidente Nicol\u00e1s Maduro. As\u00ed lo afirm\u00f3 Juan Perozo, alcalde de la localidad Carabobe\u00f1a al destacar que \u201cse realizar\u00e1 una gran movilizaci\u00f3n, con 15 autobuses hacia Caracas, [&hellip;]","og_url":"https:\/\/stage3.rnv.gob.ve\/wp\/desde-el-municipio-libertador-de-carabobo-se-movilizan-a-caracas-este-19a-en-defensa-de-la-revolucion\/","og_site_name":"DEV RNV","article_publisher":"https:\/\/www.facebook.com\/RadioNacionaldeVenezuela","article_published_time":"2017-04-18T19:28:48+00:00","author":"administrador","twitter_card":"summary_large_image","twitter_creator":"@RNVinformativa","twitter_site":"@RNVinformativa","twitter_misc":{"Escrito por":"administrador","Tiempo estimado de lectura":"1 minuto"},"schema":{"@context":"https:\/\/schema.org","@graph":[{"@type":"Article","@id":"https:\/\/stage3.rnv.gob.ve\/wp\/desde-el-municipio-libertador-de-carabobo-se-movilizan-a-caracas-este-19a-en-defensa-de-la-revolucion\/#article","isPartOf":{"@id":"https:\/\/stage3.rnv.gob.ve\/wp\/desde-el-municipio-libertador-de-carabobo-se-movilizan-a-caracas-este-19a-en-defensa-de-la-revolucion\/"},"author":{"name":"administrador","@id":"https:\/\/stage3.rnv.gob.ve\/wp\/#\/schema\/person\/0862ce8cde332e0bc63b8a243f0eea2c"},"headline":"Desde el Municipio Libertador de Carabobo se movilizan a Caracas este 19\u00aa en defensa de la revoluci\u00f3n","datePublished":"2017-04-18T19:28:48+00:00","mainEntityOfPage":{"@id":"https:\/\/stage3.rnv.gob.ve\/wp\/desde-el-municipio-libertador-de-carabobo-se-movilizan-a-caracas-este-19a-en-defensa-de-la-revolucion\/"},"wordCount":175,"publisher":{"@id":"https:\/\/stage3.rnv.gob.ve\/wp\/#organization"},"image":{"@id":"https:\/\/stage3.rnv.gob.ve\/wp\/desde-el-municipio-libertador-de-carabobo-se-movilizan-a-caracas-este-19a-en-defensa-de-la-revolucion\/#primaryimage"},"thumbnailUrl":"","articleSection":["Regional"],"inLanguage":"es"},{"@type":"WebPage","@id":"https:\/\/stage3.rnv.gob.ve\/wp\/desde-el-municipio-libertador-de-carabobo-se-movilizan-a-caracas-este-19a-en-defensa-de-la-revolucion\/","url":"https:\/\/stage3.rnv.gob.ve\/wp\/desde-el-municipio-libertador-de-carabobo-se-movilizan-a-caracas-este-19a-en-defensa-de-la-revolucion\/","name":"Desde el Municipio Libertador de Carabobo se movilizan a Caracas este 19\u00aa en defensa de la revoluci\u00f3n - DEV RNV","isPartOf":{"@id":"https:\/\/stage3.rnv.gob.ve\/wp\/#website"},"primaryImageOfPage":{"@id":"https:\/\/stage3.rnv.gob.ve\/wp\/desde-el-municipio-libertador-de-carabobo-se-movilizan-a-caracas-este-19a-en-defensa-de-la-revolucion\/#primaryimage"},"image":{"@id":"https:\/\/stage3.rnv.gob.ve\/wp\/desde-el-municipio-libertador-de-carabobo-se-movilizan-a-caracas-este-19a-en-defensa-de-la-revolucion\/#primaryimage"},"thumbnailUrl":"","datePublished":"2017-04-18T19:28:48+00:00","breadcrumb":{"@id":"https:\/\/stage3.rnv.gob.ve\/wp\/desde-el-municipio-libertador-de-carabobo-se-movilizan-a-caracas-este-19a-en-defensa-de-la-revolucion\/#breadcrumb"},"inLanguage":"es","potentialAction":[{"@type":"ReadAction","target":["https:\/\/stage3.rnv.gob.ve\/wp\/desde-el-municipio-libertador-de-carabobo-se-movilizan-a-caracas-este-19a-en-defensa-de-la-revolucion\/"]}]},{"@type":"ImageObject","inLanguage":"es","@id":"https:\/\/stage3.rnv.gob.ve\/wp\/desde-el-municipio-libertador-de-carabobo-se-movilizan-a-caracas-este-19a-en-defensa-de-la-revolucion\/#primaryimage","url":"","contentUrl":""},{"@type":"BreadcrumbList","@id":"https:\/\/stage3.rnv.gob.ve\/wp\/desde-el-municipio-libertador-de-carabobo-se-movilizan-a-caracas-este-19a-en-defensa-de-la-revolucion\/#breadcrumb","itemListElement":[{"@type":"ListItem","position":1,"name":"Portada","item":"https:\/\/stage3.rnv.gob.ve\/wp\/"},{"@type":"ListItem","position":2,"name":"Desde El Municipio Libertador De Carabobo Se Movilizan A Caracas Este 19\u00aa En Defensa De La Revoluci\u00f3n"}]},{"@type":"WebSite","@id":"https:\/\/stage3.rnv.gob.ve\/wp\/#website","url":"https:\/\/stage3.rnv.gob.ve\/wp\/","name":"DEV RNV","description":"Radio Nacional de Venezuela C.A.","publisher":{"@id":"https:\/\/stage3.rnv.gob.ve\/wp\/#organization"},"potentialAction":[{"@type":"SearchAction","target":{"@type":"EntryPoint","urlTemplate":"https:\/\/stage3.rnv.gob.ve\/wp\/?s={search_term_string}"},"query-input":{"@type":"PropertyValueSpecification","valueRequired":true,"valueName":"search_term_string"}}],"inLanguage":"es"},{"@type":"Organization","@id":"https:\/\/stage3.rnv.gob.ve\/wp\/#organization","name":"Radio Nacional de Venezuela C.A.","url":"https:\/\/stage3.rnv.gob.ve\/wp\/","logo":{"@type":"ImageObject","inLanguage":"es","@id":"https:\/\/stage3.rnv.gob.ve\/wp\/#\/schema\/logo\/image\/","url":"http:\/\/rnv.ddns.net\/prensa\/wp-content\/uploads\/2022\/04\/rnv-1-300x227-1.jpg","contentUrl":"http:\/\/rnv.ddns.net\/prensa\/wp-content\/uploads\/2022\/04\/rnv-1-300x227-1.jpg","width":800,"height":455,"caption":"Radio Nacional de Venezuela C.A."},"image":{"@id":"https:\/\/stage3.rnv.gob.ve\/wp\/#\/schema\/logo\/image\/"},"sameAs":["https:\/\/www.facebook.com\/RadioNacionaldeVenezuela","https:\/\/x.com\/RNVinformativa","https:\/\/www.instagram.com\/rnvinformativa\/","https:\/\/www.youtube.com\/user\/RNVContigo"]},{"@type":"Person","@id":"https:\/\/stage3.rnv.gob.ve\/wp\/#\/schema\/person\/0862ce8cde332e0bc63b8a243f0eea2c","name":"administrador","sameAs":["http:\/\/arnoldoeloy.net"],"url":"https:\/\/stage3.rnv.gob.ve\/wp\/author\/administrador\/"}]}},"jetpack_featured_media_url":"","_links":{"self":[{"href":"https:\/\/stage3.rnv.gob.ve\/wp\/wp-json\/wp\/v2\/posts\/134395","targetHints":{"allow":["GET"]}}],"collection":[{"href":"https:\/\/stage3.rnv.gob.ve\/wp\/wp-json\/wp\/v2\/posts"}],"about":[{"href":"https:\/\/stage3.rnv.gob.ve\/wp\/wp-json\/wp\/v2\/types\/post"}],"author":[{"embeddable":true,"href":"https:\/\/stage3.rnv.gob.ve\/wp\/wp-json\/wp\/v2\/users\/1"}],"replies":[{"embeddable":true,"href":"https:\/\/stage3.rnv.gob.ve\/wp\/wp-json\/wp\/v2\/comments?post=134395"}],"version-history":[{"count":0,"href":"https:\/\/stage3.rnv.gob.ve\/wp\/wp-json\/wp\/v2\/posts\/134395\/revisions"}],"wp:featuredmedia":[{"embeddable":true,"href":"https:\/\/stage3.rnv.gob.ve\/wp\/wp-json\/"}],"wp:attachment":[{"href":"https:\/\/stage3.rnv.gob.ve\/wp\/wp-json\/wp\/v2\/media?parent=134395"}],"wp:term":[{"taxonomy":"category","embeddable":true,"href":"https:\/\/stage3.rnv.gob.ve\/wp\/wp-json\/wp\/v2\/categories?post=134395"},{"taxonomy":"post_tag","embeddable":true,"href":"https:\/\/stage3.rnv.gob.ve\/wp\/wp-json\/wp\/v2\/tags?post=134395"}],"curies":[{"name":"wp","href":"https:\/\/api.w.org\/{rel}","templated":true}]}}