{"id":133792,"date":"2017-04-16T16:08:32","date_gmt":"2017-04-16T20:38:32","guid":{"rendered":"http:\/\/wpeditor.rnv.gob.ve\/?p=133792"},"modified":"2017-04-16T16:08:32","modified_gmt":"2017-04-16T20:38:32","slug":"caraquenos-queman-al-judas-antipatria-este-domingo-fotos","status":"publish","type":"post","link":"https:\/\/stage3.rnv.gob.ve\/wp\/caraquenos-queman-al-judas-antipatria-este-domingo-fotos\/","title":{"rendered":"Caraque\u00f1os queman al Judas antipatria este domingo (+Fotos)"},"content":{"rendered":"\n<p>Este domingo, habitantes de sectores caraque\u00f1os, como El Valle, Plaza Catia y Casalta, llevan a cabo la tradicional quema de Judas, esta vez personificado en el imperio norteamericano y la derecha ap\u00e1trida, quienes buscan una intervenci\u00f3n extranjera en el pa\u00eds.<\/p>\n<p>A trav\u00e9s de su cuenta en Twitter, el ministro del Poder Popular para Comunicaci\u00f3n e Informaci\u00f3n y presidente de Venezolana de Televisi\u00f3n (VTV), Ernesto Villegas, comparti\u00f3 fotos de esta actividad.<\/p>\n<p>\u00abAhora en la Plaza El Valle de Caracas arde Judas antipatria, nuestra victoria es la paz. No m\u00e1s terror guarimbero\u00bb, expres\u00f3 Villegas, usando etiquetas en <a href=\"https:\/\/twitter.com\/VillegasPoljak\" target=\"_blank\" rel=\"noopener\">@VillegasPoljak<\/a>.<\/p>\n<blockquote class=\"twitter-tweet\" data-width=\"550\" data-dnt=\"true\">\n<p lang=\"es\" dir=\"ltr\">\u00bfUsted los reconoce? <a href=\"https:\/\/twitter.com\/hashtag\/ArdeJudasAntiPatria?src=hash&amp;ref_src=twsrc%5Etfw\">#ArdeJudasAntiPatria<\/a> <a href=\"https:\/\/t.co\/eYNCQwlNQc\">pic.twitter.com\/eYNCQwlNQc<\/a><\/p>\n<p>&mdash; Ernesto Villegas Poljak (@VillegasPoljak) <a href=\"https:\/\/twitter.com\/VillegasPoljak\/status\/853697489987305472?ref_src=twsrc%5Etfw\">April 16, 2017<\/a><\/p><\/blockquote>\n<p><script async src=\"https:\/\/platform.twitter.com\/widgets.js\" charset=\"utf-8\"><\/script><\/p>\n<blockquote class=\"twitter-tweet\" data-width=\"550\" data-dnt=\"true\">\n<p lang=\"es\" dir=\"ltr\"><a href=\"https:\/\/twitter.com\/hashtag\/AHORA?src=hash&amp;ref_src=twsrc%5Etfw\">#AHORA<\/a> en la Plaza El Valle de <a href=\"https:\/\/twitter.com\/hashtag\/Caracas?src=hash&amp;ref_src=twsrc%5Etfw\">#Caracas<\/a> <a href=\"https:\/\/twitter.com\/hashtag\/ArdeJudasAntiPatria?src=hash&amp;ref_src=twsrc%5Etfw\">#ArdeJudasAntiPatria<\/a> <a href=\"https:\/\/twitter.com\/hashtag\/NuestraVictoriaEsLaPaz?src=hash&amp;ref_src=twsrc%5Etfw\">#NuestraVictoriaEsLaPaz<\/a> <a href=\"https:\/\/twitter.com\/hashtag\/NoMasTerrorGuarimbero?src=hash&amp;ref_src=twsrc%5Etfw\">#NoMasTerrorGuarimbero<\/a> <a href=\"https:\/\/t.co\/MBUAxgB9wt\">pic.twitter.com\/MBUAxgB9wt<\/a><\/p>\n<p>&mdash; Ernesto Villegas Poljak (@VillegasPoljak) <a href=\"https:\/\/twitter.com\/VillegasPoljak\/status\/853698288394145793?ref_src=twsrc%5Etfw\">April 16, 2017<\/a><\/p><\/blockquote>\n<p><script async src=\"https:\/\/platform.twitter.com\/widgets.js\" charset=\"utf-8\"><\/script><\/p>\n<p><strong>T\/RNV Web\/DR<\/strong><\/p>\n","protected":false},"excerpt":{"rendered":"<p>Este domingo, habitantes de sectores caraque\u00f1os, como El Valle, Plaza Catia y Casalta, llevan a cabo la tradicional quema de Judas, esta vez personificado en el imperio norteamericano y la derecha ap\u00e1trida, quienes buscan una intervenci\u00f3n extranjera en el pa\u00eds. A trav\u00e9s de su cuenta en Twitter, el ministro del Poder Popular para Comunicaci\u00f3n e [&hellip;]<\/p>\n","protected":false},"author":1,"featured_media":133796,"comment_status":"closed","ping_status":"open","sticky":false,"template":"","format":"standard","meta":{"_acf_changed":false,"footnotes":""},"categories":[52],"tags":[8104,2011,13968,13969],"class_list":["post-133792","post","type-post","status-publish","format-standard","has-post-thumbnail","hentry","category-ciudad","tag-caraquenos","tag-judas","tag-judas-antipatria","tag-quema-de-judas"],"acf":[],"yoast_head":"<!-- This site is optimized with the Yoast SEO plugin v27.4 - https:\/\/yoast.com\/product\/yoast-seo-wordpress\/ -->\n<title>Caraque\u00f1os queman al Judas antipatria este domingo (+Fotos) - DEV RNV<\/title>\n<meta name=\"robots\" content=\"noindex, follow, max-snippet:-1, max-image-preview:large, max-video-preview:-1\" \/>\n<meta property=\"og:locale\" content=\"es_ES\" \/>\n<meta property=\"og:type\" content=\"article\" \/>\n<meta property=\"og:title\" content=\"Caraque\u00f1os queman al Judas antipatria este domingo (+Fotos) - DEV RNV\" \/>\n<meta property=\"og:description\" content=\"Este domingo, habitantes de sectores caraque\u00f1os, como El Valle, Plaza Catia y Casalta, llevan a cabo la tradicional quema de Judas, esta vez personificado en el imperio norteamericano y la derecha ap\u00e1trida, quienes buscan una intervenci\u00f3n extranjera en el pa\u00eds. A trav\u00e9s de su cuenta en Twitter, el ministro del Poder Popular para Comunicaci\u00f3n e [&hellip;]\" \/>\n<meta property=\"og:url\" content=\"https:\/\/stage3.rnv.gob.ve\/wp\/caraquenos-queman-al-judas-antipatria-este-domingo-fotos\/\" \/>\n<meta property=\"og:site_name\" content=\"DEV RNV\" \/>\n<meta property=\"article:publisher\" content=\"https:\/\/www.facebook.com\/RadioNacionaldeVenezuela\" \/>\n<meta property=\"article:published_time\" content=\"2017-04-16T20:38:32+00:00\" \/>\n<meta name=\"author\" content=\"administrador\" \/>\n<meta name=\"twitter:card\" content=\"summary_large_image\" \/>\n<meta name=\"twitter:creator\" content=\"@RNVinformativa\" \/>\n<meta name=\"twitter:site\" content=\"@RNVinformativa\" \/>\n<meta name=\"twitter:label1\" content=\"Escrito por\" \/>\n\t<meta name=\"twitter:data1\" content=\"administrador\" \/>\n\t<meta name=\"twitter:label2\" content=\"Tiempo estimado de lectura\" \/>\n\t<meta name=\"twitter:data2\" content=\"1 minuto\" \/>\n<script type=\"application\/ld+json\" class=\"yoast-schema-graph\">{\"@context\":\"https:\\\/\\\/schema.org\",\"@graph\":[{\"@type\":\"Article\",\"@id\":\"https:\\\/\\\/stage3.rnv.gob.ve\\\/wp\\\/caraquenos-queman-al-judas-antipatria-este-domingo-fotos\\\/#article\",\"isPartOf\":{\"@id\":\"https:\\\/\\\/stage3.rnv.gob.ve\\\/wp\\\/caraquenos-queman-al-judas-antipatria-este-domingo-fotos\\\/\"},\"author\":{\"name\":\"administrador\",\"@id\":\"https:\\\/\\\/stage3.rnv.gob.ve\\\/wp\\\/#\\\/schema\\\/person\\\/0862ce8cde332e0bc63b8a243f0eea2c\"},\"headline\":\"Caraque\u00f1os queman al Judas antipatria este domingo (+Fotos)\",\"datePublished\":\"2017-04-16T20:38:32+00:00\",\"mainEntityOfPage\":{\"@id\":\"https:\\\/\\\/stage3.rnv.gob.ve\\\/wp\\\/caraquenos-queman-al-judas-antipatria-este-domingo-fotos\\\/\"},\"wordCount\":134,\"publisher\":{\"@id\":\"https:\\\/\\\/stage3.rnv.gob.ve\\\/wp\\\/#organization\"},\"image\":{\"@id\":\"https:\\\/\\\/stage3.rnv.gob.ve\\\/wp\\\/caraquenos-queman-al-judas-antipatria-este-domingo-fotos\\\/#primaryimage\"},\"thumbnailUrl\":\"\",\"keywords\":[\"caraque\u00f1os\",\"judas\",\"Judas antipatria\",\"quema de Judas\"],\"articleSection\":[\"Ciudad\"],\"inLanguage\":\"es\"},{\"@type\":\"WebPage\",\"@id\":\"https:\\\/\\\/stage3.rnv.gob.ve\\\/wp\\\/caraquenos-queman-al-judas-antipatria-este-domingo-fotos\\\/\",\"url\":\"https:\\\/\\\/stage3.rnv.gob.ve\\\/wp\\\/caraquenos-queman-al-judas-antipatria-este-domingo-fotos\\\/\",\"name\":\"Caraque\u00f1os queman al Judas antipatria este domingo (+Fotos) - DEV RNV\",\"isPartOf\":{\"@id\":\"https:\\\/\\\/stage3.rnv.gob.ve\\\/wp\\\/#website\"},\"primaryImageOfPage\":{\"@id\":\"https:\\\/\\\/stage3.rnv.gob.ve\\\/wp\\\/caraquenos-queman-al-judas-antipatria-este-domingo-fotos\\\/#primaryimage\"},\"image\":{\"@id\":\"https:\\\/\\\/stage3.rnv.gob.ve\\\/wp\\\/caraquenos-queman-al-judas-antipatria-este-domingo-fotos\\\/#primaryimage\"},\"thumbnailUrl\":\"\",\"datePublished\":\"2017-04-16T20:38:32+00:00\",\"breadcrumb\":{\"@id\":\"https:\\\/\\\/stage3.rnv.gob.ve\\\/wp\\\/caraquenos-queman-al-judas-antipatria-este-domingo-fotos\\\/#breadcrumb\"},\"inLanguage\":\"es\",\"potentialAction\":[{\"@type\":\"ReadAction\",\"target\":[\"https:\\\/\\\/stage3.rnv.gob.ve\\\/wp\\\/caraquenos-queman-al-judas-antipatria-este-domingo-fotos\\\/\"]}]},{\"@type\":\"ImageObject\",\"inLanguage\":\"es\",\"@id\":\"https:\\\/\\\/stage3.rnv.gob.ve\\\/wp\\\/caraquenos-queman-al-judas-antipatria-este-domingo-fotos\\\/#primaryimage\",\"url\":\"\",\"contentUrl\":\"\"},{\"@type\":\"BreadcrumbList\",\"@id\":\"https:\\\/\\\/stage3.rnv.gob.ve\\\/wp\\\/caraquenos-queman-al-judas-antipatria-este-domingo-fotos\\\/#breadcrumb\",\"itemListElement\":[{\"@type\":\"ListItem\",\"position\":1,\"name\":\"Portada\",\"item\":\"https:\\\/\\\/stage3.rnv.gob.ve\\\/wp\\\/\"},{\"@type\":\"ListItem\",\"position\":2,\"name\":\"Caraque\u00f1os Queman Al Judas Antipatria Este Domingo (+Fotos)\"}]},{\"@type\":\"WebSite\",\"@id\":\"https:\\\/\\\/stage3.rnv.gob.ve\\\/wp\\\/#website\",\"url\":\"https:\\\/\\\/stage3.rnv.gob.ve\\\/wp\\\/\",\"name\":\"DEV RNV\",\"description\":\"Radio Nacional de Venezuela C.A.\",\"publisher\":{\"@id\":\"https:\\\/\\\/stage3.rnv.gob.ve\\\/wp\\\/#organization\"},\"potentialAction\":[{\"@type\":\"SearchAction\",\"target\":{\"@type\":\"EntryPoint\",\"urlTemplate\":\"https:\\\/\\\/stage3.rnv.gob.ve\\\/wp\\\/?s={search_term_string}\"},\"query-input\":{\"@type\":\"PropertyValueSpecification\",\"valueRequired\":true,\"valueName\":\"search_term_string\"}}],\"inLanguage\":\"es\"},{\"@type\":\"Organization\",\"@id\":\"https:\\\/\\\/stage3.rnv.gob.ve\\\/wp\\\/#organization\",\"name\":\"Radio Nacional de Venezuela C.A.\",\"url\":\"https:\\\/\\\/stage3.rnv.gob.ve\\\/wp\\\/\",\"logo\":{\"@type\":\"ImageObject\",\"inLanguage\":\"es\",\"@id\":\"https:\\\/\\\/stage3.rnv.gob.ve\\\/wp\\\/#\\\/schema\\\/logo\\\/image\\\/\",\"url\":\"http:\\\/\\\/rnv.ddns.net\\\/prensa\\\/wp-content\\\/uploads\\\/2022\\\/04\\\/rnv-1-300x227-1.jpg\",\"contentUrl\":\"http:\\\/\\\/rnv.ddns.net\\\/prensa\\\/wp-content\\\/uploads\\\/2022\\\/04\\\/rnv-1-300x227-1.jpg\",\"width\":800,\"height\":455,\"caption\":\"Radio Nacional de Venezuela C.A.\"},\"image\":{\"@id\":\"https:\\\/\\\/stage3.rnv.gob.ve\\\/wp\\\/#\\\/schema\\\/logo\\\/image\\\/\"},\"sameAs\":[\"https:\\\/\\\/www.facebook.com\\\/RadioNacionaldeVenezuela\",\"https:\\\/\\\/x.com\\\/RNVinformativa\",\"https:\\\/\\\/www.instagram.com\\\/rnvinformativa\\\/\",\"https:\\\/\\\/www.youtube.com\\\/user\\\/RNVContigo\"]},{\"@type\":\"Person\",\"@id\":\"https:\\\/\\\/stage3.rnv.gob.ve\\\/wp\\\/#\\\/schema\\\/person\\\/0862ce8cde332e0bc63b8a243f0eea2c\",\"name\":\"administrador\",\"sameAs\":[\"http:\\\/\\\/arnoldoeloy.net\"],\"url\":\"https:\\\/\\\/stage3.rnv.gob.ve\\\/wp\\\/author\\\/administrador\\\/\"}]}<\/script>\n<!-- \/ Yoast SEO plugin. -->","yoast_head_json":{"title":"Caraque\u00f1os queman al Judas antipatria este domingo (+Fotos) - DEV RNV","robots":{"index":"noindex","follow":"follow","max-snippet":"max-snippet:-1","max-image-preview":"max-image-preview:large","max-video-preview":"max-video-preview:-1"},"og_locale":"es_ES","og_type":"article","og_title":"Caraque\u00f1os queman al Judas antipatria este domingo (+Fotos) - DEV RNV","og_description":"Este domingo, habitantes de sectores caraque\u00f1os, como El Valle, Plaza Catia y Casalta, llevan a cabo la tradicional quema de Judas, esta vez personificado en el imperio norteamericano y la derecha ap\u00e1trida, quienes buscan una intervenci\u00f3n extranjera en el pa\u00eds. A trav\u00e9s de su cuenta en Twitter, el ministro del Poder Popular para Comunicaci\u00f3n e [&hellip;]","og_url":"https:\/\/stage3.rnv.gob.ve\/wp\/caraquenos-queman-al-judas-antipatria-este-domingo-fotos\/","og_site_name":"DEV RNV","article_publisher":"https:\/\/www.facebook.com\/RadioNacionaldeVenezuela","article_published_time":"2017-04-16T20:38:32+00:00","author":"administrador","twitter_card":"summary_large_image","twitter_creator":"@RNVinformativa","twitter_site":"@RNVinformativa","twitter_misc":{"Escrito por":"administrador","Tiempo estimado de lectura":"1 minuto"},"schema":{"@context":"https:\/\/schema.org","@graph":[{"@type":"Article","@id":"https:\/\/stage3.rnv.gob.ve\/wp\/caraquenos-queman-al-judas-antipatria-este-domingo-fotos\/#article","isPartOf":{"@id":"https:\/\/stage3.rnv.gob.ve\/wp\/caraquenos-queman-al-judas-antipatria-este-domingo-fotos\/"},"author":{"name":"administrador","@id":"https:\/\/stage3.rnv.gob.ve\/wp\/#\/schema\/person\/0862ce8cde332e0bc63b8a243f0eea2c"},"headline":"Caraque\u00f1os queman al Judas antipatria este domingo (+Fotos)","datePublished":"2017-04-16T20:38:32+00:00","mainEntityOfPage":{"@id":"https:\/\/stage3.rnv.gob.ve\/wp\/caraquenos-queman-al-judas-antipatria-este-domingo-fotos\/"},"wordCount":134,"publisher":{"@id":"https:\/\/stage3.rnv.gob.ve\/wp\/#organization"},"image":{"@id":"https:\/\/stage3.rnv.gob.ve\/wp\/caraquenos-queman-al-judas-antipatria-este-domingo-fotos\/#primaryimage"},"thumbnailUrl":"","keywords":["caraque\u00f1os","judas","Judas antipatria","quema de Judas"],"articleSection":["Ciudad"],"inLanguage":"es"},{"@type":"WebPage","@id":"https:\/\/stage3.rnv.gob.ve\/wp\/caraquenos-queman-al-judas-antipatria-este-domingo-fotos\/","url":"https:\/\/stage3.rnv.gob.ve\/wp\/caraquenos-queman-al-judas-antipatria-este-domingo-fotos\/","name":"Caraque\u00f1os queman al Judas antipatria este domingo (+Fotos) - DEV RNV","isPartOf":{"@id":"https:\/\/stage3.rnv.gob.ve\/wp\/#website"},"primaryImageOfPage":{"@id":"https:\/\/stage3.rnv.gob.ve\/wp\/caraquenos-queman-al-judas-antipatria-este-domingo-fotos\/#primaryimage"},"image":{"@id":"https:\/\/stage3.rnv.gob.ve\/wp\/caraquenos-queman-al-judas-antipatria-este-domingo-fotos\/#primaryimage"},"thumbnailUrl":"","datePublished":"2017-04-16T20:38:32+00:00","breadcrumb":{"@id":"https:\/\/stage3.rnv.gob.ve\/wp\/caraquenos-queman-al-judas-antipatria-este-domingo-fotos\/#breadcrumb"},"inLanguage":"es","potentialAction":[{"@type":"ReadAction","target":["https:\/\/stage3.rnv.gob.ve\/wp\/caraquenos-queman-al-judas-antipatria-este-domingo-fotos\/"]}]},{"@type":"ImageObject","inLanguage":"es","@id":"https:\/\/stage3.rnv.gob.ve\/wp\/caraquenos-queman-al-judas-antipatria-este-domingo-fotos\/#primaryimage","url":"","contentUrl":""},{"@type":"BreadcrumbList","@id":"https:\/\/stage3.rnv.gob.ve\/wp\/caraquenos-queman-al-judas-antipatria-este-domingo-fotos\/#breadcrumb","itemListElement":[{"@type":"ListItem","position":1,"name":"Portada","item":"https:\/\/stage3.rnv.gob.ve\/wp\/"},{"@type":"ListItem","position":2,"name":"Caraque\u00f1os Queman Al Judas Antipatria Este Domingo (+Fotos)"}]},{"@type":"WebSite","@id":"https:\/\/stage3.rnv.gob.ve\/wp\/#website","url":"https:\/\/stage3.rnv.gob.ve\/wp\/","name":"DEV RNV","description":"Radio Nacional de Venezuela C.A.","publisher":{"@id":"https:\/\/stage3.rnv.gob.ve\/wp\/#organization"},"potentialAction":[{"@type":"SearchAction","target":{"@type":"EntryPoint","urlTemplate":"https:\/\/stage3.rnv.gob.ve\/wp\/?s={search_term_string}"},"query-input":{"@type":"PropertyValueSpecification","valueRequired":true,"valueName":"search_term_string"}}],"inLanguage":"es"},{"@type":"Organization","@id":"https:\/\/stage3.rnv.gob.ve\/wp\/#organization","name":"Radio Nacional de Venezuela C.A.","url":"https:\/\/stage3.rnv.gob.ve\/wp\/","logo":{"@type":"ImageObject","inLanguage":"es","@id":"https:\/\/stage3.rnv.gob.ve\/wp\/#\/schema\/logo\/image\/","url":"http:\/\/rnv.ddns.net\/prensa\/wp-content\/uploads\/2022\/04\/rnv-1-300x227-1.jpg","contentUrl":"http:\/\/rnv.ddns.net\/prensa\/wp-content\/uploads\/2022\/04\/rnv-1-300x227-1.jpg","width":800,"height":455,"caption":"Radio Nacional de Venezuela C.A."},"image":{"@id":"https:\/\/stage3.rnv.gob.ve\/wp\/#\/schema\/logo\/image\/"},"sameAs":["https:\/\/www.facebook.com\/RadioNacionaldeVenezuela","https:\/\/x.com\/RNVinformativa","https:\/\/www.instagram.com\/rnvinformativa\/","https:\/\/www.youtube.com\/user\/RNVContigo"]},{"@type":"Person","@id":"https:\/\/stage3.rnv.gob.ve\/wp\/#\/schema\/person\/0862ce8cde332e0bc63b8a243f0eea2c","name":"administrador","sameAs":["http:\/\/arnoldoeloy.net"],"url":"https:\/\/stage3.rnv.gob.ve\/wp\/author\/administrador\/"}]}},"jetpack_featured_media_url":"","_links":{"self":[{"href":"https:\/\/stage3.rnv.gob.ve\/wp\/wp-json\/wp\/v2\/posts\/133792","targetHints":{"allow":["GET"]}}],"collection":[{"href":"https:\/\/stage3.rnv.gob.ve\/wp\/wp-json\/wp\/v2\/posts"}],"about":[{"href":"https:\/\/stage3.rnv.gob.ve\/wp\/wp-json\/wp\/v2\/types\/post"}],"author":[{"embeddable":true,"href":"https:\/\/stage3.rnv.gob.ve\/wp\/wp-json\/wp\/v2\/users\/1"}],"replies":[{"embeddable":true,"href":"https:\/\/stage3.rnv.gob.ve\/wp\/wp-json\/wp\/v2\/comments?post=133792"}],"version-history":[{"count":0,"href":"https:\/\/stage3.rnv.gob.ve\/wp\/wp-json\/wp\/v2\/posts\/133792\/revisions"}],"wp:featuredmedia":[{"embeddable":true,"href":"https:\/\/stage3.rnv.gob.ve\/wp\/wp-json\/"}],"wp:attachment":[{"href":"https:\/\/stage3.rnv.gob.ve\/wp\/wp-json\/wp\/v2\/media?parent=133792"}],"wp:term":[{"taxonomy":"category","embeddable":true,"href":"https:\/\/stage3.rnv.gob.ve\/wp\/wp-json\/wp\/v2\/categories?post=133792"},{"taxonomy":"post_tag","embeddable":true,"href":"https:\/\/stage3.rnv.gob.ve\/wp\/wp-json\/wp\/v2\/tags?post=133792"}],"curies":[{"name":"wp","href":"https:\/\/api.w.org\/{rel}","templated":true}]}}