{"id":133769,"date":"2017-04-16T15:00:19","date_gmt":"2017-04-16T19:30:19","guid":{"rendered":"http:\/\/wpeditor.rnv.gob.ve\/?p=133769"},"modified":"2017-04-16T15:00:19","modified_gmt":"2017-04-16T19:30:19","slug":"ninos-de-mosul-sufren-los-horrores-de-la-guerra-imagenes-fuertes","status":"publish","type":"post","link":"https:\/\/stage3.rnv.gob.ve\/wp\/ninos-de-mosul-sufren-los-horrores-de-la-guerra-imagenes-fuertes\/","title":{"rendered":"Ni\u00f1os de Mosul sufren los horrores de la guerra (+Im\u00e1genes fuertes)"},"content":{"rendered":"\n<p>Un nuevo y acuciante problema azota a los habitantes de algunas regiones de Irak, donde cada vez m\u00e1s ni\u00f1os sufren malnutrici\u00f3n, informa Reuters. La organizaci\u00f3n humanitaria M\u00e9dicos Sin Fronteras abri\u00f3 una nueva instalaci\u00f3n m\u00e9dica en las afueras de Mosul para abordar el n\u00famero creciente de ni\u00f1os de la ciudad que padecen malnutrici\u00f3n, la mayor\u00eda de los cuales tienen menos de seis meses de edad.<\/p>\n<p>La mayor\u00eda de esos ni\u00f1os nacieron cuando las tropas iraqu\u00edes cortaron la \u00faltima ruta de abastecimiento del Estado Isl\u00e1mico que un\u00eda a Mosul con Siria, sitiando a los terroristas en la ciudad pero a la vez provocando una grave escasez de alimentos. \u00abNormalmente las crisis alimenticias son m\u00e1s comunes en \u00c1frica que en pa\u00edses como Irak\u00bb, asegura Rosanna Meneghetti, pediatra de un hospital gestionado por M\u00e9dicos Sin Fronteras en Qayyara, a unos 60 kil\u00f3metros al sur de Mosul. \u00abNo previmos el problema\u00bb, a\u00f1ade.<\/p>\n<p>En este momento el n\u00famero de casos registrados est\u00e1 por debajo del nivel cr\u00edtico, pero no deja de subrayar los sufrimientos que enfrentan los civiles de Mosul que se han convertido en rehenes del EI.<\/p>\n<p>Los peque\u00f1os pacientes tambi\u00e9n reciben tratamiento contra otras enfermedades asociadas con la malnutrici\u00f3n que debilitan su sistema inmunol\u00f3gico y los hacen a\u00fan m\u00e1s vulnerables. \u00ab[La malnutrici\u00f3n] es un fen\u00f3meno nuevo en Irak\u00bb, explica la coordinadora Isabelle Legall. \u00abLa mayor\u00eda de los m\u00e9dicos [iraqu\u00edes] nunca la hab\u00edan observado\u00bb.<\/p>\n<figure id=\"attachment_133775\" aria-describedby=\"caption-attachment-133775\" style=\"width: 300px\" class=\"wp-caption alignleft\"><img fetchpriority=\"high\" decoding=\"async\" class=\"size-medium wp-image-133775\" src=\"http:\/\/wpeditor.rnv.gob.ve\/app\/uploads\/2017\/04\/58f20e57c46188081f8b45f5-300x169.jpg\" alt=\"Foto: Agencias\" width=\"300\" height=\"169\" \/><figcaption id=\"caption-attachment-133775\" class=\"wp-caption-text\">Foto: Agencias<\/figcaption><\/figure>\n<p>Parte del problema, relata Legall, se debe a la falta de tradici\u00f3n de la lactancia materna entre las mujeres iraqu\u00edes, que suelen criar a sus hijos con leche maternizada, un producto que ya no se puede encontrar en Mosul.<\/p>\n<p>La sala pedi\u00e1trica est\u00e1 tan llena que solo cuenta con una cama para cada dos pacientes, y la mayor parte de la sala de mujeres est\u00e1 ocupada por ni\u00f1os que se recuperan de heridas de guerra como miembros rotos, quemaduras e impactos de metralla.<\/p>\n<p>Dua Nawaf, de 8 a\u00f1os, sufri\u00f3 quemaduras en las manos y la cabeza durante un ataque a\u00e9reo de la coalici\u00f3n internacional liderada por EE.UU. el mes pasado. Ese ataque mat\u00f3 a m\u00e1s de 100 personas en el distrito de Jadida de Mosul, dos de ellas los padres de Dua.<\/p>\n<p>Seg\u00fan los datos del Unicef, pese a que unos 250.000 ni\u00f1os han sido desplazados desde que comenz\u00f3 la batalla por liberar Mosul a mediados de octubre pasado, unos 220.000 \u00abse encuentran en riesgo extremo en la ciudad vieja, rodeada por las fuerzas de la coalici\u00f3n y a\u00fan bajo control del Estado Isl\u00e1mico\u00bb.<\/p>\n<p><strong>T\/Prensa RT<\/strong><\/p>\n","protected":false},"excerpt":{"rendered":"<p>Un nuevo y acuciante problema azota a los habitantes de algunas regiones de Irak, donde cada vez m\u00e1s ni\u00f1os sufren malnutrici\u00f3n, informa Reuters. La organizaci\u00f3n humanitaria M\u00e9dicos Sin Fronteras abri\u00f3 una nueva instalaci\u00f3n m\u00e9dica en las afueras de Mosul para abordar el n\u00famero creciente de ni\u00f1os de la ciudad que padecen malnutrici\u00f3n, la mayor\u00eda de [&hellip;]<\/p>\n","protected":false},"author":1,"featured_media":133775,"comment_status":"closed","ping_status":"open","sticky":false,"template":"","format":"standard","meta":{"_acf_changed":false,"footnotes":""},"categories":[61],"tags":[11940,1769,857,13961,13962,1225,13963,13964,1792],"class_list":["post-133769","post","type-post","status-publish","format-standard","has-post-thumbnail","hentry","category-internacional","tag-el","tag-estado-islamico","tag-guerra","tag-malnutricion","tag-mosul","tag-ninos","tag-sufrimiento","tag-sufrimientos","tag-terroristas"],"acf":[],"yoast_head":"<!-- This site is optimized with the Yoast SEO plugin v27.4 - https:\/\/yoast.com\/product\/yoast-seo-wordpress\/ -->\n<title>Ni\u00f1os de Mosul sufren los horrores de la guerra (+Im\u00e1genes fuertes) - DEV RNV<\/title>\n<meta name=\"robots\" content=\"noindex, follow, max-snippet:-1, max-image-preview:large, max-video-preview:-1\" \/>\n<meta property=\"og:locale\" content=\"es_ES\" \/>\n<meta property=\"og:type\" content=\"article\" \/>\n<meta property=\"og:title\" content=\"Ni\u00f1os de Mosul sufren los horrores de la guerra (+Im\u00e1genes fuertes) - DEV RNV\" \/>\n<meta property=\"og:description\" content=\"Un nuevo y acuciante problema azota a los habitantes de algunas regiones de Irak, donde cada vez m\u00e1s ni\u00f1os sufren malnutrici\u00f3n, informa Reuters. La organizaci\u00f3n humanitaria M\u00e9dicos Sin Fronteras abri\u00f3 una nueva instalaci\u00f3n m\u00e9dica en las afueras de Mosul para abordar el n\u00famero creciente de ni\u00f1os de la ciudad que padecen malnutrici\u00f3n, la mayor\u00eda de [&hellip;]\" \/>\n<meta property=\"og:url\" content=\"https:\/\/stage3.rnv.gob.ve\/wp\/ninos-de-mosul-sufren-los-horrores-de-la-guerra-imagenes-fuertes\/\" \/>\n<meta property=\"og:site_name\" content=\"DEV RNV\" \/>\n<meta property=\"article:publisher\" content=\"https:\/\/www.facebook.com\/RadioNacionaldeVenezuela\" \/>\n<meta property=\"article:published_time\" content=\"2017-04-16T19:30:19+00:00\" \/>\n<meta name=\"author\" content=\"administrador\" \/>\n<meta name=\"twitter:card\" content=\"summary_large_image\" \/>\n<meta name=\"twitter:creator\" content=\"@RNVinformativa\" \/>\n<meta name=\"twitter:site\" content=\"@RNVinformativa\" \/>\n<meta name=\"twitter:label1\" content=\"Escrito por\" \/>\n\t<meta name=\"twitter:data1\" content=\"administrador\" \/>\n\t<meta name=\"twitter:label2\" content=\"Tiempo estimado de lectura\" \/>\n\t<meta name=\"twitter:data2\" content=\"2 minutos\" \/>\n<script type=\"application\/ld+json\" class=\"yoast-schema-graph\">{\"@context\":\"https:\\\/\\\/schema.org\",\"@graph\":[{\"@type\":\"Article\",\"@id\":\"https:\\\/\\\/stage3.rnv.gob.ve\\\/wp\\\/ninos-de-mosul-sufren-los-horrores-de-la-guerra-imagenes-fuertes\\\/#article\",\"isPartOf\":{\"@id\":\"https:\\\/\\\/stage3.rnv.gob.ve\\\/wp\\\/ninos-de-mosul-sufren-los-horrores-de-la-guerra-imagenes-fuertes\\\/\"},\"author\":{\"name\":\"administrador\",\"@id\":\"https:\\\/\\\/stage3.rnv.gob.ve\\\/wp\\\/#\\\/schema\\\/person\\\/0862ce8cde332e0bc63b8a243f0eea2c\"},\"headline\":\"Ni\u00f1os de Mosul sufren los horrores de la guerra (+Im\u00e1genes fuertes)\",\"datePublished\":\"2017-04-16T19:30:19+00:00\",\"mainEntityOfPage\":{\"@id\":\"https:\\\/\\\/stage3.rnv.gob.ve\\\/wp\\\/ninos-de-mosul-sufren-los-horrores-de-la-guerra-imagenes-fuertes\\\/\"},\"wordCount\":488,\"publisher\":{\"@id\":\"https:\\\/\\\/stage3.rnv.gob.ve\\\/wp\\\/#organization\"},\"image\":{\"@id\":\"https:\\\/\\\/stage3.rnv.gob.ve\\\/wp\\\/ninos-de-mosul-sufren-los-horrores-de-la-guerra-imagenes-fuertes\\\/#primaryimage\"},\"thumbnailUrl\":\"\",\"keywords\":[\"el\",\"Estado islamico\",\"guerra\",\"malnutrici\u00f3n\",\"Mosul\",\"ni\u00f1os\",\"sufrimiento\",\"sufrimientos\",\"terroristas\"],\"articleSection\":[\"Internacional\"],\"inLanguage\":\"es\"},{\"@type\":\"WebPage\",\"@id\":\"https:\\\/\\\/stage3.rnv.gob.ve\\\/wp\\\/ninos-de-mosul-sufren-los-horrores-de-la-guerra-imagenes-fuertes\\\/\",\"url\":\"https:\\\/\\\/stage3.rnv.gob.ve\\\/wp\\\/ninos-de-mosul-sufren-los-horrores-de-la-guerra-imagenes-fuertes\\\/\",\"name\":\"Ni\u00f1os de Mosul sufren los horrores de la guerra (+Im\u00e1genes fuertes) - DEV RNV\",\"isPartOf\":{\"@id\":\"https:\\\/\\\/stage3.rnv.gob.ve\\\/wp\\\/#website\"},\"primaryImageOfPage\":{\"@id\":\"https:\\\/\\\/stage3.rnv.gob.ve\\\/wp\\\/ninos-de-mosul-sufren-los-horrores-de-la-guerra-imagenes-fuertes\\\/#primaryimage\"},\"image\":{\"@id\":\"https:\\\/\\\/stage3.rnv.gob.ve\\\/wp\\\/ninos-de-mosul-sufren-los-horrores-de-la-guerra-imagenes-fuertes\\\/#primaryimage\"},\"thumbnailUrl\":\"\",\"datePublished\":\"2017-04-16T19:30:19+00:00\",\"breadcrumb\":{\"@id\":\"https:\\\/\\\/stage3.rnv.gob.ve\\\/wp\\\/ninos-de-mosul-sufren-los-horrores-de-la-guerra-imagenes-fuertes\\\/#breadcrumb\"},\"inLanguage\":\"es\",\"potentialAction\":[{\"@type\":\"ReadAction\",\"target\":[\"https:\\\/\\\/stage3.rnv.gob.ve\\\/wp\\\/ninos-de-mosul-sufren-los-horrores-de-la-guerra-imagenes-fuertes\\\/\"]}]},{\"@type\":\"ImageObject\",\"inLanguage\":\"es\",\"@id\":\"https:\\\/\\\/stage3.rnv.gob.ve\\\/wp\\\/ninos-de-mosul-sufren-los-horrores-de-la-guerra-imagenes-fuertes\\\/#primaryimage\",\"url\":\"\",\"contentUrl\":\"\"},{\"@type\":\"BreadcrumbList\",\"@id\":\"https:\\\/\\\/stage3.rnv.gob.ve\\\/wp\\\/ninos-de-mosul-sufren-los-horrores-de-la-guerra-imagenes-fuertes\\\/#breadcrumb\",\"itemListElement\":[{\"@type\":\"ListItem\",\"position\":1,\"name\":\"Portada\",\"item\":\"https:\\\/\\\/stage3.rnv.gob.ve\\\/wp\\\/\"},{\"@type\":\"ListItem\",\"position\":2,\"name\":\"Ni\u00f1os De Mosul Sufren Los Horrores De La Guerra (+Im\u00e1genes Fuertes)\"}]},{\"@type\":\"WebSite\",\"@id\":\"https:\\\/\\\/stage3.rnv.gob.ve\\\/wp\\\/#website\",\"url\":\"https:\\\/\\\/stage3.rnv.gob.ve\\\/wp\\\/\",\"name\":\"DEV RNV\",\"description\":\"Radio Nacional de Venezuela C.A.\",\"publisher\":{\"@id\":\"https:\\\/\\\/stage3.rnv.gob.ve\\\/wp\\\/#organization\"},\"potentialAction\":[{\"@type\":\"SearchAction\",\"target\":{\"@type\":\"EntryPoint\",\"urlTemplate\":\"https:\\\/\\\/stage3.rnv.gob.ve\\\/wp\\\/?s={search_term_string}\"},\"query-input\":{\"@type\":\"PropertyValueSpecification\",\"valueRequired\":true,\"valueName\":\"search_term_string\"}}],\"inLanguage\":\"es\"},{\"@type\":\"Organization\",\"@id\":\"https:\\\/\\\/stage3.rnv.gob.ve\\\/wp\\\/#organization\",\"name\":\"Radio Nacional de Venezuela C.A.\",\"url\":\"https:\\\/\\\/stage3.rnv.gob.ve\\\/wp\\\/\",\"logo\":{\"@type\":\"ImageObject\",\"inLanguage\":\"es\",\"@id\":\"https:\\\/\\\/stage3.rnv.gob.ve\\\/wp\\\/#\\\/schema\\\/logo\\\/image\\\/\",\"url\":\"http:\\\/\\\/rnv.ddns.net\\\/prensa\\\/wp-content\\\/uploads\\\/2022\\\/04\\\/rnv-1-300x227-1.jpg\",\"contentUrl\":\"http:\\\/\\\/rnv.ddns.net\\\/prensa\\\/wp-content\\\/uploads\\\/2022\\\/04\\\/rnv-1-300x227-1.jpg\",\"width\":800,\"height\":455,\"caption\":\"Radio Nacional de Venezuela C.A.\"},\"image\":{\"@id\":\"https:\\\/\\\/stage3.rnv.gob.ve\\\/wp\\\/#\\\/schema\\\/logo\\\/image\\\/\"},\"sameAs\":[\"https:\\\/\\\/www.facebook.com\\\/RadioNacionaldeVenezuela\",\"https:\\\/\\\/x.com\\\/RNVinformativa\",\"https:\\\/\\\/www.instagram.com\\\/rnvinformativa\\\/\",\"https:\\\/\\\/www.youtube.com\\\/user\\\/RNVContigo\"]},{\"@type\":\"Person\",\"@id\":\"https:\\\/\\\/stage3.rnv.gob.ve\\\/wp\\\/#\\\/schema\\\/person\\\/0862ce8cde332e0bc63b8a243f0eea2c\",\"name\":\"administrador\",\"sameAs\":[\"http:\\\/\\\/arnoldoeloy.net\"],\"url\":\"https:\\\/\\\/stage3.rnv.gob.ve\\\/wp\\\/author\\\/administrador\\\/\"}]}<\/script>\n<!-- \/ Yoast SEO plugin. -->","yoast_head_json":{"title":"Ni\u00f1os de Mosul sufren los horrores de la guerra (+Im\u00e1genes fuertes) - DEV RNV","robots":{"index":"noindex","follow":"follow","max-snippet":"max-snippet:-1","max-image-preview":"max-image-preview:large","max-video-preview":"max-video-preview:-1"},"og_locale":"es_ES","og_type":"article","og_title":"Ni\u00f1os de Mosul sufren los horrores de la guerra (+Im\u00e1genes fuertes) - DEV RNV","og_description":"Un nuevo y acuciante problema azota a los habitantes de algunas regiones de Irak, donde cada vez m\u00e1s ni\u00f1os sufren malnutrici\u00f3n, informa Reuters. La organizaci\u00f3n humanitaria M\u00e9dicos Sin Fronteras abri\u00f3 una nueva instalaci\u00f3n m\u00e9dica en las afueras de Mosul para abordar el n\u00famero creciente de ni\u00f1os de la ciudad que padecen malnutrici\u00f3n, la mayor\u00eda de [&hellip;]","og_url":"https:\/\/stage3.rnv.gob.ve\/wp\/ninos-de-mosul-sufren-los-horrores-de-la-guerra-imagenes-fuertes\/","og_site_name":"DEV RNV","article_publisher":"https:\/\/www.facebook.com\/RadioNacionaldeVenezuela","article_published_time":"2017-04-16T19:30:19+00:00","author":"administrador","twitter_card":"summary_large_image","twitter_creator":"@RNVinformativa","twitter_site":"@RNVinformativa","twitter_misc":{"Escrito por":"administrador","Tiempo estimado de lectura":"2 minutos"},"schema":{"@context":"https:\/\/schema.org","@graph":[{"@type":"Article","@id":"https:\/\/stage3.rnv.gob.ve\/wp\/ninos-de-mosul-sufren-los-horrores-de-la-guerra-imagenes-fuertes\/#article","isPartOf":{"@id":"https:\/\/stage3.rnv.gob.ve\/wp\/ninos-de-mosul-sufren-los-horrores-de-la-guerra-imagenes-fuertes\/"},"author":{"name":"administrador","@id":"https:\/\/stage3.rnv.gob.ve\/wp\/#\/schema\/person\/0862ce8cde332e0bc63b8a243f0eea2c"},"headline":"Ni\u00f1os de Mosul sufren los horrores de la guerra (+Im\u00e1genes fuertes)","datePublished":"2017-04-16T19:30:19+00:00","mainEntityOfPage":{"@id":"https:\/\/stage3.rnv.gob.ve\/wp\/ninos-de-mosul-sufren-los-horrores-de-la-guerra-imagenes-fuertes\/"},"wordCount":488,"publisher":{"@id":"https:\/\/stage3.rnv.gob.ve\/wp\/#organization"},"image":{"@id":"https:\/\/stage3.rnv.gob.ve\/wp\/ninos-de-mosul-sufren-los-horrores-de-la-guerra-imagenes-fuertes\/#primaryimage"},"thumbnailUrl":"","keywords":["el","Estado islamico","guerra","malnutrici\u00f3n","Mosul","ni\u00f1os","sufrimiento","sufrimientos","terroristas"],"articleSection":["Internacional"],"inLanguage":"es"},{"@type":"WebPage","@id":"https:\/\/stage3.rnv.gob.ve\/wp\/ninos-de-mosul-sufren-los-horrores-de-la-guerra-imagenes-fuertes\/","url":"https:\/\/stage3.rnv.gob.ve\/wp\/ninos-de-mosul-sufren-los-horrores-de-la-guerra-imagenes-fuertes\/","name":"Ni\u00f1os de Mosul sufren los horrores de la guerra (+Im\u00e1genes fuertes) - DEV RNV","isPartOf":{"@id":"https:\/\/stage3.rnv.gob.ve\/wp\/#website"},"primaryImageOfPage":{"@id":"https:\/\/stage3.rnv.gob.ve\/wp\/ninos-de-mosul-sufren-los-horrores-de-la-guerra-imagenes-fuertes\/#primaryimage"},"image":{"@id":"https:\/\/stage3.rnv.gob.ve\/wp\/ninos-de-mosul-sufren-los-horrores-de-la-guerra-imagenes-fuertes\/#primaryimage"},"thumbnailUrl":"","datePublished":"2017-04-16T19:30:19+00:00","breadcrumb":{"@id":"https:\/\/stage3.rnv.gob.ve\/wp\/ninos-de-mosul-sufren-los-horrores-de-la-guerra-imagenes-fuertes\/#breadcrumb"},"inLanguage":"es","potentialAction":[{"@type":"ReadAction","target":["https:\/\/stage3.rnv.gob.ve\/wp\/ninos-de-mosul-sufren-los-horrores-de-la-guerra-imagenes-fuertes\/"]}]},{"@type":"ImageObject","inLanguage":"es","@id":"https:\/\/stage3.rnv.gob.ve\/wp\/ninos-de-mosul-sufren-los-horrores-de-la-guerra-imagenes-fuertes\/#primaryimage","url":"","contentUrl":""},{"@type":"BreadcrumbList","@id":"https:\/\/stage3.rnv.gob.ve\/wp\/ninos-de-mosul-sufren-los-horrores-de-la-guerra-imagenes-fuertes\/#breadcrumb","itemListElement":[{"@type":"ListItem","position":1,"name":"Portada","item":"https:\/\/stage3.rnv.gob.ve\/wp\/"},{"@type":"ListItem","position":2,"name":"Ni\u00f1os De Mosul Sufren Los Horrores De La Guerra (+Im\u00e1genes Fuertes)"}]},{"@type":"WebSite","@id":"https:\/\/stage3.rnv.gob.ve\/wp\/#website","url":"https:\/\/stage3.rnv.gob.ve\/wp\/","name":"DEV RNV","description":"Radio Nacional de Venezuela C.A.","publisher":{"@id":"https:\/\/stage3.rnv.gob.ve\/wp\/#organization"},"potentialAction":[{"@type":"SearchAction","target":{"@type":"EntryPoint","urlTemplate":"https:\/\/stage3.rnv.gob.ve\/wp\/?s={search_term_string}"},"query-input":{"@type":"PropertyValueSpecification","valueRequired":true,"valueName":"search_term_string"}}],"inLanguage":"es"},{"@type":"Organization","@id":"https:\/\/stage3.rnv.gob.ve\/wp\/#organization","name":"Radio Nacional de Venezuela C.A.","url":"https:\/\/stage3.rnv.gob.ve\/wp\/","logo":{"@type":"ImageObject","inLanguage":"es","@id":"https:\/\/stage3.rnv.gob.ve\/wp\/#\/schema\/logo\/image\/","url":"http:\/\/rnv.ddns.net\/prensa\/wp-content\/uploads\/2022\/04\/rnv-1-300x227-1.jpg","contentUrl":"http:\/\/rnv.ddns.net\/prensa\/wp-content\/uploads\/2022\/04\/rnv-1-300x227-1.jpg","width":800,"height":455,"caption":"Radio Nacional de Venezuela C.A."},"image":{"@id":"https:\/\/stage3.rnv.gob.ve\/wp\/#\/schema\/logo\/image\/"},"sameAs":["https:\/\/www.facebook.com\/RadioNacionaldeVenezuela","https:\/\/x.com\/RNVinformativa","https:\/\/www.instagram.com\/rnvinformativa\/","https:\/\/www.youtube.com\/user\/RNVContigo"]},{"@type":"Person","@id":"https:\/\/stage3.rnv.gob.ve\/wp\/#\/schema\/person\/0862ce8cde332e0bc63b8a243f0eea2c","name":"administrador","sameAs":["http:\/\/arnoldoeloy.net"],"url":"https:\/\/stage3.rnv.gob.ve\/wp\/author\/administrador\/"}]}},"jetpack_featured_media_url":"","_links":{"self":[{"href":"https:\/\/stage3.rnv.gob.ve\/wp\/wp-json\/wp\/v2\/posts\/133769","targetHints":{"allow":["GET"]}}],"collection":[{"href":"https:\/\/stage3.rnv.gob.ve\/wp\/wp-json\/wp\/v2\/posts"}],"about":[{"href":"https:\/\/stage3.rnv.gob.ve\/wp\/wp-json\/wp\/v2\/types\/post"}],"author":[{"embeddable":true,"href":"https:\/\/stage3.rnv.gob.ve\/wp\/wp-json\/wp\/v2\/users\/1"}],"replies":[{"embeddable":true,"href":"https:\/\/stage3.rnv.gob.ve\/wp\/wp-json\/wp\/v2\/comments?post=133769"}],"version-history":[{"count":0,"href":"https:\/\/stage3.rnv.gob.ve\/wp\/wp-json\/wp\/v2\/posts\/133769\/revisions"}],"wp:featuredmedia":[{"embeddable":true,"href":"https:\/\/stage3.rnv.gob.ve\/wp\/wp-json\/"}],"wp:attachment":[{"href":"https:\/\/stage3.rnv.gob.ve\/wp\/wp-json\/wp\/v2\/media?parent=133769"}],"wp:term":[{"taxonomy":"category","embeddable":true,"href":"https:\/\/stage3.rnv.gob.ve\/wp\/wp-json\/wp\/v2\/categories?post=133769"},{"taxonomy":"post_tag","embeddable":true,"href":"https:\/\/stage3.rnv.gob.ve\/wp\/wp-json\/wp\/v2\/tags?post=133769"}],"curies":[{"name":"wp","href":"https:\/\/api.w.org\/{rel}","templated":true}]}}