{"id":133450,"date":"2017-04-14T14:51:54","date_gmt":"2017-04-14T19:21:54","guid":{"rendered":"http:\/\/wpeditor.rnv.gob.ve\/?p=133450"},"modified":"2017-04-14T14:51:54","modified_gmt":"2017-04-14T19:21:54","slug":"enterate-movimiento-por-la-paz-y-la-vida-creara-parques-biosaludables","status":"publish","type":"post","link":"https:\/\/stage3.rnv.gob.ve\/wp\/enterate-movimiento-por-la-paz-y-la-vida-creara-parques-biosaludables\/","title":{"rendered":"\u00a1Ent\u00e9rate! Movimiento por la Paz y la Vida crear\u00e1 Parques Biosaludables"},"content":{"rendered":"<p><img fetchpriority=\"high\" decoding=\"async\" class=\" wp-image-133452 alignleft\" src=\"http:\/\/wpeditor.rnv.gob.ve\/app\/uploads\/2017\/04\/C9ZVp4aWAAAkOlE-300x225.jpg\" alt=\"C9ZVp4aWAAAkOlE\" width=\"340\" height=\"255\" \/>Desde Chirimena en Barlovento, estado Miranda, el secretario Ejecutivo por el Movimiento por la Paz y la Vida, Alexander \u00abMimou\u00bb Vargas, anunci\u00f3 la creaci\u00f3n de Parques Biosaludables.<\/p>\n<p>\u00abSon unos parques que est\u00e1 haciendo el Movimiento por la Paz y la Vida, a trav\u00e9s de su empresa de producci\u00f3n social\u00bb, detall\u00f3 Vargas.<\/p>\n<p>Estos espacios ser\u00e1n ubicados en los sectores populares. \u00abEn las 644 parroquias, 79 municipios y en todos los cuadrantes a nivel nacional. Queremos que estos parques lleguen para que nuestra gente haga deporte dignamente y gratuitamente\u00bb, afirm\u00f3.<\/p>\n<p>Se\u00f1al\u00f3 que los j\u00f3venes del Movimiento por la Paz y la Vida est\u00e1n elaborando mesas para hacer abdominales, fortalecer brazos, antebrazos, piernas, as\u00ed como tableros.<\/p>\n<p><strong>Escuche al secretario Ejecutivo por el Movimiento por la Paz y la Vida, Alexander \u00abMimou\u00bb Vargas<br \/>\n<\/strong><\/p>\n<audio class=\"wp-audio-shortcode\" id=\"audio-133450-1\" preload=\"none\" style=\"width: 100%;\" controls=\"controls\"><source type=\"audio\/mpeg\" src=\"http:\/\/wpeditor.rnv.gob.ve\/app\/uploads\/2017\/04\/a-toda-vida-3.mp3?_=1\" \/><a href=\"http:\/\/wpeditor.rnv.gob.ve\/app\/uploads\/2017\/04\/a-toda-vida-3.mp3\">http:\/\/wpeditor.rnv.gob.ve\/app\/uploads\/2017\/04\/a-toda-vida-3.mp3<\/a><\/audio>\n<p><strong>T\/RNV Web\/DR<\/strong><\/p>\n<p>&nbsp;<\/p>\n","protected":false},"excerpt":{"rendered":"<p>Desde Chirimena en Barlovento, estado Miranda, el secretario Ejecutivo por el Movimiento por la Paz y la Vida, Alexander \u00abMimou\u00bb Vargas, anunci\u00f3 la creaci\u00f3n de Parques Biosaludables. \u00abSon unos parques que est\u00e1 haciendo el Movimiento por la Paz y la Vida, a trav\u00e9s de su empresa de producci\u00f3n social\u00bb, detall\u00f3 Vargas. Estos espacios ser\u00e1n ubicados [&hellip;]<\/p>\n","protected":false},"author":1,"featured_media":133452,"comment_status":"closed","ping_status":"open","sticky":false,"template":"","format":"standard","meta":{"_acf_changed":false,"footnotes":""},"categories":[65],"tags":[12370,13924],"class_list":["post-133450","post","type-post","status-publish","format-standard","has-post-thumbnail","hentry","category-nacional","tag-movimiento-por-la-paz-y-la-vida","tag-parques-biosaludables"],"acf":[],"yoast_head":"<!-- This site is optimized with the Yoast SEO plugin v27.4 - https:\/\/yoast.com\/product\/yoast-seo-wordpress\/ -->\n<title>\u00a1Ent\u00e9rate! Movimiento por la Paz y la Vida crear\u00e1 Parques Biosaludables - DEV RNV<\/title>\n<meta name=\"robots\" content=\"noindex, follow, max-snippet:-1, max-image-preview:large, max-video-preview:-1\" \/>\n<meta property=\"og:locale\" content=\"es_ES\" \/>\n<meta property=\"og:type\" content=\"article\" \/>\n<meta property=\"og:title\" content=\"\u00a1Ent\u00e9rate! Movimiento por la Paz y la Vida crear\u00e1 Parques Biosaludables - DEV RNV\" \/>\n<meta property=\"og:description\" content=\"Desde Chirimena en Barlovento, estado Miranda, el secretario Ejecutivo por el Movimiento por la Paz y la Vida, Alexander \u00abMimou\u00bb Vargas, anunci\u00f3 la creaci\u00f3n de Parques Biosaludables. \u00abSon unos parques que est\u00e1 haciendo el Movimiento por la Paz y la Vida, a trav\u00e9s de su empresa de producci\u00f3n social\u00bb, detall\u00f3 Vargas. Estos espacios ser\u00e1n ubicados [&hellip;]\" \/>\n<meta property=\"og:url\" content=\"https:\/\/stage3.rnv.gob.ve\/wp\/enterate-movimiento-por-la-paz-y-la-vida-creara-parques-biosaludables\/\" \/>\n<meta property=\"og:site_name\" content=\"DEV RNV\" \/>\n<meta property=\"article:publisher\" content=\"https:\/\/www.facebook.com\/RadioNacionaldeVenezuela\" \/>\n<meta property=\"article:published_time\" content=\"2017-04-14T19:21:54+00:00\" \/>\n<meta name=\"author\" content=\"administrador\" \/>\n<meta name=\"twitter:card\" content=\"summary_large_image\" \/>\n<meta name=\"twitter:creator\" content=\"@RNVinformativa\" \/>\n<meta name=\"twitter:site\" content=\"@RNVinformativa\" \/>\n<meta name=\"twitter:label1\" content=\"Escrito por\" \/>\n\t<meta name=\"twitter:data1\" content=\"administrador\" \/>\n\t<meta name=\"twitter:label2\" content=\"Tiempo estimado de lectura\" \/>\n\t<meta name=\"twitter:data2\" content=\"1 minuto\" \/>\n<script type=\"application\/ld+json\" class=\"yoast-schema-graph\">{\"@context\":\"https:\\\/\\\/schema.org\",\"@graph\":[{\"@type\":\"Article\",\"@id\":\"https:\\\/\\\/stage3.rnv.gob.ve\\\/wp\\\/enterate-movimiento-por-la-paz-y-la-vida-creara-parques-biosaludables\\\/#article\",\"isPartOf\":{\"@id\":\"https:\\\/\\\/stage3.rnv.gob.ve\\\/wp\\\/enterate-movimiento-por-la-paz-y-la-vida-creara-parques-biosaludables\\\/\"},\"author\":{\"name\":\"administrador\",\"@id\":\"https:\\\/\\\/stage3.rnv.gob.ve\\\/wp\\\/#\\\/schema\\\/person\\\/0862ce8cde332e0bc63b8a243f0eea2c\"},\"headline\":\"\u00a1Ent\u00e9rate! Movimiento por la Paz y la Vida crear\u00e1 Parques Biosaludables\",\"datePublished\":\"2017-04-14T19:21:54+00:00\",\"mainEntityOfPage\":{\"@id\":\"https:\\\/\\\/stage3.rnv.gob.ve\\\/wp\\\/enterate-movimiento-por-la-paz-y-la-vida-creara-parques-biosaludables\\\/\"},\"wordCount\":163,\"publisher\":{\"@id\":\"https:\\\/\\\/stage3.rnv.gob.ve\\\/wp\\\/#organization\"},\"image\":{\"@id\":\"https:\\\/\\\/stage3.rnv.gob.ve\\\/wp\\\/enterate-movimiento-por-la-paz-y-la-vida-creara-parques-biosaludables\\\/#primaryimage\"},\"thumbnailUrl\":\"\",\"keywords\":[\"Movimiento por la Paz y la Vida\",\"Parques Biosaludables\"],\"articleSection\":[\"Nacional\"],\"inLanguage\":\"es\"},{\"@type\":\"WebPage\",\"@id\":\"https:\\\/\\\/stage3.rnv.gob.ve\\\/wp\\\/enterate-movimiento-por-la-paz-y-la-vida-creara-parques-biosaludables\\\/\",\"url\":\"https:\\\/\\\/stage3.rnv.gob.ve\\\/wp\\\/enterate-movimiento-por-la-paz-y-la-vida-creara-parques-biosaludables\\\/\",\"name\":\"\u00a1Ent\u00e9rate! Movimiento por la Paz y la Vida crear\u00e1 Parques Biosaludables - DEV RNV\",\"isPartOf\":{\"@id\":\"https:\\\/\\\/stage3.rnv.gob.ve\\\/wp\\\/#website\"},\"primaryImageOfPage\":{\"@id\":\"https:\\\/\\\/stage3.rnv.gob.ve\\\/wp\\\/enterate-movimiento-por-la-paz-y-la-vida-creara-parques-biosaludables\\\/#primaryimage\"},\"image\":{\"@id\":\"https:\\\/\\\/stage3.rnv.gob.ve\\\/wp\\\/enterate-movimiento-por-la-paz-y-la-vida-creara-parques-biosaludables\\\/#primaryimage\"},\"thumbnailUrl\":\"\",\"datePublished\":\"2017-04-14T19:21:54+00:00\",\"breadcrumb\":{\"@id\":\"https:\\\/\\\/stage3.rnv.gob.ve\\\/wp\\\/enterate-movimiento-por-la-paz-y-la-vida-creara-parques-biosaludables\\\/#breadcrumb\"},\"inLanguage\":\"es\",\"potentialAction\":[{\"@type\":\"ReadAction\",\"target\":[\"https:\\\/\\\/stage3.rnv.gob.ve\\\/wp\\\/enterate-movimiento-por-la-paz-y-la-vida-creara-parques-biosaludables\\\/\"]}]},{\"@type\":\"ImageObject\",\"inLanguage\":\"es\",\"@id\":\"https:\\\/\\\/stage3.rnv.gob.ve\\\/wp\\\/enterate-movimiento-por-la-paz-y-la-vida-creara-parques-biosaludables\\\/#primaryimage\",\"url\":\"\",\"contentUrl\":\"\"},{\"@type\":\"BreadcrumbList\",\"@id\":\"https:\\\/\\\/stage3.rnv.gob.ve\\\/wp\\\/enterate-movimiento-por-la-paz-y-la-vida-creara-parques-biosaludables\\\/#breadcrumb\",\"itemListElement\":[{\"@type\":\"ListItem\",\"position\":1,\"name\":\"Portada\",\"item\":\"https:\\\/\\\/stage3.rnv.gob.ve\\\/wp\\\/\"},{\"@type\":\"ListItem\",\"position\":2,\"name\":\"\u00a1Ent\u00e9rate! Movimiento Por La Paz Y La Vida Crear\u00e1 Parques Biosaludables\"}]},{\"@type\":\"WebSite\",\"@id\":\"https:\\\/\\\/stage3.rnv.gob.ve\\\/wp\\\/#website\",\"url\":\"https:\\\/\\\/stage3.rnv.gob.ve\\\/wp\\\/\",\"name\":\"DEV RNV\",\"description\":\"Radio Nacional de Venezuela C.A.\",\"publisher\":{\"@id\":\"https:\\\/\\\/stage3.rnv.gob.ve\\\/wp\\\/#organization\"},\"potentialAction\":[{\"@type\":\"SearchAction\",\"target\":{\"@type\":\"EntryPoint\",\"urlTemplate\":\"https:\\\/\\\/stage3.rnv.gob.ve\\\/wp\\\/?s={search_term_string}\"},\"query-input\":{\"@type\":\"PropertyValueSpecification\",\"valueRequired\":true,\"valueName\":\"search_term_string\"}}],\"inLanguage\":\"es\"},{\"@type\":\"Organization\",\"@id\":\"https:\\\/\\\/stage3.rnv.gob.ve\\\/wp\\\/#organization\",\"name\":\"Radio Nacional de Venezuela C.A.\",\"url\":\"https:\\\/\\\/stage3.rnv.gob.ve\\\/wp\\\/\",\"logo\":{\"@type\":\"ImageObject\",\"inLanguage\":\"es\",\"@id\":\"https:\\\/\\\/stage3.rnv.gob.ve\\\/wp\\\/#\\\/schema\\\/logo\\\/image\\\/\",\"url\":\"http:\\\/\\\/rnv.ddns.net\\\/prensa\\\/wp-content\\\/uploads\\\/2022\\\/04\\\/rnv-1-300x227-1.jpg\",\"contentUrl\":\"http:\\\/\\\/rnv.ddns.net\\\/prensa\\\/wp-content\\\/uploads\\\/2022\\\/04\\\/rnv-1-300x227-1.jpg\",\"width\":800,\"height\":455,\"caption\":\"Radio Nacional de Venezuela C.A.\"},\"image\":{\"@id\":\"https:\\\/\\\/stage3.rnv.gob.ve\\\/wp\\\/#\\\/schema\\\/logo\\\/image\\\/\"},\"sameAs\":[\"https:\\\/\\\/www.facebook.com\\\/RadioNacionaldeVenezuela\",\"https:\\\/\\\/x.com\\\/RNVinformativa\",\"https:\\\/\\\/www.instagram.com\\\/rnvinformativa\\\/\",\"https:\\\/\\\/www.youtube.com\\\/user\\\/RNVContigo\"]},{\"@type\":\"Person\",\"@id\":\"https:\\\/\\\/stage3.rnv.gob.ve\\\/wp\\\/#\\\/schema\\\/person\\\/0862ce8cde332e0bc63b8a243f0eea2c\",\"name\":\"administrador\",\"sameAs\":[\"http:\\\/\\\/arnoldoeloy.net\"],\"url\":\"https:\\\/\\\/stage3.rnv.gob.ve\\\/wp\\\/author\\\/administrador\\\/\"}]}<\/script>\n<!-- \/ Yoast SEO plugin. -->","yoast_head_json":{"title":"\u00a1Ent\u00e9rate! Movimiento por la Paz y la Vida crear\u00e1 Parques Biosaludables - DEV RNV","robots":{"index":"noindex","follow":"follow","max-snippet":"max-snippet:-1","max-image-preview":"max-image-preview:large","max-video-preview":"max-video-preview:-1"},"og_locale":"es_ES","og_type":"article","og_title":"\u00a1Ent\u00e9rate! Movimiento por la Paz y la Vida crear\u00e1 Parques Biosaludables - DEV RNV","og_description":"Desde Chirimena en Barlovento, estado Miranda, el secretario Ejecutivo por el Movimiento por la Paz y la Vida, Alexander \u00abMimou\u00bb Vargas, anunci\u00f3 la creaci\u00f3n de Parques Biosaludables. \u00abSon unos parques que est\u00e1 haciendo el Movimiento por la Paz y la Vida, a trav\u00e9s de su empresa de producci\u00f3n social\u00bb, detall\u00f3 Vargas. Estos espacios ser\u00e1n ubicados [&hellip;]","og_url":"https:\/\/stage3.rnv.gob.ve\/wp\/enterate-movimiento-por-la-paz-y-la-vida-creara-parques-biosaludables\/","og_site_name":"DEV RNV","article_publisher":"https:\/\/www.facebook.com\/RadioNacionaldeVenezuela","article_published_time":"2017-04-14T19:21:54+00:00","author":"administrador","twitter_card":"summary_large_image","twitter_creator":"@RNVinformativa","twitter_site":"@RNVinformativa","twitter_misc":{"Escrito por":"administrador","Tiempo estimado de lectura":"1 minuto"},"schema":{"@context":"https:\/\/schema.org","@graph":[{"@type":"Article","@id":"https:\/\/stage3.rnv.gob.ve\/wp\/enterate-movimiento-por-la-paz-y-la-vida-creara-parques-biosaludables\/#article","isPartOf":{"@id":"https:\/\/stage3.rnv.gob.ve\/wp\/enterate-movimiento-por-la-paz-y-la-vida-creara-parques-biosaludables\/"},"author":{"name":"administrador","@id":"https:\/\/stage3.rnv.gob.ve\/wp\/#\/schema\/person\/0862ce8cde332e0bc63b8a243f0eea2c"},"headline":"\u00a1Ent\u00e9rate! Movimiento por la Paz y la Vida crear\u00e1 Parques Biosaludables","datePublished":"2017-04-14T19:21:54+00:00","mainEntityOfPage":{"@id":"https:\/\/stage3.rnv.gob.ve\/wp\/enterate-movimiento-por-la-paz-y-la-vida-creara-parques-biosaludables\/"},"wordCount":163,"publisher":{"@id":"https:\/\/stage3.rnv.gob.ve\/wp\/#organization"},"image":{"@id":"https:\/\/stage3.rnv.gob.ve\/wp\/enterate-movimiento-por-la-paz-y-la-vida-creara-parques-biosaludables\/#primaryimage"},"thumbnailUrl":"","keywords":["Movimiento por la Paz y la Vida","Parques Biosaludables"],"articleSection":["Nacional"],"inLanguage":"es"},{"@type":"WebPage","@id":"https:\/\/stage3.rnv.gob.ve\/wp\/enterate-movimiento-por-la-paz-y-la-vida-creara-parques-biosaludables\/","url":"https:\/\/stage3.rnv.gob.ve\/wp\/enterate-movimiento-por-la-paz-y-la-vida-creara-parques-biosaludables\/","name":"\u00a1Ent\u00e9rate! Movimiento por la Paz y la Vida crear\u00e1 Parques Biosaludables - DEV RNV","isPartOf":{"@id":"https:\/\/stage3.rnv.gob.ve\/wp\/#website"},"primaryImageOfPage":{"@id":"https:\/\/stage3.rnv.gob.ve\/wp\/enterate-movimiento-por-la-paz-y-la-vida-creara-parques-biosaludables\/#primaryimage"},"image":{"@id":"https:\/\/stage3.rnv.gob.ve\/wp\/enterate-movimiento-por-la-paz-y-la-vida-creara-parques-biosaludables\/#primaryimage"},"thumbnailUrl":"","datePublished":"2017-04-14T19:21:54+00:00","breadcrumb":{"@id":"https:\/\/stage3.rnv.gob.ve\/wp\/enterate-movimiento-por-la-paz-y-la-vida-creara-parques-biosaludables\/#breadcrumb"},"inLanguage":"es","potentialAction":[{"@type":"ReadAction","target":["https:\/\/stage3.rnv.gob.ve\/wp\/enterate-movimiento-por-la-paz-y-la-vida-creara-parques-biosaludables\/"]}]},{"@type":"ImageObject","inLanguage":"es","@id":"https:\/\/stage3.rnv.gob.ve\/wp\/enterate-movimiento-por-la-paz-y-la-vida-creara-parques-biosaludables\/#primaryimage","url":"","contentUrl":""},{"@type":"BreadcrumbList","@id":"https:\/\/stage3.rnv.gob.ve\/wp\/enterate-movimiento-por-la-paz-y-la-vida-creara-parques-biosaludables\/#breadcrumb","itemListElement":[{"@type":"ListItem","position":1,"name":"Portada","item":"https:\/\/stage3.rnv.gob.ve\/wp\/"},{"@type":"ListItem","position":2,"name":"\u00a1Ent\u00e9rate! Movimiento Por La Paz Y La Vida Crear\u00e1 Parques Biosaludables"}]},{"@type":"WebSite","@id":"https:\/\/stage3.rnv.gob.ve\/wp\/#website","url":"https:\/\/stage3.rnv.gob.ve\/wp\/","name":"DEV RNV","description":"Radio Nacional de Venezuela C.A.","publisher":{"@id":"https:\/\/stage3.rnv.gob.ve\/wp\/#organization"},"potentialAction":[{"@type":"SearchAction","target":{"@type":"EntryPoint","urlTemplate":"https:\/\/stage3.rnv.gob.ve\/wp\/?s={search_term_string}"},"query-input":{"@type":"PropertyValueSpecification","valueRequired":true,"valueName":"search_term_string"}}],"inLanguage":"es"},{"@type":"Organization","@id":"https:\/\/stage3.rnv.gob.ve\/wp\/#organization","name":"Radio Nacional de Venezuela C.A.","url":"https:\/\/stage3.rnv.gob.ve\/wp\/","logo":{"@type":"ImageObject","inLanguage":"es","@id":"https:\/\/stage3.rnv.gob.ve\/wp\/#\/schema\/logo\/image\/","url":"http:\/\/rnv.ddns.net\/prensa\/wp-content\/uploads\/2022\/04\/rnv-1-300x227-1.jpg","contentUrl":"http:\/\/rnv.ddns.net\/prensa\/wp-content\/uploads\/2022\/04\/rnv-1-300x227-1.jpg","width":800,"height":455,"caption":"Radio Nacional de Venezuela C.A."},"image":{"@id":"https:\/\/stage3.rnv.gob.ve\/wp\/#\/schema\/logo\/image\/"},"sameAs":["https:\/\/www.facebook.com\/RadioNacionaldeVenezuela","https:\/\/x.com\/RNVinformativa","https:\/\/www.instagram.com\/rnvinformativa\/","https:\/\/www.youtube.com\/user\/RNVContigo"]},{"@type":"Person","@id":"https:\/\/stage3.rnv.gob.ve\/wp\/#\/schema\/person\/0862ce8cde332e0bc63b8a243f0eea2c","name":"administrador","sameAs":["http:\/\/arnoldoeloy.net"],"url":"https:\/\/stage3.rnv.gob.ve\/wp\/author\/administrador\/"}]}},"jetpack_featured_media_url":"","_links":{"self":[{"href":"https:\/\/stage3.rnv.gob.ve\/wp\/wp-json\/wp\/v2\/posts\/133450","targetHints":{"allow":["GET"]}}],"collection":[{"href":"https:\/\/stage3.rnv.gob.ve\/wp\/wp-json\/wp\/v2\/posts"}],"about":[{"href":"https:\/\/stage3.rnv.gob.ve\/wp\/wp-json\/wp\/v2\/types\/post"}],"author":[{"embeddable":true,"href":"https:\/\/stage3.rnv.gob.ve\/wp\/wp-json\/wp\/v2\/users\/1"}],"replies":[{"embeddable":true,"href":"https:\/\/stage3.rnv.gob.ve\/wp\/wp-json\/wp\/v2\/comments?post=133450"}],"version-history":[{"count":0,"href":"https:\/\/stage3.rnv.gob.ve\/wp\/wp-json\/wp\/v2\/posts\/133450\/revisions"}],"wp:featuredmedia":[{"embeddable":true,"href":"https:\/\/stage3.rnv.gob.ve\/wp\/wp-json\/"}],"wp:attachment":[{"href":"https:\/\/stage3.rnv.gob.ve\/wp\/wp-json\/wp\/v2\/media?parent=133450"}],"wp:term":[{"taxonomy":"category","embeddable":true,"href":"https:\/\/stage3.rnv.gob.ve\/wp\/wp-json\/wp\/v2\/categories?post=133450"},{"taxonomy":"post_tag","embeddable":true,"href":"https:\/\/stage3.rnv.gob.ve\/wp\/wp-json\/wp\/v2\/tags?post=133450"}],"curies":[{"name":"wp","href":"https:\/\/api.w.org\/{rel}","templated":true}]}}