{"id":130628,"date":"2017-04-04T14:21:44","date_gmt":"2017-04-04T18:51:44","guid":{"rendered":"http:\/\/wpeditor.rnv.gob.ve\/?p=130628"},"modified":"2026-04-14T21:08:27","modified_gmt":"2026-04-15T01:08:27","slug":"criolla-joselyn-brea-lidero-campeonato-de-espana-de-duatlon","status":"publish","type":"post","link":"https:\/\/stage3.rnv.gob.ve\/wp\/criolla-joselyn-brea-lidero-campeonato-de-espana-de-duatlon\/","title":{"rendered":"Criolla Joselyn Brea lider\u00f3 Campeonato de Espa\u00f1a de Duatl\u00f3n"},"content":{"rendered":"<p><img fetchpriority=\"high\" decoding=\"async\" class=\"aligncenter size-full wp-image-130630\" src=\"http:\/\/wpeditor.rnv.gob.ve\/app\/uploads\/2017\/04\/brea.png\" alt=\"brea\" width=\"581\" height=\"329\" \/>La criolla Joselyn Brea sigue cosechando \u00e9xito en el panorama internacional al subir al podio del Campeonato de Espa\u00f1a en la modalidad de duatl\u00f3n sprint, celebrado el pasado fin de semana en la localidad castellonense de Vall de D\u00b4Uix\u00f3.<\/p>\n<p>Brea, lider\u00f3 la categor\u00eda \u00e9lite al llegar a la meta sin contratiempo y con todos los pron\u00f3sticos a favor, luego de agenciar un crono de una hora, tres minutos y tres segundos.<\/p>\n<p>\u201cVengo de recup\u00e9rame de una lesi\u00f3n en la rodilla que me mantuvo paralizada por cuatro meses pero a pesar de esas vicisitudes pude alcanzar mi primera meta de este a\u00f1o 2017, que era competir en el evento y llegar al podio es un plus de los que esperaba de mi participaci\u00f3n\u201d, agreg\u00f3 la campeona.<\/p>\n<p>La nacional conquist\u00f3 el primer lugar del evento, dejando a Sara Bonilla con diferencia 47 seg y Noelia Pastor con 48seg, el segundo y tercer lugar, respectivamente.<\/p>\n<p><em><strong>T\/RNV\/Prensa IND<\/strong><\/em><\/p>\n","protected":false},"excerpt":{"rendered":"<p>La criolla Joselyn Brea sigue cosechando \u00e9xito en el panorama internacional al subir al podio del Campeonato de Espa\u00f1a en la modalidad de duatl\u00f3n sprint, celebrado el pasado fin de semana en la localidad castellonense de Vall de D\u00b4Uix\u00f3. Brea, lider\u00f3 la categor\u00eda \u00e9lite al llegar a la meta sin contratiempo y con todos los [&hellip;]<\/p>\n","protected":false},"author":1,"featured_media":130630,"comment_status":"closed","ping_status":"open","sticky":false,"template":"","format":"standard","meta":{"_acf_changed":false,"footnotes":""},"categories":[56],"tags":[476],"class_list":["post-130628","post","type-post","status-publish","format-standard","has-post-thumbnail","hentry","category-deporte","tag-venezuela-deportiva"],"acf":[],"yoast_head":"<!-- This site is optimized with the Yoast SEO plugin v27.4 - https:\/\/yoast.com\/product\/yoast-seo-wordpress\/ -->\n<title>Criolla Joselyn Brea lider\u00f3 Campeonato de Espa\u00f1a de Duatl\u00f3n - DEV RNV<\/title>\n<meta name=\"robots\" content=\"noindex, follow, max-snippet:-1, max-image-preview:large, max-video-preview:-1\" \/>\n<meta property=\"og:locale\" content=\"es_ES\" \/>\n<meta property=\"og:type\" content=\"article\" \/>\n<meta property=\"og:title\" content=\"Criolla Joselyn Brea lider\u00f3 Campeonato de Espa\u00f1a de Duatl\u00f3n - DEV RNV\" \/>\n<meta property=\"og:description\" content=\"La criolla Joselyn Brea sigue cosechando \u00e9xito en el panorama internacional al subir al podio del Campeonato de Espa\u00f1a en la modalidad de duatl\u00f3n sprint, celebrado el pasado fin de semana en la localidad castellonense de Vall de D\u00b4Uix\u00f3. Brea, lider\u00f3 la categor\u00eda \u00e9lite al llegar a la meta sin contratiempo y con todos los [&hellip;]\" \/>\n<meta property=\"og:url\" content=\"https:\/\/stage3.rnv.gob.ve\/wp\/criolla-joselyn-brea-lidero-campeonato-de-espana-de-duatlon\/\" \/>\n<meta property=\"og:site_name\" content=\"DEV RNV\" \/>\n<meta property=\"article:publisher\" content=\"https:\/\/www.facebook.com\/RadioNacionaldeVenezuela\" \/>\n<meta property=\"article:published_time\" content=\"2017-04-04T18:51:44+00:00\" \/>\n<meta property=\"article:modified_time\" content=\"2026-04-15T01:08:27+00:00\" \/>\n<meta name=\"author\" content=\"administrador\" \/>\n<meta name=\"twitter:card\" content=\"summary_large_image\" \/>\n<meta name=\"twitter:creator\" content=\"@RNVinformativa\" \/>\n<meta name=\"twitter:site\" content=\"@RNVinformativa\" \/>\n<meta name=\"twitter:label1\" content=\"Escrito por\" \/>\n\t<meta name=\"twitter:data1\" content=\"administrador\" \/>\n\t<meta name=\"twitter:label2\" content=\"Tiempo estimado de lectura\" \/>\n\t<meta name=\"twitter:data2\" content=\"1 minuto\" \/>\n<script type=\"application\/ld+json\" class=\"yoast-schema-graph\">{\"@context\":\"https:\\\/\\\/schema.org\",\"@graph\":[{\"@type\":\"Article\",\"@id\":\"https:\\\/\\\/stage3.rnv.gob.ve\\\/wp\\\/criolla-joselyn-brea-lidero-campeonato-de-espana-de-duatlon\\\/#article\",\"isPartOf\":{\"@id\":\"https:\\\/\\\/stage3.rnv.gob.ve\\\/wp\\\/criolla-joselyn-brea-lidero-campeonato-de-espana-de-duatlon\\\/\"},\"author\":{\"name\":\"administrador\",\"@id\":\"https:\\\/\\\/stage3.rnv.gob.ve\\\/wp\\\/#\\\/schema\\\/person\\\/0862ce8cde332e0bc63b8a243f0eea2c\"},\"headline\":\"Criolla Joselyn Brea lider\u00f3 Campeonato de Espa\u00f1a de Duatl\u00f3n\",\"datePublished\":\"2017-04-04T18:51:44+00:00\",\"dateModified\":\"2026-04-15T01:08:27+00:00\",\"mainEntityOfPage\":{\"@id\":\"https:\\\/\\\/stage3.rnv.gob.ve\\\/wp\\\/criolla-joselyn-brea-lidero-campeonato-de-espana-de-duatlon\\\/\"},\"wordCount\":174,\"publisher\":{\"@id\":\"https:\\\/\\\/stage3.rnv.gob.ve\\\/wp\\\/#organization\"},\"image\":{\"@id\":\"https:\\\/\\\/stage3.rnv.gob.ve\\\/wp\\\/criolla-joselyn-brea-lidero-campeonato-de-espana-de-duatlon\\\/#primaryimage\"},\"thumbnailUrl\":\"\",\"keywords\":[\"Venezuela Deportiva\"],\"articleSection\":[\"Deporte\"],\"inLanguage\":\"es\"},{\"@type\":\"WebPage\",\"@id\":\"https:\\\/\\\/stage3.rnv.gob.ve\\\/wp\\\/criolla-joselyn-brea-lidero-campeonato-de-espana-de-duatlon\\\/\",\"url\":\"https:\\\/\\\/stage3.rnv.gob.ve\\\/wp\\\/criolla-joselyn-brea-lidero-campeonato-de-espana-de-duatlon\\\/\",\"name\":\"Criolla Joselyn Brea lider\u00f3 Campeonato de Espa\u00f1a de Duatl\u00f3n - DEV RNV\",\"isPartOf\":{\"@id\":\"https:\\\/\\\/stage3.rnv.gob.ve\\\/wp\\\/#website\"},\"primaryImageOfPage\":{\"@id\":\"https:\\\/\\\/stage3.rnv.gob.ve\\\/wp\\\/criolla-joselyn-brea-lidero-campeonato-de-espana-de-duatlon\\\/#primaryimage\"},\"image\":{\"@id\":\"https:\\\/\\\/stage3.rnv.gob.ve\\\/wp\\\/criolla-joselyn-brea-lidero-campeonato-de-espana-de-duatlon\\\/#primaryimage\"},\"thumbnailUrl\":\"\",\"datePublished\":\"2017-04-04T18:51:44+00:00\",\"dateModified\":\"2026-04-15T01:08:27+00:00\",\"breadcrumb\":{\"@id\":\"https:\\\/\\\/stage3.rnv.gob.ve\\\/wp\\\/criolla-joselyn-brea-lidero-campeonato-de-espana-de-duatlon\\\/#breadcrumb\"},\"inLanguage\":\"es\",\"potentialAction\":[{\"@type\":\"ReadAction\",\"target\":[\"https:\\\/\\\/stage3.rnv.gob.ve\\\/wp\\\/criolla-joselyn-brea-lidero-campeonato-de-espana-de-duatlon\\\/\"]}]},{\"@type\":\"ImageObject\",\"inLanguage\":\"es\",\"@id\":\"https:\\\/\\\/stage3.rnv.gob.ve\\\/wp\\\/criolla-joselyn-brea-lidero-campeonato-de-espana-de-duatlon\\\/#primaryimage\",\"url\":\"\",\"contentUrl\":\"\"},{\"@type\":\"BreadcrumbList\",\"@id\":\"https:\\\/\\\/stage3.rnv.gob.ve\\\/wp\\\/criolla-joselyn-brea-lidero-campeonato-de-espana-de-duatlon\\\/#breadcrumb\",\"itemListElement\":[{\"@type\":\"ListItem\",\"position\":1,\"name\":\"Portada\",\"item\":\"https:\\\/\\\/stage3.rnv.gob.ve\\\/wp\\\/\"},{\"@type\":\"ListItem\",\"position\":2,\"name\":\"Criolla Joselyn Brea Lider\u00f3 Campeonato De Espa\u00f1a De Duatl\u00f3n\"}]},{\"@type\":\"WebSite\",\"@id\":\"https:\\\/\\\/stage3.rnv.gob.ve\\\/wp\\\/#website\",\"url\":\"https:\\\/\\\/stage3.rnv.gob.ve\\\/wp\\\/\",\"name\":\"DEV RNV\",\"description\":\"Radio Nacional de Venezuela C.A.\",\"publisher\":{\"@id\":\"https:\\\/\\\/stage3.rnv.gob.ve\\\/wp\\\/#organization\"},\"potentialAction\":[{\"@type\":\"SearchAction\",\"target\":{\"@type\":\"EntryPoint\",\"urlTemplate\":\"https:\\\/\\\/stage3.rnv.gob.ve\\\/wp\\\/?s={search_term_string}\"},\"query-input\":{\"@type\":\"PropertyValueSpecification\",\"valueRequired\":true,\"valueName\":\"search_term_string\"}}],\"inLanguage\":\"es\"},{\"@type\":\"Organization\",\"@id\":\"https:\\\/\\\/stage3.rnv.gob.ve\\\/wp\\\/#organization\",\"name\":\"Radio Nacional de Venezuela C.A.\",\"url\":\"https:\\\/\\\/stage3.rnv.gob.ve\\\/wp\\\/\",\"logo\":{\"@type\":\"ImageObject\",\"inLanguage\":\"es\",\"@id\":\"https:\\\/\\\/stage3.rnv.gob.ve\\\/wp\\\/#\\\/schema\\\/logo\\\/image\\\/\",\"url\":\"http:\\\/\\\/rnv.ddns.net\\\/prensa\\\/wp-content\\\/uploads\\\/2022\\\/04\\\/rnv-1-300x227-1.jpg\",\"contentUrl\":\"http:\\\/\\\/rnv.ddns.net\\\/prensa\\\/wp-content\\\/uploads\\\/2022\\\/04\\\/rnv-1-300x227-1.jpg\",\"width\":800,\"height\":455,\"caption\":\"Radio Nacional de Venezuela C.A.\"},\"image\":{\"@id\":\"https:\\\/\\\/stage3.rnv.gob.ve\\\/wp\\\/#\\\/schema\\\/logo\\\/image\\\/\"},\"sameAs\":[\"https:\\\/\\\/www.facebook.com\\\/RadioNacionaldeVenezuela\",\"https:\\\/\\\/x.com\\\/RNVinformativa\",\"https:\\\/\\\/www.instagram.com\\\/rnvinformativa\\\/\",\"https:\\\/\\\/www.youtube.com\\\/user\\\/RNVContigo\"]},{\"@type\":\"Person\",\"@id\":\"https:\\\/\\\/stage3.rnv.gob.ve\\\/wp\\\/#\\\/schema\\\/person\\\/0862ce8cde332e0bc63b8a243f0eea2c\",\"name\":\"administrador\",\"sameAs\":[\"http:\\\/\\\/arnoldoeloy.net\"],\"url\":\"https:\\\/\\\/stage3.rnv.gob.ve\\\/wp\\\/author\\\/administrador\\\/\"}]}<\/script>\n<!-- \/ Yoast SEO plugin. -->","yoast_head_json":{"title":"Criolla Joselyn Brea lider\u00f3 Campeonato de Espa\u00f1a de Duatl\u00f3n - DEV RNV","robots":{"index":"noindex","follow":"follow","max-snippet":"max-snippet:-1","max-image-preview":"max-image-preview:large","max-video-preview":"max-video-preview:-1"},"og_locale":"es_ES","og_type":"article","og_title":"Criolla Joselyn Brea lider\u00f3 Campeonato de Espa\u00f1a de Duatl\u00f3n - DEV RNV","og_description":"La criolla Joselyn Brea sigue cosechando \u00e9xito en el panorama internacional al subir al podio del Campeonato de Espa\u00f1a en la modalidad de duatl\u00f3n sprint, celebrado el pasado fin de semana en la localidad castellonense de Vall de D\u00b4Uix\u00f3. Brea, lider\u00f3 la categor\u00eda \u00e9lite al llegar a la meta sin contratiempo y con todos los [&hellip;]","og_url":"https:\/\/stage3.rnv.gob.ve\/wp\/criolla-joselyn-brea-lidero-campeonato-de-espana-de-duatlon\/","og_site_name":"DEV RNV","article_publisher":"https:\/\/www.facebook.com\/RadioNacionaldeVenezuela","article_published_time":"2017-04-04T18:51:44+00:00","article_modified_time":"2026-04-15T01:08:27+00:00","author":"administrador","twitter_card":"summary_large_image","twitter_creator":"@RNVinformativa","twitter_site":"@RNVinformativa","twitter_misc":{"Escrito por":"administrador","Tiempo estimado de lectura":"1 minuto"},"schema":{"@context":"https:\/\/schema.org","@graph":[{"@type":"Article","@id":"https:\/\/stage3.rnv.gob.ve\/wp\/criolla-joselyn-brea-lidero-campeonato-de-espana-de-duatlon\/#article","isPartOf":{"@id":"https:\/\/stage3.rnv.gob.ve\/wp\/criolla-joselyn-brea-lidero-campeonato-de-espana-de-duatlon\/"},"author":{"name":"administrador","@id":"https:\/\/stage3.rnv.gob.ve\/wp\/#\/schema\/person\/0862ce8cde332e0bc63b8a243f0eea2c"},"headline":"Criolla Joselyn Brea lider\u00f3 Campeonato de Espa\u00f1a de Duatl\u00f3n","datePublished":"2017-04-04T18:51:44+00:00","dateModified":"2026-04-15T01:08:27+00:00","mainEntityOfPage":{"@id":"https:\/\/stage3.rnv.gob.ve\/wp\/criolla-joselyn-brea-lidero-campeonato-de-espana-de-duatlon\/"},"wordCount":174,"publisher":{"@id":"https:\/\/stage3.rnv.gob.ve\/wp\/#organization"},"image":{"@id":"https:\/\/stage3.rnv.gob.ve\/wp\/criolla-joselyn-brea-lidero-campeonato-de-espana-de-duatlon\/#primaryimage"},"thumbnailUrl":"","keywords":["Venezuela Deportiva"],"articleSection":["Deporte"],"inLanguage":"es"},{"@type":"WebPage","@id":"https:\/\/stage3.rnv.gob.ve\/wp\/criolla-joselyn-brea-lidero-campeonato-de-espana-de-duatlon\/","url":"https:\/\/stage3.rnv.gob.ve\/wp\/criolla-joselyn-brea-lidero-campeonato-de-espana-de-duatlon\/","name":"Criolla Joselyn Brea lider\u00f3 Campeonato de Espa\u00f1a de Duatl\u00f3n - DEV RNV","isPartOf":{"@id":"https:\/\/stage3.rnv.gob.ve\/wp\/#website"},"primaryImageOfPage":{"@id":"https:\/\/stage3.rnv.gob.ve\/wp\/criolla-joselyn-brea-lidero-campeonato-de-espana-de-duatlon\/#primaryimage"},"image":{"@id":"https:\/\/stage3.rnv.gob.ve\/wp\/criolla-joselyn-brea-lidero-campeonato-de-espana-de-duatlon\/#primaryimage"},"thumbnailUrl":"","datePublished":"2017-04-04T18:51:44+00:00","dateModified":"2026-04-15T01:08:27+00:00","breadcrumb":{"@id":"https:\/\/stage3.rnv.gob.ve\/wp\/criolla-joselyn-brea-lidero-campeonato-de-espana-de-duatlon\/#breadcrumb"},"inLanguage":"es","potentialAction":[{"@type":"ReadAction","target":["https:\/\/stage3.rnv.gob.ve\/wp\/criolla-joselyn-brea-lidero-campeonato-de-espana-de-duatlon\/"]}]},{"@type":"ImageObject","inLanguage":"es","@id":"https:\/\/stage3.rnv.gob.ve\/wp\/criolla-joselyn-brea-lidero-campeonato-de-espana-de-duatlon\/#primaryimage","url":"","contentUrl":""},{"@type":"BreadcrumbList","@id":"https:\/\/stage3.rnv.gob.ve\/wp\/criolla-joselyn-brea-lidero-campeonato-de-espana-de-duatlon\/#breadcrumb","itemListElement":[{"@type":"ListItem","position":1,"name":"Portada","item":"https:\/\/stage3.rnv.gob.ve\/wp\/"},{"@type":"ListItem","position":2,"name":"Criolla Joselyn Brea Lider\u00f3 Campeonato De Espa\u00f1a De Duatl\u00f3n"}]},{"@type":"WebSite","@id":"https:\/\/stage3.rnv.gob.ve\/wp\/#website","url":"https:\/\/stage3.rnv.gob.ve\/wp\/","name":"DEV RNV","description":"Radio Nacional de Venezuela C.A.","publisher":{"@id":"https:\/\/stage3.rnv.gob.ve\/wp\/#organization"},"potentialAction":[{"@type":"SearchAction","target":{"@type":"EntryPoint","urlTemplate":"https:\/\/stage3.rnv.gob.ve\/wp\/?s={search_term_string}"},"query-input":{"@type":"PropertyValueSpecification","valueRequired":true,"valueName":"search_term_string"}}],"inLanguage":"es"},{"@type":"Organization","@id":"https:\/\/stage3.rnv.gob.ve\/wp\/#organization","name":"Radio Nacional de Venezuela C.A.","url":"https:\/\/stage3.rnv.gob.ve\/wp\/","logo":{"@type":"ImageObject","inLanguage":"es","@id":"https:\/\/stage3.rnv.gob.ve\/wp\/#\/schema\/logo\/image\/","url":"http:\/\/rnv.ddns.net\/prensa\/wp-content\/uploads\/2022\/04\/rnv-1-300x227-1.jpg","contentUrl":"http:\/\/rnv.ddns.net\/prensa\/wp-content\/uploads\/2022\/04\/rnv-1-300x227-1.jpg","width":800,"height":455,"caption":"Radio Nacional de Venezuela C.A."},"image":{"@id":"https:\/\/stage3.rnv.gob.ve\/wp\/#\/schema\/logo\/image\/"},"sameAs":["https:\/\/www.facebook.com\/RadioNacionaldeVenezuela","https:\/\/x.com\/RNVinformativa","https:\/\/www.instagram.com\/rnvinformativa\/","https:\/\/www.youtube.com\/user\/RNVContigo"]},{"@type":"Person","@id":"https:\/\/stage3.rnv.gob.ve\/wp\/#\/schema\/person\/0862ce8cde332e0bc63b8a243f0eea2c","name":"administrador","sameAs":["http:\/\/arnoldoeloy.net"],"url":"https:\/\/stage3.rnv.gob.ve\/wp\/author\/administrador\/"}]}},"jetpack_featured_media_url":"","_links":{"self":[{"href":"https:\/\/stage3.rnv.gob.ve\/wp\/wp-json\/wp\/v2\/posts\/130628","targetHints":{"allow":["GET"]}}],"collection":[{"href":"https:\/\/stage3.rnv.gob.ve\/wp\/wp-json\/wp\/v2\/posts"}],"about":[{"href":"https:\/\/stage3.rnv.gob.ve\/wp\/wp-json\/wp\/v2\/types\/post"}],"author":[{"embeddable":true,"href":"https:\/\/stage3.rnv.gob.ve\/wp\/wp-json\/wp\/v2\/users\/1"}],"replies":[{"embeddable":true,"href":"https:\/\/stage3.rnv.gob.ve\/wp\/wp-json\/wp\/v2\/comments?post=130628"}],"version-history":[{"count":0,"href":"https:\/\/stage3.rnv.gob.ve\/wp\/wp-json\/wp\/v2\/posts\/130628\/revisions"}],"wp:featuredmedia":[{"embeddable":true,"href":"https:\/\/stage3.rnv.gob.ve\/wp\/wp-json\/"}],"wp:attachment":[{"href":"https:\/\/stage3.rnv.gob.ve\/wp\/wp-json\/wp\/v2\/media?parent=130628"}],"wp:term":[{"taxonomy":"category","embeddable":true,"href":"https:\/\/stage3.rnv.gob.ve\/wp\/wp-json\/wp\/v2\/categories?post=130628"},{"taxonomy":"post_tag","embeddable":true,"href":"https:\/\/stage3.rnv.gob.ve\/wp\/wp-json\/wp\/v2\/tags?post=130628"}],"curies":[{"name":"wp","href":"https:\/\/api.w.org\/{rel}","templated":true}]}}