{"id":130546,"date":"2017-04-04T11:00:50","date_gmt":"2017-04-04T15:30:50","guid":{"rendered":"http:\/\/wpeditor.rnv.gob.ve\/?p=130546"},"modified":"2017-04-04T11:00:50","modified_gmt":"2017-04-04T15:30:50","slug":"psuv-y-poder-popular-de-anzoategui-se-articulan-para-de-defender-la-patria","status":"publish","type":"post","link":"https:\/\/stage3.rnv.gob.ve\/wp\/psuv-y-poder-popular-de-anzoategui-se-articulan-para-de-defender-la-patria\/","title":{"rendered":"Psuv y poder popular de Anzo\u00e1tegui se articulan para de defender la patria"},"content":{"rendered":"<figure id=\"attachment_130549\" aria-describedby=\"caption-attachment-130549\" style=\"width: 300px\" class=\"wp-caption alignleft\"><img fetchpriority=\"high\" decoding=\"async\" class=\"size-medium wp-image-130549\" src=\"http:\/\/wpeditor.rnv.gob.ve\/app\/uploads\/2017\/04\/img_3981ft1488559003-300x200.jpg\" alt=\"Foto referencial\" width=\"300\" height=\"200\" \/><figcaption id=\"caption-attachment-130549\" class=\"wp-caption-text\">Foto referencial<\/figcaption><\/figure>\n<p>El director de organizaci\u00f3n del Partido Socialista de Venezuela en el municipio Sim\u00f3n Rodr\u00edguez., del estado Anzo\u00e1tegui, Lemar G\u00f3mez, inform\u00f3 este martes que mantuvieron un encuentro con las fuerzas revolucionarias en defensa del Gobierno Bolivariano.<\/p>\n<p style=\"text-align: justify;\">\u201cHoy podemos decir que tenemos un presidente que trabaja por su pueblo, y nosotros damos un inquebrantable apoyo y rechazamos los intentos de intromisi\u00f3n y golpe continuado de la derecha\u201d, agreg\u00f3.<\/p>\n<p style=\"text-align: justify;\">Las fuerzas revolucionarias y el poder popular se movilizar\u00e1n este jueves desde el Consejo Legislativo de Anzo\u00e1tegui hasta la Casa Fuerte.<\/p>\n<p style=\"text-align: justify;\">La militancia revolucionaria se plante\u00f3 trabajar en 5 v\u00e9rtices: lo econ\u00f3mico, la seguridad, las misiones, obras p\u00fablicas y el poder popular.<\/p>\n<p><strong>Escuche el reporte de Santos Osorio para RNV<\/strong><\/p>\n<audio class=\"wp-audio-shortcode\" id=\"audio-130546-1\" preload=\"none\" style=\"width: 100%;\" controls=\"controls\"><source type=\"audio\/mpeg\" src=\"http:\/\/wpeditor.rnv.gob.ve\/app\/uploads\/2017\/04\/respaldoanzoategui.mp3?_=1\" \/><a href=\"http:\/\/wpeditor.rnv.gob.ve\/app\/uploads\/2017\/04\/respaldoanzoategui.mp3\">http:\/\/wpeditor.rnv.gob.ve\/app\/uploads\/2017\/04\/respaldoanzoategui.mp3<\/a><\/audio>\n<p>T\/RNV Corresponsal\u00eda\/Anzo\u00e1tegui<\/p>\n","protected":false},"excerpt":{"rendered":"<p>El director de organizaci\u00f3n del Partido Socialista de Venezuela en el municipio Sim\u00f3n Rodr\u00edguez., del estado Anzo\u00e1tegui, Lemar G\u00f3mez, inform\u00f3 este martes que mantuvieron un encuentro con las fuerzas revolucionarias en defensa del Gobierno Bolivariano. \u201cHoy podemos decir que tenemos un presidente que trabaja por su pueblo, y nosotros damos un inquebrantable apoyo y rechazamos [&hellip;]<\/p>\n","protected":false},"author":1,"featured_media":130549,"comment_status":"closed","ping_status":"open","sticky":false,"template":"","format":"standard","meta":{"_acf_changed":false,"footnotes":""},"categories":[69],"tags":[546,187,526,307,11659],"class_list":["post-130546","post","type-post","status-publish","format-standard","has-post-thumbnail","hentry","category-regional","tag-anzoategui","tag-paz","tag-psuv","tag-respaldo","tag-rmv"],"acf":[],"yoast_head":"<!-- This site is optimized with the Yoast SEO plugin v27.4 - https:\/\/yoast.com\/product\/yoast-seo-wordpress\/ -->\n<title>Psuv y poder popular de Anzo\u00e1tegui se articulan para de defender la patria - DEV RNV<\/title>\n<meta name=\"robots\" content=\"noindex, follow, max-snippet:-1, max-image-preview:large, max-video-preview:-1\" \/>\n<meta property=\"og:locale\" content=\"es_ES\" \/>\n<meta property=\"og:type\" content=\"article\" \/>\n<meta property=\"og:title\" content=\"Psuv y poder popular de Anzo\u00e1tegui se articulan para de defender la patria - DEV RNV\" \/>\n<meta property=\"og:description\" content=\"El director de organizaci\u00f3n del Partido Socialista de Venezuela en el municipio Sim\u00f3n Rodr\u00edguez., del estado Anzo\u00e1tegui, Lemar G\u00f3mez, inform\u00f3 este martes que mantuvieron un encuentro con las fuerzas revolucionarias en defensa del Gobierno Bolivariano. \u201cHoy podemos decir que tenemos un presidente que trabaja por su pueblo, y nosotros damos un inquebrantable apoyo y rechazamos [&hellip;]\" \/>\n<meta property=\"og:url\" content=\"https:\/\/stage3.rnv.gob.ve\/wp\/psuv-y-poder-popular-de-anzoategui-se-articulan-para-de-defender-la-patria\/\" \/>\n<meta property=\"og:site_name\" content=\"DEV RNV\" \/>\n<meta property=\"article:publisher\" content=\"https:\/\/www.facebook.com\/RadioNacionaldeVenezuela\" \/>\n<meta property=\"article:published_time\" content=\"2017-04-04T15:30:50+00:00\" \/>\n<meta name=\"author\" content=\"administrador\" \/>\n<meta name=\"twitter:card\" content=\"summary_large_image\" \/>\n<meta name=\"twitter:creator\" content=\"@RNVinformativa\" \/>\n<meta name=\"twitter:site\" content=\"@RNVinformativa\" \/>\n<meta name=\"twitter:label1\" content=\"Escrito por\" \/>\n\t<meta name=\"twitter:data1\" content=\"administrador\" \/>\n\t<meta name=\"twitter:label2\" content=\"Tiempo estimado de lectura\" \/>\n\t<meta name=\"twitter:data2\" content=\"1 minuto\" \/>\n<script type=\"application\/ld+json\" class=\"yoast-schema-graph\">{\"@context\":\"https:\\\/\\\/schema.org\",\"@graph\":[{\"@type\":\"Article\",\"@id\":\"https:\\\/\\\/stage3.rnv.gob.ve\\\/wp\\\/psuv-y-poder-popular-de-anzoategui-se-articulan-para-de-defender-la-patria\\\/#article\",\"isPartOf\":{\"@id\":\"https:\\\/\\\/stage3.rnv.gob.ve\\\/wp\\\/psuv-y-poder-popular-de-anzoategui-se-articulan-para-de-defender-la-patria\\\/\"},\"author\":{\"name\":\"administrador\",\"@id\":\"https:\\\/\\\/stage3.rnv.gob.ve\\\/wp\\\/#\\\/schema\\\/person\\\/0862ce8cde332e0bc63b8a243f0eea2c\"},\"headline\":\"Psuv y poder popular de Anzo\u00e1tegui se articulan para de defender la patria\",\"datePublished\":\"2017-04-04T15:30:50+00:00\",\"mainEntityOfPage\":{\"@id\":\"https:\\\/\\\/stage3.rnv.gob.ve\\\/wp\\\/psuv-y-poder-popular-de-anzoategui-se-articulan-para-de-defender-la-patria\\\/\"},\"wordCount\":167,\"publisher\":{\"@id\":\"https:\\\/\\\/stage3.rnv.gob.ve\\\/wp\\\/#organization\"},\"image\":{\"@id\":\"https:\\\/\\\/stage3.rnv.gob.ve\\\/wp\\\/psuv-y-poder-popular-de-anzoategui-se-articulan-para-de-defender-la-patria\\\/#primaryimage\"},\"thumbnailUrl\":\"\",\"keywords\":[\"anzo\u00e1tegui\",\"Paz\",\"PSUV\",\"respaldo\",\"rmv\"],\"articleSection\":[\"Regional\"],\"inLanguage\":\"es\"},{\"@type\":\"WebPage\",\"@id\":\"https:\\\/\\\/stage3.rnv.gob.ve\\\/wp\\\/psuv-y-poder-popular-de-anzoategui-se-articulan-para-de-defender-la-patria\\\/\",\"url\":\"https:\\\/\\\/stage3.rnv.gob.ve\\\/wp\\\/psuv-y-poder-popular-de-anzoategui-se-articulan-para-de-defender-la-patria\\\/\",\"name\":\"Psuv y poder popular de Anzo\u00e1tegui se articulan para de defender la patria - DEV RNV\",\"isPartOf\":{\"@id\":\"https:\\\/\\\/stage3.rnv.gob.ve\\\/wp\\\/#website\"},\"primaryImageOfPage\":{\"@id\":\"https:\\\/\\\/stage3.rnv.gob.ve\\\/wp\\\/psuv-y-poder-popular-de-anzoategui-se-articulan-para-de-defender-la-patria\\\/#primaryimage\"},\"image\":{\"@id\":\"https:\\\/\\\/stage3.rnv.gob.ve\\\/wp\\\/psuv-y-poder-popular-de-anzoategui-se-articulan-para-de-defender-la-patria\\\/#primaryimage\"},\"thumbnailUrl\":\"\",\"datePublished\":\"2017-04-04T15:30:50+00:00\",\"breadcrumb\":{\"@id\":\"https:\\\/\\\/stage3.rnv.gob.ve\\\/wp\\\/psuv-y-poder-popular-de-anzoategui-se-articulan-para-de-defender-la-patria\\\/#breadcrumb\"},\"inLanguage\":\"es\",\"potentialAction\":[{\"@type\":\"ReadAction\",\"target\":[\"https:\\\/\\\/stage3.rnv.gob.ve\\\/wp\\\/psuv-y-poder-popular-de-anzoategui-se-articulan-para-de-defender-la-patria\\\/\"]}]},{\"@type\":\"ImageObject\",\"inLanguage\":\"es\",\"@id\":\"https:\\\/\\\/stage3.rnv.gob.ve\\\/wp\\\/psuv-y-poder-popular-de-anzoategui-se-articulan-para-de-defender-la-patria\\\/#primaryimage\",\"url\":\"\",\"contentUrl\":\"\"},{\"@type\":\"BreadcrumbList\",\"@id\":\"https:\\\/\\\/stage3.rnv.gob.ve\\\/wp\\\/psuv-y-poder-popular-de-anzoategui-se-articulan-para-de-defender-la-patria\\\/#breadcrumb\",\"itemListElement\":[{\"@type\":\"ListItem\",\"position\":1,\"name\":\"Portada\",\"item\":\"https:\\\/\\\/stage3.rnv.gob.ve\\\/wp\\\/\"},{\"@type\":\"ListItem\",\"position\":2,\"name\":\"Psuv Y Poder Popular De Anzo\u00e1tegui Se Articulan Para De Defender La Patria\"}]},{\"@type\":\"WebSite\",\"@id\":\"https:\\\/\\\/stage3.rnv.gob.ve\\\/wp\\\/#website\",\"url\":\"https:\\\/\\\/stage3.rnv.gob.ve\\\/wp\\\/\",\"name\":\"DEV RNV\",\"description\":\"Radio Nacional de Venezuela C.A.\",\"publisher\":{\"@id\":\"https:\\\/\\\/stage3.rnv.gob.ve\\\/wp\\\/#organization\"},\"potentialAction\":[{\"@type\":\"SearchAction\",\"target\":{\"@type\":\"EntryPoint\",\"urlTemplate\":\"https:\\\/\\\/stage3.rnv.gob.ve\\\/wp\\\/?s={search_term_string}\"},\"query-input\":{\"@type\":\"PropertyValueSpecification\",\"valueRequired\":true,\"valueName\":\"search_term_string\"}}],\"inLanguage\":\"es\"},{\"@type\":\"Organization\",\"@id\":\"https:\\\/\\\/stage3.rnv.gob.ve\\\/wp\\\/#organization\",\"name\":\"Radio Nacional de Venezuela C.A.\",\"url\":\"https:\\\/\\\/stage3.rnv.gob.ve\\\/wp\\\/\",\"logo\":{\"@type\":\"ImageObject\",\"inLanguage\":\"es\",\"@id\":\"https:\\\/\\\/stage3.rnv.gob.ve\\\/wp\\\/#\\\/schema\\\/logo\\\/image\\\/\",\"url\":\"http:\\\/\\\/rnv.ddns.net\\\/prensa\\\/wp-content\\\/uploads\\\/2022\\\/04\\\/rnv-1-300x227-1.jpg\",\"contentUrl\":\"http:\\\/\\\/rnv.ddns.net\\\/prensa\\\/wp-content\\\/uploads\\\/2022\\\/04\\\/rnv-1-300x227-1.jpg\",\"width\":800,\"height\":455,\"caption\":\"Radio Nacional de Venezuela C.A.\"},\"image\":{\"@id\":\"https:\\\/\\\/stage3.rnv.gob.ve\\\/wp\\\/#\\\/schema\\\/logo\\\/image\\\/\"},\"sameAs\":[\"https:\\\/\\\/www.facebook.com\\\/RadioNacionaldeVenezuela\",\"https:\\\/\\\/x.com\\\/RNVinformativa\",\"https:\\\/\\\/www.instagram.com\\\/rnvinformativa\\\/\",\"https:\\\/\\\/www.youtube.com\\\/user\\\/RNVContigo\"]},{\"@type\":\"Person\",\"@id\":\"https:\\\/\\\/stage3.rnv.gob.ve\\\/wp\\\/#\\\/schema\\\/person\\\/0862ce8cde332e0bc63b8a243f0eea2c\",\"name\":\"administrador\",\"sameAs\":[\"http:\\\/\\\/arnoldoeloy.net\"],\"url\":\"https:\\\/\\\/stage3.rnv.gob.ve\\\/wp\\\/author\\\/administrador\\\/\"}]}<\/script>\n<!-- \/ Yoast SEO plugin. -->","yoast_head_json":{"title":"Psuv y poder popular de Anzo\u00e1tegui se articulan para de defender la patria - DEV RNV","robots":{"index":"noindex","follow":"follow","max-snippet":"max-snippet:-1","max-image-preview":"max-image-preview:large","max-video-preview":"max-video-preview:-1"},"og_locale":"es_ES","og_type":"article","og_title":"Psuv y poder popular de Anzo\u00e1tegui se articulan para de defender la patria - DEV RNV","og_description":"El director de organizaci\u00f3n del Partido Socialista de Venezuela en el municipio Sim\u00f3n Rodr\u00edguez., del estado Anzo\u00e1tegui, Lemar G\u00f3mez, inform\u00f3 este martes que mantuvieron un encuentro con las fuerzas revolucionarias en defensa del Gobierno Bolivariano. \u201cHoy podemos decir que tenemos un presidente que trabaja por su pueblo, y nosotros damos un inquebrantable apoyo y rechazamos [&hellip;]","og_url":"https:\/\/stage3.rnv.gob.ve\/wp\/psuv-y-poder-popular-de-anzoategui-se-articulan-para-de-defender-la-patria\/","og_site_name":"DEV RNV","article_publisher":"https:\/\/www.facebook.com\/RadioNacionaldeVenezuela","article_published_time":"2017-04-04T15:30:50+00:00","author":"administrador","twitter_card":"summary_large_image","twitter_creator":"@RNVinformativa","twitter_site":"@RNVinformativa","twitter_misc":{"Escrito por":"administrador","Tiempo estimado de lectura":"1 minuto"},"schema":{"@context":"https:\/\/schema.org","@graph":[{"@type":"Article","@id":"https:\/\/stage3.rnv.gob.ve\/wp\/psuv-y-poder-popular-de-anzoategui-se-articulan-para-de-defender-la-patria\/#article","isPartOf":{"@id":"https:\/\/stage3.rnv.gob.ve\/wp\/psuv-y-poder-popular-de-anzoategui-se-articulan-para-de-defender-la-patria\/"},"author":{"name":"administrador","@id":"https:\/\/stage3.rnv.gob.ve\/wp\/#\/schema\/person\/0862ce8cde332e0bc63b8a243f0eea2c"},"headline":"Psuv y poder popular de Anzo\u00e1tegui se articulan para de defender la patria","datePublished":"2017-04-04T15:30:50+00:00","mainEntityOfPage":{"@id":"https:\/\/stage3.rnv.gob.ve\/wp\/psuv-y-poder-popular-de-anzoategui-se-articulan-para-de-defender-la-patria\/"},"wordCount":167,"publisher":{"@id":"https:\/\/stage3.rnv.gob.ve\/wp\/#organization"},"image":{"@id":"https:\/\/stage3.rnv.gob.ve\/wp\/psuv-y-poder-popular-de-anzoategui-se-articulan-para-de-defender-la-patria\/#primaryimage"},"thumbnailUrl":"","keywords":["anzo\u00e1tegui","Paz","PSUV","respaldo","rmv"],"articleSection":["Regional"],"inLanguage":"es"},{"@type":"WebPage","@id":"https:\/\/stage3.rnv.gob.ve\/wp\/psuv-y-poder-popular-de-anzoategui-se-articulan-para-de-defender-la-patria\/","url":"https:\/\/stage3.rnv.gob.ve\/wp\/psuv-y-poder-popular-de-anzoategui-se-articulan-para-de-defender-la-patria\/","name":"Psuv y poder popular de Anzo\u00e1tegui se articulan para de defender la patria - DEV RNV","isPartOf":{"@id":"https:\/\/stage3.rnv.gob.ve\/wp\/#website"},"primaryImageOfPage":{"@id":"https:\/\/stage3.rnv.gob.ve\/wp\/psuv-y-poder-popular-de-anzoategui-se-articulan-para-de-defender-la-patria\/#primaryimage"},"image":{"@id":"https:\/\/stage3.rnv.gob.ve\/wp\/psuv-y-poder-popular-de-anzoategui-se-articulan-para-de-defender-la-patria\/#primaryimage"},"thumbnailUrl":"","datePublished":"2017-04-04T15:30:50+00:00","breadcrumb":{"@id":"https:\/\/stage3.rnv.gob.ve\/wp\/psuv-y-poder-popular-de-anzoategui-se-articulan-para-de-defender-la-patria\/#breadcrumb"},"inLanguage":"es","potentialAction":[{"@type":"ReadAction","target":["https:\/\/stage3.rnv.gob.ve\/wp\/psuv-y-poder-popular-de-anzoategui-se-articulan-para-de-defender-la-patria\/"]}]},{"@type":"ImageObject","inLanguage":"es","@id":"https:\/\/stage3.rnv.gob.ve\/wp\/psuv-y-poder-popular-de-anzoategui-se-articulan-para-de-defender-la-patria\/#primaryimage","url":"","contentUrl":""},{"@type":"BreadcrumbList","@id":"https:\/\/stage3.rnv.gob.ve\/wp\/psuv-y-poder-popular-de-anzoategui-se-articulan-para-de-defender-la-patria\/#breadcrumb","itemListElement":[{"@type":"ListItem","position":1,"name":"Portada","item":"https:\/\/stage3.rnv.gob.ve\/wp\/"},{"@type":"ListItem","position":2,"name":"Psuv Y Poder Popular De Anzo\u00e1tegui Se Articulan Para De Defender La Patria"}]},{"@type":"WebSite","@id":"https:\/\/stage3.rnv.gob.ve\/wp\/#website","url":"https:\/\/stage3.rnv.gob.ve\/wp\/","name":"DEV RNV","description":"Radio Nacional de Venezuela C.A.","publisher":{"@id":"https:\/\/stage3.rnv.gob.ve\/wp\/#organization"},"potentialAction":[{"@type":"SearchAction","target":{"@type":"EntryPoint","urlTemplate":"https:\/\/stage3.rnv.gob.ve\/wp\/?s={search_term_string}"},"query-input":{"@type":"PropertyValueSpecification","valueRequired":true,"valueName":"search_term_string"}}],"inLanguage":"es"},{"@type":"Organization","@id":"https:\/\/stage3.rnv.gob.ve\/wp\/#organization","name":"Radio Nacional de Venezuela C.A.","url":"https:\/\/stage3.rnv.gob.ve\/wp\/","logo":{"@type":"ImageObject","inLanguage":"es","@id":"https:\/\/stage3.rnv.gob.ve\/wp\/#\/schema\/logo\/image\/","url":"http:\/\/rnv.ddns.net\/prensa\/wp-content\/uploads\/2022\/04\/rnv-1-300x227-1.jpg","contentUrl":"http:\/\/rnv.ddns.net\/prensa\/wp-content\/uploads\/2022\/04\/rnv-1-300x227-1.jpg","width":800,"height":455,"caption":"Radio Nacional de Venezuela C.A."},"image":{"@id":"https:\/\/stage3.rnv.gob.ve\/wp\/#\/schema\/logo\/image\/"},"sameAs":["https:\/\/www.facebook.com\/RadioNacionaldeVenezuela","https:\/\/x.com\/RNVinformativa","https:\/\/www.instagram.com\/rnvinformativa\/","https:\/\/www.youtube.com\/user\/RNVContigo"]},{"@type":"Person","@id":"https:\/\/stage3.rnv.gob.ve\/wp\/#\/schema\/person\/0862ce8cde332e0bc63b8a243f0eea2c","name":"administrador","sameAs":["http:\/\/arnoldoeloy.net"],"url":"https:\/\/stage3.rnv.gob.ve\/wp\/author\/administrador\/"}]}},"jetpack_featured_media_url":"","_links":{"self":[{"href":"https:\/\/stage3.rnv.gob.ve\/wp\/wp-json\/wp\/v2\/posts\/130546","targetHints":{"allow":["GET"]}}],"collection":[{"href":"https:\/\/stage3.rnv.gob.ve\/wp\/wp-json\/wp\/v2\/posts"}],"about":[{"href":"https:\/\/stage3.rnv.gob.ve\/wp\/wp-json\/wp\/v2\/types\/post"}],"author":[{"embeddable":true,"href":"https:\/\/stage3.rnv.gob.ve\/wp\/wp-json\/wp\/v2\/users\/1"}],"replies":[{"embeddable":true,"href":"https:\/\/stage3.rnv.gob.ve\/wp\/wp-json\/wp\/v2\/comments?post=130546"}],"version-history":[{"count":0,"href":"https:\/\/stage3.rnv.gob.ve\/wp\/wp-json\/wp\/v2\/posts\/130546\/revisions"}],"wp:featuredmedia":[{"embeddable":true,"href":"https:\/\/stage3.rnv.gob.ve\/wp\/wp-json\/"}],"wp:attachment":[{"href":"https:\/\/stage3.rnv.gob.ve\/wp\/wp-json\/wp\/v2\/media?parent=130546"}],"wp:term":[{"taxonomy":"category","embeddable":true,"href":"https:\/\/stage3.rnv.gob.ve\/wp\/wp-json\/wp\/v2\/categories?post=130546"},{"taxonomy":"post_tag","embeddable":true,"href":"https:\/\/stage3.rnv.gob.ve\/wp\/wp-json\/wp\/v2\/tags?post=130546"}],"curies":[{"name":"wp","href":"https:\/\/api.w.org\/{rel}","templated":true}]}}