{"id":129641,"date":"2017-03-31T20:05:45","date_gmt":"2017-04-01T00:35:45","guid":{"rendered":"http:\/\/wpeditor.rnv.gob.ve\/?p=129641"},"modified":"2017-03-31T20:05:45","modified_gmt":"2017-04-01T00:35:45","slug":"presidente-maduro-reitera-llamado-al-dialogo-por-la-paz","status":"publish","type":"post","link":"https:\/\/stage3.rnv.gob.ve\/wp\/presidente-maduro-reitera-llamado-al-dialogo-por-la-paz\/","title":{"rendered":"Presidente Maduro reitera llamado al di\u00e1logo por la paz"},"content":{"rendered":"<p style=\"text-align: justify;\"><img fetchpriority=\"high\" decoding=\"async\" class=\"size-medium wp-image-129643 alignleft\" src=\"http:\/\/wpeditor.rnv.gob.ve\/app\/uploads\/2017\/03\/C8R6bkgXUAEQViC-300x200.jpg\" alt=\"C8R6bkgXUAEQViC\" width=\"300\" height=\"200\" \/>El presidente de la Rep\u00fablica Bolivariana de Venezuela, Nicol\u00e1s Maduro, reiter\u00f3 este viernes su llamado\u00a0al di\u00e1logo con sectores de la oposici\u00f3n, para preservar la paz.<\/p>\n<p style=\"text-align: justify;\">\u00abLe insisto\u00a0a la oposici\u00f3n venezolana, vuelvan al camino del di\u00e1logo, de respeto a la soberan\u00eda\u00bb, expres\u00f3 el jefe de Estado durante el acto de clausura del I Seminario Internacional Venezuela Digital 2017, que se desarroll\u00f3 por tres d\u00edas en los espacios del Teatro Teresa Carre\u00f1o, en Caracas.<\/p>\n<p style=\"text-align: justify;\">Inform\u00f3 que\u00a0en los \u00faltimos d\u00edas el representante del Gobierno Nacional en la mesa de di\u00e1logo, Jorge Rodr\u00edguez, ha sostenido reuniones con voceros de la oposici\u00f3n en privado, en el marco del di\u00e1logo.<\/p>\n<p style=\"text-align: justify;\">Insisti\u00f3, que el Gobierno Bolivariano est\u00e1 dispuesto a\u00a0continuar con el\u00a0di\u00e1logo pol\u00edtico nacional para buscar puntos comunes de paz y respeto con la oposici\u00f3n venezolana, y trabajar por la prosperidad del pa\u00eds.<\/p>\n<p style=\"text-align: justify;\">\u00abYo estoy listo, cuando quieran, donde quieran, como quieran y con quien quieran\u00bb, enfatiz\u00f3.<\/p>\n<p><strong>Escuche al presidente Nicol\u00e1s Maduro:<\/strong><\/p>\n<audio class=\"wp-audio-shortcode\" id=\"audio-129641-1\" preload=\"none\" style=\"width: 100%;\" controls=\"controls\"><source type=\"audio\/mpeg\" src=\"http:\/\/wpeditor.rnv.gob.ve\/app\/uploads\/2017\/03\/MADURO-DIALOGO.mp3?_=1\" \/><a href=\"http:\/\/wpeditor.rnv.gob.ve\/app\/uploads\/2017\/03\/MADURO-DIALOGO.mp3\">http:\/\/wpeditor.rnv.gob.ve\/app\/uploads\/2017\/03\/MADURO-DIALOGO.mp3<\/a><\/audio>\n<p><strong>T\/RNV Web\/CP<\/strong><\/p>\n","protected":false},"excerpt":{"rendered":"<p>El presidente de la Rep\u00fablica Bolivariana de Venezuela, Nicol\u00e1s Maduro, reiter\u00f3 este viernes su llamado\u00a0al di\u00e1logo con sectores de la oposici\u00f3n, para preservar la paz. \u00abLe insisto\u00a0a la oposici\u00f3n venezolana, vuelvan al camino del di\u00e1logo, de respeto a la soberan\u00eda\u00bb, expres\u00f3 el jefe de Estado durante el acto de clausura del I Seminario Internacional Venezuela [&hellip;]<\/p>\n","protected":false},"author":1,"featured_media":129643,"comment_status":"closed","ping_status":"open","sticky":false,"template":"","format":"standard","meta":{"_acf_changed":false,"footnotes":""},"categories":[67],"tags":[1097,11287,353,1592,143],"class_list":["post-129641","post","type-post","status-publish","format-standard","has-post-thumbnail","hentry","category-politica","tag-dialogo","tag-dialogo-nacional","tag-jorge-rodriguez","tag-nicolas-maduro","tag-oposicion"],"acf":[],"yoast_head":"<!-- This site is optimized with the Yoast SEO plugin v27.4 - https:\/\/yoast.com\/product\/yoast-seo-wordpress\/ -->\n<title>Presidente Maduro reitera llamado al di\u00e1logo por la paz - DEV RNV<\/title>\n<meta name=\"robots\" content=\"noindex, follow, max-snippet:-1, max-image-preview:large, max-video-preview:-1\" \/>\n<meta property=\"og:locale\" content=\"es_ES\" \/>\n<meta property=\"og:type\" content=\"article\" \/>\n<meta property=\"og:title\" content=\"Presidente Maduro reitera llamado al di\u00e1logo por la paz - DEV RNV\" \/>\n<meta property=\"og:description\" content=\"El presidente de la Rep\u00fablica Bolivariana de Venezuela, Nicol\u00e1s Maduro, reiter\u00f3 este viernes su llamado\u00a0al di\u00e1logo con sectores de la oposici\u00f3n, para preservar la paz. \u00abLe insisto\u00a0a la oposici\u00f3n venezolana, vuelvan al camino del di\u00e1logo, de respeto a la soberan\u00eda\u00bb, expres\u00f3 el jefe de Estado durante el acto de clausura del I Seminario Internacional Venezuela [&hellip;]\" \/>\n<meta property=\"og:url\" content=\"https:\/\/stage3.rnv.gob.ve\/wp\/presidente-maduro-reitera-llamado-al-dialogo-por-la-paz\/\" \/>\n<meta property=\"og:site_name\" content=\"DEV RNV\" \/>\n<meta property=\"article:publisher\" content=\"https:\/\/www.facebook.com\/RadioNacionaldeVenezuela\" \/>\n<meta property=\"article:published_time\" content=\"2017-04-01T00:35:45+00:00\" \/>\n<meta name=\"author\" content=\"administrador\" \/>\n<meta name=\"twitter:card\" content=\"summary_large_image\" \/>\n<meta name=\"twitter:creator\" content=\"@RNVinformativa\" \/>\n<meta name=\"twitter:site\" content=\"@RNVinformativa\" \/>\n<meta name=\"twitter:label1\" content=\"Escrito por\" \/>\n\t<meta name=\"twitter:data1\" content=\"administrador\" \/>\n\t<meta name=\"twitter:label2\" content=\"Tiempo estimado de lectura\" \/>\n\t<meta name=\"twitter:data2\" content=\"1 minuto\" \/>\n<script type=\"application\/ld+json\" class=\"yoast-schema-graph\">{\"@context\":\"https:\\\/\\\/schema.org\",\"@graph\":[{\"@type\":\"Article\",\"@id\":\"https:\\\/\\\/stage3.rnv.gob.ve\\\/wp\\\/presidente-maduro-reitera-llamado-al-dialogo-por-la-paz\\\/#article\",\"isPartOf\":{\"@id\":\"https:\\\/\\\/stage3.rnv.gob.ve\\\/wp\\\/presidente-maduro-reitera-llamado-al-dialogo-por-la-paz\\\/\"},\"author\":{\"name\":\"administrador\",\"@id\":\"https:\\\/\\\/stage3.rnv.gob.ve\\\/wp\\\/#\\\/schema\\\/person\\\/0862ce8cde332e0bc63b8a243f0eea2c\"},\"headline\":\"Presidente Maduro reitera llamado al di\u00e1logo por la paz\",\"datePublished\":\"2017-04-01T00:35:45+00:00\",\"mainEntityOfPage\":{\"@id\":\"https:\\\/\\\/stage3.rnv.gob.ve\\\/wp\\\/presidente-maduro-reitera-llamado-al-dialogo-por-la-paz\\\/\"},\"wordCount\":203,\"publisher\":{\"@id\":\"https:\\\/\\\/stage3.rnv.gob.ve\\\/wp\\\/#organization\"},\"image\":{\"@id\":\"https:\\\/\\\/stage3.rnv.gob.ve\\\/wp\\\/presidente-maduro-reitera-llamado-al-dialogo-por-la-paz\\\/#primaryimage\"},\"thumbnailUrl\":\"\",\"keywords\":[\"dialogo\",\"dialogo nacional\",\"jorge rodriguez\",\"Nicol\u00e1s Maduro\",\"oposicion\"],\"articleSection\":[\"Pol\u00edtica\"],\"inLanguage\":\"es\"},{\"@type\":\"WebPage\",\"@id\":\"https:\\\/\\\/stage3.rnv.gob.ve\\\/wp\\\/presidente-maduro-reitera-llamado-al-dialogo-por-la-paz\\\/\",\"url\":\"https:\\\/\\\/stage3.rnv.gob.ve\\\/wp\\\/presidente-maduro-reitera-llamado-al-dialogo-por-la-paz\\\/\",\"name\":\"Presidente Maduro reitera llamado al di\u00e1logo por la paz - DEV RNV\",\"isPartOf\":{\"@id\":\"https:\\\/\\\/stage3.rnv.gob.ve\\\/wp\\\/#website\"},\"primaryImageOfPage\":{\"@id\":\"https:\\\/\\\/stage3.rnv.gob.ve\\\/wp\\\/presidente-maduro-reitera-llamado-al-dialogo-por-la-paz\\\/#primaryimage\"},\"image\":{\"@id\":\"https:\\\/\\\/stage3.rnv.gob.ve\\\/wp\\\/presidente-maduro-reitera-llamado-al-dialogo-por-la-paz\\\/#primaryimage\"},\"thumbnailUrl\":\"\",\"datePublished\":\"2017-04-01T00:35:45+00:00\",\"breadcrumb\":{\"@id\":\"https:\\\/\\\/stage3.rnv.gob.ve\\\/wp\\\/presidente-maduro-reitera-llamado-al-dialogo-por-la-paz\\\/#breadcrumb\"},\"inLanguage\":\"es\",\"potentialAction\":[{\"@type\":\"ReadAction\",\"target\":[\"https:\\\/\\\/stage3.rnv.gob.ve\\\/wp\\\/presidente-maduro-reitera-llamado-al-dialogo-por-la-paz\\\/\"]}]},{\"@type\":\"ImageObject\",\"inLanguage\":\"es\",\"@id\":\"https:\\\/\\\/stage3.rnv.gob.ve\\\/wp\\\/presidente-maduro-reitera-llamado-al-dialogo-por-la-paz\\\/#primaryimage\",\"url\":\"\",\"contentUrl\":\"\"},{\"@type\":\"BreadcrumbList\",\"@id\":\"https:\\\/\\\/stage3.rnv.gob.ve\\\/wp\\\/presidente-maduro-reitera-llamado-al-dialogo-por-la-paz\\\/#breadcrumb\",\"itemListElement\":[{\"@type\":\"ListItem\",\"position\":1,\"name\":\"Portada\",\"item\":\"https:\\\/\\\/stage3.rnv.gob.ve\\\/wp\\\/\"},{\"@type\":\"ListItem\",\"position\":2,\"name\":\"Presidente Maduro Reitera Llamado Al Di\u00e1logo Por La Paz\"}]},{\"@type\":\"WebSite\",\"@id\":\"https:\\\/\\\/stage3.rnv.gob.ve\\\/wp\\\/#website\",\"url\":\"https:\\\/\\\/stage3.rnv.gob.ve\\\/wp\\\/\",\"name\":\"DEV RNV\",\"description\":\"Radio Nacional de Venezuela C.A.\",\"publisher\":{\"@id\":\"https:\\\/\\\/stage3.rnv.gob.ve\\\/wp\\\/#organization\"},\"potentialAction\":[{\"@type\":\"SearchAction\",\"target\":{\"@type\":\"EntryPoint\",\"urlTemplate\":\"https:\\\/\\\/stage3.rnv.gob.ve\\\/wp\\\/?s={search_term_string}\"},\"query-input\":{\"@type\":\"PropertyValueSpecification\",\"valueRequired\":true,\"valueName\":\"search_term_string\"}}],\"inLanguage\":\"es\"},{\"@type\":\"Organization\",\"@id\":\"https:\\\/\\\/stage3.rnv.gob.ve\\\/wp\\\/#organization\",\"name\":\"Radio Nacional de Venezuela C.A.\",\"url\":\"https:\\\/\\\/stage3.rnv.gob.ve\\\/wp\\\/\",\"logo\":{\"@type\":\"ImageObject\",\"inLanguage\":\"es\",\"@id\":\"https:\\\/\\\/stage3.rnv.gob.ve\\\/wp\\\/#\\\/schema\\\/logo\\\/image\\\/\",\"url\":\"http:\\\/\\\/rnv.ddns.net\\\/prensa\\\/wp-content\\\/uploads\\\/2022\\\/04\\\/rnv-1-300x227-1.jpg\",\"contentUrl\":\"http:\\\/\\\/rnv.ddns.net\\\/prensa\\\/wp-content\\\/uploads\\\/2022\\\/04\\\/rnv-1-300x227-1.jpg\",\"width\":800,\"height\":455,\"caption\":\"Radio Nacional de Venezuela C.A.\"},\"image\":{\"@id\":\"https:\\\/\\\/stage3.rnv.gob.ve\\\/wp\\\/#\\\/schema\\\/logo\\\/image\\\/\"},\"sameAs\":[\"https:\\\/\\\/www.facebook.com\\\/RadioNacionaldeVenezuela\",\"https:\\\/\\\/x.com\\\/RNVinformativa\",\"https:\\\/\\\/www.instagram.com\\\/rnvinformativa\\\/\",\"https:\\\/\\\/www.youtube.com\\\/user\\\/RNVContigo\"]},{\"@type\":\"Person\",\"@id\":\"https:\\\/\\\/stage3.rnv.gob.ve\\\/wp\\\/#\\\/schema\\\/person\\\/0862ce8cde332e0bc63b8a243f0eea2c\",\"name\":\"administrador\",\"sameAs\":[\"http:\\\/\\\/arnoldoeloy.net\"],\"url\":\"https:\\\/\\\/stage3.rnv.gob.ve\\\/wp\\\/author\\\/administrador\\\/\"}]}<\/script>\n<!-- \/ Yoast SEO plugin. -->","yoast_head_json":{"title":"Presidente Maduro reitera llamado al di\u00e1logo por la paz - DEV RNV","robots":{"index":"noindex","follow":"follow","max-snippet":"max-snippet:-1","max-image-preview":"max-image-preview:large","max-video-preview":"max-video-preview:-1"},"og_locale":"es_ES","og_type":"article","og_title":"Presidente Maduro reitera llamado al di\u00e1logo por la paz - DEV RNV","og_description":"El presidente de la Rep\u00fablica Bolivariana de Venezuela, Nicol\u00e1s Maduro, reiter\u00f3 este viernes su llamado\u00a0al di\u00e1logo con sectores de la oposici\u00f3n, para preservar la paz. \u00abLe insisto\u00a0a la oposici\u00f3n venezolana, vuelvan al camino del di\u00e1logo, de respeto a la soberan\u00eda\u00bb, expres\u00f3 el jefe de Estado durante el acto de clausura del I Seminario Internacional Venezuela [&hellip;]","og_url":"https:\/\/stage3.rnv.gob.ve\/wp\/presidente-maduro-reitera-llamado-al-dialogo-por-la-paz\/","og_site_name":"DEV RNV","article_publisher":"https:\/\/www.facebook.com\/RadioNacionaldeVenezuela","article_published_time":"2017-04-01T00:35:45+00:00","author":"administrador","twitter_card":"summary_large_image","twitter_creator":"@RNVinformativa","twitter_site":"@RNVinformativa","twitter_misc":{"Escrito por":"administrador","Tiempo estimado de lectura":"1 minuto"},"schema":{"@context":"https:\/\/schema.org","@graph":[{"@type":"Article","@id":"https:\/\/stage3.rnv.gob.ve\/wp\/presidente-maduro-reitera-llamado-al-dialogo-por-la-paz\/#article","isPartOf":{"@id":"https:\/\/stage3.rnv.gob.ve\/wp\/presidente-maduro-reitera-llamado-al-dialogo-por-la-paz\/"},"author":{"name":"administrador","@id":"https:\/\/stage3.rnv.gob.ve\/wp\/#\/schema\/person\/0862ce8cde332e0bc63b8a243f0eea2c"},"headline":"Presidente Maduro reitera llamado al di\u00e1logo por la paz","datePublished":"2017-04-01T00:35:45+00:00","mainEntityOfPage":{"@id":"https:\/\/stage3.rnv.gob.ve\/wp\/presidente-maduro-reitera-llamado-al-dialogo-por-la-paz\/"},"wordCount":203,"publisher":{"@id":"https:\/\/stage3.rnv.gob.ve\/wp\/#organization"},"image":{"@id":"https:\/\/stage3.rnv.gob.ve\/wp\/presidente-maduro-reitera-llamado-al-dialogo-por-la-paz\/#primaryimage"},"thumbnailUrl":"","keywords":["dialogo","dialogo nacional","jorge rodriguez","Nicol\u00e1s Maduro","oposicion"],"articleSection":["Pol\u00edtica"],"inLanguage":"es"},{"@type":"WebPage","@id":"https:\/\/stage3.rnv.gob.ve\/wp\/presidente-maduro-reitera-llamado-al-dialogo-por-la-paz\/","url":"https:\/\/stage3.rnv.gob.ve\/wp\/presidente-maduro-reitera-llamado-al-dialogo-por-la-paz\/","name":"Presidente Maduro reitera llamado al di\u00e1logo por la paz - DEV RNV","isPartOf":{"@id":"https:\/\/stage3.rnv.gob.ve\/wp\/#website"},"primaryImageOfPage":{"@id":"https:\/\/stage3.rnv.gob.ve\/wp\/presidente-maduro-reitera-llamado-al-dialogo-por-la-paz\/#primaryimage"},"image":{"@id":"https:\/\/stage3.rnv.gob.ve\/wp\/presidente-maduro-reitera-llamado-al-dialogo-por-la-paz\/#primaryimage"},"thumbnailUrl":"","datePublished":"2017-04-01T00:35:45+00:00","breadcrumb":{"@id":"https:\/\/stage3.rnv.gob.ve\/wp\/presidente-maduro-reitera-llamado-al-dialogo-por-la-paz\/#breadcrumb"},"inLanguage":"es","potentialAction":[{"@type":"ReadAction","target":["https:\/\/stage3.rnv.gob.ve\/wp\/presidente-maduro-reitera-llamado-al-dialogo-por-la-paz\/"]}]},{"@type":"ImageObject","inLanguage":"es","@id":"https:\/\/stage3.rnv.gob.ve\/wp\/presidente-maduro-reitera-llamado-al-dialogo-por-la-paz\/#primaryimage","url":"","contentUrl":""},{"@type":"BreadcrumbList","@id":"https:\/\/stage3.rnv.gob.ve\/wp\/presidente-maduro-reitera-llamado-al-dialogo-por-la-paz\/#breadcrumb","itemListElement":[{"@type":"ListItem","position":1,"name":"Portada","item":"https:\/\/stage3.rnv.gob.ve\/wp\/"},{"@type":"ListItem","position":2,"name":"Presidente Maduro Reitera Llamado Al Di\u00e1logo Por La Paz"}]},{"@type":"WebSite","@id":"https:\/\/stage3.rnv.gob.ve\/wp\/#website","url":"https:\/\/stage3.rnv.gob.ve\/wp\/","name":"DEV RNV","description":"Radio Nacional de Venezuela C.A.","publisher":{"@id":"https:\/\/stage3.rnv.gob.ve\/wp\/#organization"},"potentialAction":[{"@type":"SearchAction","target":{"@type":"EntryPoint","urlTemplate":"https:\/\/stage3.rnv.gob.ve\/wp\/?s={search_term_string}"},"query-input":{"@type":"PropertyValueSpecification","valueRequired":true,"valueName":"search_term_string"}}],"inLanguage":"es"},{"@type":"Organization","@id":"https:\/\/stage3.rnv.gob.ve\/wp\/#organization","name":"Radio Nacional de Venezuela C.A.","url":"https:\/\/stage3.rnv.gob.ve\/wp\/","logo":{"@type":"ImageObject","inLanguage":"es","@id":"https:\/\/stage3.rnv.gob.ve\/wp\/#\/schema\/logo\/image\/","url":"http:\/\/rnv.ddns.net\/prensa\/wp-content\/uploads\/2022\/04\/rnv-1-300x227-1.jpg","contentUrl":"http:\/\/rnv.ddns.net\/prensa\/wp-content\/uploads\/2022\/04\/rnv-1-300x227-1.jpg","width":800,"height":455,"caption":"Radio Nacional de Venezuela C.A."},"image":{"@id":"https:\/\/stage3.rnv.gob.ve\/wp\/#\/schema\/logo\/image\/"},"sameAs":["https:\/\/www.facebook.com\/RadioNacionaldeVenezuela","https:\/\/x.com\/RNVinformativa","https:\/\/www.instagram.com\/rnvinformativa\/","https:\/\/www.youtube.com\/user\/RNVContigo"]},{"@type":"Person","@id":"https:\/\/stage3.rnv.gob.ve\/wp\/#\/schema\/person\/0862ce8cde332e0bc63b8a243f0eea2c","name":"administrador","sameAs":["http:\/\/arnoldoeloy.net"],"url":"https:\/\/stage3.rnv.gob.ve\/wp\/author\/administrador\/"}]}},"jetpack_featured_media_url":"","_links":{"self":[{"href":"https:\/\/stage3.rnv.gob.ve\/wp\/wp-json\/wp\/v2\/posts\/129641","targetHints":{"allow":["GET"]}}],"collection":[{"href":"https:\/\/stage3.rnv.gob.ve\/wp\/wp-json\/wp\/v2\/posts"}],"about":[{"href":"https:\/\/stage3.rnv.gob.ve\/wp\/wp-json\/wp\/v2\/types\/post"}],"author":[{"embeddable":true,"href":"https:\/\/stage3.rnv.gob.ve\/wp\/wp-json\/wp\/v2\/users\/1"}],"replies":[{"embeddable":true,"href":"https:\/\/stage3.rnv.gob.ve\/wp\/wp-json\/wp\/v2\/comments?post=129641"}],"version-history":[{"count":0,"href":"https:\/\/stage3.rnv.gob.ve\/wp\/wp-json\/wp\/v2\/posts\/129641\/revisions"}],"wp:featuredmedia":[{"embeddable":true,"href":"https:\/\/stage3.rnv.gob.ve\/wp\/wp-json\/"}],"wp:attachment":[{"href":"https:\/\/stage3.rnv.gob.ve\/wp\/wp-json\/wp\/v2\/media?parent=129641"}],"wp:term":[{"taxonomy":"category","embeddable":true,"href":"https:\/\/stage3.rnv.gob.ve\/wp\/wp-json\/wp\/v2\/categories?post=129641"},{"taxonomy":"post_tag","embeddable":true,"href":"https:\/\/stage3.rnv.gob.ve\/wp\/wp-json\/wp\/v2\/tags?post=129641"}],"curies":[{"name":"wp","href":"https:\/\/api.w.org\/{rel}","templated":true}]}}