{"id":129293,"date":"2017-03-30T20:49:31","date_gmt":"2017-03-31T01:19:31","guid":{"rendered":"http:\/\/wpeditor.rnv.gob.ve\/?p=129293"},"modified":"2026-04-14T21:35:23","modified_gmt":"2026-04-15T01:35:23","slug":"en-abril-lanzaran-consulta-sobre-uso-y-contenidos-de-redes-sociales","status":"publish","type":"post","link":"https:\/\/stage3.rnv.gob.ve\/wp\/en-abril-lanzaran-consulta-sobre-uso-y-contenidos-de-redes-sociales\/","title":{"rendered":"\u00a1En abril! Lanzar\u00e1n consulta sobre uso y contenidos de redes sociales"},"content":{"rendered":"<p><img fetchpriority=\"high\" decoding=\"async\" class=\" wp-image-129295 alignleft\" src=\"http:\/\/wpeditor.rnv.gob.ve\/app\/uploads\/2017\/03\/img_18851437760541-300x200.jpg\" alt=\"img_18851437760541\" width=\"330\" height=\"220\" \/>Este jueves, durante el programa <em>En la Palestra<\/em> que transmite RNV Informativa, el viceministro para Comunidades Educativas y Uni\u00f3n con el Pueblo, Yeison Guzm\u00e1n, alert\u00f3 que padres y representantes desconocen cu\u00e1les son los contenidos a los que acceden sus hijos en redes sociales.<\/p>\n<p>\u00abContenidos pornogr\u00e1ficos, violentos, contenidos que no se corresponden con las herramientas del conocimiento. Si no abordamos este tema, nosotros estar\u00edamos enfrentando un problema de magnitudes mayores\u00bb.<\/p>\n<p>Para atacar esta problem\u00e1tica, anunci\u00f3 la aplicaci\u00f3n de una consulta en abril sobre conocimiento, contenido y conciencia tanto en familia, como en estudiantes y docentes, respecto al uso de las redes sociales. \u00abEsa consulta va a estar dirigida a padres y representantes como un nivel de consulta\u00bb.<\/p>\n<p>Explic\u00f3 que \u00abun segundo nivel de consulta est\u00e1 dirigido a docentes y otro a los estudiantes, de modo que se pueda hacer esa triangulaci\u00f3n familia-escuela-estudiantes\u00bb. El fin de esta metodolog\u00eda es construir una visi\u00f3n real, adem\u00e1s de conciencia.<\/p>\n<p><strong>Contenidos para la liberaci\u00f3n del pueblo<\/strong><\/p>\n<p>Sostuvo que entre las tareas de la Revoluci\u00f3n Bolivariana est\u00e1 \u00abconstruir, desde los espacios digitales, contenidos que sean \u00fatiles para la liberaci\u00f3n de nuestro pueblo\u00bb.<\/p>\n<p>A partir de la avalancha de las redes sociales, enfatiz\u00f3 los retos que tiene la educaci\u00f3n venezolana en los j\u00f3venes: \u00abc\u00f3mo nosotros nos adecuamos a esta nueva tecnolog\u00eda y c\u00f3mo enfrentamos desde la educaci\u00f3n los problemas que est\u00e1n vinculados a la redes\u00bb.<\/p>\n<p>Igualmente, el viceminsitro resalt\u00f3 las posibilidades que brindan los mecanismos digitales \u00aby que mejor que este espacio de Venez<img decoding=\"async\" class=\" wp-image-129297 alignright\" src=\"http:\/\/wpeditor.rnv.gob.ve\/app\/uploads\/2017\/03\/0012205483-300x169.jpg\" alt=\"0012205483\" width=\"330\" height=\"186\" \/>uela Digital para poner algunos temas en el tapete. El primero, la masificaci\u00f3n de las canaimas como un instrumento real, como una herramienta de educaci\u00f3n de nuestros hijos pero ahora c\u00f3mo la utilizamos como complemento, a trav\u00e9s de toda esa gama de posibilidades de acceso a la informaci\u00f3n que sea \u00fatil, pertinente y consciente la que reciban nuestros ni\u00f1os y j\u00f3venes\u00bb.<\/p>\n<p>Guzm\u00e1n apunt\u00f3 el tema de la influencia de los medios de comunicaci\u00f3n y redes sociales en los j\u00f3venes. \u00abC\u00f3mo nosotros enfrentamos ese problema sin convertirlo en un tab\u00fa, sin que se convierta en un problema pol\u00edtico o quieran interpretarlo como una limitaci\u00f3n al uso de las redes, sino c\u00f3mo construimos un discurso cr\u00edtico sobre los contenidos\u00bb.<\/p>\n<p><strong>Escuche al viceministro para Comunidades Educativas y Uni\u00f3n con el Pueblo, Yeison Guzm\u00e1n<\/strong><\/p>\n<audio class=\"wp-audio-shortcode\" id=\"audio-129293-1\" preload=\"none\" style=\"width: 100%;\" controls=\"controls\"><source type=\"audio\/mpeg\" src=\"http:\/\/wpeditor.rnv.gob.ve\/app\/uploads\/2017\/03\/PALESTRA-2.mp3?_=1\" \/><a href=\"http:\/\/wpeditor.rnv.gob.ve\/app\/uploads\/2017\/03\/PALESTRA-2.mp3\">http:\/\/wpeditor.rnv.gob.ve\/app\/uploads\/2017\/03\/PALESTRA-2.mp3<\/a><\/audio>\n<p><strong>T\/RNV Web\/DR<\/strong><\/p>\n","protected":false},"excerpt":{"rendered":"<p>Este jueves, durante el programa En la Palestra que transmite RNV Informativa, el viceministro para Comunidades Educativas y Uni\u00f3n con el Pueblo, Yeison Guzm\u00e1n, alert\u00f3 que padres y representantes desconocen cu\u00e1les son los contenidos a los que acceden sus hijos en redes sociales. \u00abContenidos pornogr\u00e1ficos, violentos, contenidos que no se corresponden con las herramientas del [&hellip;]<\/p>\n","protected":false},"author":1,"featured_media":129295,"comment_status":"closed","ping_status":"open","sticky":false,"template":"","format":"standard","meta":{"_acf_changed":false,"footnotes":""},"categories":[73,65],"tags":[4353,13563,5412,138,13535],"class_list":["post-129293","post","type-post","status-publish","format-standard","has-post-thumbnail","hentry","category-ciencia-y-tecnologia","category-nacional","tag-consulta","tag-contenidos","tag-redes-sociales","tag-uso","tag-venezuela-digital-2017"],"acf":[],"yoast_head":"<!-- This site is optimized with the Yoast SEO plugin v27.4 - https:\/\/yoast.com\/product\/yoast-seo-wordpress\/ -->\n<title>\u00a1En abril! Lanzar\u00e1n consulta sobre uso y contenidos de redes sociales - DEV RNV<\/title>\n<meta name=\"robots\" content=\"noindex, follow, max-snippet:-1, max-image-preview:large, max-video-preview:-1\" \/>\n<meta property=\"og:locale\" content=\"es_ES\" \/>\n<meta property=\"og:type\" content=\"article\" \/>\n<meta property=\"og:title\" content=\"\u00a1En abril! Lanzar\u00e1n consulta sobre uso y contenidos de redes sociales - DEV RNV\" \/>\n<meta property=\"og:description\" content=\"Este jueves, durante el programa En la Palestra que transmite RNV Informativa, el viceministro para Comunidades Educativas y Uni\u00f3n con el Pueblo, Yeison Guzm\u00e1n, alert\u00f3 que padres y representantes desconocen cu\u00e1les son los contenidos a los que acceden sus hijos en redes sociales. \u00abContenidos pornogr\u00e1ficos, violentos, contenidos que no se corresponden con las herramientas del [&hellip;]\" \/>\n<meta property=\"og:url\" content=\"https:\/\/stage3.rnv.gob.ve\/wp\/en-abril-lanzaran-consulta-sobre-uso-y-contenidos-de-redes-sociales\/\" \/>\n<meta property=\"og:site_name\" content=\"DEV RNV\" \/>\n<meta property=\"article:publisher\" content=\"https:\/\/www.facebook.com\/RadioNacionaldeVenezuela\" \/>\n<meta property=\"article:published_time\" content=\"2017-03-31T01:19:31+00:00\" \/>\n<meta property=\"article:modified_time\" content=\"2026-04-15T01:35:23+00:00\" \/>\n<meta name=\"author\" content=\"administrador\" \/>\n<meta name=\"twitter:card\" content=\"summary_large_image\" \/>\n<meta name=\"twitter:creator\" content=\"@RNVinformativa\" \/>\n<meta name=\"twitter:site\" content=\"@RNVinformativa\" \/>\n<meta name=\"twitter:label1\" content=\"Escrito por\" \/>\n\t<meta name=\"twitter:data1\" content=\"administrador\" \/>\n\t<meta name=\"twitter:label2\" content=\"Tiempo estimado de lectura\" \/>\n\t<meta name=\"twitter:data2\" content=\"2 minutos\" \/>\n<script type=\"application\/ld+json\" class=\"yoast-schema-graph\">{\"@context\":\"https:\\\/\\\/schema.org\",\"@graph\":[{\"@type\":\"Article\",\"@id\":\"https:\\\/\\\/stage3.rnv.gob.ve\\\/wp\\\/en-abril-lanzaran-consulta-sobre-uso-y-contenidos-de-redes-sociales\\\/#article\",\"isPartOf\":{\"@id\":\"https:\\\/\\\/stage3.rnv.gob.ve\\\/wp\\\/en-abril-lanzaran-consulta-sobre-uso-y-contenidos-de-redes-sociales\\\/\"},\"author\":{\"name\":\"administrador\",\"@id\":\"https:\\\/\\\/stage3.rnv.gob.ve\\\/wp\\\/#\\\/schema\\\/person\\\/0862ce8cde332e0bc63b8a243f0eea2c\"},\"headline\":\"\u00a1En abril! Lanzar\u00e1n consulta sobre uso y contenidos de redes sociales\",\"datePublished\":\"2017-03-31T01:19:31+00:00\",\"dateModified\":\"2026-04-15T01:35:23+00:00\",\"mainEntityOfPage\":{\"@id\":\"https:\\\/\\\/stage3.rnv.gob.ve\\\/wp\\\/en-abril-lanzaran-consulta-sobre-uso-y-contenidos-de-redes-sociales\\\/\"},\"wordCount\":441,\"publisher\":{\"@id\":\"https:\\\/\\\/stage3.rnv.gob.ve\\\/wp\\\/#organization\"},\"image\":{\"@id\":\"https:\\\/\\\/stage3.rnv.gob.ve\\\/wp\\\/en-abril-lanzaran-consulta-sobre-uso-y-contenidos-de-redes-sociales\\\/#primaryimage\"},\"thumbnailUrl\":\"\",\"keywords\":[\"consulta\",\"contenidos\",\"redes sociales\",\"uso\",\"Venezuela Digital 2017\"],\"articleSection\":[\"Ciencia y Tecnolog\u00eda\",\"Nacional\"],\"inLanguage\":\"es\"},{\"@type\":\"WebPage\",\"@id\":\"https:\\\/\\\/stage3.rnv.gob.ve\\\/wp\\\/en-abril-lanzaran-consulta-sobre-uso-y-contenidos-de-redes-sociales\\\/\",\"url\":\"https:\\\/\\\/stage3.rnv.gob.ve\\\/wp\\\/en-abril-lanzaran-consulta-sobre-uso-y-contenidos-de-redes-sociales\\\/\",\"name\":\"\u00a1En abril! Lanzar\u00e1n consulta sobre uso y contenidos de redes sociales - DEV RNV\",\"isPartOf\":{\"@id\":\"https:\\\/\\\/stage3.rnv.gob.ve\\\/wp\\\/#website\"},\"primaryImageOfPage\":{\"@id\":\"https:\\\/\\\/stage3.rnv.gob.ve\\\/wp\\\/en-abril-lanzaran-consulta-sobre-uso-y-contenidos-de-redes-sociales\\\/#primaryimage\"},\"image\":{\"@id\":\"https:\\\/\\\/stage3.rnv.gob.ve\\\/wp\\\/en-abril-lanzaran-consulta-sobre-uso-y-contenidos-de-redes-sociales\\\/#primaryimage\"},\"thumbnailUrl\":\"\",\"datePublished\":\"2017-03-31T01:19:31+00:00\",\"dateModified\":\"2026-04-15T01:35:23+00:00\",\"breadcrumb\":{\"@id\":\"https:\\\/\\\/stage3.rnv.gob.ve\\\/wp\\\/en-abril-lanzaran-consulta-sobre-uso-y-contenidos-de-redes-sociales\\\/#breadcrumb\"},\"inLanguage\":\"es\",\"potentialAction\":[{\"@type\":\"ReadAction\",\"target\":[\"https:\\\/\\\/stage3.rnv.gob.ve\\\/wp\\\/en-abril-lanzaran-consulta-sobre-uso-y-contenidos-de-redes-sociales\\\/\"]}]},{\"@type\":\"ImageObject\",\"inLanguage\":\"es\",\"@id\":\"https:\\\/\\\/stage3.rnv.gob.ve\\\/wp\\\/en-abril-lanzaran-consulta-sobre-uso-y-contenidos-de-redes-sociales\\\/#primaryimage\",\"url\":\"\",\"contentUrl\":\"\"},{\"@type\":\"BreadcrumbList\",\"@id\":\"https:\\\/\\\/stage3.rnv.gob.ve\\\/wp\\\/en-abril-lanzaran-consulta-sobre-uso-y-contenidos-de-redes-sociales\\\/#breadcrumb\",\"itemListElement\":[{\"@type\":\"ListItem\",\"position\":1,\"name\":\"Portada\",\"item\":\"https:\\\/\\\/stage3.rnv.gob.ve\\\/wp\\\/\"},{\"@type\":\"ListItem\",\"position\":2,\"name\":\"\u00a1En Abril! Lanzar\u00e1n Consulta Sobre Uso Y Contenidos De Redes Sociales\"}]},{\"@type\":\"WebSite\",\"@id\":\"https:\\\/\\\/stage3.rnv.gob.ve\\\/wp\\\/#website\",\"url\":\"https:\\\/\\\/stage3.rnv.gob.ve\\\/wp\\\/\",\"name\":\"DEV RNV\",\"description\":\"Radio Nacional de Venezuela C.A.\",\"publisher\":{\"@id\":\"https:\\\/\\\/stage3.rnv.gob.ve\\\/wp\\\/#organization\"},\"potentialAction\":[{\"@type\":\"SearchAction\",\"target\":{\"@type\":\"EntryPoint\",\"urlTemplate\":\"https:\\\/\\\/stage3.rnv.gob.ve\\\/wp\\\/?s={search_term_string}\"},\"query-input\":{\"@type\":\"PropertyValueSpecification\",\"valueRequired\":true,\"valueName\":\"search_term_string\"}}],\"inLanguage\":\"es\"},{\"@type\":\"Organization\",\"@id\":\"https:\\\/\\\/stage3.rnv.gob.ve\\\/wp\\\/#organization\",\"name\":\"Radio Nacional de Venezuela C.A.\",\"url\":\"https:\\\/\\\/stage3.rnv.gob.ve\\\/wp\\\/\",\"logo\":{\"@type\":\"ImageObject\",\"inLanguage\":\"es\",\"@id\":\"https:\\\/\\\/stage3.rnv.gob.ve\\\/wp\\\/#\\\/schema\\\/logo\\\/image\\\/\",\"url\":\"http:\\\/\\\/rnv.ddns.net\\\/prensa\\\/wp-content\\\/uploads\\\/2022\\\/04\\\/rnv-1-300x227-1.jpg\",\"contentUrl\":\"http:\\\/\\\/rnv.ddns.net\\\/prensa\\\/wp-content\\\/uploads\\\/2022\\\/04\\\/rnv-1-300x227-1.jpg\",\"width\":800,\"height\":455,\"caption\":\"Radio Nacional de Venezuela C.A.\"},\"image\":{\"@id\":\"https:\\\/\\\/stage3.rnv.gob.ve\\\/wp\\\/#\\\/schema\\\/logo\\\/image\\\/\"},\"sameAs\":[\"https:\\\/\\\/www.facebook.com\\\/RadioNacionaldeVenezuela\",\"https:\\\/\\\/x.com\\\/RNVinformativa\",\"https:\\\/\\\/www.instagram.com\\\/rnvinformativa\\\/\",\"https:\\\/\\\/www.youtube.com\\\/user\\\/RNVContigo\"]},{\"@type\":\"Person\",\"@id\":\"https:\\\/\\\/stage3.rnv.gob.ve\\\/wp\\\/#\\\/schema\\\/person\\\/0862ce8cde332e0bc63b8a243f0eea2c\",\"name\":\"administrador\",\"sameAs\":[\"http:\\\/\\\/arnoldoeloy.net\"],\"url\":\"https:\\\/\\\/stage3.rnv.gob.ve\\\/wp\\\/author\\\/administrador\\\/\"}]}<\/script>\n<!-- \/ Yoast SEO plugin. -->","yoast_head_json":{"title":"\u00a1En abril! Lanzar\u00e1n consulta sobre uso y contenidos de redes sociales - DEV RNV","robots":{"index":"noindex","follow":"follow","max-snippet":"max-snippet:-1","max-image-preview":"max-image-preview:large","max-video-preview":"max-video-preview:-1"},"og_locale":"es_ES","og_type":"article","og_title":"\u00a1En abril! Lanzar\u00e1n consulta sobre uso y contenidos de redes sociales - DEV RNV","og_description":"Este jueves, durante el programa En la Palestra que transmite RNV Informativa, el viceministro para Comunidades Educativas y Uni\u00f3n con el Pueblo, Yeison Guzm\u00e1n, alert\u00f3 que padres y representantes desconocen cu\u00e1les son los contenidos a los que acceden sus hijos en redes sociales. \u00abContenidos pornogr\u00e1ficos, violentos, contenidos que no se corresponden con las herramientas del [&hellip;]","og_url":"https:\/\/stage3.rnv.gob.ve\/wp\/en-abril-lanzaran-consulta-sobre-uso-y-contenidos-de-redes-sociales\/","og_site_name":"DEV RNV","article_publisher":"https:\/\/www.facebook.com\/RadioNacionaldeVenezuela","article_published_time":"2017-03-31T01:19:31+00:00","article_modified_time":"2026-04-15T01:35:23+00:00","author":"administrador","twitter_card":"summary_large_image","twitter_creator":"@RNVinformativa","twitter_site":"@RNVinformativa","twitter_misc":{"Escrito por":"administrador","Tiempo estimado de lectura":"2 minutos"},"schema":{"@context":"https:\/\/schema.org","@graph":[{"@type":"Article","@id":"https:\/\/stage3.rnv.gob.ve\/wp\/en-abril-lanzaran-consulta-sobre-uso-y-contenidos-de-redes-sociales\/#article","isPartOf":{"@id":"https:\/\/stage3.rnv.gob.ve\/wp\/en-abril-lanzaran-consulta-sobre-uso-y-contenidos-de-redes-sociales\/"},"author":{"name":"administrador","@id":"https:\/\/stage3.rnv.gob.ve\/wp\/#\/schema\/person\/0862ce8cde332e0bc63b8a243f0eea2c"},"headline":"\u00a1En abril! Lanzar\u00e1n consulta sobre uso y contenidos de redes sociales","datePublished":"2017-03-31T01:19:31+00:00","dateModified":"2026-04-15T01:35:23+00:00","mainEntityOfPage":{"@id":"https:\/\/stage3.rnv.gob.ve\/wp\/en-abril-lanzaran-consulta-sobre-uso-y-contenidos-de-redes-sociales\/"},"wordCount":441,"publisher":{"@id":"https:\/\/stage3.rnv.gob.ve\/wp\/#organization"},"image":{"@id":"https:\/\/stage3.rnv.gob.ve\/wp\/en-abril-lanzaran-consulta-sobre-uso-y-contenidos-de-redes-sociales\/#primaryimage"},"thumbnailUrl":"","keywords":["consulta","contenidos","redes sociales","uso","Venezuela Digital 2017"],"articleSection":["Ciencia y Tecnolog\u00eda","Nacional"],"inLanguage":"es"},{"@type":"WebPage","@id":"https:\/\/stage3.rnv.gob.ve\/wp\/en-abril-lanzaran-consulta-sobre-uso-y-contenidos-de-redes-sociales\/","url":"https:\/\/stage3.rnv.gob.ve\/wp\/en-abril-lanzaran-consulta-sobre-uso-y-contenidos-de-redes-sociales\/","name":"\u00a1En abril! Lanzar\u00e1n consulta sobre uso y contenidos de redes sociales - DEV RNV","isPartOf":{"@id":"https:\/\/stage3.rnv.gob.ve\/wp\/#website"},"primaryImageOfPage":{"@id":"https:\/\/stage3.rnv.gob.ve\/wp\/en-abril-lanzaran-consulta-sobre-uso-y-contenidos-de-redes-sociales\/#primaryimage"},"image":{"@id":"https:\/\/stage3.rnv.gob.ve\/wp\/en-abril-lanzaran-consulta-sobre-uso-y-contenidos-de-redes-sociales\/#primaryimage"},"thumbnailUrl":"","datePublished":"2017-03-31T01:19:31+00:00","dateModified":"2026-04-15T01:35:23+00:00","breadcrumb":{"@id":"https:\/\/stage3.rnv.gob.ve\/wp\/en-abril-lanzaran-consulta-sobre-uso-y-contenidos-de-redes-sociales\/#breadcrumb"},"inLanguage":"es","potentialAction":[{"@type":"ReadAction","target":["https:\/\/stage3.rnv.gob.ve\/wp\/en-abril-lanzaran-consulta-sobre-uso-y-contenidos-de-redes-sociales\/"]}]},{"@type":"ImageObject","inLanguage":"es","@id":"https:\/\/stage3.rnv.gob.ve\/wp\/en-abril-lanzaran-consulta-sobre-uso-y-contenidos-de-redes-sociales\/#primaryimage","url":"","contentUrl":""},{"@type":"BreadcrumbList","@id":"https:\/\/stage3.rnv.gob.ve\/wp\/en-abril-lanzaran-consulta-sobre-uso-y-contenidos-de-redes-sociales\/#breadcrumb","itemListElement":[{"@type":"ListItem","position":1,"name":"Portada","item":"https:\/\/stage3.rnv.gob.ve\/wp\/"},{"@type":"ListItem","position":2,"name":"\u00a1En Abril! Lanzar\u00e1n Consulta Sobre Uso Y Contenidos De Redes Sociales"}]},{"@type":"WebSite","@id":"https:\/\/stage3.rnv.gob.ve\/wp\/#website","url":"https:\/\/stage3.rnv.gob.ve\/wp\/","name":"DEV RNV","description":"Radio Nacional de Venezuela C.A.","publisher":{"@id":"https:\/\/stage3.rnv.gob.ve\/wp\/#organization"},"potentialAction":[{"@type":"SearchAction","target":{"@type":"EntryPoint","urlTemplate":"https:\/\/stage3.rnv.gob.ve\/wp\/?s={search_term_string}"},"query-input":{"@type":"PropertyValueSpecification","valueRequired":true,"valueName":"search_term_string"}}],"inLanguage":"es"},{"@type":"Organization","@id":"https:\/\/stage3.rnv.gob.ve\/wp\/#organization","name":"Radio Nacional de Venezuela C.A.","url":"https:\/\/stage3.rnv.gob.ve\/wp\/","logo":{"@type":"ImageObject","inLanguage":"es","@id":"https:\/\/stage3.rnv.gob.ve\/wp\/#\/schema\/logo\/image\/","url":"http:\/\/rnv.ddns.net\/prensa\/wp-content\/uploads\/2022\/04\/rnv-1-300x227-1.jpg","contentUrl":"http:\/\/rnv.ddns.net\/prensa\/wp-content\/uploads\/2022\/04\/rnv-1-300x227-1.jpg","width":800,"height":455,"caption":"Radio Nacional de Venezuela C.A."},"image":{"@id":"https:\/\/stage3.rnv.gob.ve\/wp\/#\/schema\/logo\/image\/"},"sameAs":["https:\/\/www.facebook.com\/RadioNacionaldeVenezuela","https:\/\/x.com\/RNVinformativa","https:\/\/www.instagram.com\/rnvinformativa\/","https:\/\/www.youtube.com\/user\/RNVContigo"]},{"@type":"Person","@id":"https:\/\/stage3.rnv.gob.ve\/wp\/#\/schema\/person\/0862ce8cde332e0bc63b8a243f0eea2c","name":"administrador","sameAs":["http:\/\/arnoldoeloy.net"],"url":"https:\/\/stage3.rnv.gob.ve\/wp\/author\/administrador\/"}]}},"jetpack_featured_media_url":"","_links":{"self":[{"href":"https:\/\/stage3.rnv.gob.ve\/wp\/wp-json\/wp\/v2\/posts\/129293","targetHints":{"allow":["GET"]}}],"collection":[{"href":"https:\/\/stage3.rnv.gob.ve\/wp\/wp-json\/wp\/v2\/posts"}],"about":[{"href":"https:\/\/stage3.rnv.gob.ve\/wp\/wp-json\/wp\/v2\/types\/post"}],"author":[{"embeddable":true,"href":"https:\/\/stage3.rnv.gob.ve\/wp\/wp-json\/wp\/v2\/users\/1"}],"replies":[{"embeddable":true,"href":"https:\/\/stage3.rnv.gob.ve\/wp\/wp-json\/wp\/v2\/comments?post=129293"}],"version-history":[{"count":0,"href":"https:\/\/stage3.rnv.gob.ve\/wp\/wp-json\/wp\/v2\/posts\/129293\/revisions"}],"wp:featuredmedia":[{"embeddable":true,"href":"https:\/\/stage3.rnv.gob.ve\/wp\/wp-json\/"}],"wp:attachment":[{"href":"https:\/\/stage3.rnv.gob.ve\/wp\/wp-json\/wp\/v2\/media?parent=129293"}],"wp:term":[{"taxonomy":"category","embeddable":true,"href":"https:\/\/stage3.rnv.gob.ve\/wp\/wp-json\/wp\/v2\/categories?post=129293"},{"taxonomy":"post_tag","embeddable":true,"href":"https:\/\/stage3.rnv.gob.ve\/wp\/wp-json\/wp\/v2\/tags?post=129293"}],"curies":[{"name":"wp","href":"https:\/\/api.w.org\/{rel}","templated":true}]}}