{"id":129121,"date":"2017-03-30T11:12:30","date_gmt":"2017-03-30T15:42:30","guid":{"rendered":"http:\/\/wpeditor.rnv.gob.ve\/?p=129121"},"modified":"2026-04-14T21:08:28","modified_gmt":"2026-04-15T01:08:28","slug":"antonio-diaz-comenzara-la-competencia-en-open-de-dubai","status":"publish","type":"post","link":"https:\/\/stage3.rnv.gob.ve\/wp\/antonio-diaz-comenzara-la-competencia-en-open-de-dubai\/","title":{"rendered":"Antonio D\u00edaz comenzar\u00e1 la competencia en Open de Dubai"},"content":{"rendered":"<p><img fetchpriority=\"high\" decoding=\"async\" class=\"aligncenter size-full wp-image-129123\" src=\"http:\/\/wpeditor.rnv.gob.ve\/app\/uploads\/2017\/03\/antonio.jpg\" alt=\"antonio\" width=\"580\" height=\"300\" \/><\/p>\n<p>El karateca venezolano Antonio D\u00edaz qued\u00f3 listo para debutar en competencias oficiales internacionales desde ma\u00f1ana (viernes) en el marco de la Premier League Karate 1.<\/p>\n<p>La prueba en la que tomar\u00e1 parte el karateca de la modalidad de kata es en el Open de Dubai, tercera v\u00e1lida puntuable del mencionado circuito rentado mundial.<\/p>\n<p>Previo a ella se realizaron v\u00e1lidas en Rottederman (Holanda) Y Par\u00eds (Francia).<\/p>\n<p>El venezolano termin\u00f3 de foguearse en el el 32 festival de Artes Marciales en el Accorhotels Arena de Par\u00eds. Organizado por la revista francesa Karat\u00e9 Bushido, celebrado el pasado fin de semana en suelo franc\u00e9s. Fue su cuarta participaci\u00f3n en el evento de exhibici\u00f3n galo.<\/p>\n<p>D\u00edaz decidi\u00f3 bajar las cargas competitivas este a\u00f1o mientras se termina de definir cu\u00e1l es el camino clasificatorio para los Juegos Ol\u00edmpicos Tokio 2020.<\/p>\n<p>Los World Games se estar\u00e1n realizando en Polonia entre el 24 y 25 de julio. Hay que recordar que el criollo es el monarca de kata y medallista de oro de estas justas que re\u00fanen a muchos deportes que no aparecen en el calendario de karate de los JJOO.<\/p>\n<p><em><strong>T\/RNV\/WCA\/PrensaDialcomm<\/strong><\/em><\/p>\n","protected":false},"excerpt":{"rendered":"<p>El karateca venezolano Antonio D\u00edaz qued\u00f3 listo para debutar en competencias oficiales internacionales desde ma\u00f1ana (viernes) en el marco de la Premier League Karate 1. La prueba en la que tomar\u00e1 parte el karateca de la modalidad de kata es en el Open de Dubai, tercera v\u00e1lida puntuable del mencionado circuito rentado mundial. Previo a [&hellip;]<\/p>\n","protected":false},"author":1,"featured_media":129123,"comment_status":"closed","ping_status":"open","sticky":false,"template":"","format":"standard","meta":{"_acf_changed":false,"footnotes":""},"categories":[56],"tags":[115,8878,2091,4930,839,914,82,13545,104,476],"class_list":["post-129121","post","type-post","status-publish","format-standard","has-post-thumbnail","hentry","category-deporte","tag-deportes","tag-dubai","tag-karate","tag-kata","tag-mundial","tag-olimpicos","tag-rnv","tag-tokio2020-polonia","tag-venezuela","tag-venezuela-deportiva"],"acf":[],"yoast_head":"<!-- This site is optimized with the Yoast SEO plugin v27.4 - https:\/\/yoast.com\/product\/yoast-seo-wordpress\/ -->\n<title>Antonio D\u00edaz comenzar\u00e1 la competencia en Open de Dubai - DEV RNV<\/title>\n<meta name=\"robots\" content=\"noindex, follow, max-snippet:-1, max-image-preview:large, max-video-preview:-1\" \/>\n<meta property=\"og:locale\" content=\"es_ES\" \/>\n<meta property=\"og:type\" content=\"article\" \/>\n<meta property=\"og:title\" content=\"Antonio D\u00edaz comenzar\u00e1 la competencia en Open de Dubai - DEV RNV\" \/>\n<meta property=\"og:description\" content=\"El karateca venezolano Antonio D\u00edaz qued\u00f3 listo para debutar en competencias oficiales internacionales desde ma\u00f1ana (viernes) en el marco de la Premier League Karate 1. La prueba en la que tomar\u00e1 parte el karateca de la modalidad de kata es en el Open de Dubai, tercera v\u00e1lida puntuable del mencionado circuito rentado mundial. Previo a [&hellip;]\" \/>\n<meta property=\"og:url\" content=\"https:\/\/stage3.rnv.gob.ve\/wp\/antonio-diaz-comenzara-la-competencia-en-open-de-dubai\/\" \/>\n<meta property=\"og:site_name\" content=\"DEV RNV\" \/>\n<meta property=\"article:publisher\" content=\"https:\/\/www.facebook.com\/RadioNacionaldeVenezuela\" \/>\n<meta property=\"article:published_time\" content=\"2017-03-30T15:42:30+00:00\" \/>\n<meta property=\"article:modified_time\" content=\"2026-04-15T01:08:28+00:00\" \/>\n<meta name=\"author\" content=\"administrador\" \/>\n<meta name=\"twitter:card\" content=\"summary_large_image\" \/>\n<meta name=\"twitter:creator\" content=\"@RNVinformativa\" \/>\n<meta name=\"twitter:site\" content=\"@RNVinformativa\" \/>\n<meta name=\"twitter:label1\" content=\"Escrito por\" \/>\n\t<meta name=\"twitter:data1\" content=\"administrador\" \/>\n\t<meta name=\"twitter:label2\" content=\"Tiempo estimado de lectura\" \/>\n\t<meta name=\"twitter:data2\" content=\"1 minuto\" \/>\n<script type=\"application\/ld+json\" class=\"yoast-schema-graph\">{\"@context\":\"https:\\\/\\\/schema.org\",\"@graph\":[{\"@type\":\"Article\",\"@id\":\"https:\\\/\\\/stage3.rnv.gob.ve\\\/wp\\\/antonio-diaz-comenzara-la-competencia-en-open-de-dubai\\\/#article\",\"isPartOf\":{\"@id\":\"https:\\\/\\\/stage3.rnv.gob.ve\\\/wp\\\/antonio-diaz-comenzara-la-competencia-en-open-de-dubai\\\/\"},\"author\":{\"name\":\"administrador\",\"@id\":\"https:\\\/\\\/stage3.rnv.gob.ve\\\/wp\\\/#\\\/schema\\\/person\\\/0862ce8cde332e0bc63b8a243f0eea2c\"},\"headline\":\"Antonio D\u00edaz comenzar\u00e1 la competencia en Open de Dubai\",\"datePublished\":\"2017-03-30T15:42:30+00:00\",\"dateModified\":\"2026-04-15T01:08:28+00:00\",\"mainEntityOfPage\":{\"@id\":\"https:\\\/\\\/stage3.rnv.gob.ve\\\/wp\\\/antonio-diaz-comenzara-la-competencia-en-open-de-dubai\\\/\"},\"wordCount\":207,\"publisher\":{\"@id\":\"https:\\\/\\\/stage3.rnv.gob.ve\\\/wp\\\/#organization\"},\"image\":{\"@id\":\"https:\\\/\\\/stage3.rnv.gob.ve\\\/wp\\\/antonio-diaz-comenzara-la-competencia-en-open-de-dubai\\\/#primaryimage\"},\"thumbnailUrl\":\"\",\"keywords\":[\"deportes\",\"dubai\",\"karate\",\"kata\",\"mundial\",\"ol\u00edmpicos\",\"RNV\",\"tokio2020.polonia\",\"Venezuela\",\"Venezuela Deportiva\"],\"articleSection\":[\"Deporte\"],\"inLanguage\":\"es\"},{\"@type\":\"WebPage\",\"@id\":\"https:\\\/\\\/stage3.rnv.gob.ve\\\/wp\\\/antonio-diaz-comenzara-la-competencia-en-open-de-dubai\\\/\",\"url\":\"https:\\\/\\\/stage3.rnv.gob.ve\\\/wp\\\/antonio-diaz-comenzara-la-competencia-en-open-de-dubai\\\/\",\"name\":\"Antonio D\u00edaz comenzar\u00e1 la competencia en Open de Dubai - DEV RNV\",\"isPartOf\":{\"@id\":\"https:\\\/\\\/stage3.rnv.gob.ve\\\/wp\\\/#website\"},\"primaryImageOfPage\":{\"@id\":\"https:\\\/\\\/stage3.rnv.gob.ve\\\/wp\\\/antonio-diaz-comenzara-la-competencia-en-open-de-dubai\\\/#primaryimage\"},\"image\":{\"@id\":\"https:\\\/\\\/stage3.rnv.gob.ve\\\/wp\\\/antonio-diaz-comenzara-la-competencia-en-open-de-dubai\\\/#primaryimage\"},\"thumbnailUrl\":\"\",\"datePublished\":\"2017-03-30T15:42:30+00:00\",\"dateModified\":\"2026-04-15T01:08:28+00:00\",\"breadcrumb\":{\"@id\":\"https:\\\/\\\/stage3.rnv.gob.ve\\\/wp\\\/antonio-diaz-comenzara-la-competencia-en-open-de-dubai\\\/#breadcrumb\"},\"inLanguage\":\"es\",\"potentialAction\":[{\"@type\":\"ReadAction\",\"target\":[\"https:\\\/\\\/stage3.rnv.gob.ve\\\/wp\\\/antonio-diaz-comenzara-la-competencia-en-open-de-dubai\\\/\"]}]},{\"@type\":\"ImageObject\",\"inLanguage\":\"es\",\"@id\":\"https:\\\/\\\/stage3.rnv.gob.ve\\\/wp\\\/antonio-diaz-comenzara-la-competencia-en-open-de-dubai\\\/#primaryimage\",\"url\":\"\",\"contentUrl\":\"\"},{\"@type\":\"BreadcrumbList\",\"@id\":\"https:\\\/\\\/stage3.rnv.gob.ve\\\/wp\\\/antonio-diaz-comenzara-la-competencia-en-open-de-dubai\\\/#breadcrumb\",\"itemListElement\":[{\"@type\":\"ListItem\",\"position\":1,\"name\":\"Portada\",\"item\":\"https:\\\/\\\/stage3.rnv.gob.ve\\\/wp\\\/\"},{\"@type\":\"ListItem\",\"position\":2,\"name\":\"Antonio D\u00edaz Comenzar\u00e1 La Competencia En Open De Dubai\"}]},{\"@type\":\"WebSite\",\"@id\":\"https:\\\/\\\/stage3.rnv.gob.ve\\\/wp\\\/#website\",\"url\":\"https:\\\/\\\/stage3.rnv.gob.ve\\\/wp\\\/\",\"name\":\"DEV RNV\",\"description\":\"Radio Nacional de Venezuela C.A.\",\"publisher\":{\"@id\":\"https:\\\/\\\/stage3.rnv.gob.ve\\\/wp\\\/#organization\"},\"potentialAction\":[{\"@type\":\"SearchAction\",\"target\":{\"@type\":\"EntryPoint\",\"urlTemplate\":\"https:\\\/\\\/stage3.rnv.gob.ve\\\/wp\\\/?s={search_term_string}\"},\"query-input\":{\"@type\":\"PropertyValueSpecification\",\"valueRequired\":true,\"valueName\":\"search_term_string\"}}],\"inLanguage\":\"es\"},{\"@type\":\"Organization\",\"@id\":\"https:\\\/\\\/stage3.rnv.gob.ve\\\/wp\\\/#organization\",\"name\":\"Radio Nacional de Venezuela C.A.\",\"url\":\"https:\\\/\\\/stage3.rnv.gob.ve\\\/wp\\\/\",\"logo\":{\"@type\":\"ImageObject\",\"inLanguage\":\"es\",\"@id\":\"https:\\\/\\\/stage3.rnv.gob.ve\\\/wp\\\/#\\\/schema\\\/logo\\\/image\\\/\",\"url\":\"http:\\\/\\\/rnv.ddns.net\\\/prensa\\\/wp-content\\\/uploads\\\/2022\\\/04\\\/rnv-1-300x227-1.jpg\",\"contentUrl\":\"http:\\\/\\\/rnv.ddns.net\\\/prensa\\\/wp-content\\\/uploads\\\/2022\\\/04\\\/rnv-1-300x227-1.jpg\",\"width\":800,\"height\":455,\"caption\":\"Radio Nacional de Venezuela C.A.\"},\"image\":{\"@id\":\"https:\\\/\\\/stage3.rnv.gob.ve\\\/wp\\\/#\\\/schema\\\/logo\\\/image\\\/\"},\"sameAs\":[\"https:\\\/\\\/www.facebook.com\\\/RadioNacionaldeVenezuela\",\"https:\\\/\\\/x.com\\\/RNVinformativa\",\"https:\\\/\\\/www.instagram.com\\\/rnvinformativa\\\/\",\"https:\\\/\\\/www.youtube.com\\\/user\\\/RNVContigo\"]},{\"@type\":\"Person\",\"@id\":\"https:\\\/\\\/stage3.rnv.gob.ve\\\/wp\\\/#\\\/schema\\\/person\\\/0862ce8cde332e0bc63b8a243f0eea2c\",\"name\":\"administrador\",\"sameAs\":[\"http:\\\/\\\/arnoldoeloy.net\"],\"url\":\"https:\\\/\\\/stage3.rnv.gob.ve\\\/wp\\\/author\\\/administrador\\\/\"}]}<\/script>\n<!-- \/ Yoast SEO plugin. -->","yoast_head_json":{"title":"Antonio D\u00edaz comenzar\u00e1 la competencia en Open de Dubai - DEV RNV","robots":{"index":"noindex","follow":"follow","max-snippet":"max-snippet:-1","max-image-preview":"max-image-preview:large","max-video-preview":"max-video-preview:-1"},"og_locale":"es_ES","og_type":"article","og_title":"Antonio D\u00edaz comenzar\u00e1 la competencia en Open de Dubai - DEV RNV","og_description":"El karateca venezolano Antonio D\u00edaz qued\u00f3 listo para debutar en competencias oficiales internacionales desde ma\u00f1ana (viernes) en el marco de la Premier League Karate 1. La prueba en la que tomar\u00e1 parte el karateca de la modalidad de kata es en el Open de Dubai, tercera v\u00e1lida puntuable del mencionado circuito rentado mundial. Previo a [&hellip;]","og_url":"https:\/\/stage3.rnv.gob.ve\/wp\/antonio-diaz-comenzara-la-competencia-en-open-de-dubai\/","og_site_name":"DEV RNV","article_publisher":"https:\/\/www.facebook.com\/RadioNacionaldeVenezuela","article_published_time":"2017-03-30T15:42:30+00:00","article_modified_time":"2026-04-15T01:08:28+00:00","author":"administrador","twitter_card":"summary_large_image","twitter_creator":"@RNVinformativa","twitter_site":"@RNVinformativa","twitter_misc":{"Escrito por":"administrador","Tiempo estimado de lectura":"1 minuto"},"schema":{"@context":"https:\/\/schema.org","@graph":[{"@type":"Article","@id":"https:\/\/stage3.rnv.gob.ve\/wp\/antonio-diaz-comenzara-la-competencia-en-open-de-dubai\/#article","isPartOf":{"@id":"https:\/\/stage3.rnv.gob.ve\/wp\/antonio-diaz-comenzara-la-competencia-en-open-de-dubai\/"},"author":{"name":"administrador","@id":"https:\/\/stage3.rnv.gob.ve\/wp\/#\/schema\/person\/0862ce8cde332e0bc63b8a243f0eea2c"},"headline":"Antonio D\u00edaz comenzar\u00e1 la competencia en Open de Dubai","datePublished":"2017-03-30T15:42:30+00:00","dateModified":"2026-04-15T01:08:28+00:00","mainEntityOfPage":{"@id":"https:\/\/stage3.rnv.gob.ve\/wp\/antonio-diaz-comenzara-la-competencia-en-open-de-dubai\/"},"wordCount":207,"publisher":{"@id":"https:\/\/stage3.rnv.gob.ve\/wp\/#organization"},"image":{"@id":"https:\/\/stage3.rnv.gob.ve\/wp\/antonio-diaz-comenzara-la-competencia-en-open-de-dubai\/#primaryimage"},"thumbnailUrl":"","keywords":["deportes","dubai","karate","kata","mundial","ol\u00edmpicos","RNV","tokio2020.polonia","Venezuela","Venezuela Deportiva"],"articleSection":["Deporte"],"inLanguage":"es"},{"@type":"WebPage","@id":"https:\/\/stage3.rnv.gob.ve\/wp\/antonio-diaz-comenzara-la-competencia-en-open-de-dubai\/","url":"https:\/\/stage3.rnv.gob.ve\/wp\/antonio-diaz-comenzara-la-competencia-en-open-de-dubai\/","name":"Antonio D\u00edaz comenzar\u00e1 la competencia en Open de Dubai - DEV RNV","isPartOf":{"@id":"https:\/\/stage3.rnv.gob.ve\/wp\/#website"},"primaryImageOfPage":{"@id":"https:\/\/stage3.rnv.gob.ve\/wp\/antonio-diaz-comenzara-la-competencia-en-open-de-dubai\/#primaryimage"},"image":{"@id":"https:\/\/stage3.rnv.gob.ve\/wp\/antonio-diaz-comenzara-la-competencia-en-open-de-dubai\/#primaryimage"},"thumbnailUrl":"","datePublished":"2017-03-30T15:42:30+00:00","dateModified":"2026-04-15T01:08:28+00:00","breadcrumb":{"@id":"https:\/\/stage3.rnv.gob.ve\/wp\/antonio-diaz-comenzara-la-competencia-en-open-de-dubai\/#breadcrumb"},"inLanguage":"es","potentialAction":[{"@type":"ReadAction","target":["https:\/\/stage3.rnv.gob.ve\/wp\/antonio-diaz-comenzara-la-competencia-en-open-de-dubai\/"]}]},{"@type":"ImageObject","inLanguage":"es","@id":"https:\/\/stage3.rnv.gob.ve\/wp\/antonio-diaz-comenzara-la-competencia-en-open-de-dubai\/#primaryimage","url":"","contentUrl":""},{"@type":"BreadcrumbList","@id":"https:\/\/stage3.rnv.gob.ve\/wp\/antonio-diaz-comenzara-la-competencia-en-open-de-dubai\/#breadcrumb","itemListElement":[{"@type":"ListItem","position":1,"name":"Portada","item":"https:\/\/stage3.rnv.gob.ve\/wp\/"},{"@type":"ListItem","position":2,"name":"Antonio D\u00edaz Comenzar\u00e1 La Competencia En Open De Dubai"}]},{"@type":"WebSite","@id":"https:\/\/stage3.rnv.gob.ve\/wp\/#website","url":"https:\/\/stage3.rnv.gob.ve\/wp\/","name":"DEV RNV","description":"Radio Nacional de Venezuela C.A.","publisher":{"@id":"https:\/\/stage3.rnv.gob.ve\/wp\/#organization"},"potentialAction":[{"@type":"SearchAction","target":{"@type":"EntryPoint","urlTemplate":"https:\/\/stage3.rnv.gob.ve\/wp\/?s={search_term_string}"},"query-input":{"@type":"PropertyValueSpecification","valueRequired":true,"valueName":"search_term_string"}}],"inLanguage":"es"},{"@type":"Organization","@id":"https:\/\/stage3.rnv.gob.ve\/wp\/#organization","name":"Radio Nacional de Venezuela C.A.","url":"https:\/\/stage3.rnv.gob.ve\/wp\/","logo":{"@type":"ImageObject","inLanguage":"es","@id":"https:\/\/stage3.rnv.gob.ve\/wp\/#\/schema\/logo\/image\/","url":"http:\/\/rnv.ddns.net\/prensa\/wp-content\/uploads\/2022\/04\/rnv-1-300x227-1.jpg","contentUrl":"http:\/\/rnv.ddns.net\/prensa\/wp-content\/uploads\/2022\/04\/rnv-1-300x227-1.jpg","width":800,"height":455,"caption":"Radio Nacional de Venezuela C.A."},"image":{"@id":"https:\/\/stage3.rnv.gob.ve\/wp\/#\/schema\/logo\/image\/"},"sameAs":["https:\/\/www.facebook.com\/RadioNacionaldeVenezuela","https:\/\/x.com\/RNVinformativa","https:\/\/www.instagram.com\/rnvinformativa\/","https:\/\/www.youtube.com\/user\/RNVContigo"]},{"@type":"Person","@id":"https:\/\/stage3.rnv.gob.ve\/wp\/#\/schema\/person\/0862ce8cde332e0bc63b8a243f0eea2c","name":"administrador","sameAs":["http:\/\/arnoldoeloy.net"],"url":"https:\/\/stage3.rnv.gob.ve\/wp\/author\/administrador\/"}]}},"jetpack_featured_media_url":"","_links":{"self":[{"href":"https:\/\/stage3.rnv.gob.ve\/wp\/wp-json\/wp\/v2\/posts\/129121","targetHints":{"allow":["GET"]}}],"collection":[{"href":"https:\/\/stage3.rnv.gob.ve\/wp\/wp-json\/wp\/v2\/posts"}],"about":[{"href":"https:\/\/stage3.rnv.gob.ve\/wp\/wp-json\/wp\/v2\/types\/post"}],"author":[{"embeddable":true,"href":"https:\/\/stage3.rnv.gob.ve\/wp\/wp-json\/wp\/v2\/users\/1"}],"replies":[{"embeddable":true,"href":"https:\/\/stage3.rnv.gob.ve\/wp\/wp-json\/wp\/v2\/comments?post=129121"}],"version-history":[{"count":0,"href":"https:\/\/stage3.rnv.gob.ve\/wp\/wp-json\/wp\/v2\/posts\/129121\/revisions"}],"wp:featuredmedia":[{"embeddable":true,"href":"https:\/\/stage3.rnv.gob.ve\/wp\/wp-json\/"}],"wp:attachment":[{"href":"https:\/\/stage3.rnv.gob.ve\/wp\/wp-json\/wp\/v2\/media?parent=129121"}],"wp:term":[{"taxonomy":"category","embeddable":true,"href":"https:\/\/stage3.rnv.gob.ve\/wp\/wp-json\/wp\/v2\/categories?post=129121"},{"taxonomy":"post_tag","embeddable":true,"href":"https:\/\/stage3.rnv.gob.ve\/wp\/wp-json\/wp\/v2\/tags?post=129121"}],"curies":[{"name":"wp","href":"https:\/\/api.w.org\/{rel}","templated":true}]}}