{"id":125723,"date":"2017-03-19T13:42:27","date_gmt":"2017-03-19T18:12:27","guid":{"rendered":"http:\/\/wpeditor.rnv.gob.ve\/?p=125723"},"modified":"2026-04-14T21:08:30","modified_gmt":"2026-04-15T01:08:30","slug":"karateca-andres-madera-gano-plata-en-holanda","status":"publish","type":"post","link":"https:\/\/stage3.rnv.gob.ve\/wp\/karateca-andres-madera-gano-plata-en-holanda\/","title":{"rendered":"Karateca Andr\u00e9s Madera gan\u00f3 plata en Holanda"},"content":{"rendered":"<p><img fetchpriority=\"high\" decoding=\"async\" class=\"aligncenter size-full wp-image-125724\" src=\"http:\/\/wpeditor.rnv.gob.ve\/app\/uploads\/2017\/03\/ANDRES-MADERA.jpg\" alt=\"ANDRES-MADERA\" width=\"580\" height=\"300\" \/><\/p>\n<p>El venezolano Andr\u00e9s Madera gan\u00f3 este domingo medalla de plata en la final de la Premier League de Rotterdam, que se realiza del 16 al 20 de marzo en Holanda. El criollo cay\u00f3\u00a00-8 ante el franc\u00e9s Steven Dacosta.<\/p>\n<p>Madera, cuarto del ranking de la Federaci\u00f3n Internacional de Karate, clasific\u00f3 a la final al vencer al espa\u00f1ol, Ra\u00fal Cuevas en la semifinal, con resultado final 2-0.<\/p>\n<p>En las rondas previas Madera \u00a0derrot\u00f3 3-0 a Erick Gevoryan de Armenia; con el mismo marcador (3-0) venci\u00f3 al representante de Italia Lorenzo Milani; 1-0 al germano Ricardo Giegler, 6-1 a Davit Pataridze de Georgia y 6-0 al chileno Israel Santana.<\/p>\n<p>Madera suma cuatro preseas de plata en los torneos mundiales Open de Karatel. La primera la gan\u00f3 en la edici\u00f3n Hanau 2012, la segunda fue en Frankfurt 2013 y el tercer metal plateado fue en Par\u00eds 2014.<\/p>\n<p>En la tabla general suma siete medallas en competiciones: oro en\u00a0Premier League de Francia 2016; \u00a0bronce tanto en el World Senior Championships 2016 en Austria como en el\u00a0XXIX Pan American Adult Karate Championship- Toronto 2015 (Brasil); plata en el XXX Adults Pan American Karate Championship RIO 2016 y los cuatro metales plateados en Abiertos de Karate (Hanau,\u00a0\u00a0Frankfurt, Par\u00eds y Rotterdam).<\/p>\n","protected":false},"excerpt":{"rendered":"<p>El venezolano Andr\u00e9s Madera gan\u00f3 este domingo medalla de plata en la final de la Premier League de Rotterdam, que se realiza del 16 al 20 de marzo en Holanda. El criollo cay\u00f3\u00a00-8 ante el franc\u00e9s Steven Dacosta. Madera, cuarto del ranking de la Federaci\u00f3n Internacional de Karate, clasific\u00f3 a la final al vencer al [&hellip;]<\/p>\n","protected":false},"author":1,"featured_media":125725,"comment_status":"closed","ping_status":"open","sticky":false,"template":"","format":"standard","meta":{"_acf_changed":false,"footnotes":""},"categories":[56],"tags":[120,577,2091,3395,82,476],"class_list":["post-125723","post","type-post","status-publish","format-standard","has-post-thumbnail","hentry","category-deporte","tag-deporte","tag-holanda","tag-karate","tag-madera","tag-rnv","tag-venezuela-deportiva"],"acf":[],"yoast_head":"<!-- This site is optimized with the Yoast SEO plugin v27.4 - https:\/\/yoast.com\/product\/yoast-seo-wordpress\/ -->\n<title>Karateca Andr\u00e9s Madera gan\u00f3 plata en Holanda - DEV RNV<\/title>\n<meta name=\"robots\" content=\"noindex, follow, max-snippet:-1, max-image-preview:large, max-video-preview:-1\" \/>\n<meta property=\"og:locale\" content=\"es_ES\" \/>\n<meta property=\"og:type\" content=\"article\" \/>\n<meta property=\"og:title\" content=\"Karateca Andr\u00e9s Madera gan\u00f3 plata en Holanda - DEV RNV\" \/>\n<meta property=\"og:description\" content=\"El venezolano Andr\u00e9s Madera gan\u00f3 este domingo medalla de plata en la final de la Premier League de Rotterdam, que se realiza del 16 al 20 de marzo en Holanda. El criollo cay\u00f3\u00a00-8 ante el franc\u00e9s Steven Dacosta. Madera, cuarto del ranking de la Federaci\u00f3n Internacional de Karate, clasific\u00f3 a la final al vencer al [&hellip;]\" \/>\n<meta property=\"og:url\" content=\"https:\/\/stage3.rnv.gob.ve\/wp\/karateca-andres-madera-gano-plata-en-holanda\/\" \/>\n<meta property=\"og:site_name\" content=\"DEV RNV\" \/>\n<meta property=\"article:publisher\" content=\"https:\/\/www.facebook.com\/RadioNacionaldeVenezuela\" \/>\n<meta property=\"article:published_time\" content=\"2017-03-19T18:12:27+00:00\" \/>\n<meta property=\"article:modified_time\" content=\"2026-04-15T01:08:30+00:00\" \/>\n<meta name=\"author\" content=\"administrador\" \/>\n<meta name=\"twitter:card\" content=\"summary_large_image\" \/>\n<meta name=\"twitter:creator\" content=\"@RNVinformativa\" \/>\n<meta name=\"twitter:site\" content=\"@RNVinformativa\" \/>\n<meta name=\"twitter:label1\" content=\"Escrito por\" \/>\n\t<meta name=\"twitter:data1\" content=\"administrador\" \/>\n\t<meta name=\"twitter:label2\" content=\"Tiempo estimado de lectura\" \/>\n\t<meta name=\"twitter:data2\" content=\"1 minuto\" \/>\n<script type=\"application\/ld+json\" class=\"yoast-schema-graph\">{\"@context\":\"https:\\\/\\\/schema.org\",\"@graph\":[{\"@type\":\"Article\",\"@id\":\"https:\\\/\\\/stage3.rnv.gob.ve\\\/wp\\\/karateca-andres-madera-gano-plata-en-holanda\\\/#article\",\"isPartOf\":{\"@id\":\"https:\\\/\\\/stage3.rnv.gob.ve\\\/wp\\\/karateca-andres-madera-gano-plata-en-holanda\\\/\"},\"author\":{\"name\":\"administrador\",\"@id\":\"https:\\\/\\\/stage3.rnv.gob.ve\\\/wp\\\/#\\\/schema\\\/person\\\/0862ce8cde332e0bc63b8a243f0eea2c\"},\"headline\":\"Karateca Andr\u00e9s Madera gan\u00f3 plata en Holanda\",\"datePublished\":\"2017-03-19T18:12:27+00:00\",\"dateModified\":\"2026-04-15T01:08:30+00:00\",\"mainEntityOfPage\":{\"@id\":\"https:\\\/\\\/stage3.rnv.gob.ve\\\/wp\\\/karateca-andres-madera-gano-plata-en-holanda\\\/\"},\"wordCount\":214,\"publisher\":{\"@id\":\"https:\\\/\\\/stage3.rnv.gob.ve\\\/wp\\\/#organization\"},\"image\":{\"@id\":\"https:\\\/\\\/stage3.rnv.gob.ve\\\/wp\\\/karateca-andres-madera-gano-plata-en-holanda\\\/#primaryimage\"},\"thumbnailUrl\":\"\",\"keywords\":[\"deporte\",\"holanda\",\"karate\",\"madera\",\"RNV\",\"Venezuela Deportiva\"],\"articleSection\":[\"Deporte\"],\"inLanguage\":\"es\"},{\"@type\":\"WebPage\",\"@id\":\"https:\\\/\\\/stage3.rnv.gob.ve\\\/wp\\\/karateca-andres-madera-gano-plata-en-holanda\\\/\",\"url\":\"https:\\\/\\\/stage3.rnv.gob.ve\\\/wp\\\/karateca-andres-madera-gano-plata-en-holanda\\\/\",\"name\":\"Karateca Andr\u00e9s Madera gan\u00f3 plata en Holanda - DEV RNV\",\"isPartOf\":{\"@id\":\"https:\\\/\\\/stage3.rnv.gob.ve\\\/wp\\\/#website\"},\"primaryImageOfPage\":{\"@id\":\"https:\\\/\\\/stage3.rnv.gob.ve\\\/wp\\\/karateca-andres-madera-gano-plata-en-holanda\\\/#primaryimage\"},\"image\":{\"@id\":\"https:\\\/\\\/stage3.rnv.gob.ve\\\/wp\\\/karateca-andres-madera-gano-plata-en-holanda\\\/#primaryimage\"},\"thumbnailUrl\":\"\",\"datePublished\":\"2017-03-19T18:12:27+00:00\",\"dateModified\":\"2026-04-15T01:08:30+00:00\",\"breadcrumb\":{\"@id\":\"https:\\\/\\\/stage3.rnv.gob.ve\\\/wp\\\/karateca-andres-madera-gano-plata-en-holanda\\\/#breadcrumb\"},\"inLanguage\":\"es\",\"potentialAction\":[{\"@type\":\"ReadAction\",\"target\":[\"https:\\\/\\\/stage3.rnv.gob.ve\\\/wp\\\/karateca-andres-madera-gano-plata-en-holanda\\\/\"]}]},{\"@type\":\"ImageObject\",\"inLanguage\":\"es\",\"@id\":\"https:\\\/\\\/stage3.rnv.gob.ve\\\/wp\\\/karateca-andres-madera-gano-plata-en-holanda\\\/#primaryimage\",\"url\":\"\",\"contentUrl\":\"\"},{\"@type\":\"BreadcrumbList\",\"@id\":\"https:\\\/\\\/stage3.rnv.gob.ve\\\/wp\\\/karateca-andres-madera-gano-plata-en-holanda\\\/#breadcrumb\",\"itemListElement\":[{\"@type\":\"ListItem\",\"position\":1,\"name\":\"Portada\",\"item\":\"https:\\\/\\\/stage3.rnv.gob.ve\\\/wp\\\/\"},{\"@type\":\"ListItem\",\"position\":2,\"name\":\"Karateca Andr\u00e9s Madera Gan\u00f3 Plata En Holanda\"}]},{\"@type\":\"WebSite\",\"@id\":\"https:\\\/\\\/stage3.rnv.gob.ve\\\/wp\\\/#website\",\"url\":\"https:\\\/\\\/stage3.rnv.gob.ve\\\/wp\\\/\",\"name\":\"DEV RNV\",\"description\":\"Radio Nacional de Venezuela C.A.\",\"publisher\":{\"@id\":\"https:\\\/\\\/stage3.rnv.gob.ve\\\/wp\\\/#organization\"},\"potentialAction\":[{\"@type\":\"SearchAction\",\"target\":{\"@type\":\"EntryPoint\",\"urlTemplate\":\"https:\\\/\\\/stage3.rnv.gob.ve\\\/wp\\\/?s={search_term_string}\"},\"query-input\":{\"@type\":\"PropertyValueSpecification\",\"valueRequired\":true,\"valueName\":\"search_term_string\"}}],\"inLanguage\":\"es\"},{\"@type\":\"Organization\",\"@id\":\"https:\\\/\\\/stage3.rnv.gob.ve\\\/wp\\\/#organization\",\"name\":\"Radio Nacional de Venezuela C.A.\",\"url\":\"https:\\\/\\\/stage3.rnv.gob.ve\\\/wp\\\/\",\"logo\":{\"@type\":\"ImageObject\",\"inLanguage\":\"es\",\"@id\":\"https:\\\/\\\/stage3.rnv.gob.ve\\\/wp\\\/#\\\/schema\\\/logo\\\/image\\\/\",\"url\":\"http:\\\/\\\/rnv.ddns.net\\\/prensa\\\/wp-content\\\/uploads\\\/2022\\\/04\\\/rnv-1-300x227-1.jpg\",\"contentUrl\":\"http:\\\/\\\/rnv.ddns.net\\\/prensa\\\/wp-content\\\/uploads\\\/2022\\\/04\\\/rnv-1-300x227-1.jpg\",\"width\":800,\"height\":455,\"caption\":\"Radio Nacional de Venezuela C.A.\"},\"image\":{\"@id\":\"https:\\\/\\\/stage3.rnv.gob.ve\\\/wp\\\/#\\\/schema\\\/logo\\\/image\\\/\"},\"sameAs\":[\"https:\\\/\\\/www.facebook.com\\\/RadioNacionaldeVenezuela\",\"https:\\\/\\\/x.com\\\/RNVinformativa\",\"https:\\\/\\\/www.instagram.com\\\/rnvinformativa\\\/\",\"https:\\\/\\\/www.youtube.com\\\/user\\\/RNVContigo\"]},{\"@type\":\"Person\",\"@id\":\"https:\\\/\\\/stage3.rnv.gob.ve\\\/wp\\\/#\\\/schema\\\/person\\\/0862ce8cde332e0bc63b8a243f0eea2c\",\"name\":\"administrador\",\"sameAs\":[\"http:\\\/\\\/arnoldoeloy.net\"],\"url\":\"https:\\\/\\\/stage3.rnv.gob.ve\\\/wp\\\/author\\\/administrador\\\/\"}]}<\/script>\n<!-- \/ Yoast SEO plugin. -->","yoast_head_json":{"title":"Karateca Andr\u00e9s Madera gan\u00f3 plata en Holanda - DEV RNV","robots":{"index":"noindex","follow":"follow","max-snippet":"max-snippet:-1","max-image-preview":"max-image-preview:large","max-video-preview":"max-video-preview:-1"},"og_locale":"es_ES","og_type":"article","og_title":"Karateca Andr\u00e9s Madera gan\u00f3 plata en Holanda - DEV RNV","og_description":"El venezolano Andr\u00e9s Madera gan\u00f3 este domingo medalla de plata en la final de la Premier League de Rotterdam, que se realiza del 16 al 20 de marzo en Holanda. El criollo cay\u00f3\u00a00-8 ante el franc\u00e9s Steven Dacosta. Madera, cuarto del ranking de la Federaci\u00f3n Internacional de Karate, clasific\u00f3 a la final al vencer al [&hellip;]","og_url":"https:\/\/stage3.rnv.gob.ve\/wp\/karateca-andres-madera-gano-plata-en-holanda\/","og_site_name":"DEV RNV","article_publisher":"https:\/\/www.facebook.com\/RadioNacionaldeVenezuela","article_published_time":"2017-03-19T18:12:27+00:00","article_modified_time":"2026-04-15T01:08:30+00:00","author":"administrador","twitter_card":"summary_large_image","twitter_creator":"@RNVinformativa","twitter_site":"@RNVinformativa","twitter_misc":{"Escrito por":"administrador","Tiempo estimado de lectura":"1 minuto"},"schema":{"@context":"https:\/\/schema.org","@graph":[{"@type":"Article","@id":"https:\/\/stage3.rnv.gob.ve\/wp\/karateca-andres-madera-gano-plata-en-holanda\/#article","isPartOf":{"@id":"https:\/\/stage3.rnv.gob.ve\/wp\/karateca-andres-madera-gano-plata-en-holanda\/"},"author":{"name":"administrador","@id":"https:\/\/stage3.rnv.gob.ve\/wp\/#\/schema\/person\/0862ce8cde332e0bc63b8a243f0eea2c"},"headline":"Karateca Andr\u00e9s Madera gan\u00f3 plata en Holanda","datePublished":"2017-03-19T18:12:27+00:00","dateModified":"2026-04-15T01:08:30+00:00","mainEntityOfPage":{"@id":"https:\/\/stage3.rnv.gob.ve\/wp\/karateca-andres-madera-gano-plata-en-holanda\/"},"wordCount":214,"publisher":{"@id":"https:\/\/stage3.rnv.gob.ve\/wp\/#organization"},"image":{"@id":"https:\/\/stage3.rnv.gob.ve\/wp\/karateca-andres-madera-gano-plata-en-holanda\/#primaryimage"},"thumbnailUrl":"","keywords":["deporte","holanda","karate","madera","RNV","Venezuela Deportiva"],"articleSection":["Deporte"],"inLanguage":"es"},{"@type":"WebPage","@id":"https:\/\/stage3.rnv.gob.ve\/wp\/karateca-andres-madera-gano-plata-en-holanda\/","url":"https:\/\/stage3.rnv.gob.ve\/wp\/karateca-andres-madera-gano-plata-en-holanda\/","name":"Karateca Andr\u00e9s Madera gan\u00f3 plata en Holanda - DEV RNV","isPartOf":{"@id":"https:\/\/stage3.rnv.gob.ve\/wp\/#website"},"primaryImageOfPage":{"@id":"https:\/\/stage3.rnv.gob.ve\/wp\/karateca-andres-madera-gano-plata-en-holanda\/#primaryimage"},"image":{"@id":"https:\/\/stage3.rnv.gob.ve\/wp\/karateca-andres-madera-gano-plata-en-holanda\/#primaryimage"},"thumbnailUrl":"","datePublished":"2017-03-19T18:12:27+00:00","dateModified":"2026-04-15T01:08:30+00:00","breadcrumb":{"@id":"https:\/\/stage3.rnv.gob.ve\/wp\/karateca-andres-madera-gano-plata-en-holanda\/#breadcrumb"},"inLanguage":"es","potentialAction":[{"@type":"ReadAction","target":["https:\/\/stage3.rnv.gob.ve\/wp\/karateca-andres-madera-gano-plata-en-holanda\/"]}]},{"@type":"ImageObject","inLanguage":"es","@id":"https:\/\/stage3.rnv.gob.ve\/wp\/karateca-andres-madera-gano-plata-en-holanda\/#primaryimage","url":"","contentUrl":""},{"@type":"BreadcrumbList","@id":"https:\/\/stage3.rnv.gob.ve\/wp\/karateca-andres-madera-gano-plata-en-holanda\/#breadcrumb","itemListElement":[{"@type":"ListItem","position":1,"name":"Portada","item":"https:\/\/stage3.rnv.gob.ve\/wp\/"},{"@type":"ListItem","position":2,"name":"Karateca Andr\u00e9s Madera Gan\u00f3 Plata En Holanda"}]},{"@type":"WebSite","@id":"https:\/\/stage3.rnv.gob.ve\/wp\/#website","url":"https:\/\/stage3.rnv.gob.ve\/wp\/","name":"DEV RNV","description":"Radio Nacional de Venezuela C.A.","publisher":{"@id":"https:\/\/stage3.rnv.gob.ve\/wp\/#organization"},"potentialAction":[{"@type":"SearchAction","target":{"@type":"EntryPoint","urlTemplate":"https:\/\/stage3.rnv.gob.ve\/wp\/?s={search_term_string}"},"query-input":{"@type":"PropertyValueSpecification","valueRequired":true,"valueName":"search_term_string"}}],"inLanguage":"es"},{"@type":"Organization","@id":"https:\/\/stage3.rnv.gob.ve\/wp\/#organization","name":"Radio Nacional de Venezuela C.A.","url":"https:\/\/stage3.rnv.gob.ve\/wp\/","logo":{"@type":"ImageObject","inLanguage":"es","@id":"https:\/\/stage3.rnv.gob.ve\/wp\/#\/schema\/logo\/image\/","url":"http:\/\/rnv.ddns.net\/prensa\/wp-content\/uploads\/2022\/04\/rnv-1-300x227-1.jpg","contentUrl":"http:\/\/rnv.ddns.net\/prensa\/wp-content\/uploads\/2022\/04\/rnv-1-300x227-1.jpg","width":800,"height":455,"caption":"Radio Nacional de Venezuela C.A."},"image":{"@id":"https:\/\/stage3.rnv.gob.ve\/wp\/#\/schema\/logo\/image\/"},"sameAs":["https:\/\/www.facebook.com\/RadioNacionaldeVenezuela","https:\/\/x.com\/RNVinformativa","https:\/\/www.instagram.com\/rnvinformativa\/","https:\/\/www.youtube.com\/user\/RNVContigo"]},{"@type":"Person","@id":"https:\/\/stage3.rnv.gob.ve\/wp\/#\/schema\/person\/0862ce8cde332e0bc63b8a243f0eea2c","name":"administrador","sameAs":["http:\/\/arnoldoeloy.net"],"url":"https:\/\/stage3.rnv.gob.ve\/wp\/author\/administrador\/"}]}},"jetpack_featured_media_url":"","_links":{"self":[{"href":"https:\/\/stage3.rnv.gob.ve\/wp\/wp-json\/wp\/v2\/posts\/125723","targetHints":{"allow":["GET"]}}],"collection":[{"href":"https:\/\/stage3.rnv.gob.ve\/wp\/wp-json\/wp\/v2\/posts"}],"about":[{"href":"https:\/\/stage3.rnv.gob.ve\/wp\/wp-json\/wp\/v2\/types\/post"}],"author":[{"embeddable":true,"href":"https:\/\/stage3.rnv.gob.ve\/wp\/wp-json\/wp\/v2\/users\/1"}],"replies":[{"embeddable":true,"href":"https:\/\/stage3.rnv.gob.ve\/wp\/wp-json\/wp\/v2\/comments?post=125723"}],"version-history":[{"count":0,"href":"https:\/\/stage3.rnv.gob.ve\/wp\/wp-json\/wp\/v2\/posts\/125723\/revisions"}],"wp:featuredmedia":[{"embeddable":true,"href":"https:\/\/stage3.rnv.gob.ve\/wp\/wp-json\/"}],"wp:attachment":[{"href":"https:\/\/stage3.rnv.gob.ve\/wp\/wp-json\/wp\/v2\/media?parent=125723"}],"wp:term":[{"taxonomy":"category","embeddable":true,"href":"https:\/\/stage3.rnv.gob.ve\/wp\/wp-json\/wp\/v2\/categories?post=125723"},{"taxonomy":"post_tag","embeddable":true,"href":"https:\/\/stage3.rnv.gob.ve\/wp\/wp-json\/wp\/v2\/tags?post=125723"}],"curies":[{"name":"wp","href":"https:\/\/api.w.org\/{rel}","templated":true}]}}