{"id":125491,"date":"2017-03-18T12:01:27","date_gmt":"2017-03-18T16:31:27","guid":{"rendered":"http:\/\/wpeditor.rnv.gob.ve\/?p=125491"},"modified":"2017-03-18T12:01:27","modified_gmt":"2017-03-18T16:31:27","slug":"estado-mayor-de-los-clap-textil-preve-elaborar-mas-de-50-mil-kits-escolares-en-yaracuy","status":"publish","type":"post","link":"https:\/\/stage3.rnv.gob.ve\/wp\/estado-mayor-de-los-clap-textil-preve-elaborar-mas-de-50-mil-kits-escolares-en-yaracuy\/","title":{"rendered":"Estado mayor de los CLAP Textil prev\u00e9 elaborar m\u00e1s de 50 mil kits escolares en Yaracuy"},"content":{"rendered":"<p><img fetchpriority=\"high\" decoding=\"async\" class=\"alignleft wp-image-125492 size-medium\" src=\"http:\/\/wpeditor.rnv.gob.ve\/app\/uploads\/2017\/03\/Se-han-registrado-m\u00e1s-de-cuatro-mil-mujeres-en-el-plan-300x200.jpg\" width=\"300\" height=\"200\" \/><\/p>\n<p>La coordinadora regional del Consejo Local de producci\u00f3n y Abastecimiento (CLAP) Textil en Yaracuy, Mathyerlina Aranguren, anunci\u00f3 la instalaci\u00f3n del estado mayor de este plan que prev\u00e9 elaborar 50 mil kits escolares para el a\u00f1o escolar 2017 \u2013 2018.<\/p>\n<p>Explic\u00f3 Aranguren que dicha producci\u00f3n contar\u00e1 con el apoyo del gobierno nacional para la fabricaci\u00f3n de 37 mil kits, y el aporte del ejecutivo regional para elaborar m\u00e1s de 15 kits m\u00e1s, elev\u00e1ndose el beneficio para todos los estudiantes, sin exclusi\u00f3n alguna.<\/p>\n<p>\u201cActualmente contamos con una amplia participaci\u00f3n de m\u00e1s de cuatro mil mujeres de los 14 municipios que se han inscrito en este programa, y con el establecimiento del estado mayor priorizamos siete jurisdicciones del estado en cuanto a la producci\u00f3n general para el arrime de uniformes\u201d, resalt\u00f3 La coordinadora regional del Consejo Local de producci\u00f3n y Abastecimiento (CLAP) Textil.<\/p>\n<p>Indic\u00f3 adem\u00e1s Mathyerlina Aranguren, que es s\u00f3lo con la planificaci\u00f3n estrat\u00e9gica de producci\u00f3n que se podr\u00e1n alcanzar las metas en la fabricaci\u00f3n de uniformes, tomando en cuenta que en el a\u00f1o 2016 el trabajo cumpli\u00f3 en m\u00e1s de 130 por ciento con la cobertura de 120 escuelas.<\/p>\n<p>En este sentido, precis\u00f3 que para este a\u00f1o escolar el esfuerzo est\u00e1 guiado a beneficiar a alumnos pertenecientes a m\u00e1s de 150 centros educativos, con una elaboraci\u00f3n que sobrepasa las 300 mil piezas de uniformes.<\/p>\n<p>Por otro lado, destac\u00f3 que este despliegue de acompa\u00f1amiento t\u00e9cnico que se brindar\u00e1 a estas unidades b\u00e1sicas de producci\u00f3n, se basa en el otorgamiento de una m\u00e1quina overlock, m\u00e1quina recta y una collaretera, dotaci\u00f3n que se suma al talento de estas mujeres en el arte de la costura.<\/p>\n<p>Por \u00faltimo, anunci\u00f3 la intervenci\u00f3n de la banca p\u00fablica en este programa textil, a trav\u00e9s del financiamiento a las unidades de producci\u00f3n por medio de planes como Soy Mujer y Soy Joven, profundizando as\u00ed la elaboraci\u00f3n de uniformes para el a\u00f1o escolar 2017 \u2013 2018.<\/p>\n<p><strong>T\/Prensa Yaracuy<\/strong><\/p>\n","protected":false},"excerpt":{"rendered":"<p>La coordinadora regional del Consejo Local de producci\u00f3n y Abastecimiento (CLAP) Textil en Yaracuy, Mathyerlina Aranguren, anunci\u00f3 la instalaci\u00f3n del estado mayor de este plan que prev\u00e9 elaborar 50 mil kits escolares para el a\u00f1o escolar 2017 \u2013 2018. Explic\u00f3 Aranguren que dicha producci\u00f3n contar\u00e1 con el apoyo del gobierno nacional para la fabricaci\u00f3n de [&hellip;]<\/p>\n","protected":false},"author":1,"featured_media":125492,"comment_status":"closed","ping_status":"open","sticky":false,"template":"","format":"standard","meta":{"_acf_changed":false,"footnotes":""},"categories":[69],"tags":[13220,12446,1175],"class_list":["post-125491","post","type-post","status-publish","format-standard","has-post-thumbnail","hentry","category-regional","tag-clap-textil","tag-kits-escolares","tag-yaracuy"],"acf":[],"yoast_head":"<!-- This site is optimized with the Yoast SEO plugin v27.4 - https:\/\/yoast.com\/product\/yoast-seo-wordpress\/ -->\n<title>Estado mayor de los CLAP Textil prev\u00e9 elaborar m\u00e1s de 50 mil kits escolares en Yaracuy - DEV RNV<\/title>\n<meta name=\"robots\" content=\"noindex, follow, max-snippet:-1, max-image-preview:large, max-video-preview:-1\" \/>\n<meta property=\"og:locale\" content=\"es_ES\" \/>\n<meta property=\"og:type\" content=\"article\" \/>\n<meta property=\"og:title\" content=\"Estado mayor de los CLAP Textil prev\u00e9 elaborar m\u00e1s de 50 mil kits escolares en Yaracuy - DEV RNV\" \/>\n<meta property=\"og:description\" content=\"La coordinadora regional del Consejo Local de producci\u00f3n y Abastecimiento (CLAP) Textil en Yaracuy, Mathyerlina Aranguren, anunci\u00f3 la instalaci\u00f3n del estado mayor de este plan que prev\u00e9 elaborar 50 mil kits escolares para el a\u00f1o escolar 2017 \u2013 2018. Explic\u00f3 Aranguren que dicha producci\u00f3n contar\u00e1 con el apoyo del gobierno nacional para la fabricaci\u00f3n de [&hellip;]\" \/>\n<meta property=\"og:url\" content=\"https:\/\/stage3.rnv.gob.ve\/wp\/estado-mayor-de-los-clap-textil-preve-elaborar-mas-de-50-mil-kits-escolares-en-yaracuy\/\" \/>\n<meta property=\"og:site_name\" content=\"DEV RNV\" \/>\n<meta property=\"article:publisher\" content=\"https:\/\/www.facebook.com\/RadioNacionaldeVenezuela\" \/>\n<meta property=\"article:published_time\" content=\"2017-03-18T16:31:27+00:00\" \/>\n<meta name=\"author\" content=\"administrador\" \/>\n<meta name=\"twitter:card\" content=\"summary_large_image\" \/>\n<meta name=\"twitter:creator\" content=\"@RNVinformativa\" \/>\n<meta name=\"twitter:site\" content=\"@RNVinformativa\" \/>\n<meta name=\"twitter:label1\" content=\"Escrito por\" \/>\n\t<meta name=\"twitter:data1\" content=\"administrador\" \/>\n\t<meta name=\"twitter:label2\" content=\"Tiempo estimado de lectura\" \/>\n\t<meta name=\"twitter:data2\" content=\"2 minutos\" \/>\n<script type=\"application\/ld+json\" class=\"yoast-schema-graph\">{\"@context\":\"https:\\\/\\\/schema.org\",\"@graph\":[{\"@type\":\"Article\",\"@id\":\"https:\\\/\\\/stage3.rnv.gob.ve\\\/wp\\\/estado-mayor-de-los-clap-textil-preve-elaborar-mas-de-50-mil-kits-escolares-en-yaracuy\\\/#article\",\"isPartOf\":{\"@id\":\"https:\\\/\\\/stage3.rnv.gob.ve\\\/wp\\\/estado-mayor-de-los-clap-textil-preve-elaborar-mas-de-50-mil-kits-escolares-en-yaracuy\\\/\"},\"author\":{\"name\":\"administrador\",\"@id\":\"https:\\\/\\\/stage3.rnv.gob.ve\\\/wp\\\/#\\\/schema\\\/person\\\/0862ce8cde332e0bc63b8a243f0eea2c\"},\"headline\":\"Estado mayor de los CLAP Textil prev\u00e9 elaborar m\u00e1s de 50 mil kits escolares en Yaracuy\",\"datePublished\":\"2017-03-18T16:31:27+00:00\",\"mainEntityOfPage\":{\"@id\":\"https:\\\/\\\/stage3.rnv.gob.ve\\\/wp\\\/estado-mayor-de-los-clap-textil-preve-elaborar-mas-de-50-mil-kits-escolares-en-yaracuy\\\/\"},\"wordCount\":357,\"publisher\":{\"@id\":\"https:\\\/\\\/stage3.rnv.gob.ve\\\/wp\\\/#organization\"},\"image\":{\"@id\":\"https:\\\/\\\/stage3.rnv.gob.ve\\\/wp\\\/estado-mayor-de-los-clap-textil-preve-elaborar-mas-de-50-mil-kits-escolares-en-yaracuy\\\/#primaryimage\"},\"thumbnailUrl\":\"\",\"keywords\":[\"clap textil\",\"kits escolares\",\"yaracuy\"],\"articleSection\":[\"Regional\"],\"inLanguage\":\"es\"},{\"@type\":\"WebPage\",\"@id\":\"https:\\\/\\\/stage3.rnv.gob.ve\\\/wp\\\/estado-mayor-de-los-clap-textil-preve-elaborar-mas-de-50-mil-kits-escolares-en-yaracuy\\\/\",\"url\":\"https:\\\/\\\/stage3.rnv.gob.ve\\\/wp\\\/estado-mayor-de-los-clap-textil-preve-elaborar-mas-de-50-mil-kits-escolares-en-yaracuy\\\/\",\"name\":\"Estado mayor de los CLAP Textil prev\u00e9 elaborar m\u00e1s de 50 mil kits escolares en Yaracuy - DEV RNV\",\"isPartOf\":{\"@id\":\"https:\\\/\\\/stage3.rnv.gob.ve\\\/wp\\\/#website\"},\"primaryImageOfPage\":{\"@id\":\"https:\\\/\\\/stage3.rnv.gob.ve\\\/wp\\\/estado-mayor-de-los-clap-textil-preve-elaborar-mas-de-50-mil-kits-escolares-en-yaracuy\\\/#primaryimage\"},\"image\":{\"@id\":\"https:\\\/\\\/stage3.rnv.gob.ve\\\/wp\\\/estado-mayor-de-los-clap-textil-preve-elaborar-mas-de-50-mil-kits-escolares-en-yaracuy\\\/#primaryimage\"},\"thumbnailUrl\":\"\",\"datePublished\":\"2017-03-18T16:31:27+00:00\",\"breadcrumb\":{\"@id\":\"https:\\\/\\\/stage3.rnv.gob.ve\\\/wp\\\/estado-mayor-de-los-clap-textil-preve-elaborar-mas-de-50-mil-kits-escolares-en-yaracuy\\\/#breadcrumb\"},\"inLanguage\":\"es\",\"potentialAction\":[{\"@type\":\"ReadAction\",\"target\":[\"https:\\\/\\\/stage3.rnv.gob.ve\\\/wp\\\/estado-mayor-de-los-clap-textil-preve-elaborar-mas-de-50-mil-kits-escolares-en-yaracuy\\\/\"]}]},{\"@type\":\"ImageObject\",\"inLanguage\":\"es\",\"@id\":\"https:\\\/\\\/stage3.rnv.gob.ve\\\/wp\\\/estado-mayor-de-los-clap-textil-preve-elaborar-mas-de-50-mil-kits-escolares-en-yaracuy\\\/#primaryimage\",\"url\":\"\",\"contentUrl\":\"\"},{\"@type\":\"BreadcrumbList\",\"@id\":\"https:\\\/\\\/stage3.rnv.gob.ve\\\/wp\\\/estado-mayor-de-los-clap-textil-preve-elaborar-mas-de-50-mil-kits-escolares-en-yaracuy\\\/#breadcrumb\",\"itemListElement\":[{\"@type\":\"ListItem\",\"position\":1,\"name\":\"Portada\",\"item\":\"https:\\\/\\\/stage3.rnv.gob.ve\\\/wp\\\/\"},{\"@type\":\"ListItem\",\"position\":2,\"name\":\"Estado Mayor De Los Clap Textil Prev\u00e9 Elaborar M\u00e1s De 50 Mil Kits Escolares En Yaracuy\"}]},{\"@type\":\"WebSite\",\"@id\":\"https:\\\/\\\/stage3.rnv.gob.ve\\\/wp\\\/#website\",\"url\":\"https:\\\/\\\/stage3.rnv.gob.ve\\\/wp\\\/\",\"name\":\"DEV RNV\",\"description\":\"Radio Nacional de Venezuela C.A.\",\"publisher\":{\"@id\":\"https:\\\/\\\/stage3.rnv.gob.ve\\\/wp\\\/#organization\"},\"potentialAction\":[{\"@type\":\"SearchAction\",\"target\":{\"@type\":\"EntryPoint\",\"urlTemplate\":\"https:\\\/\\\/stage3.rnv.gob.ve\\\/wp\\\/?s={search_term_string}\"},\"query-input\":{\"@type\":\"PropertyValueSpecification\",\"valueRequired\":true,\"valueName\":\"search_term_string\"}}],\"inLanguage\":\"es\"},{\"@type\":\"Organization\",\"@id\":\"https:\\\/\\\/stage3.rnv.gob.ve\\\/wp\\\/#organization\",\"name\":\"Radio Nacional de Venezuela C.A.\",\"url\":\"https:\\\/\\\/stage3.rnv.gob.ve\\\/wp\\\/\",\"logo\":{\"@type\":\"ImageObject\",\"inLanguage\":\"es\",\"@id\":\"https:\\\/\\\/stage3.rnv.gob.ve\\\/wp\\\/#\\\/schema\\\/logo\\\/image\\\/\",\"url\":\"http:\\\/\\\/rnv.ddns.net\\\/prensa\\\/wp-content\\\/uploads\\\/2022\\\/04\\\/rnv-1-300x227-1.jpg\",\"contentUrl\":\"http:\\\/\\\/rnv.ddns.net\\\/prensa\\\/wp-content\\\/uploads\\\/2022\\\/04\\\/rnv-1-300x227-1.jpg\",\"width\":800,\"height\":455,\"caption\":\"Radio Nacional de Venezuela C.A.\"},\"image\":{\"@id\":\"https:\\\/\\\/stage3.rnv.gob.ve\\\/wp\\\/#\\\/schema\\\/logo\\\/image\\\/\"},\"sameAs\":[\"https:\\\/\\\/www.facebook.com\\\/RadioNacionaldeVenezuela\",\"https:\\\/\\\/x.com\\\/RNVinformativa\",\"https:\\\/\\\/www.instagram.com\\\/rnvinformativa\\\/\",\"https:\\\/\\\/www.youtube.com\\\/user\\\/RNVContigo\"]},{\"@type\":\"Person\",\"@id\":\"https:\\\/\\\/stage3.rnv.gob.ve\\\/wp\\\/#\\\/schema\\\/person\\\/0862ce8cde332e0bc63b8a243f0eea2c\",\"name\":\"administrador\",\"sameAs\":[\"http:\\\/\\\/arnoldoeloy.net\"],\"url\":\"https:\\\/\\\/stage3.rnv.gob.ve\\\/wp\\\/author\\\/administrador\\\/\"}]}<\/script>\n<!-- \/ Yoast SEO plugin. -->","yoast_head_json":{"title":"Estado mayor de los CLAP Textil prev\u00e9 elaborar m\u00e1s de 50 mil kits escolares en Yaracuy - DEV RNV","robots":{"index":"noindex","follow":"follow","max-snippet":"max-snippet:-1","max-image-preview":"max-image-preview:large","max-video-preview":"max-video-preview:-1"},"og_locale":"es_ES","og_type":"article","og_title":"Estado mayor de los CLAP Textil prev\u00e9 elaborar m\u00e1s de 50 mil kits escolares en Yaracuy - DEV RNV","og_description":"La coordinadora regional del Consejo Local de producci\u00f3n y Abastecimiento (CLAP) Textil en Yaracuy, Mathyerlina Aranguren, anunci\u00f3 la instalaci\u00f3n del estado mayor de este plan que prev\u00e9 elaborar 50 mil kits escolares para el a\u00f1o escolar 2017 \u2013 2018. Explic\u00f3 Aranguren que dicha producci\u00f3n contar\u00e1 con el apoyo del gobierno nacional para la fabricaci\u00f3n de [&hellip;]","og_url":"https:\/\/stage3.rnv.gob.ve\/wp\/estado-mayor-de-los-clap-textil-preve-elaborar-mas-de-50-mil-kits-escolares-en-yaracuy\/","og_site_name":"DEV RNV","article_publisher":"https:\/\/www.facebook.com\/RadioNacionaldeVenezuela","article_published_time":"2017-03-18T16:31:27+00:00","author":"administrador","twitter_card":"summary_large_image","twitter_creator":"@RNVinformativa","twitter_site":"@RNVinformativa","twitter_misc":{"Escrito por":"administrador","Tiempo estimado de lectura":"2 minutos"},"schema":{"@context":"https:\/\/schema.org","@graph":[{"@type":"Article","@id":"https:\/\/stage3.rnv.gob.ve\/wp\/estado-mayor-de-los-clap-textil-preve-elaborar-mas-de-50-mil-kits-escolares-en-yaracuy\/#article","isPartOf":{"@id":"https:\/\/stage3.rnv.gob.ve\/wp\/estado-mayor-de-los-clap-textil-preve-elaborar-mas-de-50-mil-kits-escolares-en-yaracuy\/"},"author":{"name":"administrador","@id":"https:\/\/stage3.rnv.gob.ve\/wp\/#\/schema\/person\/0862ce8cde332e0bc63b8a243f0eea2c"},"headline":"Estado mayor de los CLAP Textil prev\u00e9 elaborar m\u00e1s de 50 mil kits escolares en Yaracuy","datePublished":"2017-03-18T16:31:27+00:00","mainEntityOfPage":{"@id":"https:\/\/stage3.rnv.gob.ve\/wp\/estado-mayor-de-los-clap-textil-preve-elaborar-mas-de-50-mil-kits-escolares-en-yaracuy\/"},"wordCount":357,"publisher":{"@id":"https:\/\/stage3.rnv.gob.ve\/wp\/#organization"},"image":{"@id":"https:\/\/stage3.rnv.gob.ve\/wp\/estado-mayor-de-los-clap-textil-preve-elaborar-mas-de-50-mil-kits-escolares-en-yaracuy\/#primaryimage"},"thumbnailUrl":"","keywords":["clap textil","kits escolares","yaracuy"],"articleSection":["Regional"],"inLanguage":"es"},{"@type":"WebPage","@id":"https:\/\/stage3.rnv.gob.ve\/wp\/estado-mayor-de-los-clap-textil-preve-elaborar-mas-de-50-mil-kits-escolares-en-yaracuy\/","url":"https:\/\/stage3.rnv.gob.ve\/wp\/estado-mayor-de-los-clap-textil-preve-elaborar-mas-de-50-mil-kits-escolares-en-yaracuy\/","name":"Estado mayor de los CLAP Textil prev\u00e9 elaborar m\u00e1s de 50 mil kits escolares en Yaracuy - DEV RNV","isPartOf":{"@id":"https:\/\/stage3.rnv.gob.ve\/wp\/#website"},"primaryImageOfPage":{"@id":"https:\/\/stage3.rnv.gob.ve\/wp\/estado-mayor-de-los-clap-textil-preve-elaborar-mas-de-50-mil-kits-escolares-en-yaracuy\/#primaryimage"},"image":{"@id":"https:\/\/stage3.rnv.gob.ve\/wp\/estado-mayor-de-los-clap-textil-preve-elaborar-mas-de-50-mil-kits-escolares-en-yaracuy\/#primaryimage"},"thumbnailUrl":"","datePublished":"2017-03-18T16:31:27+00:00","breadcrumb":{"@id":"https:\/\/stage3.rnv.gob.ve\/wp\/estado-mayor-de-los-clap-textil-preve-elaborar-mas-de-50-mil-kits-escolares-en-yaracuy\/#breadcrumb"},"inLanguage":"es","potentialAction":[{"@type":"ReadAction","target":["https:\/\/stage3.rnv.gob.ve\/wp\/estado-mayor-de-los-clap-textil-preve-elaborar-mas-de-50-mil-kits-escolares-en-yaracuy\/"]}]},{"@type":"ImageObject","inLanguage":"es","@id":"https:\/\/stage3.rnv.gob.ve\/wp\/estado-mayor-de-los-clap-textil-preve-elaborar-mas-de-50-mil-kits-escolares-en-yaracuy\/#primaryimage","url":"","contentUrl":""},{"@type":"BreadcrumbList","@id":"https:\/\/stage3.rnv.gob.ve\/wp\/estado-mayor-de-los-clap-textil-preve-elaborar-mas-de-50-mil-kits-escolares-en-yaracuy\/#breadcrumb","itemListElement":[{"@type":"ListItem","position":1,"name":"Portada","item":"https:\/\/stage3.rnv.gob.ve\/wp\/"},{"@type":"ListItem","position":2,"name":"Estado Mayor De Los Clap Textil Prev\u00e9 Elaborar M\u00e1s De 50 Mil Kits Escolares En Yaracuy"}]},{"@type":"WebSite","@id":"https:\/\/stage3.rnv.gob.ve\/wp\/#website","url":"https:\/\/stage3.rnv.gob.ve\/wp\/","name":"DEV RNV","description":"Radio Nacional de Venezuela C.A.","publisher":{"@id":"https:\/\/stage3.rnv.gob.ve\/wp\/#organization"},"potentialAction":[{"@type":"SearchAction","target":{"@type":"EntryPoint","urlTemplate":"https:\/\/stage3.rnv.gob.ve\/wp\/?s={search_term_string}"},"query-input":{"@type":"PropertyValueSpecification","valueRequired":true,"valueName":"search_term_string"}}],"inLanguage":"es"},{"@type":"Organization","@id":"https:\/\/stage3.rnv.gob.ve\/wp\/#organization","name":"Radio Nacional de Venezuela C.A.","url":"https:\/\/stage3.rnv.gob.ve\/wp\/","logo":{"@type":"ImageObject","inLanguage":"es","@id":"https:\/\/stage3.rnv.gob.ve\/wp\/#\/schema\/logo\/image\/","url":"http:\/\/rnv.ddns.net\/prensa\/wp-content\/uploads\/2022\/04\/rnv-1-300x227-1.jpg","contentUrl":"http:\/\/rnv.ddns.net\/prensa\/wp-content\/uploads\/2022\/04\/rnv-1-300x227-1.jpg","width":800,"height":455,"caption":"Radio Nacional de Venezuela C.A."},"image":{"@id":"https:\/\/stage3.rnv.gob.ve\/wp\/#\/schema\/logo\/image\/"},"sameAs":["https:\/\/www.facebook.com\/RadioNacionaldeVenezuela","https:\/\/x.com\/RNVinformativa","https:\/\/www.instagram.com\/rnvinformativa\/","https:\/\/www.youtube.com\/user\/RNVContigo"]},{"@type":"Person","@id":"https:\/\/stage3.rnv.gob.ve\/wp\/#\/schema\/person\/0862ce8cde332e0bc63b8a243f0eea2c","name":"administrador","sameAs":["http:\/\/arnoldoeloy.net"],"url":"https:\/\/stage3.rnv.gob.ve\/wp\/author\/administrador\/"}]}},"jetpack_featured_media_url":"","_links":{"self":[{"href":"https:\/\/stage3.rnv.gob.ve\/wp\/wp-json\/wp\/v2\/posts\/125491","targetHints":{"allow":["GET"]}}],"collection":[{"href":"https:\/\/stage3.rnv.gob.ve\/wp\/wp-json\/wp\/v2\/posts"}],"about":[{"href":"https:\/\/stage3.rnv.gob.ve\/wp\/wp-json\/wp\/v2\/types\/post"}],"author":[{"embeddable":true,"href":"https:\/\/stage3.rnv.gob.ve\/wp\/wp-json\/wp\/v2\/users\/1"}],"replies":[{"embeddable":true,"href":"https:\/\/stage3.rnv.gob.ve\/wp\/wp-json\/wp\/v2\/comments?post=125491"}],"version-history":[{"count":0,"href":"https:\/\/stage3.rnv.gob.ve\/wp\/wp-json\/wp\/v2\/posts\/125491\/revisions"}],"wp:featuredmedia":[{"embeddable":true,"href":"https:\/\/stage3.rnv.gob.ve\/wp\/wp-json\/"}],"wp:attachment":[{"href":"https:\/\/stage3.rnv.gob.ve\/wp\/wp-json\/wp\/v2\/media?parent=125491"}],"wp:term":[{"taxonomy":"category","embeddable":true,"href":"https:\/\/stage3.rnv.gob.ve\/wp\/wp-json\/wp\/v2\/categories?post=125491"},{"taxonomy":"post_tag","embeddable":true,"href":"https:\/\/stage3.rnv.gob.ve\/wp\/wp-json\/wp\/v2\/tags?post=125491"}],"curies":[{"name":"wp","href":"https:\/\/api.w.org\/{rel}","templated":true}]}}