{"id":123840,"date":"2017-03-14T08:43:10","date_gmt":"2017-03-14T13:13:10","guid":{"rendered":"http:\/\/wpeditor.rnv.gob.ve\/?p=123840"},"modified":"2017-03-14T08:43:10","modified_gmt":"2017-03-14T13:13:10","slug":"mp-logro-condena-a-exfuncionarios-del-cicpc-por-muerte-de-karen-berendique","status":"publish","type":"post","link":"https:\/\/stage3.rnv.gob.ve\/wp\/mp-logro-condena-a-exfuncionarios-del-cicpc-por-muerte-de-karen-berendique\/","title":{"rendered":"MP logr\u00f3 condena a exfuncionarios del Cicpc por muerte de Karen Berendique"},"content":{"rendered":"<figure id=\"attachment_123841\" aria-describedby=\"caption-attachment-123841\" style=\"width: 300px\" class=\"wp-caption alignleft\"><img fetchpriority=\"high\" decoding=\"async\" class=\"size-medium wp-image-123841\" src=\"http:\/\/wpeditor.rnv.gob.ve\/app\/uploads\/2017\/03\/cicpc23.jpg_1803496872-300x200.jpg\" alt=\"Foto referencial\" width=\"300\" height=\"200\" \/><figcaption id=\"caption-attachment-123841\" class=\"wp-caption-text\">Foto referencial<\/figcaption><\/figure>\n<p style=\"text-align: justify;\">Ante el acervo probatorio expuesto por el Ministerio P\u00fablico, fueron condenados a penas que oscilan entre 8 y casi 16 a\u00f1os de prisi\u00f3n cuatro exfuncionarios del Cuerpo de Investigaciones Cient\u00edficas, Penales y Criminal\u00edsticas (Cicpc), por su<\/p>\n<p style=\"text-align: justify;\">responsabilidad en la muerte de Karen Vanessa Berendique (19), hija del c\u00f3nsul de Chile en Maracaibo (Zulia), Fernando Berendique Benavente.<\/p>\n<p style=\"text-align: justify;\">El hecho ocurri\u00f3 el 16 de marzo de 2012 en la referida ciudad zuliana, tras recibir dos impactos de bala.<\/p>\n<p style=\"text-align: justify;\">En ese sentido, el exagente Luis Boh\u00f3rquez fue condenado a 15 a\u00f1os y 9 meses de prisi\u00f3n por ser coautor en el delito de homicidio intencional en perjuicio de Karen Berendique, y lesiones menos graves en grado de complicidad correspectiva en detrimento de Darwin Medina.<\/p>\n<p style=\"text-align: justify;\">Asimismo, el exfuncionario Jeferson Villalobos fue condenado a 15 a\u00f1os y 8 meses por ser coautor en el homicidio intencional.<\/p>\n<p style=\"text-align: justify;\">Mientras que los exfuncionarios Fernando Urdaneta y Dinolkys Reyes fueron sentenciados a ocho a\u00f1os y tres meses de prisi\u00f3n como c\u00f3mplices simples en el homicidio intencional, y lesiones menos graves en grado de complicidad correspectiva.<\/p>\n<p style=\"text-align: justify;\">Adicionalmente, todos fueron condenados por uso indebido de arma de fuego.<\/p>\n<p style=\"text-align: justify;\">En el juicio, los fiscales 34\u00b0, 39\u00aa y 76\u00b0 nacionales, Ram\u00f3n Diamont, Adriana Vald\u00e9s y Alejandro M\u00e9ndez, respectivamente, presentaron las pruebas que fundamentaron la acusaci\u00f3n contra los ahora condenados.<\/p>\n<p style=\"text-align: justify;\">Las audiencias se efectuaron ante el Tribunal 21\u00ba de Juicio del \u00c1rea Metropolitana de Caracas, instancia que, luego de analizar los medios probatorios presentados por los fiscales, dict\u00f3 las citadas penas.<\/p>\n<p style=\"text-align: justify;\">En este contexto, los hombres permanecer\u00e1n en la sede de la Brigada de Acciones Especiales del Cicpc, ubicada en San Agust\u00edn; y Reyes estar\u00e1 recluida en la Divisi\u00f3n de Capturas de ese organismo, ubicada en El Rosal.<\/p>\n<p style=\"text-align: justify;\">La noche del 16 de marzo de 2012, las v\u00edctimas se encontraban a bordo de una camioneta que se desplazaba desde el sector Teotiste de Gallegos hasta Monte Bello en Maracaibo (parroquia Coquivacoa), cuando Berendique recibi\u00f3 dos disparos mientras que Medina result\u00f3 lesionado.<\/p>\n<p style=\"text-align: justify;\">Posterior a labores de investigaci\u00f3n coordinadas por los fiscales y ejecutadas por la Unidad Criminal\u00edstica contra la Vulneraci\u00f3n de Derechos Fundamentales del Ministerio P\u00fablico, se determin\u00f3 la responsabilidad de las cuatro personas en el hecho.<\/p>\n<p>T\/Ministerio P\u00fablico<\/p>\n","protected":false},"excerpt":{"rendered":"<p>Ante el acervo probatorio expuesto por el Ministerio P\u00fablico, fueron condenados a penas que oscilan entre 8 y casi 16 a\u00f1os de prisi\u00f3n cuatro exfuncionarios del Cuerpo de Investigaciones Cient\u00edficas, Penales y Criminal\u00edsticas (Cicpc), por su responsabilidad en la muerte de Karen Vanessa Berendique (19), hija del c\u00f3nsul de Chile en Maracaibo (Zulia), Fernando Berendique [&hellip;]<\/p>\n","protected":false},"author":1,"featured_media":123841,"comment_status":"closed","ping_status":"open","sticky":false,"template":"","format":"standard","meta":{"_acf_changed":false,"footnotes":""},"categories":[62],"tags":[160,1572,13081,3799,82],"class_list":["post-123840","post","type-post","status-publish","format-standard","has-post-thumbnail","hentry","category-judiciales","tag-asesinato","tag-condena","tag-consul-chile","tag-ministerio-publico","tag-rnv"],"acf":[],"yoast_head":"<!-- This site is optimized with the Yoast SEO plugin v27.4 - https:\/\/yoast.com\/product\/yoast-seo-wordpress\/ -->\n<title>MP logr\u00f3 condena a exfuncionarios del Cicpc por muerte de Karen Berendique - DEV RNV<\/title>\n<meta name=\"robots\" content=\"noindex, follow, max-snippet:-1, max-image-preview:large, max-video-preview:-1\" \/>\n<meta property=\"og:locale\" content=\"es_ES\" \/>\n<meta property=\"og:type\" content=\"article\" \/>\n<meta property=\"og:title\" content=\"MP logr\u00f3 condena a exfuncionarios del Cicpc por muerte de Karen Berendique - DEV RNV\" \/>\n<meta property=\"og:description\" content=\"Ante el acervo probatorio expuesto por el Ministerio P\u00fablico, fueron condenados a penas que oscilan entre 8 y casi 16 a\u00f1os de prisi\u00f3n cuatro exfuncionarios del Cuerpo de Investigaciones Cient\u00edficas, Penales y Criminal\u00edsticas (Cicpc), por su responsabilidad en la muerte de Karen Vanessa Berendique (19), hija del c\u00f3nsul de Chile en Maracaibo (Zulia), Fernando Berendique [&hellip;]\" \/>\n<meta property=\"og:url\" content=\"https:\/\/stage3.rnv.gob.ve\/wp\/mp-logro-condena-a-exfuncionarios-del-cicpc-por-muerte-de-karen-berendique\/\" \/>\n<meta property=\"og:site_name\" content=\"DEV RNV\" \/>\n<meta property=\"article:publisher\" content=\"https:\/\/www.facebook.com\/RadioNacionaldeVenezuela\" \/>\n<meta property=\"article:published_time\" content=\"2017-03-14T13:13:10+00:00\" \/>\n<meta name=\"author\" content=\"administrador\" \/>\n<meta name=\"twitter:card\" content=\"summary_large_image\" \/>\n<meta name=\"twitter:creator\" content=\"@RNVinformativa\" \/>\n<meta name=\"twitter:site\" content=\"@RNVinformativa\" \/>\n<meta name=\"twitter:label1\" content=\"Escrito por\" \/>\n\t<meta name=\"twitter:data1\" content=\"administrador\" \/>\n\t<meta name=\"twitter:label2\" content=\"Tiempo estimado de lectura\" \/>\n\t<meta name=\"twitter:data2\" content=\"2 minutos\" \/>\n<script type=\"application\/ld+json\" class=\"yoast-schema-graph\">{\"@context\":\"https:\\\/\\\/schema.org\",\"@graph\":[{\"@type\":\"Article\",\"@id\":\"https:\\\/\\\/stage3.rnv.gob.ve\\\/wp\\\/mp-logro-condena-a-exfuncionarios-del-cicpc-por-muerte-de-karen-berendique\\\/#article\",\"isPartOf\":{\"@id\":\"https:\\\/\\\/stage3.rnv.gob.ve\\\/wp\\\/mp-logro-condena-a-exfuncionarios-del-cicpc-por-muerte-de-karen-berendique\\\/\"},\"author\":{\"name\":\"administrador\",\"@id\":\"https:\\\/\\\/stage3.rnv.gob.ve\\\/wp\\\/#\\\/schema\\\/person\\\/0862ce8cde332e0bc63b8a243f0eea2c\"},\"headline\":\"MP logr\u00f3 condena a exfuncionarios del Cicpc por muerte de Karen Berendique\",\"datePublished\":\"2017-03-14T13:13:10+00:00\",\"mainEntityOfPage\":{\"@id\":\"https:\\\/\\\/stage3.rnv.gob.ve\\\/wp\\\/mp-logro-condena-a-exfuncionarios-del-cicpc-por-muerte-de-karen-berendique\\\/\"},\"wordCount\":397,\"publisher\":{\"@id\":\"https:\\\/\\\/stage3.rnv.gob.ve\\\/wp\\\/#organization\"},\"image\":{\"@id\":\"https:\\\/\\\/stage3.rnv.gob.ve\\\/wp\\\/mp-logro-condena-a-exfuncionarios-del-cicpc-por-muerte-de-karen-berendique\\\/#primaryimage\"},\"thumbnailUrl\":\"\",\"keywords\":[\"asesinato\",\"condena\",\"consul chile\",\"Ministerio P\u00fablico\",\"RNV\"],\"articleSection\":[\"Judiciales\"],\"inLanguage\":\"es\"},{\"@type\":\"WebPage\",\"@id\":\"https:\\\/\\\/stage3.rnv.gob.ve\\\/wp\\\/mp-logro-condena-a-exfuncionarios-del-cicpc-por-muerte-de-karen-berendique\\\/\",\"url\":\"https:\\\/\\\/stage3.rnv.gob.ve\\\/wp\\\/mp-logro-condena-a-exfuncionarios-del-cicpc-por-muerte-de-karen-berendique\\\/\",\"name\":\"MP logr\u00f3 condena a exfuncionarios del Cicpc por muerte de Karen Berendique - DEV RNV\",\"isPartOf\":{\"@id\":\"https:\\\/\\\/stage3.rnv.gob.ve\\\/wp\\\/#website\"},\"primaryImageOfPage\":{\"@id\":\"https:\\\/\\\/stage3.rnv.gob.ve\\\/wp\\\/mp-logro-condena-a-exfuncionarios-del-cicpc-por-muerte-de-karen-berendique\\\/#primaryimage\"},\"image\":{\"@id\":\"https:\\\/\\\/stage3.rnv.gob.ve\\\/wp\\\/mp-logro-condena-a-exfuncionarios-del-cicpc-por-muerte-de-karen-berendique\\\/#primaryimage\"},\"thumbnailUrl\":\"\",\"datePublished\":\"2017-03-14T13:13:10+00:00\",\"breadcrumb\":{\"@id\":\"https:\\\/\\\/stage3.rnv.gob.ve\\\/wp\\\/mp-logro-condena-a-exfuncionarios-del-cicpc-por-muerte-de-karen-berendique\\\/#breadcrumb\"},\"inLanguage\":\"es\",\"potentialAction\":[{\"@type\":\"ReadAction\",\"target\":[\"https:\\\/\\\/stage3.rnv.gob.ve\\\/wp\\\/mp-logro-condena-a-exfuncionarios-del-cicpc-por-muerte-de-karen-berendique\\\/\"]}]},{\"@type\":\"ImageObject\",\"inLanguage\":\"es\",\"@id\":\"https:\\\/\\\/stage3.rnv.gob.ve\\\/wp\\\/mp-logro-condena-a-exfuncionarios-del-cicpc-por-muerte-de-karen-berendique\\\/#primaryimage\",\"url\":\"\",\"contentUrl\":\"\"},{\"@type\":\"BreadcrumbList\",\"@id\":\"https:\\\/\\\/stage3.rnv.gob.ve\\\/wp\\\/mp-logro-condena-a-exfuncionarios-del-cicpc-por-muerte-de-karen-berendique\\\/#breadcrumb\",\"itemListElement\":[{\"@type\":\"ListItem\",\"position\":1,\"name\":\"Portada\",\"item\":\"https:\\\/\\\/stage3.rnv.gob.ve\\\/wp\\\/\"},{\"@type\":\"ListItem\",\"position\":2,\"name\":\"Mp Logr\u00f3 Condena A Exfuncionarios Del Cicpc Por Muerte De Karen Berendique\"}]},{\"@type\":\"WebSite\",\"@id\":\"https:\\\/\\\/stage3.rnv.gob.ve\\\/wp\\\/#website\",\"url\":\"https:\\\/\\\/stage3.rnv.gob.ve\\\/wp\\\/\",\"name\":\"DEV RNV\",\"description\":\"Radio Nacional de Venezuela C.A.\",\"publisher\":{\"@id\":\"https:\\\/\\\/stage3.rnv.gob.ve\\\/wp\\\/#organization\"},\"potentialAction\":[{\"@type\":\"SearchAction\",\"target\":{\"@type\":\"EntryPoint\",\"urlTemplate\":\"https:\\\/\\\/stage3.rnv.gob.ve\\\/wp\\\/?s={search_term_string}\"},\"query-input\":{\"@type\":\"PropertyValueSpecification\",\"valueRequired\":true,\"valueName\":\"search_term_string\"}}],\"inLanguage\":\"es\"},{\"@type\":\"Organization\",\"@id\":\"https:\\\/\\\/stage3.rnv.gob.ve\\\/wp\\\/#organization\",\"name\":\"Radio Nacional de Venezuela C.A.\",\"url\":\"https:\\\/\\\/stage3.rnv.gob.ve\\\/wp\\\/\",\"logo\":{\"@type\":\"ImageObject\",\"inLanguage\":\"es\",\"@id\":\"https:\\\/\\\/stage3.rnv.gob.ve\\\/wp\\\/#\\\/schema\\\/logo\\\/image\\\/\",\"url\":\"http:\\\/\\\/rnv.ddns.net\\\/prensa\\\/wp-content\\\/uploads\\\/2022\\\/04\\\/rnv-1-300x227-1.jpg\",\"contentUrl\":\"http:\\\/\\\/rnv.ddns.net\\\/prensa\\\/wp-content\\\/uploads\\\/2022\\\/04\\\/rnv-1-300x227-1.jpg\",\"width\":800,\"height\":455,\"caption\":\"Radio Nacional de Venezuela C.A.\"},\"image\":{\"@id\":\"https:\\\/\\\/stage3.rnv.gob.ve\\\/wp\\\/#\\\/schema\\\/logo\\\/image\\\/\"},\"sameAs\":[\"https:\\\/\\\/www.facebook.com\\\/RadioNacionaldeVenezuela\",\"https:\\\/\\\/x.com\\\/RNVinformativa\",\"https:\\\/\\\/www.instagram.com\\\/rnvinformativa\\\/\",\"https:\\\/\\\/www.youtube.com\\\/user\\\/RNVContigo\"]},{\"@type\":\"Person\",\"@id\":\"https:\\\/\\\/stage3.rnv.gob.ve\\\/wp\\\/#\\\/schema\\\/person\\\/0862ce8cde332e0bc63b8a243f0eea2c\",\"name\":\"administrador\",\"sameAs\":[\"http:\\\/\\\/arnoldoeloy.net\"],\"url\":\"https:\\\/\\\/stage3.rnv.gob.ve\\\/wp\\\/author\\\/administrador\\\/\"}]}<\/script>\n<!-- \/ Yoast SEO plugin. -->","yoast_head_json":{"title":"MP logr\u00f3 condena a exfuncionarios del Cicpc por muerte de Karen Berendique - DEV RNV","robots":{"index":"noindex","follow":"follow","max-snippet":"max-snippet:-1","max-image-preview":"max-image-preview:large","max-video-preview":"max-video-preview:-1"},"og_locale":"es_ES","og_type":"article","og_title":"MP logr\u00f3 condena a exfuncionarios del Cicpc por muerte de Karen Berendique - DEV RNV","og_description":"Ante el acervo probatorio expuesto por el Ministerio P\u00fablico, fueron condenados a penas que oscilan entre 8 y casi 16 a\u00f1os de prisi\u00f3n cuatro exfuncionarios del Cuerpo de Investigaciones Cient\u00edficas, Penales y Criminal\u00edsticas (Cicpc), por su responsabilidad en la muerte de Karen Vanessa Berendique (19), hija del c\u00f3nsul de Chile en Maracaibo (Zulia), Fernando Berendique [&hellip;]","og_url":"https:\/\/stage3.rnv.gob.ve\/wp\/mp-logro-condena-a-exfuncionarios-del-cicpc-por-muerte-de-karen-berendique\/","og_site_name":"DEV RNV","article_publisher":"https:\/\/www.facebook.com\/RadioNacionaldeVenezuela","article_published_time":"2017-03-14T13:13:10+00:00","author":"administrador","twitter_card":"summary_large_image","twitter_creator":"@RNVinformativa","twitter_site":"@RNVinformativa","twitter_misc":{"Escrito por":"administrador","Tiempo estimado de lectura":"2 minutos"},"schema":{"@context":"https:\/\/schema.org","@graph":[{"@type":"Article","@id":"https:\/\/stage3.rnv.gob.ve\/wp\/mp-logro-condena-a-exfuncionarios-del-cicpc-por-muerte-de-karen-berendique\/#article","isPartOf":{"@id":"https:\/\/stage3.rnv.gob.ve\/wp\/mp-logro-condena-a-exfuncionarios-del-cicpc-por-muerte-de-karen-berendique\/"},"author":{"name":"administrador","@id":"https:\/\/stage3.rnv.gob.ve\/wp\/#\/schema\/person\/0862ce8cde332e0bc63b8a243f0eea2c"},"headline":"MP logr\u00f3 condena a exfuncionarios del Cicpc por muerte de Karen Berendique","datePublished":"2017-03-14T13:13:10+00:00","mainEntityOfPage":{"@id":"https:\/\/stage3.rnv.gob.ve\/wp\/mp-logro-condena-a-exfuncionarios-del-cicpc-por-muerte-de-karen-berendique\/"},"wordCount":397,"publisher":{"@id":"https:\/\/stage3.rnv.gob.ve\/wp\/#organization"},"image":{"@id":"https:\/\/stage3.rnv.gob.ve\/wp\/mp-logro-condena-a-exfuncionarios-del-cicpc-por-muerte-de-karen-berendique\/#primaryimage"},"thumbnailUrl":"","keywords":["asesinato","condena","consul chile","Ministerio P\u00fablico","RNV"],"articleSection":["Judiciales"],"inLanguage":"es"},{"@type":"WebPage","@id":"https:\/\/stage3.rnv.gob.ve\/wp\/mp-logro-condena-a-exfuncionarios-del-cicpc-por-muerte-de-karen-berendique\/","url":"https:\/\/stage3.rnv.gob.ve\/wp\/mp-logro-condena-a-exfuncionarios-del-cicpc-por-muerte-de-karen-berendique\/","name":"MP logr\u00f3 condena a exfuncionarios del Cicpc por muerte de Karen Berendique - DEV RNV","isPartOf":{"@id":"https:\/\/stage3.rnv.gob.ve\/wp\/#website"},"primaryImageOfPage":{"@id":"https:\/\/stage3.rnv.gob.ve\/wp\/mp-logro-condena-a-exfuncionarios-del-cicpc-por-muerte-de-karen-berendique\/#primaryimage"},"image":{"@id":"https:\/\/stage3.rnv.gob.ve\/wp\/mp-logro-condena-a-exfuncionarios-del-cicpc-por-muerte-de-karen-berendique\/#primaryimage"},"thumbnailUrl":"","datePublished":"2017-03-14T13:13:10+00:00","breadcrumb":{"@id":"https:\/\/stage3.rnv.gob.ve\/wp\/mp-logro-condena-a-exfuncionarios-del-cicpc-por-muerte-de-karen-berendique\/#breadcrumb"},"inLanguage":"es","potentialAction":[{"@type":"ReadAction","target":["https:\/\/stage3.rnv.gob.ve\/wp\/mp-logro-condena-a-exfuncionarios-del-cicpc-por-muerte-de-karen-berendique\/"]}]},{"@type":"ImageObject","inLanguage":"es","@id":"https:\/\/stage3.rnv.gob.ve\/wp\/mp-logro-condena-a-exfuncionarios-del-cicpc-por-muerte-de-karen-berendique\/#primaryimage","url":"","contentUrl":""},{"@type":"BreadcrumbList","@id":"https:\/\/stage3.rnv.gob.ve\/wp\/mp-logro-condena-a-exfuncionarios-del-cicpc-por-muerte-de-karen-berendique\/#breadcrumb","itemListElement":[{"@type":"ListItem","position":1,"name":"Portada","item":"https:\/\/stage3.rnv.gob.ve\/wp\/"},{"@type":"ListItem","position":2,"name":"Mp Logr\u00f3 Condena A Exfuncionarios Del Cicpc Por Muerte De Karen Berendique"}]},{"@type":"WebSite","@id":"https:\/\/stage3.rnv.gob.ve\/wp\/#website","url":"https:\/\/stage3.rnv.gob.ve\/wp\/","name":"DEV RNV","description":"Radio Nacional de Venezuela C.A.","publisher":{"@id":"https:\/\/stage3.rnv.gob.ve\/wp\/#organization"},"potentialAction":[{"@type":"SearchAction","target":{"@type":"EntryPoint","urlTemplate":"https:\/\/stage3.rnv.gob.ve\/wp\/?s={search_term_string}"},"query-input":{"@type":"PropertyValueSpecification","valueRequired":true,"valueName":"search_term_string"}}],"inLanguage":"es"},{"@type":"Organization","@id":"https:\/\/stage3.rnv.gob.ve\/wp\/#organization","name":"Radio Nacional de Venezuela C.A.","url":"https:\/\/stage3.rnv.gob.ve\/wp\/","logo":{"@type":"ImageObject","inLanguage":"es","@id":"https:\/\/stage3.rnv.gob.ve\/wp\/#\/schema\/logo\/image\/","url":"http:\/\/rnv.ddns.net\/prensa\/wp-content\/uploads\/2022\/04\/rnv-1-300x227-1.jpg","contentUrl":"http:\/\/rnv.ddns.net\/prensa\/wp-content\/uploads\/2022\/04\/rnv-1-300x227-1.jpg","width":800,"height":455,"caption":"Radio Nacional de Venezuela C.A."},"image":{"@id":"https:\/\/stage3.rnv.gob.ve\/wp\/#\/schema\/logo\/image\/"},"sameAs":["https:\/\/www.facebook.com\/RadioNacionaldeVenezuela","https:\/\/x.com\/RNVinformativa","https:\/\/www.instagram.com\/rnvinformativa\/","https:\/\/www.youtube.com\/user\/RNVContigo"]},{"@type":"Person","@id":"https:\/\/stage3.rnv.gob.ve\/wp\/#\/schema\/person\/0862ce8cde332e0bc63b8a243f0eea2c","name":"administrador","sameAs":["http:\/\/arnoldoeloy.net"],"url":"https:\/\/stage3.rnv.gob.ve\/wp\/author\/administrador\/"}]}},"jetpack_featured_media_url":"","_links":{"self":[{"href":"https:\/\/stage3.rnv.gob.ve\/wp\/wp-json\/wp\/v2\/posts\/123840","targetHints":{"allow":["GET"]}}],"collection":[{"href":"https:\/\/stage3.rnv.gob.ve\/wp\/wp-json\/wp\/v2\/posts"}],"about":[{"href":"https:\/\/stage3.rnv.gob.ve\/wp\/wp-json\/wp\/v2\/types\/post"}],"author":[{"embeddable":true,"href":"https:\/\/stage3.rnv.gob.ve\/wp\/wp-json\/wp\/v2\/users\/1"}],"replies":[{"embeddable":true,"href":"https:\/\/stage3.rnv.gob.ve\/wp\/wp-json\/wp\/v2\/comments?post=123840"}],"version-history":[{"count":0,"href":"https:\/\/stage3.rnv.gob.ve\/wp\/wp-json\/wp\/v2\/posts\/123840\/revisions"}],"wp:featuredmedia":[{"embeddable":true,"href":"https:\/\/stage3.rnv.gob.ve\/wp\/wp-json\/"}],"wp:attachment":[{"href":"https:\/\/stage3.rnv.gob.ve\/wp\/wp-json\/wp\/v2\/media?parent=123840"}],"wp:term":[{"taxonomy":"category","embeddable":true,"href":"https:\/\/stage3.rnv.gob.ve\/wp\/wp-json\/wp\/v2\/categories?post=123840"},{"taxonomy":"post_tag","embeddable":true,"href":"https:\/\/stage3.rnv.gob.ve\/wp\/wp-json\/wp\/v2\/tags?post=123840"}],"curies":[{"name":"wp","href":"https:\/\/api.w.org\/{rel}","templated":true}]}}