{"id":123471,"date":"2017-03-13T09:02:22","date_gmt":"2017-03-13T13:32:22","guid":{"rendered":"http:\/\/wpeditor.rnv.gob.ve\/?p=123471"},"modified":"2017-03-13T09:02:22","modified_gmt":"2017-03-13T13:32:22","slug":"cesta-opep-cerro-el-viernes-en-4981-dolares","status":"publish","type":"post","link":"https:\/\/stage3.rnv.gob.ve\/wp\/cesta-opep-cerro-el-viernes-en-4981-dolares\/","title":{"rendered":"Cesta Opep cerr\u00f3 el viernes en 49,81 d\u00f3lares"},"content":{"rendered":"<p><img fetchpriority=\"high\" decoding=\"async\" class=\"size-medium wp-image-30898 alignleft\" src=\"http:\/\/wpeditor.rnv.gob.ve\/app\/uploads\/2016\/05\/PrecioPetroleo2-300x200.jpg\" alt=\"PrecioPetroleo2\" width=\"300\" height=\"200\" \/>El precio de la cesta de referencia de la Organizaci\u00f3n de Pa\u00edses Exportadores de Petr\u00f3leo (Opep) cerr\u00f3 el viernes en 49,81 d\u00f3lares por barril, lo que representa una baja de 1,01 d\u00f3lares en comparaci\u00f3n con los 50,82 que registr\u00f3 el jueves, inform\u00f3 la secretar\u00eda del grupo en su portal web.<!--more--><\/p>\n<p>Es la primera vez en el a\u00f1o que el crudo Opep se cotiza por debajo de los 50 d\u00f3lares.<\/p>\n<p>Por su parte, el barril de crudo Brent, de referencia en Europa, registr\u00f3 al inicio de la sesi\u00f3n de este lunes una baja de 4 centavos y se cotiz\u00f3 a 51,33d\u00f3lares.<\/p>\n<p>Asimismo, el crudo estadounidense West Texas Intermediate (WTI), de referencia en Estados Unidos, tambi\u00e9n cay\u00f3 9 centavos y se situ\u00f3 en 48,40 d\u00f3lares.<\/p>\n<p>La baja de los precios petroleros se produce tras conocerse que Estados Unidos contin\u00faa agregando y perforando pozos, principalmente de lutitas.<\/p>\n<p>A principios de marzo las reservas de crudo del pa\u00eds norteamericano subieron 1,5 millones de barriles.<\/p>\n<p>&nbsp;<\/p>\n<p><strong>T\/AVN<\/strong><\/p>\n","protected":false},"excerpt":{"rendered":"<p>El precio de la cesta de referencia de la Organizaci\u00f3n de Pa\u00edses Exportadores de Petr\u00f3leo (Opep) cerr\u00f3 el viernes en 49,81 d\u00f3lares por barril, lo que representa una baja de 1,01 d\u00f3lares en comparaci\u00f3n con los 50,82 que registr\u00f3 el jueves, inform\u00f3 la secretar\u00eda del grupo en su portal web.<\/p>\n","protected":false},"author":1,"featured_media":30898,"comment_status":"closed","ping_status":"open","sticky":false,"template":"","format":"standard","meta":{"_acf_changed":false,"footnotes":""},"categories":[58],"tags":[205,158],"class_list":["post-123471","post","type-post","status-publish","format-standard","has-post-thumbnail","hentry","category-economia","tag-opep","tag-petroleo"],"acf":[],"yoast_head":"<!-- This site is optimized with the Yoast SEO plugin v27.4 - https:\/\/yoast.com\/product\/yoast-seo-wordpress\/ -->\n<title>Cesta Opep cerr\u00f3 el viernes en 49,81 d\u00f3lares - DEV RNV<\/title>\n<meta name=\"robots\" content=\"noindex, follow, max-snippet:-1, max-image-preview:large, max-video-preview:-1\" \/>\n<meta property=\"og:locale\" content=\"es_ES\" \/>\n<meta property=\"og:type\" content=\"article\" \/>\n<meta property=\"og:title\" content=\"Cesta Opep cerr\u00f3 el viernes en 49,81 d\u00f3lares - DEV RNV\" \/>\n<meta property=\"og:description\" content=\"El precio de la cesta de referencia de la Organizaci\u00f3n de Pa\u00edses Exportadores de Petr\u00f3leo (Opep) cerr\u00f3 el viernes en 49,81 d\u00f3lares por barril, lo que representa una baja de 1,01 d\u00f3lares en comparaci\u00f3n con los 50,82 que registr\u00f3 el jueves, inform\u00f3 la secretar\u00eda del grupo en su portal web.\" \/>\n<meta property=\"og:url\" content=\"https:\/\/stage3.rnv.gob.ve\/wp\/cesta-opep-cerro-el-viernes-en-4981-dolares\/\" \/>\n<meta property=\"og:site_name\" content=\"DEV RNV\" \/>\n<meta property=\"article:publisher\" content=\"https:\/\/www.facebook.com\/RadioNacionaldeVenezuela\" \/>\n<meta property=\"article:published_time\" content=\"2017-03-13T13:32:22+00:00\" \/>\n<meta name=\"author\" content=\"administrador\" \/>\n<meta name=\"twitter:card\" content=\"summary_large_image\" \/>\n<meta name=\"twitter:creator\" content=\"@RNVinformativa\" \/>\n<meta name=\"twitter:site\" content=\"@RNVinformativa\" \/>\n<meta name=\"twitter:label1\" content=\"Escrito por\" \/>\n\t<meta name=\"twitter:data1\" content=\"administrador\" \/>\n\t<meta name=\"twitter:label2\" content=\"Tiempo estimado de lectura\" \/>\n\t<meta name=\"twitter:data2\" content=\"1 minuto\" \/>\n<script type=\"application\/ld+json\" class=\"yoast-schema-graph\">{\"@context\":\"https:\\\/\\\/schema.org\",\"@graph\":[{\"@type\":\"Article\",\"@id\":\"https:\\\/\\\/stage3.rnv.gob.ve\\\/wp\\\/cesta-opep-cerro-el-viernes-en-4981-dolares\\\/#article\",\"isPartOf\":{\"@id\":\"https:\\\/\\\/stage3.rnv.gob.ve\\\/wp\\\/cesta-opep-cerro-el-viernes-en-4981-dolares\\\/\"},\"author\":{\"name\":\"administrador\",\"@id\":\"https:\\\/\\\/stage3.rnv.gob.ve\\\/wp\\\/#\\\/schema\\\/person\\\/0862ce8cde332e0bc63b8a243f0eea2c\"},\"headline\":\"Cesta Opep cerr\u00f3 el viernes en 49,81 d\u00f3lares\",\"datePublished\":\"2017-03-13T13:32:22+00:00\",\"mainEntityOfPage\":{\"@id\":\"https:\\\/\\\/stage3.rnv.gob.ve\\\/wp\\\/cesta-opep-cerro-el-viernes-en-4981-dolares\\\/\"},\"wordCount\":178,\"publisher\":{\"@id\":\"https:\\\/\\\/stage3.rnv.gob.ve\\\/wp\\\/#organization\"},\"image\":{\"@id\":\"https:\\\/\\\/stage3.rnv.gob.ve\\\/wp\\\/cesta-opep-cerro-el-viernes-en-4981-dolares\\\/#primaryimage\"},\"thumbnailUrl\":\"\",\"keywords\":[\"opep\",\"petr\u00f3leo\"],\"articleSection\":[\"Econom\u00eda\"],\"inLanguage\":\"es\"},{\"@type\":\"WebPage\",\"@id\":\"https:\\\/\\\/stage3.rnv.gob.ve\\\/wp\\\/cesta-opep-cerro-el-viernes-en-4981-dolares\\\/\",\"url\":\"https:\\\/\\\/stage3.rnv.gob.ve\\\/wp\\\/cesta-opep-cerro-el-viernes-en-4981-dolares\\\/\",\"name\":\"Cesta Opep cerr\u00f3 el viernes en 49,81 d\u00f3lares - DEV RNV\",\"isPartOf\":{\"@id\":\"https:\\\/\\\/stage3.rnv.gob.ve\\\/wp\\\/#website\"},\"primaryImageOfPage\":{\"@id\":\"https:\\\/\\\/stage3.rnv.gob.ve\\\/wp\\\/cesta-opep-cerro-el-viernes-en-4981-dolares\\\/#primaryimage\"},\"image\":{\"@id\":\"https:\\\/\\\/stage3.rnv.gob.ve\\\/wp\\\/cesta-opep-cerro-el-viernes-en-4981-dolares\\\/#primaryimage\"},\"thumbnailUrl\":\"\",\"datePublished\":\"2017-03-13T13:32:22+00:00\",\"breadcrumb\":{\"@id\":\"https:\\\/\\\/stage3.rnv.gob.ve\\\/wp\\\/cesta-opep-cerro-el-viernes-en-4981-dolares\\\/#breadcrumb\"},\"inLanguage\":\"es\",\"potentialAction\":[{\"@type\":\"ReadAction\",\"target\":[\"https:\\\/\\\/stage3.rnv.gob.ve\\\/wp\\\/cesta-opep-cerro-el-viernes-en-4981-dolares\\\/\"]}]},{\"@type\":\"ImageObject\",\"inLanguage\":\"es\",\"@id\":\"https:\\\/\\\/stage3.rnv.gob.ve\\\/wp\\\/cesta-opep-cerro-el-viernes-en-4981-dolares\\\/#primaryimage\",\"url\":\"\",\"contentUrl\":\"\"},{\"@type\":\"BreadcrumbList\",\"@id\":\"https:\\\/\\\/stage3.rnv.gob.ve\\\/wp\\\/cesta-opep-cerro-el-viernes-en-4981-dolares\\\/#breadcrumb\",\"itemListElement\":[{\"@type\":\"ListItem\",\"position\":1,\"name\":\"Portada\",\"item\":\"https:\\\/\\\/stage3.rnv.gob.ve\\\/wp\\\/\"},{\"@type\":\"ListItem\",\"position\":2,\"name\":\"Cesta Opep Cerr\u00f3 El Viernes En 49,81 D\u00f3lares\"}]},{\"@type\":\"WebSite\",\"@id\":\"https:\\\/\\\/stage3.rnv.gob.ve\\\/wp\\\/#website\",\"url\":\"https:\\\/\\\/stage3.rnv.gob.ve\\\/wp\\\/\",\"name\":\"DEV RNV\",\"description\":\"Radio Nacional de Venezuela C.A.\",\"publisher\":{\"@id\":\"https:\\\/\\\/stage3.rnv.gob.ve\\\/wp\\\/#organization\"},\"potentialAction\":[{\"@type\":\"SearchAction\",\"target\":{\"@type\":\"EntryPoint\",\"urlTemplate\":\"https:\\\/\\\/stage3.rnv.gob.ve\\\/wp\\\/?s={search_term_string}\"},\"query-input\":{\"@type\":\"PropertyValueSpecification\",\"valueRequired\":true,\"valueName\":\"search_term_string\"}}],\"inLanguage\":\"es\"},{\"@type\":\"Organization\",\"@id\":\"https:\\\/\\\/stage3.rnv.gob.ve\\\/wp\\\/#organization\",\"name\":\"Radio Nacional de Venezuela C.A.\",\"url\":\"https:\\\/\\\/stage3.rnv.gob.ve\\\/wp\\\/\",\"logo\":{\"@type\":\"ImageObject\",\"inLanguage\":\"es\",\"@id\":\"https:\\\/\\\/stage3.rnv.gob.ve\\\/wp\\\/#\\\/schema\\\/logo\\\/image\\\/\",\"url\":\"http:\\\/\\\/rnv.ddns.net\\\/prensa\\\/wp-content\\\/uploads\\\/2022\\\/04\\\/rnv-1-300x227-1.jpg\",\"contentUrl\":\"http:\\\/\\\/rnv.ddns.net\\\/prensa\\\/wp-content\\\/uploads\\\/2022\\\/04\\\/rnv-1-300x227-1.jpg\",\"width\":800,\"height\":455,\"caption\":\"Radio Nacional de Venezuela C.A.\"},\"image\":{\"@id\":\"https:\\\/\\\/stage3.rnv.gob.ve\\\/wp\\\/#\\\/schema\\\/logo\\\/image\\\/\"},\"sameAs\":[\"https:\\\/\\\/www.facebook.com\\\/RadioNacionaldeVenezuela\",\"https:\\\/\\\/x.com\\\/RNVinformativa\",\"https:\\\/\\\/www.instagram.com\\\/rnvinformativa\\\/\",\"https:\\\/\\\/www.youtube.com\\\/user\\\/RNVContigo\"]},{\"@type\":\"Person\",\"@id\":\"https:\\\/\\\/stage3.rnv.gob.ve\\\/wp\\\/#\\\/schema\\\/person\\\/0862ce8cde332e0bc63b8a243f0eea2c\",\"name\":\"administrador\",\"sameAs\":[\"http:\\\/\\\/arnoldoeloy.net\"],\"url\":\"https:\\\/\\\/stage3.rnv.gob.ve\\\/wp\\\/author\\\/administrador\\\/\"}]}<\/script>\n<!-- \/ Yoast SEO plugin. -->","yoast_head_json":{"title":"Cesta Opep cerr\u00f3 el viernes en 49,81 d\u00f3lares - DEV RNV","robots":{"index":"noindex","follow":"follow","max-snippet":"max-snippet:-1","max-image-preview":"max-image-preview:large","max-video-preview":"max-video-preview:-1"},"og_locale":"es_ES","og_type":"article","og_title":"Cesta Opep cerr\u00f3 el viernes en 49,81 d\u00f3lares - DEV RNV","og_description":"El precio de la cesta de referencia de la Organizaci\u00f3n de Pa\u00edses Exportadores de Petr\u00f3leo (Opep) cerr\u00f3 el viernes en 49,81 d\u00f3lares por barril, lo que representa una baja de 1,01 d\u00f3lares en comparaci\u00f3n con los 50,82 que registr\u00f3 el jueves, inform\u00f3 la secretar\u00eda del grupo en su portal web.","og_url":"https:\/\/stage3.rnv.gob.ve\/wp\/cesta-opep-cerro-el-viernes-en-4981-dolares\/","og_site_name":"DEV RNV","article_publisher":"https:\/\/www.facebook.com\/RadioNacionaldeVenezuela","article_published_time":"2017-03-13T13:32:22+00:00","author":"administrador","twitter_card":"summary_large_image","twitter_creator":"@RNVinformativa","twitter_site":"@RNVinformativa","twitter_misc":{"Escrito por":"administrador","Tiempo estimado de lectura":"1 minuto"},"schema":{"@context":"https:\/\/schema.org","@graph":[{"@type":"Article","@id":"https:\/\/stage3.rnv.gob.ve\/wp\/cesta-opep-cerro-el-viernes-en-4981-dolares\/#article","isPartOf":{"@id":"https:\/\/stage3.rnv.gob.ve\/wp\/cesta-opep-cerro-el-viernes-en-4981-dolares\/"},"author":{"name":"administrador","@id":"https:\/\/stage3.rnv.gob.ve\/wp\/#\/schema\/person\/0862ce8cde332e0bc63b8a243f0eea2c"},"headline":"Cesta Opep cerr\u00f3 el viernes en 49,81 d\u00f3lares","datePublished":"2017-03-13T13:32:22+00:00","mainEntityOfPage":{"@id":"https:\/\/stage3.rnv.gob.ve\/wp\/cesta-opep-cerro-el-viernes-en-4981-dolares\/"},"wordCount":178,"publisher":{"@id":"https:\/\/stage3.rnv.gob.ve\/wp\/#organization"},"image":{"@id":"https:\/\/stage3.rnv.gob.ve\/wp\/cesta-opep-cerro-el-viernes-en-4981-dolares\/#primaryimage"},"thumbnailUrl":"","keywords":["opep","petr\u00f3leo"],"articleSection":["Econom\u00eda"],"inLanguage":"es"},{"@type":"WebPage","@id":"https:\/\/stage3.rnv.gob.ve\/wp\/cesta-opep-cerro-el-viernes-en-4981-dolares\/","url":"https:\/\/stage3.rnv.gob.ve\/wp\/cesta-opep-cerro-el-viernes-en-4981-dolares\/","name":"Cesta Opep cerr\u00f3 el viernes en 49,81 d\u00f3lares - DEV RNV","isPartOf":{"@id":"https:\/\/stage3.rnv.gob.ve\/wp\/#website"},"primaryImageOfPage":{"@id":"https:\/\/stage3.rnv.gob.ve\/wp\/cesta-opep-cerro-el-viernes-en-4981-dolares\/#primaryimage"},"image":{"@id":"https:\/\/stage3.rnv.gob.ve\/wp\/cesta-opep-cerro-el-viernes-en-4981-dolares\/#primaryimage"},"thumbnailUrl":"","datePublished":"2017-03-13T13:32:22+00:00","breadcrumb":{"@id":"https:\/\/stage3.rnv.gob.ve\/wp\/cesta-opep-cerro-el-viernes-en-4981-dolares\/#breadcrumb"},"inLanguage":"es","potentialAction":[{"@type":"ReadAction","target":["https:\/\/stage3.rnv.gob.ve\/wp\/cesta-opep-cerro-el-viernes-en-4981-dolares\/"]}]},{"@type":"ImageObject","inLanguage":"es","@id":"https:\/\/stage3.rnv.gob.ve\/wp\/cesta-opep-cerro-el-viernes-en-4981-dolares\/#primaryimage","url":"","contentUrl":""},{"@type":"BreadcrumbList","@id":"https:\/\/stage3.rnv.gob.ve\/wp\/cesta-opep-cerro-el-viernes-en-4981-dolares\/#breadcrumb","itemListElement":[{"@type":"ListItem","position":1,"name":"Portada","item":"https:\/\/stage3.rnv.gob.ve\/wp\/"},{"@type":"ListItem","position":2,"name":"Cesta Opep Cerr\u00f3 El Viernes En 49,81 D\u00f3lares"}]},{"@type":"WebSite","@id":"https:\/\/stage3.rnv.gob.ve\/wp\/#website","url":"https:\/\/stage3.rnv.gob.ve\/wp\/","name":"DEV RNV","description":"Radio Nacional de Venezuela C.A.","publisher":{"@id":"https:\/\/stage3.rnv.gob.ve\/wp\/#organization"},"potentialAction":[{"@type":"SearchAction","target":{"@type":"EntryPoint","urlTemplate":"https:\/\/stage3.rnv.gob.ve\/wp\/?s={search_term_string}"},"query-input":{"@type":"PropertyValueSpecification","valueRequired":true,"valueName":"search_term_string"}}],"inLanguage":"es"},{"@type":"Organization","@id":"https:\/\/stage3.rnv.gob.ve\/wp\/#organization","name":"Radio Nacional de Venezuela C.A.","url":"https:\/\/stage3.rnv.gob.ve\/wp\/","logo":{"@type":"ImageObject","inLanguage":"es","@id":"https:\/\/stage3.rnv.gob.ve\/wp\/#\/schema\/logo\/image\/","url":"http:\/\/rnv.ddns.net\/prensa\/wp-content\/uploads\/2022\/04\/rnv-1-300x227-1.jpg","contentUrl":"http:\/\/rnv.ddns.net\/prensa\/wp-content\/uploads\/2022\/04\/rnv-1-300x227-1.jpg","width":800,"height":455,"caption":"Radio Nacional de Venezuela C.A."},"image":{"@id":"https:\/\/stage3.rnv.gob.ve\/wp\/#\/schema\/logo\/image\/"},"sameAs":["https:\/\/www.facebook.com\/RadioNacionaldeVenezuela","https:\/\/x.com\/RNVinformativa","https:\/\/www.instagram.com\/rnvinformativa\/","https:\/\/www.youtube.com\/user\/RNVContigo"]},{"@type":"Person","@id":"https:\/\/stage3.rnv.gob.ve\/wp\/#\/schema\/person\/0862ce8cde332e0bc63b8a243f0eea2c","name":"administrador","sameAs":["http:\/\/arnoldoeloy.net"],"url":"https:\/\/stage3.rnv.gob.ve\/wp\/author\/administrador\/"}]}},"jetpack_featured_media_url":"","_links":{"self":[{"href":"https:\/\/stage3.rnv.gob.ve\/wp\/wp-json\/wp\/v2\/posts\/123471","targetHints":{"allow":["GET"]}}],"collection":[{"href":"https:\/\/stage3.rnv.gob.ve\/wp\/wp-json\/wp\/v2\/posts"}],"about":[{"href":"https:\/\/stage3.rnv.gob.ve\/wp\/wp-json\/wp\/v2\/types\/post"}],"author":[{"embeddable":true,"href":"https:\/\/stage3.rnv.gob.ve\/wp\/wp-json\/wp\/v2\/users\/1"}],"replies":[{"embeddable":true,"href":"https:\/\/stage3.rnv.gob.ve\/wp\/wp-json\/wp\/v2\/comments?post=123471"}],"version-history":[{"count":0,"href":"https:\/\/stage3.rnv.gob.ve\/wp\/wp-json\/wp\/v2\/posts\/123471\/revisions"}],"wp:featuredmedia":[{"embeddable":true,"href":"https:\/\/stage3.rnv.gob.ve\/wp\/wp-json\/"}],"wp:attachment":[{"href":"https:\/\/stage3.rnv.gob.ve\/wp\/wp-json\/wp\/v2\/media?parent=123471"}],"wp:term":[{"taxonomy":"category","embeddable":true,"href":"https:\/\/stage3.rnv.gob.ve\/wp\/wp-json\/wp\/v2\/categories?post=123471"},{"taxonomy":"post_tag","embeddable":true,"href":"https:\/\/stage3.rnv.gob.ve\/wp\/wp-json\/wp\/v2\/tags?post=123471"}],"curies":[{"name":"wp","href":"https:\/\/api.w.org\/{rel}","templated":true}]}}