{"id":122949,"date":"2017-03-10T19:27:56","date_gmt":"2017-03-10T23:57:56","guid":{"rendered":"http:\/\/wpeditor.rnv.gob.ve\/?p=122949"},"modified":"2017-03-10T19:27:56","modified_gmt":"2017-03-10T23:57:56","slug":"poder-popular-restaurara-5-avenidas-de-caracas-esta-noche","status":"publish","type":"post","link":"https:\/\/stage3.rnv.gob.ve\/wp\/poder-popular-restaurara-5-avenidas-de-caracas-esta-noche\/","title":{"rendered":"Poder Popular restaurar\u00e1 5 avenidas de Caracas esta noche"},"content":{"rendered":"<p><img fetchpriority=\"high\" decoding=\"async\" class=\" wp-image-122951 alignleft\" src=\"http:\/\/wpeditor.rnv.gob.ve\/app\/uploads\/2017\/03\/av-baralt-990x460-300x139.jpg\" alt=\"av-baralt-990x460\" width=\"356\" height=\"165\" \/><\/p>\n<p>Este viernes, en horas de la noche, el Estado Mayor para Caracas, en compa\u00f1\u00eda del Poder Popular, llevar\u00e1 a cabo jornadas de restauraci\u00f3n en 5 principales avenidas de la ciudad capital, as\u00ed lo inform\u00f3 la jefa del Distrito Capital, Carolina Cestari, durante una asamblea popular.<\/p>\n<p>\u00abSe va a 5 avenidas principales a limpiarlas, a refaccionarlas, a pintarlas y a alumbrarlas, esto en compa\u00f1\u00eda de nuestro pueblo. Estaremos en la avenida Urdaneta, Sucre, San Mart\u00edn, avenida Universidad y en la Baralt\u00bb.<\/p>\n<p>Sus declaraciones surgieron este viernes durante una asamblea popular, realizada en el urbanismo Santa Rosa de Caracas, Corredor Batall\u00e1 de Boyac\u00e1 de la Gran Misi\u00f3n Barrio Nuevo, Barrio Tricolor, ubicado en la parroquia El Recreo de Caracas.<\/p>\n<p>Cestari agreg\u00f3 que junto a este urbanismo tambi\u00e9n trabajar\u00e1n \u00aben la recolecci\u00f3n de desechos s\u00f3lidos. A m\u00ed me parece maravilloso que los contenedores los eliminemos y comencemos a ensayar una nueva manera de recolectar los desechos s\u00f3lidos\u00bb.<\/p>\n<p><strong>M\u00e1s acciones<\/strong><\/p>\n<p>La jefa del Distrito Capital se\u00f1al\u00f3 que, aproximadamente, 650 ni\u00f1os, ni\u00f1as y j\u00f3venes del urbanismo Santa Rosa de Caracas se benefician con 26 puntos de apoyo nutricional.<\/p>\n<p>\u00abDesde noviembre, 26 puntos de apoyo nutricional que vienen con m\u00e1s de cien madres elaboradoras, cocinas solidarias, que le brindan apoyo nutricional a cerca de 650 ni\u00f1os, ni\u00f1as y j\u00f3venes de esta comunidad\u00bb.<\/p>\n<p>Durante la asamblea popular se entreg\u00f3 \u00abel equipamiento para la Brigada de mantenimiento de la infraestructura comunal. Estamos contando con esto para que de una vez se arranque con dos obras, cuyos recursos est\u00e1n garantizados. Estamos hablando de la reparaci\u00f3n del CDI y de la cancha\u00bb, detall\u00f3 Cestari.<\/p>\n<p>Expres\u00f3 que \u00abdesde donde el comandante Hugo Ch\u00e1vez nos est\u00e1 observando, est\u00e1 feliz porque estamos trabajando con nuestro pueblo organizado. El Estado Mayor es la instancia de resoluci\u00f3n inmediata a las necesidades del pueblo\u00bb.<\/p>\n<p><strong>Escuche a Carolina Cestari<\/strong><\/p>\n<audio class=\"wp-audio-shortcode\" id=\"audio-122949-1\" preload=\"none\" style=\"width: 100%;\" controls=\"controls\"><source type=\"audio\/mpeg\" src=\"http:\/\/wpeditor.rnv.gob.ve\/app\/uploads\/2017\/03\/Cestari.mp3?_=1\" \/><a href=\"http:\/\/wpeditor.rnv.gob.ve\/app\/uploads\/2017\/03\/Cestari.mp3\">http:\/\/wpeditor.rnv.gob.ve\/app\/uploads\/2017\/03\/Cestari.mp3<\/a><\/audio>\n<p><strong>T\/RNV Web\/DR<\/strong><\/p>\n","protected":false},"excerpt":{"rendered":"<p>Este viernes, en horas de la noche, el Estado Mayor para Caracas, en compa\u00f1\u00eda del Poder Popular, llevar\u00e1 a cabo jornadas de restauraci\u00f3n en 5 principales avenidas de la ciudad capital, as\u00ed lo inform\u00f3 la jefa del Distrito Capital, Carolina Cestari, durante una asamblea popular. \u00abSe va a 5 avenidas principales a limpiarlas, a refaccionarlas, [&hellip;]<\/p>\n","protected":false},"author":1,"featured_media":122951,"comment_status":"closed","ping_status":"open","sticky":false,"template":"","format":"standard","meta":{"_acf_changed":false,"footnotes":""},"categories":[52],"tags":[12978,88,902,12979,12980],"class_list":["post-122949","post","type-post","status-publish","format-standard","has-post-thumbnail","hentry","category-ciudad","tag-avenidas","tag-caracas","tag-poder-popular","tag-reparacion","tag-restauracion"],"acf":[],"yoast_head":"<!-- This site is optimized with the Yoast SEO plugin v27.4 - https:\/\/yoast.com\/product\/yoast-seo-wordpress\/ -->\n<title>Poder Popular restaurar\u00e1 5 avenidas de Caracas esta noche - DEV RNV<\/title>\n<meta name=\"robots\" content=\"noindex, follow, max-snippet:-1, max-image-preview:large, max-video-preview:-1\" \/>\n<meta property=\"og:locale\" content=\"es_ES\" \/>\n<meta property=\"og:type\" content=\"article\" \/>\n<meta property=\"og:title\" content=\"Poder Popular restaurar\u00e1 5 avenidas de Caracas esta noche - DEV RNV\" \/>\n<meta property=\"og:description\" content=\"Este viernes, en horas de la noche, el Estado Mayor para Caracas, en compa\u00f1\u00eda del Poder Popular, llevar\u00e1 a cabo jornadas de restauraci\u00f3n en 5 principales avenidas de la ciudad capital, as\u00ed lo inform\u00f3 la jefa del Distrito Capital, Carolina Cestari, durante una asamblea popular. \u00abSe va a 5 avenidas principales a limpiarlas, a refaccionarlas, [&hellip;]\" \/>\n<meta property=\"og:url\" content=\"https:\/\/stage3.rnv.gob.ve\/wp\/poder-popular-restaurara-5-avenidas-de-caracas-esta-noche\/\" \/>\n<meta property=\"og:site_name\" content=\"DEV RNV\" \/>\n<meta property=\"article:publisher\" content=\"https:\/\/www.facebook.com\/RadioNacionaldeVenezuela\" \/>\n<meta property=\"article:published_time\" content=\"2017-03-10T23:57:56+00:00\" \/>\n<meta name=\"author\" content=\"administrador\" \/>\n<meta name=\"twitter:card\" content=\"summary_large_image\" \/>\n<meta name=\"twitter:creator\" content=\"@RNVinformativa\" \/>\n<meta name=\"twitter:site\" content=\"@RNVinformativa\" \/>\n<meta name=\"twitter:label1\" content=\"Escrito por\" \/>\n\t<meta name=\"twitter:data1\" content=\"administrador\" \/>\n\t<meta name=\"twitter:label2\" content=\"Tiempo estimado de lectura\" \/>\n\t<meta name=\"twitter:data2\" content=\"2 minutos\" \/>\n<script type=\"application\/ld+json\" class=\"yoast-schema-graph\">{\"@context\":\"https:\\\/\\\/schema.org\",\"@graph\":[{\"@type\":\"Article\",\"@id\":\"https:\\\/\\\/stage3.rnv.gob.ve\\\/wp\\\/poder-popular-restaurara-5-avenidas-de-caracas-esta-noche\\\/#article\",\"isPartOf\":{\"@id\":\"https:\\\/\\\/stage3.rnv.gob.ve\\\/wp\\\/poder-popular-restaurara-5-avenidas-de-caracas-esta-noche\\\/\"},\"author\":{\"name\":\"administrador\",\"@id\":\"https:\\\/\\\/stage3.rnv.gob.ve\\\/wp\\\/#\\\/schema\\\/person\\\/0862ce8cde332e0bc63b8a243f0eea2c\"},\"headline\":\"Poder Popular restaurar\u00e1 5 avenidas de Caracas esta noche\",\"datePublished\":\"2017-03-10T23:57:56+00:00\",\"mainEntityOfPage\":{\"@id\":\"https:\\\/\\\/stage3.rnv.gob.ve\\\/wp\\\/poder-popular-restaurara-5-avenidas-de-caracas-esta-noche\\\/\"},\"wordCount\":343,\"publisher\":{\"@id\":\"https:\\\/\\\/stage3.rnv.gob.ve\\\/wp\\\/#organization\"},\"image\":{\"@id\":\"https:\\\/\\\/stage3.rnv.gob.ve\\\/wp\\\/poder-popular-restaurara-5-avenidas-de-caracas-esta-noche\\\/#primaryimage\"},\"thumbnailUrl\":\"\",\"keywords\":[\"avenidas\",\"caracas\",\"poder popular\",\"reparaci\u00f3n\",\"restauraci\u00f3n\"],\"articleSection\":[\"Ciudad\"],\"inLanguage\":\"es\"},{\"@type\":\"WebPage\",\"@id\":\"https:\\\/\\\/stage3.rnv.gob.ve\\\/wp\\\/poder-popular-restaurara-5-avenidas-de-caracas-esta-noche\\\/\",\"url\":\"https:\\\/\\\/stage3.rnv.gob.ve\\\/wp\\\/poder-popular-restaurara-5-avenidas-de-caracas-esta-noche\\\/\",\"name\":\"Poder Popular restaurar\u00e1 5 avenidas de Caracas esta noche - DEV RNV\",\"isPartOf\":{\"@id\":\"https:\\\/\\\/stage3.rnv.gob.ve\\\/wp\\\/#website\"},\"primaryImageOfPage\":{\"@id\":\"https:\\\/\\\/stage3.rnv.gob.ve\\\/wp\\\/poder-popular-restaurara-5-avenidas-de-caracas-esta-noche\\\/#primaryimage\"},\"image\":{\"@id\":\"https:\\\/\\\/stage3.rnv.gob.ve\\\/wp\\\/poder-popular-restaurara-5-avenidas-de-caracas-esta-noche\\\/#primaryimage\"},\"thumbnailUrl\":\"\",\"datePublished\":\"2017-03-10T23:57:56+00:00\",\"breadcrumb\":{\"@id\":\"https:\\\/\\\/stage3.rnv.gob.ve\\\/wp\\\/poder-popular-restaurara-5-avenidas-de-caracas-esta-noche\\\/#breadcrumb\"},\"inLanguage\":\"es\",\"potentialAction\":[{\"@type\":\"ReadAction\",\"target\":[\"https:\\\/\\\/stage3.rnv.gob.ve\\\/wp\\\/poder-popular-restaurara-5-avenidas-de-caracas-esta-noche\\\/\"]}]},{\"@type\":\"ImageObject\",\"inLanguage\":\"es\",\"@id\":\"https:\\\/\\\/stage3.rnv.gob.ve\\\/wp\\\/poder-popular-restaurara-5-avenidas-de-caracas-esta-noche\\\/#primaryimage\",\"url\":\"\",\"contentUrl\":\"\"},{\"@type\":\"BreadcrumbList\",\"@id\":\"https:\\\/\\\/stage3.rnv.gob.ve\\\/wp\\\/poder-popular-restaurara-5-avenidas-de-caracas-esta-noche\\\/#breadcrumb\",\"itemListElement\":[{\"@type\":\"ListItem\",\"position\":1,\"name\":\"Portada\",\"item\":\"https:\\\/\\\/stage3.rnv.gob.ve\\\/wp\\\/\"},{\"@type\":\"ListItem\",\"position\":2,\"name\":\"Poder Popular Restaurar\u00e1 5 Avenidas De Caracas Esta Noche\"}]},{\"@type\":\"WebSite\",\"@id\":\"https:\\\/\\\/stage3.rnv.gob.ve\\\/wp\\\/#website\",\"url\":\"https:\\\/\\\/stage3.rnv.gob.ve\\\/wp\\\/\",\"name\":\"DEV RNV\",\"description\":\"Radio Nacional de Venezuela C.A.\",\"publisher\":{\"@id\":\"https:\\\/\\\/stage3.rnv.gob.ve\\\/wp\\\/#organization\"},\"potentialAction\":[{\"@type\":\"SearchAction\",\"target\":{\"@type\":\"EntryPoint\",\"urlTemplate\":\"https:\\\/\\\/stage3.rnv.gob.ve\\\/wp\\\/?s={search_term_string}\"},\"query-input\":{\"@type\":\"PropertyValueSpecification\",\"valueRequired\":true,\"valueName\":\"search_term_string\"}}],\"inLanguage\":\"es\"},{\"@type\":\"Organization\",\"@id\":\"https:\\\/\\\/stage3.rnv.gob.ve\\\/wp\\\/#organization\",\"name\":\"Radio Nacional de Venezuela C.A.\",\"url\":\"https:\\\/\\\/stage3.rnv.gob.ve\\\/wp\\\/\",\"logo\":{\"@type\":\"ImageObject\",\"inLanguage\":\"es\",\"@id\":\"https:\\\/\\\/stage3.rnv.gob.ve\\\/wp\\\/#\\\/schema\\\/logo\\\/image\\\/\",\"url\":\"http:\\\/\\\/rnv.ddns.net\\\/prensa\\\/wp-content\\\/uploads\\\/2022\\\/04\\\/rnv-1-300x227-1.jpg\",\"contentUrl\":\"http:\\\/\\\/rnv.ddns.net\\\/prensa\\\/wp-content\\\/uploads\\\/2022\\\/04\\\/rnv-1-300x227-1.jpg\",\"width\":800,\"height\":455,\"caption\":\"Radio Nacional de Venezuela C.A.\"},\"image\":{\"@id\":\"https:\\\/\\\/stage3.rnv.gob.ve\\\/wp\\\/#\\\/schema\\\/logo\\\/image\\\/\"},\"sameAs\":[\"https:\\\/\\\/www.facebook.com\\\/RadioNacionaldeVenezuela\",\"https:\\\/\\\/x.com\\\/RNVinformativa\",\"https:\\\/\\\/www.instagram.com\\\/rnvinformativa\\\/\",\"https:\\\/\\\/www.youtube.com\\\/user\\\/RNVContigo\"]},{\"@type\":\"Person\",\"@id\":\"https:\\\/\\\/stage3.rnv.gob.ve\\\/wp\\\/#\\\/schema\\\/person\\\/0862ce8cde332e0bc63b8a243f0eea2c\",\"name\":\"administrador\",\"sameAs\":[\"http:\\\/\\\/arnoldoeloy.net\"],\"url\":\"https:\\\/\\\/stage3.rnv.gob.ve\\\/wp\\\/author\\\/administrador\\\/\"}]}<\/script>\n<!-- \/ Yoast SEO plugin. -->","yoast_head_json":{"title":"Poder Popular restaurar\u00e1 5 avenidas de Caracas esta noche - DEV RNV","robots":{"index":"noindex","follow":"follow","max-snippet":"max-snippet:-1","max-image-preview":"max-image-preview:large","max-video-preview":"max-video-preview:-1"},"og_locale":"es_ES","og_type":"article","og_title":"Poder Popular restaurar\u00e1 5 avenidas de Caracas esta noche - DEV RNV","og_description":"Este viernes, en horas de la noche, el Estado Mayor para Caracas, en compa\u00f1\u00eda del Poder Popular, llevar\u00e1 a cabo jornadas de restauraci\u00f3n en 5 principales avenidas de la ciudad capital, as\u00ed lo inform\u00f3 la jefa del Distrito Capital, Carolina Cestari, durante una asamblea popular. \u00abSe va a 5 avenidas principales a limpiarlas, a refaccionarlas, [&hellip;]","og_url":"https:\/\/stage3.rnv.gob.ve\/wp\/poder-popular-restaurara-5-avenidas-de-caracas-esta-noche\/","og_site_name":"DEV RNV","article_publisher":"https:\/\/www.facebook.com\/RadioNacionaldeVenezuela","article_published_time":"2017-03-10T23:57:56+00:00","author":"administrador","twitter_card":"summary_large_image","twitter_creator":"@RNVinformativa","twitter_site":"@RNVinformativa","twitter_misc":{"Escrito por":"administrador","Tiempo estimado de lectura":"2 minutos"},"schema":{"@context":"https:\/\/schema.org","@graph":[{"@type":"Article","@id":"https:\/\/stage3.rnv.gob.ve\/wp\/poder-popular-restaurara-5-avenidas-de-caracas-esta-noche\/#article","isPartOf":{"@id":"https:\/\/stage3.rnv.gob.ve\/wp\/poder-popular-restaurara-5-avenidas-de-caracas-esta-noche\/"},"author":{"name":"administrador","@id":"https:\/\/stage3.rnv.gob.ve\/wp\/#\/schema\/person\/0862ce8cde332e0bc63b8a243f0eea2c"},"headline":"Poder Popular restaurar\u00e1 5 avenidas de Caracas esta noche","datePublished":"2017-03-10T23:57:56+00:00","mainEntityOfPage":{"@id":"https:\/\/stage3.rnv.gob.ve\/wp\/poder-popular-restaurara-5-avenidas-de-caracas-esta-noche\/"},"wordCount":343,"publisher":{"@id":"https:\/\/stage3.rnv.gob.ve\/wp\/#organization"},"image":{"@id":"https:\/\/stage3.rnv.gob.ve\/wp\/poder-popular-restaurara-5-avenidas-de-caracas-esta-noche\/#primaryimage"},"thumbnailUrl":"","keywords":["avenidas","caracas","poder popular","reparaci\u00f3n","restauraci\u00f3n"],"articleSection":["Ciudad"],"inLanguage":"es"},{"@type":"WebPage","@id":"https:\/\/stage3.rnv.gob.ve\/wp\/poder-popular-restaurara-5-avenidas-de-caracas-esta-noche\/","url":"https:\/\/stage3.rnv.gob.ve\/wp\/poder-popular-restaurara-5-avenidas-de-caracas-esta-noche\/","name":"Poder Popular restaurar\u00e1 5 avenidas de Caracas esta noche - DEV RNV","isPartOf":{"@id":"https:\/\/stage3.rnv.gob.ve\/wp\/#website"},"primaryImageOfPage":{"@id":"https:\/\/stage3.rnv.gob.ve\/wp\/poder-popular-restaurara-5-avenidas-de-caracas-esta-noche\/#primaryimage"},"image":{"@id":"https:\/\/stage3.rnv.gob.ve\/wp\/poder-popular-restaurara-5-avenidas-de-caracas-esta-noche\/#primaryimage"},"thumbnailUrl":"","datePublished":"2017-03-10T23:57:56+00:00","breadcrumb":{"@id":"https:\/\/stage3.rnv.gob.ve\/wp\/poder-popular-restaurara-5-avenidas-de-caracas-esta-noche\/#breadcrumb"},"inLanguage":"es","potentialAction":[{"@type":"ReadAction","target":["https:\/\/stage3.rnv.gob.ve\/wp\/poder-popular-restaurara-5-avenidas-de-caracas-esta-noche\/"]}]},{"@type":"ImageObject","inLanguage":"es","@id":"https:\/\/stage3.rnv.gob.ve\/wp\/poder-popular-restaurara-5-avenidas-de-caracas-esta-noche\/#primaryimage","url":"","contentUrl":""},{"@type":"BreadcrumbList","@id":"https:\/\/stage3.rnv.gob.ve\/wp\/poder-popular-restaurara-5-avenidas-de-caracas-esta-noche\/#breadcrumb","itemListElement":[{"@type":"ListItem","position":1,"name":"Portada","item":"https:\/\/stage3.rnv.gob.ve\/wp\/"},{"@type":"ListItem","position":2,"name":"Poder Popular Restaurar\u00e1 5 Avenidas De Caracas Esta Noche"}]},{"@type":"WebSite","@id":"https:\/\/stage3.rnv.gob.ve\/wp\/#website","url":"https:\/\/stage3.rnv.gob.ve\/wp\/","name":"DEV RNV","description":"Radio Nacional de Venezuela C.A.","publisher":{"@id":"https:\/\/stage3.rnv.gob.ve\/wp\/#organization"},"potentialAction":[{"@type":"SearchAction","target":{"@type":"EntryPoint","urlTemplate":"https:\/\/stage3.rnv.gob.ve\/wp\/?s={search_term_string}"},"query-input":{"@type":"PropertyValueSpecification","valueRequired":true,"valueName":"search_term_string"}}],"inLanguage":"es"},{"@type":"Organization","@id":"https:\/\/stage3.rnv.gob.ve\/wp\/#organization","name":"Radio Nacional de Venezuela C.A.","url":"https:\/\/stage3.rnv.gob.ve\/wp\/","logo":{"@type":"ImageObject","inLanguage":"es","@id":"https:\/\/stage3.rnv.gob.ve\/wp\/#\/schema\/logo\/image\/","url":"http:\/\/rnv.ddns.net\/prensa\/wp-content\/uploads\/2022\/04\/rnv-1-300x227-1.jpg","contentUrl":"http:\/\/rnv.ddns.net\/prensa\/wp-content\/uploads\/2022\/04\/rnv-1-300x227-1.jpg","width":800,"height":455,"caption":"Radio Nacional de Venezuela C.A."},"image":{"@id":"https:\/\/stage3.rnv.gob.ve\/wp\/#\/schema\/logo\/image\/"},"sameAs":["https:\/\/www.facebook.com\/RadioNacionaldeVenezuela","https:\/\/x.com\/RNVinformativa","https:\/\/www.instagram.com\/rnvinformativa\/","https:\/\/www.youtube.com\/user\/RNVContigo"]},{"@type":"Person","@id":"https:\/\/stage3.rnv.gob.ve\/wp\/#\/schema\/person\/0862ce8cde332e0bc63b8a243f0eea2c","name":"administrador","sameAs":["http:\/\/arnoldoeloy.net"],"url":"https:\/\/stage3.rnv.gob.ve\/wp\/author\/administrador\/"}]}},"jetpack_featured_media_url":"","_links":{"self":[{"href":"https:\/\/stage3.rnv.gob.ve\/wp\/wp-json\/wp\/v2\/posts\/122949","targetHints":{"allow":["GET"]}}],"collection":[{"href":"https:\/\/stage3.rnv.gob.ve\/wp\/wp-json\/wp\/v2\/posts"}],"about":[{"href":"https:\/\/stage3.rnv.gob.ve\/wp\/wp-json\/wp\/v2\/types\/post"}],"author":[{"embeddable":true,"href":"https:\/\/stage3.rnv.gob.ve\/wp\/wp-json\/wp\/v2\/users\/1"}],"replies":[{"embeddable":true,"href":"https:\/\/stage3.rnv.gob.ve\/wp\/wp-json\/wp\/v2\/comments?post=122949"}],"version-history":[{"count":0,"href":"https:\/\/stage3.rnv.gob.ve\/wp\/wp-json\/wp\/v2\/posts\/122949\/revisions"}],"wp:featuredmedia":[{"embeddable":true,"href":"https:\/\/stage3.rnv.gob.ve\/wp\/wp-json\/"}],"wp:attachment":[{"href":"https:\/\/stage3.rnv.gob.ve\/wp\/wp-json\/wp\/v2\/media?parent=122949"}],"wp:term":[{"taxonomy":"category","embeddable":true,"href":"https:\/\/stage3.rnv.gob.ve\/wp\/wp-json\/wp\/v2\/categories?post=122949"},{"taxonomy":"post_tag","embeddable":true,"href":"https:\/\/stage3.rnv.gob.ve\/wp\/wp-json\/wp\/v2\/tags?post=122949"}],"curies":[{"name":"wp","href":"https:\/\/api.w.org\/{rel}","templated":true}]}}