{"id":120698,"date":"2017-03-03T22:38:28","date_gmt":"2017-03-04T02:38:28","guid":{"rendered":"http:\/\/wpeditor.rnv.gob.ve\/?p=120698"},"modified":"2017-03-03T22:38:28","modified_gmt":"2017-03-04T02:38:28","slug":"mas-de-mil-estudiantes-de-la-unefa-han-participado-en-carnetizacion-de-la-patria","status":"publish","type":"post","link":"https:\/\/stage3.rnv.gob.ve\/wp\/mas-de-mil-estudiantes-de-la-unefa-han-participado-en-carnetizacion-de-la-patria\/","title":{"rendered":"M\u00e1s de mil estudiantes de la Unefa han participado en carnetizaci\u00f3n de la patria"},"content":{"rendered":"<p><img fetchpriority=\"high\" decoding=\"async\" class=\" wp-image-120703 alignleft\" src=\"http:\/\/wpeditor.rnv.gob.ve\/app\/uploads\/2017\/03\/carnet6302001-300x200.jpg\" alt=\"carnet6302001\" width=\"351\" height=\"234\" \/>Estudiantes, personal docente y administrativo de la Universidad Nacional Experimental Polit\u00e9cnica de la Fuerza Armada Nacional (Unefa), n\u00facleo Coro, atendieron el llamado del presidente Nicol\u00e1s Maduro de registrarse para obtener el carnet de la patria.<\/p>\n<p>La informaci\u00f3n fue aportada por la jefa de la unidad de carnetizaci\u00f3n, Dianelis Santana, quien detall\u00f3 que la jornada ha transcurrido con total normalidad.<\/p>\n<p>Mar\u00eda Ortiz, estudiante de Ingenier\u00eda en sistema, calific\u00f3 como exitoso el proceso de registro y entrega del carnet.<\/p>\n<p>Cabe destacar que durante el fin de semana el n\u00facleo Unefa Coro abrir\u00e1 sus puertas a los consejos comunales y UBCH de los sectores Juan Cris\u00f3stomo Falc\u00f3n y Cruz Verde de la ciudad de Coro, donde se espera atender a m\u00e1s de 1500 personas.<\/p>\n<p><strong>Escuche el reporte de la corresponsal Mar\u00eda Pereira<\/strong><\/p>\n<audio class=\"wp-audio-shortcode\" id=\"audio-120698-1\" preload=\"none\" style=\"width: 100%;\" controls=\"controls\"><source type=\"audio\/mpeg\" src=\"http:\/\/wpeditor.rnv.gob.ve\/app\/uploads\/2017\/03\/JORNADA-DE-CARNITIZACI\u00d3N-DE-LA-PATRIA-.mp3?_=1\" \/><a href=\"http:\/\/wpeditor.rnv.gob.ve\/app\/uploads\/2017\/03\/JORNADA-DE-CARNITIZACI\u00d3N-DE-LA-PATRIA-.mp3\">http:\/\/wpeditor.rnv.gob.ve\/app\/uploads\/2017\/03\/JORNADA-DE-CARNITIZACI\u00d3N-DE-LA-PATRIA-.mp3<\/a><\/audio>\n<p><strong>T\/RNV Corresponsal\u00eda\/Falc\u00f3n<\/strong><\/p>\n","protected":false},"excerpt":{"rendered":"<p>Estudiantes, personal docente y administrativo de la Universidad Nacional Experimental Polit\u00e9cnica de la Fuerza Armada Nacional (Unefa), n\u00facleo Coro, atendieron el llamado del presidente Nicol\u00e1s Maduro de registrarse para obtener el carnet de la patria. La informaci\u00f3n fue aportada por la jefa de la unidad de carnetizaci\u00f3n, Dianelis Santana, quien detall\u00f3 que la jornada ha [&hellip;]<\/p>\n","protected":false},"author":1,"featured_media":120703,"comment_status":"closed","ping_status":"open","sticky":false,"template":"","format":"standard","meta":{"_acf_changed":false,"footnotes":""},"categories":[69],"tags":[11199,598,3620],"class_list":["post-120698","post","type-post","status-publish","format-standard","has-post-thumbnail","hentry","category-regional","tag-carnet-de-la-patria","tag-estudiantes","tag-unefa"],"acf":[],"yoast_head":"<!-- This site is optimized with the Yoast SEO plugin v27.4 - https:\/\/yoast.com\/product\/yoast-seo-wordpress\/ -->\n<title>M\u00e1s de mil estudiantes de la Unefa han participado en carnetizaci\u00f3n de la patria - DEV RNV<\/title>\n<meta name=\"robots\" content=\"noindex, follow, max-snippet:-1, max-image-preview:large, max-video-preview:-1\" \/>\n<meta property=\"og:locale\" content=\"es_ES\" \/>\n<meta property=\"og:type\" content=\"article\" \/>\n<meta property=\"og:title\" content=\"M\u00e1s de mil estudiantes de la Unefa han participado en carnetizaci\u00f3n de la patria - DEV RNV\" \/>\n<meta property=\"og:description\" content=\"Estudiantes, personal docente y administrativo de la Universidad Nacional Experimental Polit\u00e9cnica de la Fuerza Armada Nacional (Unefa), n\u00facleo Coro, atendieron el llamado del presidente Nicol\u00e1s Maduro de registrarse para obtener el carnet de la patria. La informaci\u00f3n fue aportada por la jefa de la unidad de carnetizaci\u00f3n, Dianelis Santana, quien detall\u00f3 que la jornada ha [&hellip;]\" \/>\n<meta property=\"og:url\" content=\"https:\/\/stage3.rnv.gob.ve\/wp\/mas-de-mil-estudiantes-de-la-unefa-han-participado-en-carnetizacion-de-la-patria\/\" \/>\n<meta property=\"og:site_name\" content=\"DEV RNV\" \/>\n<meta property=\"article:publisher\" content=\"https:\/\/www.facebook.com\/RadioNacionaldeVenezuela\" \/>\n<meta property=\"article:published_time\" content=\"2017-03-04T02:38:28+00:00\" \/>\n<meta name=\"author\" content=\"administrador\" \/>\n<meta name=\"twitter:card\" content=\"summary_large_image\" \/>\n<meta name=\"twitter:creator\" content=\"@RNVinformativa\" \/>\n<meta name=\"twitter:site\" content=\"@RNVinformativa\" \/>\n<meta name=\"twitter:label1\" content=\"Escrito por\" \/>\n\t<meta name=\"twitter:data1\" content=\"administrador\" \/>\n\t<meta name=\"twitter:label2\" content=\"Tiempo estimado de lectura\" \/>\n\t<meta name=\"twitter:data2\" content=\"1 minuto\" \/>\n<script type=\"application\/ld+json\" class=\"yoast-schema-graph\">{\"@context\":\"https:\\\/\\\/schema.org\",\"@graph\":[{\"@type\":\"Article\",\"@id\":\"https:\\\/\\\/stage3.rnv.gob.ve\\\/wp\\\/mas-de-mil-estudiantes-de-la-unefa-han-participado-en-carnetizacion-de-la-patria\\\/#article\",\"isPartOf\":{\"@id\":\"https:\\\/\\\/stage3.rnv.gob.ve\\\/wp\\\/mas-de-mil-estudiantes-de-la-unefa-han-participado-en-carnetizacion-de-la-patria\\\/\"},\"author\":{\"name\":\"administrador\",\"@id\":\"https:\\\/\\\/stage3.rnv.gob.ve\\\/wp\\\/#\\\/schema\\\/person\\\/0862ce8cde332e0bc63b8a243f0eea2c\"},\"headline\":\"M\u00e1s de mil estudiantes de la Unefa han participado en carnetizaci\u00f3n de la patria\",\"datePublished\":\"2017-03-04T02:38:28+00:00\",\"mainEntityOfPage\":{\"@id\":\"https:\\\/\\\/stage3.rnv.gob.ve\\\/wp\\\/mas-de-mil-estudiantes-de-la-unefa-han-participado-en-carnetizacion-de-la-patria\\\/\"},\"wordCount\":175,\"publisher\":{\"@id\":\"https:\\\/\\\/stage3.rnv.gob.ve\\\/wp\\\/#organization\"},\"image\":{\"@id\":\"https:\\\/\\\/stage3.rnv.gob.ve\\\/wp\\\/mas-de-mil-estudiantes-de-la-unefa-han-participado-en-carnetizacion-de-la-patria\\\/#primaryimage\"},\"thumbnailUrl\":\"\",\"keywords\":[\"Carnet de la patria\",\"estudiantes\",\"unefa\"],\"articleSection\":[\"Regional\"],\"inLanguage\":\"es\"},{\"@type\":\"WebPage\",\"@id\":\"https:\\\/\\\/stage3.rnv.gob.ve\\\/wp\\\/mas-de-mil-estudiantes-de-la-unefa-han-participado-en-carnetizacion-de-la-patria\\\/\",\"url\":\"https:\\\/\\\/stage3.rnv.gob.ve\\\/wp\\\/mas-de-mil-estudiantes-de-la-unefa-han-participado-en-carnetizacion-de-la-patria\\\/\",\"name\":\"M\u00e1s de mil estudiantes de la Unefa han participado en carnetizaci\u00f3n de la patria - DEV RNV\",\"isPartOf\":{\"@id\":\"https:\\\/\\\/stage3.rnv.gob.ve\\\/wp\\\/#website\"},\"primaryImageOfPage\":{\"@id\":\"https:\\\/\\\/stage3.rnv.gob.ve\\\/wp\\\/mas-de-mil-estudiantes-de-la-unefa-han-participado-en-carnetizacion-de-la-patria\\\/#primaryimage\"},\"image\":{\"@id\":\"https:\\\/\\\/stage3.rnv.gob.ve\\\/wp\\\/mas-de-mil-estudiantes-de-la-unefa-han-participado-en-carnetizacion-de-la-patria\\\/#primaryimage\"},\"thumbnailUrl\":\"\",\"datePublished\":\"2017-03-04T02:38:28+00:00\",\"breadcrumb\":{\"@id\":\"https:\\\/\\\/stage3.rnv.gob.ve\\\/wp\\\/mas-de-mil-estudiantes-de-la-unefa-han-participado-en-carnetizacion-de-la-patria\\\/#breadcrumb\"},\"inLanguage\":\"es\",\"potentialAction\":[{\"@type\":\"ReadAction\",\"target\":[\"https:\\\/\\\/stage3.rnv.gob.ve\\\/wp\\\/mas-de-mil-estudiantes-de-la-unefa-han-participado-en-carnetizacion-de-la-patria\\\/\"]}]},{\"@type\":\"ImageObject\",\"inLanguage\":\"es\",\"@id\":\"https:\\\/\\\/stage3.rnv.gob.ve\\\/wp\\\/mas-de-mil-estudiantes-de-la-unefa-han-participado-en-carnetizacion-de-la-patria\\\/#primaryimage\",\"url\":\"\",\"contentUrl\":\"\"},{\"@type\":\"BreadcrumbList\",\"@id\":\"https:\\\/\\\/stage3.rnv.gob.ve\\\/wp\\\/mas-de-mil-estudiantes-de-la-unefa-han-participado-en-carnetizacion-de-la-patria\\\/#breadcrumb\",\"itemListElement\":[{\"@type\":\"ListItem\",\"position\":1,\"name\":\"Portada\",\"item\":\"https:\\\/\\\/stage3.rnv.gob.ve\\\/wp\\\/\"},{\"@type\":\"ListItem\",\"position\":2,\"name\":\"M\u00e1s De Mil Estudiantes De La Unefa Han Participado En Carnetizaci\u00f3n De La Patria\"}]},{\"@type\":\"WebSite\",\"@id\":\"https:\\\/\\\/stage3.rnv.gob.ve\\\/wp\\\/#website\",\"url\":\"https:\\\/\\\/stage3.rnv.gob.ve\\\/wp\\\/\",\"name\":\"DEV RNV\",\"description\":\"Radio Nacional de Venezuela C.A.\",\"publisher\":{\"@id\":\"https:\\\/\\\/stage3.rnv.gob.ve\\\/wp\\\/#organization\"},\"potentialAction\":[{\"@type\":\"SearchAction\",\"target\":{\"@type\":\"EntryPoint\",\"urlTemplate\":\"https:\\\/\\\/stage3.rnv.gob.ve\\\/wp\\\/?s={search_term_string}\"},\"query-input\":{\"@type\":\"PropertyValueSpecification\",\"valueRequired\":true,\"valueName\":\"search_term_string\"}}],\"inLanguage\":\"es\"},{\"@type\":\"Organization\",\"@id\":\"https:\\\/\\\/stage3.rnv.gob.ve\\\/wp\\\/#organization\",\"name\":\"Radio Nacional de Venezuela C.A.\",\"url\":\"https:\\\/\\\/stage3.rnv.gob.ve\\\/wp\\\/\",\"logo\":{\"@type\":\"ImageObject\",\"inLanguage\":\"es\",\"@id\":\"https:\\\/\\\/stage3.rnv.gob.ve\\\/wp\\\/#\\\/schema\\\/logo\\\/image\\\/\",\"url\":\"http:\\\/\\\/rnv.ddns.net\\\/prensa\\\/wp-content\\\/uploads\\\/2022\\\/04\\\/rnv-1-300x227-1.jpg\",\"contentUrl\":\"http:\\\/\\\/rnv.ddns.net\\\/prensa\\\/wp-content\\\/uploads\\\/2022\\\/04\\\/rnv-1-300x227-1.jpg\",\"width\":800,\"height\":455,\"caption\":\"Radio Nacional de Venezuela C.A.\"},\"image\":{\"@id\":\"https:\\\/\\\/stage3.rnv.gob.ve\\\/wp\\\/#\\\/schema\\\/logo\\\/image\\\/\"},\"sameAs\":[\"https:\\\/\\\/www.facebook.com\\\/RadioNacionaldeVenezuela\",\"https:\\\/\\\/x.com\\\/RNVinformativa\",\"https:\\\/\\\/www.instagram.com\\\/rnvinformativa\\\/\",\"https:\\\/\\\/www.youtube.com\\\/user\\\/RNVContigo\"]},{\"@type\":\"Person\",\"@id\":\"https:\\\/\\\/stage3.rnv.gob.ve\\\/wp\\\/#\\\/schema\\\/person\\\/0862ce8cde332e0bc63b8a243f0eea2c\",\"name\":\"administrador\",\"sameAs\":[\"http:\\\/\\\/arnoldoeloy.net\"],\"url\":\"https:\\\/\\\/stage3.rnv.gob.ve\\\/wp\\\/author\\\/administrador\\\/\"}]}<\/script>\n<!-- \/ Yoast SEO plugin. -->","yoast_head_json":{"title":"M\u00e1s de mil estudiantes de la Unefa han participado en carnetizaci\u00f3n de la patria - DEV RNV","robots":{"index":"noindex","follow":"follow","max-snippet":"max-snippet:-1","max-image-preview":"max-image-preview:large","max-video-preview":"max-video-preview:-1"},"og_locale":"es_ES","og_type":"article","og_title":"M\u00e1s de mil estudiantes de la Unefa han participado en carnetizaci\u00f3n de la patria - DEV RNV","og_description":"Estudiantes, personal docente y administrativo de la Universidad Nacional Experimental Polit\u00e9cnica de la Fuerza Armada Nacional (Unefa), n\u00facleo Coro, atendieron el llamado del presidente Nicol\u00e1s Maduro de registrarse para obtener el carnet de la patria. La informaci\u00f3n fue aportada por la jefa de la unidad de carnetizaci\u00f3n, Dianelis Santana, quien detall\u00f3 que la jornada ha [&hellip;]","og_url":"https:\/\/stage3.rnv.gob.ve\/wp\/mas-de-mil-estudiantes-de-la-unefa-han-participado-en-carnetizacion-de-la-patria\/","og_site_name":"DEV RNV","article_publisher":"https:\/\/www.facebook.com\/RadioNacionaldeVenezuela","article_published_time":"2017-03-04T02:38:28+00:00","author":"administrador","twitter_card":"summary_large_image","twitter_creator":"@RNVinformativa","twitter_site":"@RNVinformativa","twitter_misc":{"Escrito por":"administrador","Tiempo estimado de lectura":"1 minuto"},"schema":{"@context":"https:\/\/schema.org","@graph":[{"@type":"Article","@id":"https:\/\/stage3.rnv.gob.ve\/wp\/mas-de-mil-estudiantes-de-la-unefa-han-participado-en-carnetizacion-de-la-patria\/#article","isPartOf":{"@id":"https:\/\/stage3.rnv.gob.ve\/wp\/mas-de-mil-estudiantes-de-la-unefa-han-participado-en-carnetizacion-de-la-patria\/"},"author":{"name":"administrador","@id":"https:\/\/stage3.rnv.gob.ve\/wp\/#\/schema\/person\/0862ce8cde332e0bc63b8a243f0eea2c"},"headline":"M\u00e1s de mil estudiantes de la Unefa han participado en carnetizaci\u00f3n de la patria","datePublished":"2017-03-04T02:38:28+00:00","mainEntityOfPage":{"@id":"https:\/\/stage3.rnv.gob.ve\/wp\/mas-de-mil-estudiantes-de-la-unefa-han-participado-en-carnetizacion-de-la-patria\/"},"wordCount":175,"publisher":{"@id":"https:\/\/stage3.rnv.gob.ve\/wp\/#organization"},"image":{"@id":"https:\/\/stage3.rnv.gob.ve\/wp\/mas-de-mil-estudiantes-de-la-unefa-han-participado-en-carnetizacion-de-la-patria\/#primaryimage"},"thumbnailUrl":"","keywords":["Carnet de la patria","estudiantes","unefa"],"articleSection":["Regional"],"inLanguage":"es"},{"@type":"WebPage","@id":"https:\/\/stage3.rnv.gob.ve\/wp\/mas-de-mil-estudiantes-de-la-unefa-han-participado-en-carnetizacion-de-la-patria\/","url":"https:\/\/stage3.rnv.gob.ve\/wp\/mas-de-mil-estudiantes-de-la-unefa-han-participado-en-carnetizacion-de-la-patria\/","name":"M\u00e1s de mil estudiantes de la Unefa han participado en carnetizaci\u00f3n de la patria - DEV RNV","isPartOf":{"@id":"https:\/\/stage3.rnv.gob.ve\/wp\/#website"},"primaryImageOfPage":{"@id":"https:\/\/stage3.rnv.gob.ve\/wp\/mas-de-mil-estudiantes-de-la-unefa-han-participado-en-carnetizacion-de-la-patria\/#primaryimage"},"image":{"@id":"https:\/\/stage3.rnv.gob.ve\/wp\/mas-de-mil-estudiantes-de-la-unefa-han-participado-en-carnetizacion-de-la-patria\/#primaryimage"},"thumbnailUrl":"","datePublished":"2017-03-04T02:38:28+00:00","breadcrumb":{"@id":"https:\/\/stage3.rnv.gob.ve\/wp\/mas-de-mil-estudiantes-de-la-unefa-han-participado-en-carnetizacion-de-la-patria\/#breadcrumb"},"inLanguage":"es","potentialAction":[{"@type":"ReadAction","target":["https:\/\/stage3.rnv.gob.ve\/wp\/mas-de-mil-estudiantes-de-la-unefa-han-participado-en-carnetizacion-de-la-patria\/"]}]},{"@type":"ImageObject","inLanguage":"es","@id":"https:\/\/stage3.rnv.gob.ve\/wp\/mas-de-mil-estudiantes-de-la-unefa-han-participado-en-carnetizacion-de-la-patria\/#primaryimage","url":"","contentUrl":""},{"@type":"BreadcrumbList","@id":"https:\/\/stage3.rnv.gob.ve\/wp\/mas-de-mil-estudiantes-de-la-unefa-han-participado-en-carnetizacion-de-la-patria\/#breadcrumb","itemListElement":[{"@type":"ListItem","position":1,"name":"Portada","item":"https:\/\/stage3.rnv.gob.ve\/wp\/"},{"@type":"ListItem","position":2,"name":"M\u00e1s De Mil Estudiantes De La Unefa Han Participado En Carnetizaci\u00f3n De La Patria"}]},{"@type":"WebSite","@id":"https:\/\/stage3.rnv.gob.ve\/wp\/#website","url":"https:\/\/stage3.rnv.gob.ve\/wp\/","name":"DEV RNV","description":"Radio Nacional de Venezuela C.A.","publisher":{"@id":"https:\/\/stage3.rnv.gob.ve\/wp\/#organization"},"potentialAction":[{"@type":"SearchAction","target":{"@type":"EntryPoint","urlTemplate":"https:\/\/stage3.rnv.gob.ve\/wp\/?s={search_term_string}"},"query-input":{"@type":"PropertyValueSpecification","valueRequired":true,"valueName":"search_term_string"}}],"inLanguage":"es"},{"@type":"Organization","@id":"https:\/\/stage3.rnv.gob.ve\/wp\/#organization","name":"Radio Nacional de Venezuela C.A.","url":"https:\/\/stage3.rnv.gob.ve\/wp\/","logo":{"@type":"ImageObject","inLanguage":"es","@id":"https:\/\/stage3.rnv.gob.ve\/wp\/#\/schema\/logo\/image\/","url":"http:\/\/rnv.ddns.net\/prensa\/wp-content\/uploads\/2022\/04\/rnv-1-300x227-1.jpg","contentUrl":"http:\/\/rnv.ddns.net\/prensa\/wp-content\/uploads\/2022\/04\/rnv-1-300x227-1.jpg","width":800,"height":455,"caption":"Radio Nacional de Venezuela C.A."},"image":{"@id":"https:\/\/stage3.rnv.gob.ve\/wp\/#\/schema\/logo\/image\/"},"sameAs":["https:\/\/www.facebook.com\/RadioNacionaldeVenezuela","https:\/\/x.com\/RNVinformativa","https:\/\/www.instagram.com\/rnvinformativa\/","https:\/\/www.youtube.com\/user\/RNVContigo"]},{"@type":"Person","@id":"https:\/\/stage3.rnv.gob.ve\/wp\/#\/schema\/person\/0862ce8cde332e0bc63b8a243f0eea2c","name":"administrador","sameAs":["http:\/\/arnoldoeloy.net"],"url":"https:\/\/stage3.rnv.gob.ve\/wp\/author\/administrador\/"}]}},"jetpack_featured_media_url":"","_links":{"self":[{"href":"https:\/\/stage3.rnv.gob.ve\/wp\/wp-json\/wp\/v2\/posts\/120698","targetHints":{"allow":["GET"]}}],"collection":[{"href":"https:\/\/stage3.rnv.gob.ve\/wp\/wp-json\/wp\/v2\/posts"}],"about":[{"href":"https:\/\/stage3.rnv.gob.ve\/wp\/wp-json\/wp\/v2\/types\/post"}],"author":[{"embeddable":true,"href":"https:\/\/stage3.rnv.gob.ve\/wp\/wp-json\/wp\/v2\/users\/1"}],"replies":[{"embeddable":true,"href":"https:\/\/stage3.rnv.gob.ve\/wp\/wp-json\/wp\/v2\/comments?post=120698"}],"version-history":[{"count":0,"href":"https:\/\/stage3.rnv.gob.ve\/wp\/wp-json\/wp\/v2\/posts\/120698\/revisions"}],"wp:featuredmedia":[{"embeddable":true,"href":"https:\/\/stage3.rnv.gob.ve\/wp\/wp-json\/"}],"wp:attachment":[{"href":"https:\/\/stage3.rnv.gob.ve\/wp\/wp-json\/wp\/v2\/media?parent=120698"}],"wp:term":[{"taxonomy":"category","embeddable":true,"href":"https:\/\/stage3.rnv.gob.ve\/wp\/wp-json\/wp\/v2\/categories?post=120698"},{"taxonomy":"post_tag","embeddable":true,"href":"https:\/\/stage3.rnv.gob.ve\/wp\/wp-json\/wp\/v2\/tags?post=120698"}],"curies":[{"name":"wp","href":"https:\/\/api.w.org\/{rel}","templated":true}]}}