{"id":117828,"date":"2017-02-22T18:14:32","date_gmt":"2017-02-22T22:14:32","guid":{"rendered":"http:\/\/wpeditor.rnv.gob.ve\/?p=117828"},"modified":"2017-02-22T18:14:32","modified_gmt":"2017-02-22T22:14:32","slug":"bolivar-inicio-plan-de-seguridad-ruta-del-calipso-2017","status":"publish","type":"post","link":"https:\/\/stage3.rnv.gob.ve\/wp\/bolivar-inicio-plan-de-seguridad-ruta-del-calipso-2017\/","title":{"rendered":"Bol\u00edvar: Inici\u00f3 Plan de Seguridad Ruta del Calipso 2017"},"content":{"rendered":"\n<p>La Gobernaci\u00f3n del estado Bol\u00edvar inici\u00f3 la primera fase del Plan Seguridad Ciudadana Ruta del Calipso 2017. El mandatario regional, Francisco Rangel G\u00f3mez, destac\u00f3 que han desplegado todos los organismos de seguridad del estado para garantizar la protecci\u00f3n de los ciudadanos, bienes p\u00fablicos y privados para el asueto de Carnaval.<\/p>\n<p>El general de divisi\u00f3n, Jes\u00fas Mar\u00eda Montilla, comandante de la Zodi-Bol\u00edvar, resalt\u00f3 que los puntos de control juegan un papel importante en el dispositivo.<\/p>\n<p>Las autoridades regionales indicaron que este viernes 24 de febrero se har\u00e1 el despliegue de 8.214 funcionarios y 586 unidades disponibles para resguardar a los locales y turistas.<\/p>\n<p><strong>Escuche el reporte de la corresponsal Lexis Pichardo<\/strong><\/p>\n<audio class=\"wp-audio-shortcode\" id=\"audio-117828-1\" preload=\"none\" style=\"width: 100%;\" controls=\"controls\"><source type=\"audio\/mpeg\" src=\"http:\/\/wpeditor.rnv.gob.ve\/app\/uploads\/2017\/02\/AUDIO-DESPLIEGUE-DE-SEGURIDAD-2017.mp3?_=1\" \/><a href=\"http:\/\/wpeditor.rnv.gob.ve\/app\/uploads\/2017\/02\/AUDIO-DESPLIEGUE-DE-SEGURIDAD-2017.mp3\">http:\/\/wpeditor.rnv.gob.ve\/app\/uploads\/2017\/02\/AUDIO-DESPLIEGUE-DE-SEGURIDAD-2017.mp3<\/a><\/audio>\n<p><strong>T\/RNV Corresponsal\u00eda\/Bol\u00edvar<\/strong><\/p>\n","protected":false},"excerpt":{"rendered":"<p>La Gobernaci\u00f3n del estado Bol\u00edvar inici\u00f3 la primera fase del Plan Seguridad Ciudadana Ruta del Calipso 2017. El mandatario regional, Francisco Rangel G\u00f3mez, destac\u00f3 que han desplegado todos los organismos de seguridad del estado para garantizar la protecci\u00f3n de los ciudadanos, bienes p\u00fablicos y privados para el asueto de Carnaval. El general de divisi\u00f3n, Jes\u00fas [&hellip;]<\/p>\n","protected":false},"author":1,"featured_media":117832,"comment_status":"closed","ping_status":"open","sticky":false,"template":"","format":"standard","meta":{"_acf_changed":false,"footnotes":""},"categories":[69],"tags":[269,10372,12543,1944],"class_list":["post-117828","post","type-post","status-publish","format-standard","has-post-thumbnail","hentry","category-regional","tag-bolivar","tag-carnaval","tag-plan-de-seguridad-ruta-del-calipso-2017","tag-turistas"],"acf":[],"yoast_head":"<!-- This site is optimized with the Yoast SEO plugin v27.4 - https:\/\/yoast.com\/product\/yoast-seo-wordpress\/ -->\n<title>Bol\u00edvar: Inici\u00f3 Plan de Seguridad Ruta del Calipso 2017 - DEV RNV<\/title>\n<meta name=\"robots\" content=\"noindex, follow, max-snippet:-1, max-image-preview:large, max-video-preview:-1\" \/>\n<meta property=\"og:locale\" content=\"es_ES\" \/>\n<meta property=\"og:type\" content=\"article\" \/>\n<meta property=\"og:title\" content=\"Bol\u00edvar: Inici\u00f3 Plan de Seguridad Ruta del Calipso 2017 - DEV RNV\" \/>\n<meta property=\"og:description\" content=\"La Gobernaci\u00f3n del estado Bol\u00edvar inici\u00f3 la primera fase del Plan Seguridad Ciudadana Ruta del Calipso 2017. El mandatario regional, Francisco Rangel G\u00f3mez, destac\u00f3 que han desplegado todos los organismos de seguridad del estado para garantizar la protecci\u00f3n de los ciudadanos, bienes p\u00fablicos y privados para el asueto de Carnaval. El general de divisi\u00f3n, Jes\u00fas [&hellip;]\" \/>\n<meta property=\"og:url\" content=\"https:\/\/stage3.rnv.gob.ve\/wp\/bolivar-inicio-plan-de-seguridad-ruta-del-calipso-2017\/\" \/>\n<meta property=\"og:site_name\" content=\"DEV RNV\" \/>\n<meta property=\"article:publisher\" content=\"https:\/\/www.facebook.com\/RadioNacionaldeVenezuela\" \/>\n<meta property=\"article:published_time\" content=\"2017-02-22T22:14:32+00:00\" \/>\n<meta name=\"author\" content=\"administrador\" \/>\n<meta name=\"twitter:card\" content=\"summary_large_image\" \/>\n<meta name=\"twitter:creator\" content=\"@RNVinformativa\" \/>\n<meta name=\"twitter:site\" content=\"@RNVinformativa\" \/>\n<meta name=\"twitter:label1\" content=\"Escrito por\" \/>\n\t<meta name=\"twitter:data1\" content=\"administrador\" \/>\n\t<meta name=\"twitter:label2\" content=\"Tiempo estimado de lectura\" \/>\n\t<meta name=\"twitter:data2\" content=\"1 minuto\" \/>\n<script type=\"application\/ld+json\" class=\"yoast-schema-graph\">{\"@context\":\"https:\\\/\\\/schema.org\",\"@graph\":[{\"@type\":\"Article\",\"@id\":\"https:\\\/\\\/stage3.rnv.gob.ve\\\/wp\\\/bolivar-inicio-plan-de-seguridad-ruta-del-calipso-2017\\\/#article\",\"isPartOf\":{\"@id\":\"https:\\\/\\\/stage3.rnv.gob.ve\\\/wp\\\/bolivar-inicio-plan-de-seguridad-ruta-del-calipso-2017\\\/\"},\"author\":{\"name\":\"administrador\",\"@id\":\"https:\\\/\\\/stage3.rnv.gob.ve\\\/wp\\\/#\\\/schema\\\/person\\\/0862ce8cde332e0bc63b8a243f0eea2c\"},\"headline\":\"Bol\u00edvar: Inici\u00f3 Plan de Seguridad Ruta del Calipso 2017\",\"datePublished\":\"2017-02-22T22:14:32+00:00\",\"mainEntityOfPage\":{\"@id\":\"https:\\\/\\\/stage3.rnv.gob.ve\\\/wp\\\/bolivar-inicio-plan-de-seguridad-ruta-del-calipso-2017\\\/\"},\"wordCount\":148,\"publisher\":{\"@id\":\"https:\\\/\\\/stage3.rnv.gob.ve\\\/wp\\\/#organization\"},\"image\":{\"@id\":\"https:\\\/\\\/stage3.rnv.gob.ve\\\/wp\\\/bolivar-inicio-plan-de-seguridad-ruta-del-calipso-2017\\\/#primaryimage\"},\"thumbnailUrl\":\"\",\"keywords\":[\"bolivar\",\"carnaval\",\"Plan de Seguridad Ruta del Calipso 2017\",\"turistas\"],\"articleSection\":[\"Regional\"],\"inLanguage\":\"es\"},{\"@type\":\"WebPage\",\"@id\":\"https:\\\/\\\/stage3.rnv.gob.ve\\\/wp\\\/bolivar-inicio-plan-de-seguridad-ruta-del-calipso-2017\\\/\",\"url\":\"https:\\\/\\\/stage3.rnv.gob.ve\\\/wp\\\/bolivar-inicio-plan-de-seguridad-ruta-del-calipso-2017\\\/\",\"name\":\"Bol\u00edvar: Inici\u00f3 Plan de Seguridad Ruta del Calipso 2017 - DEV RNV\",\"isPartOf\":{\"@id\":\"https:\\\/\\\/stage3.rnv.gob.ve\\\/wp\\\/#website\"},\"primaryImageOfPage\":{\"@id\":\"https:\\\/\\\/stage3.rnv.gob.ve\\\/wp\\\/bolivar-inicio-plan-de-seguridad-ruta-del-calipso-2017\\\/#primaryimage\"},\"image\":{\"@id\":\"https:\\\/\\\/stage3.rnv.gob.ve\\\/wp\\\/bolivar-inicio-plan-de-seguridad-ruta-del-calipso-2017\\\/#primaryimage\"},\"thumbnailUrl\":\"\",\"datePublished\":\"2017-02-22T22:14:32+00:00\",\"breadcrumb\":{\"@id\":\"https:\\\/\\\/stage3.rnv.gob.ve\\\/wp\\\/bolivar-inicio-plan-de-seguridad-ruta-del-calipso-2017\\\/#breadcrumb\"},\"inLanguage\":\"es\",\"potentialAction\":[{\"@type\":\"ReadAction\",\"target\":[\"https:\\\/\\\/stage3.rnv.gob.ve\\\/wp\\\/bolivar-inicio-plan-de-seguridad-ruta-del-calipso-2017\\\/\"]}]},{\"@type\":\"ImageObject\",\"inLanguage\":\"es\",\"@id\":\"https:\\\/\\\/stage3.rnv.gob.ve\\\/wp\\\/bolivar-inicio-plan-de-seguridad-ruta-del-calipso-2017\\\/#primaryimage\",\"url\":\"\",\"contentUrl\":\"\"},{\"@type\":\"BreadcrumbList\",\"@id\":\"https:\\\/\\\/stage3.rnv.gob.ve\\\/wp\\\/bolivar-inicio-plan-de-seguridad-ruta-del-calipso-2017\\\/#breadcrumb\",\"itemListElement\":[{\"@type\":\"ListItem\",\"position\":1,\"name\":\"Portada\",\"item\":\"https:\\\/\\\/stage3.rnv.gob.ve\\\/wp\\\/\"},{\"@type\":\"ListItem\",\"position\":2,\"name\":\"Bol\u00edvar: Inici\u00f3 Plan De Seguridad Ruta Del Calipso 2017\"}]},{\"@type\":\"WebSite\",\"@id\":\"https:\\\/\\\/stage3.rnv.gob.ve\\\/wp\\\/#website\",\"url\":\"https:\\\/\\\/stage3.rnv.gob.ve\\\/wp\\\/\",\"name\":\"DEV RNV\",\"description\":\"Radio Nacional de Venezuela C.A.\",\"publisher\":{\"@id\":\"https:\\\/\\\/stage3.rnv.gob.ve\\\/wp\\\/#organization\"},\"potentialAction\":[{\"@type\":\"SearchAction\",\"target\":{\"@type\":\"EntryPoint\",\"urlTemplate\":\"https:\\\/\\\/stage3.rnv.gob.ve\\\/wp\\\/?s={search_term_string}\"},\"query-input\":{\"@type\":\"PropertyValueSpecification\",\"valueRequired\":true,\"valueName\":\"search_term_string\"}}],\"inLanguage\":\"es\"},{\"@type\":\"Organization\",\"@id\":\"https:\\\/\\\/stage3.rnv.gob.ve\\\/wp\\\/#organization\",\"name\":\"Radio Nacional de Venezuela C.A.\",\"url\":\"https:\\\/\\\/stage3.rnv.gob.ve\\\/wp\\\/\",\"logo\":{\"@type\":\"ImageObject\",\"inLanguage\":\"es\",\"@id\":\"https:\\\/\\\/stage3.rnv.gob.ve\\\/wp\\\/#\\\/schema\\\/logo\\\/image\\\/\",\"url\":\"http:\\\/\\\/rnv.ddns.net\\\/prensa\\\/wp-content\\\/uploads\\\/2022\\\/04\\\/rnv-1-300x227-1.jpg\",\"contentUrl\":\"http:\\\/\\\/rnv.ddns.net\\\/prensa\\\/wp-content\\\/uploads\\\/2022\\\/04\\\/rnv-1-300x227-1.jpg\",\"width\":800,\"height\":455,\"caption\":\"Radio Nacional de Venezuela C.A.\"},\"image\":{\"@id\":\"https:\\\/\\\/stage3.rnv.gob.ve\\\/wp\\\/#\\\/schema\\\/logo\\\/image\\\/\"},\"sameAs\":[\"https:\\\/\\\/www.facebook.com\\\/RadioNacionaldeVenezuela\",\"https:\\\/\\\/x.com\\\/RNVinformativa\",\"https:\\\/\\\/www.instagram.com\\\/rnvinformativa\\\/\",\"https:\\\/\\\/www.youtube.com\\\/user\\\/RNVContigo\"]},{\"@type\":\"Person\",\"@id\":\"https:\\\/\\\/stage3.rnv.gob.ve\\\/wp\\\/#\\\/schema\\\/person\\\/0862ce8cde332e0bc63b8a243f0eea2c\",\"name\":\"administrador\",\"sameAs\":[\"http:\\\/\\\/arnoldoeloy.net\"],\"url\":\"https:\\\/\\\/stage3.rnv.gob.ve\\\/wp\\\/author\\\/administrador\\\/\"}]}<\/script>\n<!-- \/ Yoast SEO plugin. -->","yoast_head_json":{"title":"Bol\u00edvar: Inici\u00f3 Plan de Seguridad Ruta del Calipso 2017 - DEV RNV","robots":{"index":"noindex","follow":"follow","max-snippet":"max-snippet:-1","max-image-preview":"max-image-preview:large","max-video-preview":"max-video-preview:-1"},"og_locale":"es_ES","og_type":"article","og_title":"Bol\u00edvar: Inici\u00f3 Plan de Seguridad Ruta del Calipso 2017 - DEV RNV","og_description":"La Gobernaci\u00f3n del estado Bol\u00edvar inici\u00f3 la primera fase del Plan Seguridad Ciudadana Ruta del Calipso 2017. El mandatario regional, Francisco Rangel G\u00f3mez, destac\u00f3 que han desplegado todos los organismos de seguridad del estado para garantizar la protecci\u00f3n de los ciudadanos, bienes p\u00fablicos y privados para el asueto de Carnaval. El general de divisi\u00f3n, Jes\u00fas [&hellip;]","og_url":"https:\/\/stage3.rnv.gob.ve\/wp\/bolivar-inicio-plan-de-seguridad-ruta-del-calipso-2017\/","og_site_name":"DEV RNV","article_publisher":"https:\/\/www.facebook.com\/RadioNacionaldeVenezuela","article_published_time":"2017-02-22T22:14:32+00:00","author":"administrador","twitter_card":"summary_large_image","twitter_creator":"@RNVinformativa","twitter_site":"@RNVinformativa","twitter_misc":{"Escrito por":"administrador","Tiempo estimado de lectura":"1 minuto"},"schema":{"@context":"https:\/\/schema.org","@graph":[{"@type":"Article","@id":"https:\/\/stage3.rnv.gob.ve\/wp\/bolivar-inicio-plan-de-seguridad-ruta-del-calipso-2017\/#article","isPartOf":{"@id":"https:\/\/stage3.rnv.gob.ve\/wp\/bolivar-inicio-plan-de-seguridad-ruta-del-calipso-2017\/"},"author":{"name":"administrador","@id":"https:\/\/stage3.rnv.gob.ve\/wp\/#\/schema\/person\/0862ce8cde332e0bc63b8a243f0eea2c"},"headline":"Bol\u00edvar: Inici\u00f3 Plan de Seguridad Ruta del Calipso 2017","datePublished":"2017-02-22T22:14:32+00:00","mainEntityOfPage":{"@id":"https:\/\/stage3.rnv.gob.ve\/wp\/bolivar-inicio-plan-de-seguridad-ruta-del-calipso-2017\/"},"wordCount":148,"publisher":{"@id":"https:\/\/stage3.rnv.gob.ve\/wp\/#organization"},"image":{"@id":"https:\/\/stage3.rnv.gob.ve\/wp\/bolivar-inicio-plan-de-seguridad-ruta-del-calipso-2017\/#primaryimage"},"thumbnailUrl":"","keywords":["bolivar","carnaval","Plan de Seguridad Ruta del Calipso 2017","turistas"],"articleSection":["Regional"],"inLanguage":"es"},{"@type":"WebPage","@id":"https:\/\/stage3.rnv.gob.ve\/wp\/bolivar-inicio-plan-de-seguridad-ruta-del-calipso-2017\/","url":"https:\/\/stage3.rnv.gob.ve\/wp\/bolivar-inicio-plan-de-seguridad-ruta-del-calipso-2017\/","name":"Bol\u00edvar: Inici\u00f3 Plan de Seguridad Ruta del Calipso 2017 - DEV RNV","isPartOf":{"@id":"https:\/\/stage3.rnv.gob.ve\/wp\/#website"},"primaryImageOfPage":{"@id":"https:\/\/stage3.rnv.gob.ve\/wp\/bolivar-inicio-plan-de-seguridad-ruta-del-calipso-2017\/#primaryimage"},"image":{"@id":"https:\/\/stage3.rnv.gob.ve\/wp\/bolivar-inicio-plan-de-seguridad-ruta-del-calipso-2017\/#primaryimage"},"thumbnailUrl":"","datePublished":"2017-02-22T22:14:32+00:00","breadcrumb":{"@id":"https:\/\/stage3.rnv.gob.ve\/wp\/bolivar-inicio-plan-de-seguridad-ruta-del-calipso-2017\/#breadcrumb"},"inLanguage":"es","potentialAction":[{"@type":"ReadAction","target":["https:\/\/stage3.rnv.gob.ve\/wp\/bolivar-inicio-plan-de-seguridad-ruta-del-calipso-2017\/"]}]},{"@type":"ImageObject","inLanguage":"es","@id":"https:\/\/stage3.rnv.gob.ve\/wp\/bolivar-inicio-plan-de-seguridad-ruta-del-calipso-2017\/#primaryimage","url":"","contentUrl":""},{"@type":"BreadcrumbList","@id":"https:\/\/stage3.rnv.gob.ve\/wp\/bolivar-inicio-plan-de-seguridad-ruta-del-calipso-2017\/#breadcrumb","itemListElement":[{"@type":"ListItem","position":1,"name":"Portada","item":"https:\/\/stage3.rnv.gob.ve\/wp\/"},{"@type":"ListItem","position":2,"name":"Bol\u00edvar: Inici\u00f3 Plan De Seguridad Ruta Del Calipso 2017"}]},{"@type":"WebSite","@id":"https:\/\/stage3.rnv.gob.ve\/wp\/#website","url":"https:\/\/stage3.rnv.gob.ve\/wp\/","name":"DEV RNV","description":"Radio Nacional de Venezuela C.A.","publisher":{"@id":"https:\/\/stage3.rnv.gob.ve\/wp\/#organization"},"potentialAction":[{"@type":"SearchAction","target":{"@type":"EntryPoint","urlTemplate":"https:\/\/stage3.rnv.gob.ve\/wp\/?s={search_term_string}"},"query-input":{"@type":"PropertyValueSpecification","valueRequired":true,"valueName":"search_term_string"}}],"inLanguage":"es"},{"@type":"Organization","@id":"https:\/\/stage3.rnv.gob.ve\/wp\/#organization","name":"Radio Nacional de Venezuela C.A.","url":"https:\/\/stage3.rnv.gob.ve\/wp\/","logo":{"@type":"ImageObject","inLanguage":"es","@id":"https:\/\/stage3.rnv.gob.ve\/wp\/#\/schema\/logo\/image\/","url":"http:\/\/rnv.ddns.net\/prensa\/wp-content\/uploads\/2022\/04\/rnv-1-300x227-1.jpg","contentUrl":"http:\/\/rnv.ddns.net\/prensa\/wp-content\/uploads\/2022\/04\/rnv-1-300x227-1.jpg","width":800,"height":455,"caption":"Radio Nacional de Venezuela C.A."},"image":{"@id":"https:\/\/stage3.rnv.gob.ve\/wp\/#\/schema\/logo\/image\/"},"sameAs":["https:\/\/www.facebook.com\/RadioNacionaldeVenezuela","https:\/\/x.com\/RNVinformativa","https:\/\/www.instagram.com\/rnvinformativa\/","https:\/\/www.youtube.com\/user\/RNVContigo"]},{"@type":"Person","@id":"https:\/\/stage3.rnv.gob.ve\/wp\/#\/schema\/person\/0862ce8cde332e0bc63b8a243f0eea2c","name":"administrador","sameAs":["http:\/\/arnoldoeloy.net"],"url":"https:\/\/stage3.rnv.gob.ve\/wp\/author\/administrador\/"}]}},"jetpack_featured_media_url":"","_links":{"self":[{"href":"https:\/\/stage3.rnv.gob.ve\/wp\/wp-json\/wp\/v2\/posts\/117828","targetHints":{"allow":["GET"]}}],"collection":[{"href":"https:\/\/stage3.rnv.gob.ve\/wp\/wp-json\/wp\/v2\/posts"}],"about":[{"href":"https:\/\/stage3.rnv.gob.ve\/wp\/wp-json\/wp\/v2\/types\/post"}],"author":[{"embeddable":true,"href":"https:\/\/stage3.rnv.gob.ve\/wp\/wp-json\/wp\/v2\/users\/1"}],"replies":[{"embeddable":true,"href":"https:\/\/stage3.rnv.gob.ve\/wp\/wp-json\/wp\/v2\/comments?post=117828"}],"version-history":[{"count":0,"href":"https:\/\/stage3.rnv.gob.ve\/wp\/wp-json\/wp\/v2\/posts\/117828\/revisions"}],"wp:featuredmedia":[{"embeddable":true,"href":"https:\/\/stage3.rnv.gob.ve\/wp\/wp-json\/"}],"wp:attachment":[{"href":"https:\/\/stage3.rnv.gob.ve\/wp\/wp-json\/wp\/v2\/media?parent=117828"}],"wp:term":[{"taxonomy":"category","embeddable":true,"href":"https:\/\/stage3.rnv.gob.ve\/wp\/wp-json\/wp\/v2\/categories?post=117828"},{"taxonomy":"post_tag","embeddable":true,"href":"https:\/\/stage3.rnv.gob.ve\/wp\/wp-json\/wp\/v2\/tags?post=117828"}],"curies":[{"name":"wp","href":"https:\/\/api.w.org\/{rel}","templated":true}]}}