{"id":114331,"date":"2017-02-13T14:55:50","date_gmt":"2017-02-13T18:55:50","guid":{"rendered":"http:\/\/wpeditor.rnv.gob.ve\/?p=114331"},"modified":"2026-04-14T21:08:39","modified_gmt":"2026-04-15T01:08:39","slug":"aguas-abiertas-abrio-calendario-de-competencias-de-feveda","status":"publish","type":"post","link":"https:\/\/stage3.rnv.gob.ve\/wp\/aguas-abiertas-abrio-calendario-de-competencias-de-feveda\/","title":{"rendered":"Aguas Abiertas abri\u00f3 calendario de competencias de FEVEDA"},"content":{"rendered":"<p><img fetchpriority=\"high\" decoding=\"async\" class=\"size-full wp-image-114341 aligncenter\" src=\"http:\/\/wpeditor.rnv.gob.ve\/app\/uploads\/2017\/02\/aguas.jpg\" alt=\"aguas\" width=\"580\" height=\"300\" \/><\/p>\n<p>Con el primer campeonato nacional de aguas abiertas, realizado recientemente en playa Punta Brava del Parque Nacional Morrocoy, Tucacas (Falc\u00f3n), se subi\u00f3 oficialmente el tel\u00f3n al calendario de competencias 2017 de la Federaci\u00f3n Venezolana de Deportes Acu\u00e1ticos (Feveda).<\/p>\n<p>La justa se extendi\u00f3 por tres d\u00edas y reuni\u00f3 a cerca de 400 atletas de ambos g\u00e9neros, quienes compitieron en las distancias de uno, tres, cinco y 10 kil\u00f3metro, dependiendo de sus respetivas categor\u00edas.<\/p>\n<p>Autoridades y organizadores del evento informaron que el compromiso falconiano igualmente sirvi\u00f3 para comenzar a conformar las selecciones nacionales que defender\u00e1n el tricolor patrio en los pr\u00f3ximos eventos internacionales.<\/p>\n<p>Entre estos compromisos destacan los IV Juegos Suramericanos de Playa, Pimentel (Per\u00fa), el Sudamericano Juvenil, Cali (Colombia), el Mundial de la Federaci\u00f3n Internacional de Nataci\u00f3n (FINA por sus siglas en ingl\u00e9s) en Budapest (Hungr\u00eda) y los XVIII Juegos Bolivarianos de Santa Marta (Colombia).<\/p>\n<p><em><strong>PrensaIND<\/strong><\/em><\/p>\n<p>&nbsp;<\/p>\n","protected":false},"excerpt":{"rendered":"<p>Con el primer campeonato nacional de aguas abiertas, realizado recientemente en playa Punta Brava del Parque Nacional Morrocoy, Tucacas (Falc\u00f3n), se subi\u00f3 oficialmente el tel\u00f3n al calendario de competencias 2017 de la Federaci\u00f3n Venezolana de Deportes Acu\u00e1ticos (Feveda). La justa se extendi\u00f3 por tres d\u00edas y reuni\u00f3 a cerca de 400 atletas de ambos g\u00e9neros, [&hellip;]<\/p>\n","protected":false},"author":1,"featured_media":114341,"comment_status":"closed","ping_status":"open","sticky":false,"template":"","format":"standard","meta":{"_acf_changed":false,"footnotes":""},"categories":[56],"tags":[8272,115,9462,142,2277,82,104,476],"class_list":["post-114331","post","type-post","status-publish","format-standard","has-post-thumbnail","hentry","category-deporte","tag-aguasabiertas","tag-deportes","tag-feveda","tag-nacional","tag-natacion","tag-rnv","tag-venezuela","tag-venezuela-deportiva"],"acf":[],"yoast_head":"<!-- This site is optimized with the Yoast SEO plugin v27.4 - https:\/\/yoast.com\/product\/yoast-seo-wordpress\/ -->\n<title>Aguas Abiertas abri\u00f3 calendario de competencias de FEVEDA - DEV RNV<\/title>\n<meta name=\"robots\" content=\"noindex, follow, max-snippet:-1, max-image-preview:large, max-video-preview:-1\" \/>\n<meta property=\"og:locale\" content=\"es_ES\" \/>\n<meta property=\"og:type\" content=\"article\" \/>\n<meta property=\"og:title\" content=\"Aguas Abiertas abri\u00f3 calendario de competencias de FEVEDA - DEV RNV\" \/>\n<meta property=\"og:description\" content=\"Con el primer campeonato nacional de aguas abiertas, realizado recientemente en playa Punta Brava del Parque Nacional Morrocoy, Tucacas (Falc\u00f3n), se subi\u00f3 oficialmente el tel\u00f3n al calendario de competencias 2017 de la Federaci\u00f3n Venezolana de Deportes Acu\u00e1ticos (Feveda). La justa se extendi\u00f3 por tres d\u00edas y reuni\u00f3 a cerca de 400 atletas de ambos g\u00e9neros, [&hellip;]\" \/>\n<meta property=\"og:url\" content=\"https:\/\/stage3.rnv.gob.ve\/wp\/aguas-abiertas-abrio-calendario-de-competencias-de-feveda\/\" \/>\n<meta property=\"og:site_name\" content=\"DEV RNV\" \/>\n<meta property=\"article:publisher\" content=\"https:\/\/www.facebook.com\/RadioNacionaldeVenezuela\" \/>\n<meta property=\"article:published_time\" content=\"2017-02-13T18:55:50+00:00\" \/>\n<meta property=\"article:modified_time\" content=\"2026-04-15T01:08:39+00:00\" \/>\n<meta name=\"author\" content=\"administrador\" \/>\n<meta name=\"twitter:card\" content=\"summary_large_image\" \/>\n<meta name=\"twitter:creator\" content=\"@RNVinformativa\" \/>\n<meta name=\"twitter:site\" content=\"@RNVinformativa\" \/>\n<meta name=\"twitter:label1\" content=\"Escrito por\" \/>\n\t<meta name=\"twitter:data1\" content=\"administrador\" \/>\n\t<meta name=\"twitter:label2\" content=\"Tiempo estimado de lectura\" \/>\n\t<meta name=\"twitter:data2\" content=\"1 minuto\" \/>\n<script type=\"application\/ld+json\" class=\"yoast-schema-graph\">{\"@context\":\"https:\\\/\\\/schema.org\",\"@graph\":[{\"@type\":\"Article\",\"@id\":\"https:\\\/\\\/stage3.rnv.gob.ve\\\/wp\\\/aguas-abiertas-abrio-calendario-de-competencias-de-feveda\\\/#article\",\"isPartOf\":{\"@id\":\"https:\\\/\\\/stage3.rnv.gob.ve\\\/wp\\\/aguas-abiertas-abrio-calendario-de-competencias-de-feveda\\\/\"},\"author\":{\"name\":\"administrador\",\"@id\":\"https:\\\/\\\/stage3.rnv.gob.ve\\\/wp\\\/#\\\/schema\\\/person\\\/0862ce8cde332e0bc63b8a243f0eea2c\"},\"headline\":\"Aguas Abiertas abri\u00f3 calendario de competencias de FEVEDA\",\"datePublished\":\"2017-02-13T18:55:50+00:00\",\"dateModified\":\"2026-04-15T01:08:39+00:00\",\"mainEntityOfPage\":{\"@id\":\"https:\\\/\\\/stage3.rnv.gob.ve\\\/wp\\\/aguas-abiertas-abrio-calendario-de-competencias-de-feveda\\\/\"},\"wordCount\":165,\"publisher\":{\"@id\":\"https:\\\/\\\/stage3.rnv.gob.ve\\\/wp\\\/#organization\"},\"image\":{\"@id\":\"https:\\\/\\\/stage3.rnv.gob.ve\\\/wp\\\/aguas-abiertas-abrio-calendario-de-competencias-de-feveda\\\/#primaryimage\"},\"thumbnailUrl\":\"\",\"keywords\":[\"aguasabiertas\",\"deportes\",\"feveda\",\"nacional\",\"natacion\",\"RNV\",\"Venezuela\",\"Venezuela Deportiva\"],\"articleSection\":[\"Deporte\"],\"inLanguage\":\"es\"},{\"@type\":\"WebPage\",\"@id\":\"https:\\\/\\\/stage3.rnv.gob.ve\\\/wp\\\/aguas-abiertas-abrio-calendario-de-competencias-de-feveda\\\/\",\"url\":\"https:\\\/\\\/stage3.rnv.gob.ve\\\/wp\\\/aguas-abiertas-abrio-calendario-de-competencias-de-feveda\\\/\",\"name\":\"Aguas Abiertas abri\u00f3 calendario de competencias de FEVEDA - DEV RNV\",\"isPartOf\":{\"@id\":\"https:\\\/\\\/stage3.rnv.gob.ve\\\/wp\\\/#website\"},\"primaryImageOfPage\":{\"@id\":\"https:\\\/\\\/stage3.rnv.gob.ve\\\/wp\\\/aguas-abiertas-abrio-calendario-de-competencias-de-feveda\\\/#primaryimage\"},\"image\":{\"@id\":\"https:\\\/\\\/stage3.rnv.gob.ve\\\/wp\\\/aguas-abiertas-abrio-calendario-de-competencias-de-feveda\\\/#primaryimage\"},\"thumbnailUrl\":\"\",\"datePublished\":\"2017-02-13T18:55:50+00:00\",\"dateModified\":\"2026-04-15T01:08:39+00:00\",\"breadcrumb\":{\"@id\":\"https:\\\/\\\/stage3.rnv.gob.ve\\\/wp\\\/aguas-abiertas-abrio-calendario-de-competencias-de-feveda\\\/#breadcrumb\"},\"inLanguage\":\"es\",\"potentialAction\":[{\"@type\":\"ReadAction\",\"target\":[\"https:\\\/\\\/stage3.rnv.gob.ve\\\/wp\\\/aguas-abiertas-abrio-calendario-de-competencias-de-feveda\\\/\"]}]},{\"@type\":\"ImageObject\",\"inLanguage\":\"es\",\"@id\":\"https:\\\/\\\/stage3.rnv.gob.ve\\\/wp\\\/aguas-abiertas-abrio-calendario-de-competencias-de-feveda\\\/#primaryimage\",\"url\":\"\",\"contentUrl\":\"\"},{\"@type\":\"BreadcrumbList\",\"@id\":\"https:\\\/\\\/stage3.rnv.gob.ve\\\/wp\\\/aguas-abiertas-abrio-calendario-de-competencias-de-feveda\\\/#breadcrumb\",\"itemListElement\":[{\"@type\":\"ListItem\",\"position\":1,\"name\":\"Portada\",\"item\":\"https:\\\/\\\/stage3.rnv.gob.ve\\\/wp\\\/\"},{\"@type\":\"ListItem\",\"position\":2,\"name\":\"Aguas Abiertas Abri\u00f3 Calendario De Competencias De Feveda\"}]},{\"@type\":\"WebSite\",\"@id\":\"https:\\\/\\\/stage3.rnv.gob.ve\\\/wp\\\/#website\",\"url\":\"https:\\\/\\\/stage3.rnv.gob.ve\\\/wp\\\/\",\"name\":\"DEV RNV\",\"description\":\"Radio Nacional de Venezuela C.A.\",\"publisher\":{\"@id\":\"https:\\\/\\\/stage3.rnv.gob.ve\\\/wp\\\/#organization\"},\"potentialAction\":[{\"@type\":\"SearchAction\",\"target\":{\"@type\":\"EntryPoint\",\"urlTemplate\":\"https:\\\/\\\/stage3.rnv.gob.ve\\\/wp\\\/?s={search_term_string}\"},\"query-input\":{\"@type\":\"PropertyValueSpecification\",\"valueRequired\":true,\"valueName\":\"search_term_string\"}}],\"inLanguage\":\"es\"},{\"@type\":\"Organization\",\"@id\":\"https:\\\/\\\/stage3.rnv.gob.ve\\\/wp\\\/#organization\",\"name\":\"Radio Nacional de Venezuela C.A.\",\"url\":\"https:\\\/\\\/stage3.rnv.gob.ve\\\/wp\\\/\",\"logo\":{\"@type\":\"ImageObject\",\"inLanguage\":\"es\",\"@id\":\"https:\\\/\\\/stage3.rnv.gob.ve\\\/wp\\\/#\\\/schema\\\/logo\\\/image\\\/\",\"url\":\"http:\\\/\\\/rnv.ddns.net\\\/prensa\\\/wp-content\\\/uploads\\\/2022\\\/04\\\/rnv-1-300x227-1.jpg\",\"contentUrl\":\"http:\\\/\\\/rnv.ddns.net\\\/prensa\\\/wp-content\\\/uploads\\\/2022\\\/04\\\/rnv-1-300x227-1.jpg\",\"width\":800,\"height\":455,\"caption\":\"Radio Nacional de Venezuela C.A.\"},\"image\":{\"@id\":\"https:\\\/\\\/stage3.rnv.gob.ve\\\/wp\\\/#\\\/schema\\\/logo\\\/image\\\/\"},\"sameAs\":[\"https:\\\/\\\/www.facebook.com\\\/RadioNacionaldeVenezuela\",\"https:\\\/\\\/x.com\\\/RNVinformativa\",\"https:\\\/\\\/www.instagram.com\\\/rnvinformativa\\\/\",\"https:\\\/\\\/www.youtube.com\\\/user\\\/RNVContigo\"]},{\"@type\":\"Person\",\"@id\":\"https:\\\/\\\/stage3.rnv.gob.ve\\\/wp\\\/#\\\/schema\\\/person\\\/0862ce8cde332e0bc63b8a243f0eea2c\",\"name\":\"administrador\",\"sameAs\":[\"http:\\\/\\\/arnoldoeloy.net\"],\"url\":\"https:\\\/\\\/stage3.rnv.gob.ve\\\/wp\\\/author\\\/administrador\\\/\"}]}<\/script>\n<!-- \/ Yoast SEO plugin. -->","yoast_head_json":{"title":"Aguas Abiertas abri\u00f3 calendario de competencias de FEVEDA - DEV RNV","robots":{"index":"noindex","follow":"follow","max-snippet":"max-snippet:-1","max-image-preview":"max-image-preview:large","max-video-preview":"max-video-preview:-1"},"og_locale":"es_ES","og_type":"article","og_title":"Aguas Abiertas abri\u00f3 calendario de competencias de FEVEDA - DEV RNV","og_description":"Con el primer campeonato nacional de aguas abiertas, realizado recientemente en playa Punta Brava del Parque Nacional Morrocoy, Tucacas (Falc\u00f3n), se subi\u00f3 oficialmente el tel\u00f3n al calendario de competencias 2017 de la Federaci\u00f3n Venezolana de Deportes Acu\u00e1ticos (Feveda). La justa se extendi\u00f3 por tres d\u00edas y reuni\u00f3 a cerca de 400 atletas de ambos g\u00e9neros, [&hellip;]","og_url":"https:\/\/stage3.rnv.gob.ve\/wp\/aguas-abiertas-abrio-calendario-de-competencias-de-feveda\/","og_site_name":"DEV RNV","article_publisher":"https:\/\/www.facebook.com\/RadioNacionaldeVenezuela","article_published_time":"2017-02-13T18:55:50+00:00","article_modified_time":"2026-04-15T01:08:39+00:00","author":"administrador","twitter_card":"summary_large_image","twitter_creator":"@RNVinformativa","twitter_site":"@RNVinformativa","twitter_misc":{"Escrito por":"administrador","Tiempo estimado de lectura":"1 minuto"},"schema":{"@context":"https:\/\/schema.org","@graph":[{"@type":"Article","@id":"https:\/\/stage3.rnv.gob.ve\/wp\/aguas-abiertas-abrio-calendario-de-competencias-de-feveda\/#article","isPartOf":{"@id":"https:\/\/stage3.rnv.gob.ve\/wp\/aguas-abiertas-abrio-calendario-de-competencias-de-feveda\/"},"author":{"name":"administrador","@id":"https:\/\/stage3.rnv.gob.ve\/wp\/#\/schema\/person\/0862ce8cde332e0bc63b8a243f0eea2c"},"headline":"Aguas Abiertas abri\u00f3 calendario de competencias de FEVEDA","datePublished":"2017-02-13T18:55:50+00:00","dateModified":"2026-04-15T01:08:39+00:00","mainEntityOfPage":{"@id":"https:\/\/stage3.rnv.gob.ve\/wp\/aguas-abiertas-abrio-calendario-de-competencias-de-feveda\/"},"wordCount":165,"publisher":{"@id":"https:\/\/stage3.rnv.gob.ve\/wp\/#organization"},"image":{"@id":"https:\/\/stage3.rnv.gob.ve\/wp\/aguas-abiertas-abrio-calendario-de-competencias-de-feveda\/#primaryimage"},"thumbnailUrl":"","keywords":["aguasabiertas","deportes","feveda","nacional","natacion","RNV","Venezuela","Venezuela Deportiva"],"articleSection":["Deporte"],"inLanguage":"es"},{"@type":"WebPage","@id":"https:\/\/stage3.rnv.gob.ve\/wp\/aguas-abiertas-abrio-calendario-de-competencias-de-feveda\/","url":"https:\/\/stage3.rnv.gob.ve\/wp\/aguas-abiertas-abrio-calendario-de-competencias-de-feveda\/","name":"Aguas Abiertas abri\u00f3 calendario de competencias de FEVEDA - DEV RNV","isPartOf":{"@id":"https:\/\/stage3.rnv.gob.ve\/wp\/#website"},"primaryImageOfPage":{"@id":"https:\/\/stage3.rnv.gob.ve\/wp\/aguas-abiertas-abrio-calendario-de-competencias-de-feveda\/#primaryimage"},"image":{"@id":"https:\/\/stage3.rnv.gob.ve\/wp\/aguas-abiertas-abrio-calendario-de-competencias-de-feveda\/#primaryimage"},"thumbnailUrl":"","datePublished":"2017-02-13T18:55:50+00:00","dateModified":"2026-04-15T01:08:39+00:00","breadcrumb":{"@id":"https:\/\/stage3.rnv.gob.ve\/wp\/aguas-abiertas-abrio-calendario-de-competencias-de-feveda\/#breadcrumb"},"inLanguage":"es","potentialAction":[{"@type":"ReadAction","target":["https:\/\/stage3.rnv.gob.ve\/wp\/aguas-abiertas-abrio-calendario-de-competencias-de-feveda\/"]}]},{"@type":"ImageObject","inLanguage":"es","@id":"https:\/\/stage3.rnv.gob.ve\/wp\/aguas-abiertas-abrio-calendario-de-competencias-de-feveda\/#primaryimage","url":"","contentUrl":""},{"@type":"BreadcrumbList","@id":"https:\/\/stage3.rnv.gob.ve\/wp\/aguas-abiertas-abrio-calendario-de-competencias-de-feveda\/#breadcrumb","itemListElement":[{"@type":"ListItem","position":1,"name":"Portada","item":"https:\/\/stage3.rnv.gob.ve\/wp\/"},{"@type":"ListItem","position":2,"name":"Aguas Abiertas Abri\u00f3 Calendario De Competencias De Feveda"}]},{"@type":"WebSite","@id":"https:\/\/stage3.rnv.gob.ve\/wp\/#website","url":"https:\/\/stage3.rnv.gob.ve\/wp\/","name":"DEV RNV","description":"Radio Nacional de Venezuela C.A.","publisher":{"@id":"https:\/\/stage3.rnv.gob.ve\/wp\/#organization"},"potentialAction":[{"@type":"SearchAction","target":{"@type":"EntryPoint","urlTemplate":"https:\/\/stage3.rnv.gob.ve\/wp\/?s={search_term_string}"},"query-input":{"@type":"PropertyValueSpecification","valueRequired":true,"valueName":"search_term_string"}}],"inLanguage":"es"},{"@type":"Organization","@id":"https:\/\/stage3.rnv.gob.ve\/wp\/#organization","name":"Radio Nacional de Venezuela C.A.","url":"https:\/\/stage3.rnv.gob.ve\/wp\/","logo":{"@type":"ImageObject","inLanguage":"es","@id":"https:\/\/stage3.rnv.gob.ve\/wp\/#\/schema\/logo\/image\/","url":"http:\/\/rnv.ddns.net\/prensa\/wp-content\/uploads\/2022\/04\/rnv-1-300x227-1.jpg","contentUrl":"http:\/\/rnv.ddns.net\/prensa\/wp-content\/uploads\/2022\/04\/rnv-1-300x227-1.jpg","width":800,"height":455,"caption":"Radio Nacional de Venezuela C.A."},"image":{"@id":"https:\/\/stage3.rnv.gob.ve\/wp\/#\/schema\/logo\/image\/"},"sameAs":["https:\/\/www.facebook.com\/RadioNacionaldeVenezuela","https:\/\/x.com\/RNVinformativa","https:\/\/www.instagram.com\/rnvinformativa\/","https:\/\/www.youtube.com\/user\/RNVContigo"]},{"@type":"Person","@id":"https:\/\/stage3.rnv.gob.ve\/wp\/#\/schema\/person\/0862ce8cde332e0bc63b8a243f0eea2c","name":"administrador","sameAs":["http:\/\/arnoldoeloy.net"],"url":"https:\/\/stage3.rnv.gob.ve\/wp\/author\/administrador\/"}]}},"jetpack_featured_media_url":"","_links":{"self":[{"href":"https:\/\/stage3.rnv.gob.ve\/wp\/wp-json\/wp\/v2\/posts\/114331","targetHints":{"allow":["GET"]}}],"collection":[{"href":"https:\/\/stage3.rnv.gob.ve\/wp\/wp-json\/wp\/v2\/posts"}],"about":[{"href":"https:\/\/stage3.rnv.gob.ve\/wp\/wp-json\/wp\/v2\/types\/post"}],"author":[{"embeddable":true,"href":"https:\/\/stage3.rnv.gob.ve\/wp\/wp-json\/wp\/v2\/users\/1"}],"replies":[{"embeddable":true,"href":"https:\/\/stage3.rnv.gob.ve\/wp\/wp-json\/wp\/v2\/comments?post=114331"}],"version-history":[{"count":0,"href":"https:\/\/stage3.rnv.gob.ve\/wp\/wp-json\/wp\/v2\/posts\/114331\/revisions"}],"wp:featuredmedia":[{"embeddable":true,"href":"https:\/\/stage3.rnv.gob.ve\/wp\/wp-json\/"}],"wp:attachment":[{"href":"https:\/\/stage3.rnv.gob.ve\/wp\/wp-json\/wp\/v2\/media?parent=114331"}],"wp:term":[{"taxonomy":"category","embeddable":true,"href":"https:\/\/stage3.rnv.gob.ve\/wp\/wp-json\/wp\/v2\/categories?post=114331"},{"taxonomy":"post_tag","embeddable":true,"href":"https:\/\/stage3.rnv.gob.ve\/wp\/wp-json\/wp\/v2\/tags?post=114331"}],"curies":[{"name":"wp","href":"https:\/\/api.w.org\/{rel}","templated":true}]}}