{"id":113917,"date":"2017-02-12T12:58:13","date_gmt":"2017-02-12T16:58:13","guid":{"rendered":"http:\/\/wpeditor.rnv.gob.ve\/?p=113917"},"modified":"2017-02-12T12:58:13","modified_gmt":"2017-02-12T16:58:13","slug":"maduro-denuncio-campana-sobre-exodo-de-venezolanos-migracion-se-revirtio","status":"publish","type":"post","link":"https:\/\/stage3.rnv.gob.ve\/wp\/maduro-denuncio-campana-sobre-exodo-de-venezolanos-migracion-se-revirtio\/","title":{"rendered":"Venezuela recibi\u00f3 100 mil colombianos en 2016: Son falsas campa\u00f1as sobre migraci\u00f3n"},"content":{"rendered":"<p style=\"text-align: justify;\">\n<p style=\"text-align: justify;\"><img fetchpriority=\"high\" decoding=\"async\" class=\"aligncenter wp-image-113978 \" src=\"http:\/\/wpeditor.rnv.gob.ve\/app\/uploads\/2017\/02\/migracioncolombiana-1024x538.jpg\" alt=\"migracioncolombiana\" width=\"685\" height=\"360\" \/><\/p>\n<p style=\"text-align: justify;\">El presidente de la Rep\u00fablica Bolivariana de Venezuela, Nicol\u00e1s Maduro, denunci\u00f3 este domingo las falsas campa\u00f1as sobre el \u00e9xodo de venezolanos, se\u00f1alando\u00a0que\u00a0el pa\u00eds ha recibido en las \u00faltimas horas una gran cantidad de ciudadanos colombianos que vienen buscando una mejor calidad de vida.<!--more--><\/p>\n<p style=\"text-align: justify;\">Puntualiz\u00f3 que ha conversado con Francisco Arias C\u00e1rdenas, gobernador del estado Zulia, con el objetivo de girar instrucciones para que ese grupo de inmigrantes reciban la atenci\u00f3n necesaria y se les garanticen sus derechos humanos.<\/p>\n<p style=\"text-align: justify;\">De igual manera, record\u00f3 que en el a\u00f1o 2016 entraron al pa\u00eds 100 mil compatriotas colombianos. \u00abDesde ayer hemos venido recibiendo migraci\u00f3n en masa desde Colombia producto de la guerra civil y la violencia\u00bb, afirm\u00f3 el Jefe de Estado, adem\u00e1s agreg\u00f3 que la tasa de migraci\u00f3n hacia el exterior indica que se est\u00e1n regresando los que se fueron hace a\u00f1os.<\/p>\n<p style=\"text-align: justify;\">La informaci\u00f3n fue suministrada durante el programa Los Domingos con Maduro, transmitido desde el Palacio de Miraflores, en Caracas, con motivo de la conmemoraci\u00f3n de los 203 a\u00f1os de la Batalla de La Victoria y el D\u00eda de la Juventud.<\/p>\n<p style=\"text-align: justify;\">\n<p style=\"text-align: justify;\">\n<p style=\"text-align: justify;\"><strong>Escuche al presidente Nicol\u00e1s Maduro<\/strong><\/p>\n<audio class=\"wp-audio-shortcode\" id=\"audio-113917-1\" preload=\"none\" style=\"width: 100%;\" controls=\"controls\"><source type=\"audio\/mpeg\" src=\"http:\/\/wpeditor.rnv.gob.ve\/app\/uploads\/2017\/02\/MADUROCOLOMBIA.mp3?_=1\" \/><a href=\"http:\/\/wpeditor.rnv.gob.ve\/app\/uploads\/2017\/02\/MADUROCOLOMBIA.mp3\">http:\/\/wpeditor.rnv.gob.ve\/app\/uploads\/2017\/02\/MADUROCOLOMBIA.mp3<\/a><\/audio>\n<p style=\"text-align: justify;\"><strong>T\/RNV WEB\/FH<\/strong><\/p>\n","protected":false},"excerpt":{"rendered":"<p>El presidente de la Rep\u00fablica Bolivariana de Venezuela, Nicol\u00e1s Maduro, denunci\u00f3 este domingo las falsas campa\u00f1as sobre el \u00e9xodo de venezolanos, se\u00f1alando\u00a0que\u00a0el pa\u00eds ha recibido en las \u00faltimas horas una gran cantidad de ciudadanos colombianos que vienen buscando una mejor calidad de vida.<\/p>\n","protected":false},"author":1,"featured_media":113978,"comment_status":"closed","ping_status":"open","sticky":false,"template":"","format":"standard","meta":{"_acf_changed":false,"footnotes":""},"categories":[65],"tags":[12218,82,991],"class_list":["post-113917","post","type-post","status-publish","format-standard","has-post-thumbnail","hentry","category-nacional","tag-exodo","tag-rnv","tag-venezolanos"],"acf":[],"yoast_head":"<!-- This site is optimized with the Yoast SEO plugin v27.4 - https:\/\/yoast.com\/product\/yoast-seo-wordpress\/ -->\n<title>Venezuela recibi\u00f3 100 mil colombianos en 2016: Son falsas campa\u00f1as sobre migraci\u00f3n - DEV RNV<\/title>\n<meta name=\"robots\" content=\"noindex, follow, max-snippet:-1, max-image-preview:large, max-video-preview:-1\" \/>\n<meta property=\"og:locale\" content=\"es_ES\" \/>\n<meta property=\"og:type\" content=\"article\" \/>\n<meta property=\"og:title\" content=\"Venezuela recibi\u00f3 100 mil colombianos en 2016: Son falsas campa\u00f1as sobre migraci\u00f3n - DEV RNV\" \/>\n<meta property=\"og:description\" content=\"El presidente de la Rep\u00fablica Bolivariana de Venezuela, Nicol\u00e1s Maduro, denunci\u00f3 este domingo las falsas campa\u00f1as sobre el \u00e9xodo de venezolanos, se\u00f1alando\u00a0que\u00a0el pa\u00eds ha recibido en las \u00faltimas horas una gran cantidad de ciudadanos colombianos que vienen buscando una mejor calidad de vida.\" \/>\n<meta property=\"og:url\" content=\"https:\/\/stage3.rnv.gob.ve\/wp\/maduro-denuncio-campana-sobre-exodo-de-venezolanos-migracion-se-revirtio\/\" \/>\n<meta property=\"og:site_name\" content=\"DEV RNV\" \/>\n<meta property=\"article:publisher\" content=\"https:\/\/www.facebook.com\/RadioNacionaldeVenezuela\" \/>\n<meta property=\"article:published_time\" content=\"2017-02-12T16:58:13+00:00\" \/>\n<meta name=\"author\" content=\"administrador\" \/>\n<meta name=\"twitter:card\" content=\"summary_large_image\" \/>\n<meta name=\"twitter:creator\" content=\"@RNVinformativa\" \/>\n<meta name=\"twitter:site\" content=\"@RNVinformativa\" \/>\n<meta name=\"twitter:label1\" content=\"Escrito por\" \/>\n\t<meta name=\"twitter:data1\" content=\"administrador\" \/>\n\t<meta name=\"twitter:label2\" content=\"Tiempo estimado de lectura\" \/>\n\t<meta name=\"twitter:data2\" content=\"1 minuto\" \/>\n<script type=\"application\/ld+json\" class=\"yoast-schema-graph\">{\"@context\":\"https:\\\/\\\/schema.org\",\"@graph\":[{\"@type\":\"Article\",\"@id\":\"https:\\\/\\\/stage3.rnv.gob.ve\\\/wp\\\/maduro-denuncio-campana-sobre-exodo-de-venezolanos-migracion-se-revirtio\\\/#article\",\"isPartOf\":{\"@id\":\"https:\\\/\\\/stage3.rnv.gob.ve\\\/wp\\\/maduro-denuncio-campana-sobre-exodo-de-venezolanos-migracion-se-revirtio\\\/\"},\"author\":{\"name\":\"administrador\",\"@id\":\"https:\\\/\\\/stage3.rnv.gob.ve\\\/wp\\\/#\\\/schema\\\/person\\\/0862ce8cde332e0bc63b8a243f0eea2c\"},\"headline\":\"Venezuela recibi\u00f3 100 mil colombianos en 2016: Son falsas campa\u00f1as sobre migraci\u00f3n\",\"datePublished\":\"2017-02-12T16:58:13+00:00\",\"mainEntityOfPage\":{\"@id\":\"https:\\\/\\\/stage3.rnv.gob.ve\\\/wp\\\/maduro-denuncio-campana-sobre-exodo-de-venezolanos-migracion-se-revirtio\\\/\"},\"wordCount\":229,\"publisher\":{\"@id\":\"https:\\\/\\\/stage3.rnv.gob.ve\\\/wp\\\/#organization\"},\"image\":{\"@id\":\"https:\\\/\\\/stage3.rnv.gob.ve\\\/wp\\\/maduro-denuncio-campana-sobre-exodo-de-venezolanos-migracion-se-revirtio\\\/#primaryimage\"},\"thumbnailUrl\":\"\",\"keywords\":[\"\u00e9xodo\",\"RNV\",\"venezolanos\"],\"articleSection\":[\"Nacional\"],\"inLanguage\":\"es\"},{\"@type\":\"WebPage\",\"@id\":\"https:\\\/\\\/stage3.rnv.gob.ve\\\/wp\\\/maduro-denuncio-campana-sobre-exodo-de-venezolanos-migracion-se-revirtio\\\/\",\"url\":\"https:\\\/\\\/stage3.rnv.gob.ve\\\/wp\\\/maduro-denuncio-campana-sobre-exodo-de-venezolanos-migracion-se-revirtio\\\/\",\"name\":\"Venezuela recibi\u00f3 100 mil colombianos en 2016: Son falsas campa\u00f1as sobre migraci\u00f3n - DEV RNV\",\"isPartOf\":{\"@id\":\"https:\\\/\\\/stage3.rnv.gob.ve\\\/wp\\\/#website\"},\"primaryImageOfPage\":{\"@id\":\"https:\\\/\\\/stage3.rnv.gob.ve\\\/wp\\\/maduro-denuncio-campana-sobre-exodo-de-venezolanos-migracion-se-revirtio\\\/#primaryimage\"},\"image\":{\"@id\":\"https:\\\/\\\/stage3.rnv.gob.ve\\\/wp\\\/maduro-denuncio-campana-sobre-exodo-de-venezolanos-migracion-se-revirtio\\\/#primaryimage\"},\"thumbnailUrl\":\"\",\"datePublished\":\"2017-02-12T16:58:13+00:00\",\"breadcrumb\":{\"@id\":\"https:\\\/\\\/stage3.rnv.gob.ve\\\/wp\\\/maduro-denuncio-campana-sobre-exodo-de-venezolanos-migracion-se-revirtio\\\/#breadcrumb\"},\"inLanguage\":\"es\",\"potentialAction\":[{\"@type\":\"ReadAction\",\"target\":[\"https:\\\/\\\/stage3.rnv.gob.ve\\\/wp\\\/maduro-denuncio-campana-sobre-exodo-de-venezolanos-migracion-se-revirtio\\\/\"]}]},{\"@type\":\"ImageObject\",\"inLanguage\":\"es\",\"@id\":\"https:\\\/\\\/stage3.rnv.gob.ve\\\/wp\\\/maduro-denuncio-campana-sobre-exodo-de-venezolanos-migracion-se-revirtio\\\/#primaryimage\",\"url\":\"\",\"contentUrl\":\"\"},{\"@type\":\"BreadcrumbList\",\"@id\":\"https:\\\/\\\/stage3.rnv.gob.ve\\\/wp\\\/maduro-denuncio-campana-sobre-exodo-de-venezolanos-migracion-se-revirtio\\\/#breadcrumb\",\"itemListElement\":[{\"@type\":\"ListItem\",\"position\":1,\"name\":\"Portada\",\"item\":\"https:\\\/\\\/stage3.rnv.gob.ve\\\/wp\\\/\"},{\"@type\":\"ListItem\",\"position\":2,\"name\":\"Venezuela Recibi\u00f3 100 Mil Colombianos En 2016: Son Falsas Campa\u00f1as Sobre Migraci\u00f3n\"}]},{\"@type\":\"WebSite\",\"@id\":\"https:\\\/\\\/stage3.rnv.gob.ve\\\/wp\\\/#website\",\"url\":\"https:\\\/\\\/stage3.rnv.gob.ve\\\/wp\\\/\",\"name\":\"DEV RNV\",\"description\":\"Radio Nacional de Venezuela C.A.\",\"publisher\":{\"@id\":\"https:\\\/\\\/stage3.rnv.gob.ve\\\/wp\\\/#organization\"},\"potentialAction\":[{\"@type\":\"SearchAction\",\"target\":{\"@type\":\"EntryPoint\",\"urlTemplate\":\"https:\\\/\\\/stage3.rnv.gob.ve\\\/wp\\\/?s={search_term_string}\"},\"query-input\":{\"@type\":\"PropertyValueSpecification\",\"valueRequired\":true,\"valueName\":\"search_term_string\"}}],\"inLanguage\":\"es\"},{\"@type\":\"Organization\",\"@id\":\"https:\\\/\\\/stage3.rnv.gob.ve\\\/wp\\\/#organization\",\"name\":\"Radio Nacional de Venezuela C.A.\",\"url\":\"https:\\\/\\\/stage3.rnv.gob.ve\\\/wp\\\/\",\"logo\":{\"@type\":\"ImageObject\",\"inLanguage\":\"es\",\"@id\":\"https:\\\/\\\/stage3.rnv.gob.ve\\\/wp\\\/#\\\/schema\\\/logo\\\/image\\\/\",\"url\":\"http:\\\/\\\/rnv.ddns.net\\\/prensa\\\/wp-content\\\/uploads\\\/2022\\\/04\\\/rnv-1-300x227-1.jpg\",\"contentUrl\":\"http:\\\/\\\/rnv.ddns.net\\\/prensa\\\/wp-content\\\/uploads\\\/2022\\\/04\\\/rnv-1-300x227-1.jpg\",\"width\":800,\"height\":455,\"caption\":\"Radio Nacional de Venezuela C.A.\"},\"image\":{\"@id\":\"https:\\\/\\\/stage3.rnv.gob.ve\\\/wp\\\/#\\\/schema\\\/logo\\\/image\\\/\"},\"sameAs\":[\"https:\\\/\\\/www.facebook.com\\\/RadioNacionaldeVenezuela\",\"https:\\\/\\\/x.com\\\/RNVinformativa\",\"https:\\\/\\\/www.instagram.com\\\/rnvinformativa\\\/\",\"https:\\\/\\\/www.youtube.com\\\/user\\\/RNVContigo\"]},{\"@type\":\"Person\",\"@id\":\"https:\\\/\\\/stage3.rnv.gob.ve\\\/wp\\\/#\\\/schema\\\/person\\\/0862ce8cde332e0bc63b8a243f0eea2c\",\"name\":\"administrador\",\"sameAs\":[\"http:\\\/\\\/arnoldoeloy.net\"],\"url\":\"https:\\\/\\\/stage3.rnv.gob.ve\\\/wp\\\/author\\\/administrador\\\/\"}]}<\/script>\n<!-- \/ Yoast SEO plugin. -->","yoast_head_json":{"title":"Venezuela recibi\u00f3 100 mil colombianos en 2016: Son falsas campa\u00f1as sobre migraci\u00f3n - DEV RNV","robots":{"index":"noindex","follow":"follow","max-snippet":"max-snippet:-1","max-image-preview":"max-image-preview:large","max-video-preview":"max-video-preview:-1"},"og_locale":"es_ES","og_type":"article","og_title":"Venezuela recibi\u00f3 100 mil colombianos en 2016: Son falsas campa\u00f1as sobre migraci\u00f3n - DEV RNV","og_description":"El presidente de la Rep\u00fablica Bolivariana de Venezuela, Nicol\u00e1s Maduro, denunci\u00f3 este domingo las falsas campa\u00f1as sobre el \u00e9xodo de venezolanos, se\u00f1alando\u00a0que\u00a0el pa\u00eds ha recibido en las \u00faltimas horas una gran cantidad de ciudadanos colombianos que vienen buscando una mejor calidad de vida.","og_url":"https:\/\/stage3.rnv.gob.ve\/wp\/maduro-denuncio-campana-sobre-exodo-de-venezolanos-migracion-se-revirtio\/","og_site_name":"DEV RNV","article_publisher":"https:\/\/www.facebook.com\/RadioNacionaldeVenezuela","article_published_time":"2017-02-12T16:58:13+00:00","author":"administrador","twitter_card":"summary_large_image","twitter_creator":"@RNVinformativa","twitter_site":"@RNVinformativa","twitter_misc":{"Escrito por":"administrador","Tiempo estimado de lectura":"1 minuto"},"schema":{"@context":"https:\/\/schema.org","@graph":[{"@type":"Article","@id":"https:\/\/stage3.rnv.gob.ve\/wp\/maduro-denuncio-campana-sobre-exodo-de-venezolanos-migracion-se-revirtio\/#article","isPartOf":{"@id":"https:\/\/stage3.rnv.gob.ve\/wp\/maduro-denuncio-campana-sobre-exodo-de-venezolanos-migracion-se-revirtio\/"},"author":{"name":"administrador","@id":"https:\/\/stage3.rnv.gob.ve\/wp\/#\/schema\/person\/0862ce8cde332e0bc63b8a243f0eea2c"},"headline":"Venezuela recibi\u00f3 100 mil colombianos en 2016: Son falsas campa\u00f1as sobre migraci\u00f3n","datePublished":"2017-02-12T16:58:13+00:00","mainEntityOfPage":{"@id":"https:\/\/stage3.rnv.gob.ve\/wp\/maduro-denuncio-campana-sobre-exodo-de-venezolanos-migracion-se-revirtio\/"},"wordCount":229,"publisher":{"@id":"https:\/\/stage3.rnv.gob.ve\/wp\/#organization"},"image":{"@id":"https:\/\/stage3.rnv.gob.ve\/wp\/maduro-denuncio-campana-sobre-exodo-de-venezolanos-migracion-se-revirtio\/#primaryimage"},"thumbnailUrl":"","keywords":["\u00e9xodo","RNV","venezolanos"],"articleSection":["Nacional"],"inLanguage":"es"},{"@type":"WebPage","@id":"https:\/\/stage3.rnv.gob.ve\/wp\/maduro-denuncio-campana-sobre-exodo-de-venezolanos-migracion-se-revirtio\/","url":"https:\/\/stage3.rnv.gob.ve\/wp\/maduro-denuncio-campana-sobre-exodo-de-venezolanos-migracion-se-revirtio\/","name":"Venezuela recibi\u00f3 100 mil colombianos en 2016: Son falsas campa\u00f1as sobre migraci\u00f3n - DEV RNV","isPartOf":{"@id":"https:\/\/stage3.rnv.gob.ve\/wp\/#website"},"primaryImageOfPage":{"@id":"https:\/\/stage3.rnv.gob.ve\/wp\/maduro-denuncio-campana-sobre-exodo-de-venezolanos-migracion-se-revirtio\/#primaryimage"},"image":{"@id":"https:\/\/stage3.rnv.gob.ve\/wp\/maduro-denuncio-campana-sobre-exodo-de-venezolanos-migracion-se-revirtio\/#primaryimage"},"thumbnailUrl":"","datePublished":"2017-02-12T16:58:13+00:00","breadcrumb":{"@id":"https:\/\/stage3.rnv.gob.ve\/wp\/maduro-denuncio-campana-sobre-exodo-de-venezolanos-migracion-se-revirtio\/#breadcrumb"},"inLanguage":"es","potentialAction":[{"@type":"ReadAction","target":["https:\/\/stage3.rnv.gob.ve\/wp\/maduro-denuncio-campana-sobre-exodo-de-venezolanos-migracion-se-revirtio\/"]}]},{"@type":"ImageObject","inLanguage":"es","@id":"https:\/\/stage3.rnv.gob.ve\/wp\/maduro-denuncio-campana-sobre-exodo-de-venezolanos-migracion-se-revirtio\/#primaryimage","url":"","contentUrl":""},{"@type":"BreadcrumbList","@id":"https:\/\/stage3.rnv.gob.ve\/wp\/maduro-denuncio-campana-sobre-exodo-de-venezolanos-migracion-se-revirtio\/#breadcrumb","itemListElement":[{"@type":"ListItem","position":1,"name":"Portada","item":"https:\/\/stage3.rnv.gob.ve\/wp\/"},{"@type":"ListItem","position":2,"name":"Venezuela Recibi\u00f3 100 Mil Colombianos En 2016: Son Falsas Campa\u00f1as Sobre Migraci\u00f3n"}]},{"@type":"WebSite","@id":"https:\/\/stage3.rnv.gob.ve\/wp\/#website","url":"https:\/\/stage3.rnv.gob.ve\/wp\/","name":"DEV RNV","description":"Radio Nacional de Venezuela C.A.","publisher":{"@id":"https:\/\/stage3.rnv.gob.ve\/wp\/#organization"},"potentialAction":[{"@type":"SearchAction","target":{"@type":"EntryPoint","urlTemplate":"https:\/\/stage3.rnv.gob.ve\/wp\/?s={search_term_string}"},"query-input":{"@type":"PropertyValueSpecification","valueRequired":true,"valueName":"search_term_string"}}],"inLanguage":"es"},{"@type":"Organization","@id":"https:\/\/stage3.rnv.gob.ve\/wp\/#organization","name":"Radio Nacional de Venezuela C.A.","url":"https:\/\/stage3.rnv.gob.ve\/wp\/","logo":{"@type":"ImageObject","inLanguage":"es","@id":"https:\/\/stage3.rnv.gob.ve\/wp\/#\/schema\/logo\/image\/","url":"http:\/\/rnv.ddns.net\/prensa\/wp-content\/uploads\/2022\/04\/rnv-1-300x227-1.jpg","contentUrl":"http:\/\/rnv.ddns.net\/prensa\/wp-content\/uploads\/2022\/04\/rnv-1-300x227-1.jpg","width":800,"height":455,"caption":"Radio Nacional de Venezuela C.A."},"image":{"@id":"https:\/\/stage3.rnv.gob.ve\/wp\/#\/schema\/logo\/image\/"},"sameAs":["https:\/\/www.facebook.com\/RadioNacionaldeVenezuela","https:\/\/x.com\/RNVinformativa","https:\/\/www.instagram.com\/rnvinformativa\/","https:\/\/www.youtube.com\/user\/RNVContigo"]},{"@type":"Person","@id":"https:\/\/stage3.rnv.gob.ve\/wp\/#\/schema\/person\/0862ce8cde332e0bc63b8a243f0eea2c","name":"administrador","sameAs":["http:\/\/arnoldoeloy.net"],"url":"https:\/\/stage3.rnv.gob.ve\/wp\/author\/administrador\/"}]}},"jetpack_featured_media_url":"","_links":{"self":[{"href":"https:\/\/stage3.rnv.gob.ve\/wp\/wp-json\/wp\/v2\/posts\/113917","targetHints":{"allow":["GET"]}}],"collection":[{"href":"https:\/\/stage3.rnv.gob.ve\/wp\/wp-json\/wp\/v2\/posts"}],"about":[{"href":"https:\/\/stage3.rnv.gob.ve\/wp\/wp-json\/wp\/v2\/types\/post"}],"author":[{"embeddable":true,"href":"https:\/\/stage3.rnv.gob.ve\/wp\/wp-json\/wp\/v2\/users\/1"}],"replies":[{"embeddable":true,"href":"https:\/\/stage3.rnv.gob.ve\/wp\/wp-json\/wp\/v2\/comments?post=113917"}],"version-history":[{"count":0,"href":"https:\/\/stage3.rnv.gob.ve\/wp\/wp-json\/wp\/v2\/posts\/113917\/revisions"}],"wp:featuredmedia":[{"embeddable":true,"href":"https:\/\/stage3.rnv.gob.ve\/wp\/wp-json\/"}],"wp:attachment":[{"href":"https:\/\/stage3.rnv.gob.ve\/wp\/wp-json\/wp\/v2\/media?parent=113917"}],"wp:term":[{"taxonomy":"category","embeddable":true,"href":"https:\/\/stage3.rnv.gob.ve\/wp\/wp-json\/wp\/v2\/categories?post=113917"},{"taxonomy":"post_tag","embeddable":true,"href":"https:\/\/stage3.rnv.gob.ve\/wp\/wp-json\/wp\/v2\/tags?post=113917"}],"curies":[{"name":"wp","href":"https:\/\/api.w.org\/{rel}","templated":true}]}}