{"id":113906,"date":"2017-02-12T12:25:51","date_gmt":"2017-02-12T16:25:51","guid":{"rendered":"http:\/\/wpeditor.rnv.gob.ve\/?p=113906"},"modified":"2017-02-12T12:25:51","modified_gmt":"2017-02-12T16:25:51","slug":"hinterlaces-psuv-es-la-principal-fuerza-politica-del-pais","status":"publish","type":"post","link":"https:\/\/stage3.rnv.gob.ve\/wp\/hinterlaces-psuv-es-la-principal-fuerza-politica-del-pais\/","title":{"rendered":"Hinterlaces: PSUV es la principal fuerza pol\u00edtica del pa\u00eds"},"content":{"rendered":"<p><img fetchpriority=\"high\" decoding=\"async\" class=\"size-medium wp-image-113909 alignleft\" src=\"http:\/\/wpeditor.rnv.gob.ve\/app\/uploads\/2017\/02\/psuv-1-300x167.jpg\" alt=\"psuv\" width=\"300\" height=\"167\" \/>El Partido Socialista Unido de Venezuela (PSUV) sigue siendo la principal fuerza pol\u00edtica del pa\u00eds, seg\u00fan se desprende del m\u00e1s reciente estudio de opini\u00f3n de la encuestadora Hintelaces, en el que se refiere que esta organizaci\u00f3n pol\u00edtica concentra el 29% de la simpat\u00eda de la poblaci\u00f3n.<!--more--><\/p>\n<p>En la encuesta, presentada por el periodista Jos\u00e9 Vicente Rangel, durante el programa dominical Jos\u00e9 Vicente Hoy, se se\u00f1ala que los partidos agrupados en el Gran Polo Patri\u00f3tico (GPP) cuentan con 1% de aceptaci\u00f3n, concentrando en total 30%.<\/p>\n<p>En alusi\u00f3n al estudio desarrollado entre el 13 y 24 de enero 2017, sobre la base de 1.580 entrevistas directas en hogares de todo el pa\u00eds, Rangel asegur\u00f3 que \u201cno se ha producido una ruptura entre el proyecto bolivariano como esperanza de emancipaci\u00f3n social.\u201d<\/p>\n<p>\u201cDurante m\u00e1s de 15 a\u00f1os la sociedad venezolana fue influenciada por el discurso persistente y pedag\u00f3gico de Hugo Ch\u00e1vez, basado en los valores de igualdad, inclusi\u00f3n, dignificaci\u00f3n y participaci\u00f3n del pueblo, porque configur\u00f3 una nueva identidad nacional convertida en ideolog\u00eda que todav\u00eda prevalece.\u201d<\/p>\n<p>La MUD, seg\u00fan se recoge en el estudio, registr\u00f3 8% de simpat\u00eda, Primero Justicia 5%, Voluntad Popular 5%, AD 4%, Un Nuevo Tiempo 2% y otros partidos de oposici\u00f3n 2%, para un total 26%, en contraste con un 39% que no se identific\u00f3 con ninguna organizaci\u00f3n pol\u00edtica.<\/p>\n<p>&nbsp;<\/p>\n<p>&nbsp;<\/p>\n<p><strong>Escuche al periodista Jos\u00e9 Vicente Rangel<\/strong><\/p>\n<audio class=\"wp-audio-shortcode\" id=\"audio-113906-1\" preload=\"none\" style=\"width: 100%;\" controls=\"controls\"><source type=\"audio\/mpeg\" src=\"http:\/\/wpeditor.rnv.gob.ve\/app\/uploads\/2017\/02\/CONFIDENCIALES-HINTERLACES.mp3?_=1\" \/><a href=\"http:\/\/wpeditor.rnv.gob.ve\/app\/uploads\/2017\/02\/CONFIDENCIALES-HINTERLACES.mp3\">http:\/\/wpeditor.rnv.gob.ve\/app\/uploads\/2017\/02\/CONFIDENCIALES-HINTERLACES.mp3<\/a><\/audio>\n<p>&nbsp;<\/p>\n<p><strong>T\/RNV WEB\/YB<\/strong><\/p>\n<p>&nbsp;<\/p>\n","protected":false},"excerpt":{"rendered":"<p>El Partido Socialista Unido de Venezuela (PSUV) sigue siendo la principal fuerza pol\u00edtica del pa\u00eds, seg\u00fan se desprende del m\u00e1s reciente estudio de opini\u00f3n de la encuestadora Hintelaces, en el que se refiere que esta organizaci\u00f3n pol\u00edtica concentra el 29% de la simpat\u00eda de la poblaci\u00f3n.<\/p>\n","protected":false},"author":1,"featured_media":113909,"comment_status":"closed","ping_status":"open","sticky":false,"template":"","format":"standard","meta":{"_acf_changed":false,"footnotes":""},"categories":[67],"tags":[1611,714,526],"class_list":["post-113906","post","type-post","status-publish","format-standard","has-post-thumbnail","hentry","category-politica","tag-hinterlaces","tag-mud","tag-psuv"],"acf":[],"yoast_head":"<!-- This site is optimized with the Yoast SEO plugin v27.4 - https:\/\/yoast.com\/product\/yoast-seo-wordpress\/ -->\n<title>Hinterlaces: PSUV es la principal fuerza pol\u00edtica del pa\u00eds - DEV RNV<\/title>\n<meta name=\"robots\" content=\"noindex, follow, max-snippet:-1, max-image-preview:large, max-video-preview:-1\" \/>\n<meta property=\"og:locale\" content=\"es_ES\" \/>\n<meta property=\"og:type\" content=\"article\" \/>\n<meta property=\"og:title\" content=\"Hinterlaces: PSUV es la principal fuerza pol\u00edtica del pa\u00eds - DEV RNV\" \/>\n<meta property=\"og:description\" content=\"El Partido Socialista Unido de Venezuela (PSUV) sigue siendo la principal fuerza pol\u00edtica del pa\u00eds, seg\u00fan se desprende del m\u00e1s reciente estudio de opini\u00f3n de la encuestadora Hintelaces, en el que se refiere que esta organizaci\u00f3n pol\u00edtica concentra el 29% de la simpat\u00eda de la poblaci\u00f3n.\" \/>\n<meta property=\"og:url\" content=\"https:\/\/stage3.rnv.gob.ve\/wp\/hinterlaces-psuv-es-la-principal-fuerza-politica-del-pais\/\" \/>\n<meta property=\"og:site_name\" content=\"DEV RNV\" \/>\n<meta property=\"article:publisher\" content=\"https:\/\/www.facebook.com\/RadioNacionaldeVenezuela\" \/>\n<meta property=\"article:published_time\" content=\"2017-02-12T16:25:51+00:00\" \/>\n<meta name=\"author\" content=\"administrador\" \/>\n<meta name=\"twitter:card\" content=\"summary_large_image\" \/>\n<meta name=\"twitter:creator\" content=\"@RNVinformativa\" \/>\n<meta name=\"twitter:site\" content=\"@RNVinformativa\" \/>\n<meta name=\"twitter:label1\" content=\"Escrito por\" \/>\n\t<meta name=\"twitter:data1\" content=\"administrador\" \/>\n\t<meta name=\"twitter:label2\" content=\"Tiempo estimado de lectura\" \/>\n\t<meta name=\"twitter:data2\" content=\"1 minuto\" \/>\n<script type=\"application\/ld+json\" class=\"yoast-schema-graph\">{\"@context\":\"https:\\\/\\\/schema.org\",\"@graph\":[{\"@type\":\"Article\",\"@id\":\"https:\\\/\\\/stage3.rnv.gob.ve\\\/wp\\\/hinterlaces-psuv-es-la-principal-fuerza-politica-del-pais\\\/#article\",\"isPartOf\":{\"@id\":\"https:\\\/\\\/stage3.rnv.gob.ve\\\/wp\\\/hinterlaces-psuv-es-la-principal-fuerza-politica-del-pais\\\/\"},\"author\":{\"name\":\"administrador\",\"@id\":\"https:\\\/\\\/stage3.rnv.gob.ve\\\/wp\\\/#\\\/schema\\\/person\\\/0862ce8cde332e0bc63b8a243f0eea2c\"},\"headline\":\"Hinterlaces: PSUV es la principal fuerza pol\u00edtica del pa\u00eds\",\"datePublished\":\"2017-02-12T16:25:51+00:00\",\"mainEntityOfPage\":{\"@id\":\"https:\\\/\\\/stage3.rnv.gob.ve\\\/wp\\\/hinterlaces-psuv-es-la-principal-fuerza-politica-del-pais\\\/\"},\"wordCount\":268,\"publisher\":{\"@id\":\"https:\\\/\\\/stage3.rnv.gob.ve\\\/wp\\\/#organization\"},\"image\":{\"@id\":\"https:\\\/\\\/stage3.rnv.gob.ve\\\/wp\\\/hinterlaces-psuv-es-la-principal-fuerza-politica-del-pais\\\/#primaryimage\"},\"thumbnailUrl\":\"\",\"keywords\":[\"hinterlaces\",\"mud\",\"PSUV\"],\"articleSection\":[\"Pol\u00edtica\"],\"inLanguage\":\"es\"},{\"@type\":\"WebPage\",\"@id\":\"https:\\\/\\\/stage3.rnv.gob.ve\\\/wp\\\/hinterlaces-psuv-es-la-principal-fuerza-politica-del-pais\\\/\",\"url\":\"https:\\\/\\\/stage3.rnv.gob.ve\\\/wp\\\/hinterlaces-psuv-es-la-principal-fuerza-politica-del-pais\\\/\",\"name\":\"Hinterlaces: PSUV es la principal fuerza pol\u00edtica del pa\u00eds - DEV RNV\",\"isPartOf\":{\"@id\":\"https:\\\/\\\/stage3.rnv.gob.ve\\\/wp\\\/#website\"},\"primaryImageOfPage\":{\"@id\":\"https:\\\/\\\/stage3.rnv.gob.ve\\\/wp\\\/hinterlaces-psuv-es-la-principal-fuerza-politica-del-pais\\\/#primaryimage\"},\"image\":{\"@id\":\"https:\\\/\\\/stage3.rnv.gob.ve\\\/wp\\\/hinterlaces-psuv-es-la-principal-fuerza-politica-del-pais\\\/#primaryimage\"},\"thumbnailUrl\":\"\",\"datePublished\":\"2017-02-12T16:25:51+00:00\",\"breadcrumb\":{\"@id\":\"https:\\\/\\\/stage3.rnv.gob.ve\\\/wp\\\/hinterlaces-psuv-es-la-principal-fuerza-politica-del-pais\\\/#breadcrumb\"},\"inLanguage\":\"es\",\"potentialAction\":[{\"@type\":\"ReadAction\",\"target\":[\"https:\\\/\\\/stage3.rnv.gob.ve\\\/wp\\\/hinterlaces-psuv-es-la-principal-fuerza-politica-del-pais\\\/\"]}]},{\"@type\":\"ImageObject\",\"inLanguage\":\"es\",\"@id\":\"https:\\\/\\\/stage3.rnv.gob.ve\\\/wp\\\/hinterlaces-psuv-es-la-principal-fuerza-politica-del-pais\\\/#primaryimage\",\"url\":\"\",\"contentUrl\":\"\"},{\"@type\":\"BreadcrumbList\",\"@id\":\"https:\\\/\\\/stage3.rnv.gob.ve\\\/wp\\\/hinterlaces-psuv-es-la-principal-fuerza-politica-del-pais\\\/#breadcrumb\",\"itemListElement\":[{\"@type\":\"ListItem\",\"position\":1,\"name\":\"Portada\",\"item\":\"https:\\\/\\\/stage3.rnv.gob.ve\\\/wp\\\/\"},{\"@type\":\"ListItem\",\"position\":2,\"name\":\"Hinterlaces: Psuv Es La Principal Fuerza Pol\u00edtica Del Pa\u00eds\"}]},{\"@type\":\"WebSite\",\"@id\":\"https:\\\/\\\/stage3.rnv.gob.ve\\\/wp\\\/#website\",\"url\":\"https:\\\/\\\/stage3.rnv.gob.ve\\\/wp\\\/\",\"name\":\"DEV RNV\",\"description\":\"Radio Nacional de Venezuela C.A.\",\"publisher\":{\"@id\":\"https:\\\/\\\/stage3.rnv.gob.ve\\\/wp\\\/#organization\"},\"potentialAction\":[{\"@type\":\"SearchAction\",\"target\":{\"@type\":\"EntryPoint\",\"urlTemplate\":\"https:\\\/\\\/stage3.rnv.gob.ve\\\/wp\\\/?s={search_term_string}\"},\"query-input\":{\"@type\":\"PropertyValueSpecification\",\"valueRequired\":true,\"valueName\":\"search_term_string\"}}],\"inLanguage\":\"es\"},{\"@type\":\"Organization\",\"@id\":\"https:\\\/\\\/stage3.rnv.gob.ve\\\/wp\\\/#organization\",\"name\":\"Radio Nacional de Venezuela C.A.\",\"url\":\"https:\\\/\\\/stage3.rnv.gob.ve\\\/wp\\\/\",\"logo\":{\"@type\":\"ImageObject\",\"inLanguage\":\"es\",\"@id\":\"https:\\\/\\\/stage3.rnv.gob.ve\\\/wp\\\/#\\\/schema\\\/logo\\\/image\\\/\",\"url\":\"http:\\\/\\\/rnv.ddns.net\\\/prensa\\\/wp-content\\\/uploads\\\/2022\\\/04\\\/rnv-1-300x227-1.jpg\",\"contentUrl\":\"http:\\\/\\\/rnv.ddns.net\\\/prensa\\\/wp-content\\\/uploads\\\/2022\\\/04\\\/rnv-1-300x227-1.jpg\",\"width\":800,\"height\":455,\"caption\":\"Radio Nacional de Venezuela C.A.\"},\"image\":{\"@id\":\"https:\\\/\\\/stage3.rnv.gob.ve\\\/wp\\\/#\\\/schema\\\/logo\\\/image\\\/\"},\"sameAs\":[\"https:\\\/\\\/www.facebook.com\\\/RadioNacionaldeVenezuela\",\"https:\\\/\\\/x.com\\\/RNVinformativa\",\"https:\\\/\\\/www.instagram.com\\\/rnvinformativa\\\/\",\"https:\\\/\\\/www.youtube.com\\\/user\\\/RNVContigo\"]},{\"@type\":\"Person\",\"@id\":\"https:\\\/\\\/stage3.rnv.gob.ve\\\/wp\\\/#\\\/schema\\\/person\\\/0862ce8cde332e0bc63b8a243f0eea2c\",\"name\":\"administrador\",\"sameAs\":[\"http:\\\/\\\/arnoldoeloy.net\"],\"url\":\"https:\\\/\\\/stage3.rnv.gob.ve\\\/wp\\\/author\\\/administrador\\\/\"}]}<\/script>\n<!-- \/ Yoast SEO plugin. -->","yoast_head_json":{"title":"Hinterlaces: PSUV es la principal fuerza pol\u00edtica del pa\u00eds - DEV RNV","robots":{"index":"noindex","follow":"follow","max-snippet":"max-snippet:-1","max-image-preview":"max-image-preview:large","max-video-preview":"max-video-preview:-1"},"og_locale":"es_ES","og_type":"article","og_title":"Hinterlaces: PSUV es la principal fuerza pol\u00edtica del pa\u00eds - DEV RNV","og_description":"El Partido Socialista Unido de Venezuela (PSUV) sigue siendo la principal fuerza pol\u00edtica del pa\u00eds, seg\u00fan se desprende del m\u00e1s reciente estudio de opini\u00f3n de la encuestadora Hintelaces, en el que se refiere que esta organizaci\u00f3n pol\u00edtica concentra el 29% de la simpat\u00eda de la poblaci\u00f3n.","og_url":"https:\/\/stage3.rnv.gob.ve\/wp\/hinterlaces-psuv-es-la-principal-fuerza-politica-del-pais\/","og_site_name":"DEV RNV","article_publisher":"https:\/\/www.facebook.com\/RadioNacionaldeVenezuela","article_published_time":"2017-02-12T16:25:51+00:00","author":"administrador","twitter_card":"summary_large_image","twitter_creator":"@RNVinformativa","twitter_site":"@RNVinformativa","twitter_misc":{"Escrito por":"administrador","Tiempo estimado de lectura":"1 minuto"},"schema":{"@context":"https:\/\/schema.org","@graph":[{"@type":"Article","@id":"https:\/\/stage3.rnv.gob.ve\/wp\/hinterlaces-psuv-es-la-principal-fuerza-politica-del-pais\/#article","isPartOf":{"@id":"https:\/\/stage3.rnv.gob.ve\/wp\/hinterlaces-psuv-es-la-principal-fuerza-politica-del-pais\/"},"author":{"name":"administrador","@id":"https:\/\/stage3.rnv.gob.ve\/wp\/#\/schema\/person\/0862ce8cde332e0bc63b8a243f0eea2c"},"headline":"Hinterlaces: PSUV es la principal fuerza pol\u00edtica del pa\u00eds","datePublished":"2017-02-12T16:25:51+00:00","mainEntityOfPage":{"@id":"https:\/\/stage3.rnv.gob.ve\/wp\/hinterlaces-psuv-es-la-principal-fuerza-politica-del-pais\/"},"wordCount":268,"publisher":{"@id":"https:\/\/stage3.rnv.gob.ve\/wp\/#organization"},"image":{"@id":"https:\/\/stage3.rnv.gob.ve\/wp\/hinterlaces-psuv-es-la-principal-fuerza-politica-del-pais\/#primaryimage"},"thumbnailUrl":"","keywords":["hinterlaces","mud","PSUV"],"articleSection":["Pol\u00edtica"],"inLanguage":"es"},{"@type":"WebPage","@id":"https:\/\/stage3.rnv.gob.ve\/wp\/hinterlaces-psuv-es-la-principal-fuerza-politica-del-pais\/","url":"https:\/\/stage3.rnv.gob.ve\/wp\/hinterlaces-psuv-es-la-principal-fuerza-politica-del-pais\/","name":"Hinterlaces: PSUV es la principal fuerza pol\u00edtica del pa\u00eds - DEV RNV","isPartOf":{"@id":"https:\/\/stage3.rnv.gob.ve\/wp\/#website"},"primaryImageOfPage":{"@id":"https:\/\/stage3.rnv.gob.ve\/wp\/hinterlaces-psuv-es-la-principal-fuerza-politica-del-pais\/#primaryimage"},"image":{"@id":"https:\/\/stage3.rnv.gob.ve\/wp\/hinterlaces-psuv-es-la-principal-fuerza-politica-del-pais\/#primaryimage"},"thumbnailUrl":"","datePublished":"2017-02-12T16:25:51+00:00","breadcrumb":{"@id":"https:\/\/stage3.rnv.gob.ve\/wp\/hinterlaces-psuv-es-la-principal-fuerza-politica-del-pais\/#breadcrumb"},"inLanguage":"es","potentialAction":[{"@type":"ReadAction","target":["https:\/\/stage3.rnv.gob.ve\/wp\/hinterlaces-psuv-es-la-principal-fuerza-politica-del-pais\/"]}]},{"@type":"ImageObject","inLanguage":"es","@id":"https:\/\/stage3.rnv.gob.ve\/wp\/hinterlaces-psuv-es-la-principal-fuerza-politica-del-pais\/#primaryimage","url":"","contentUrl":""},{"@type":"BreadcrumbList","@id":"https:\/\/stage3.rnv.gob.ve\/wp\/hinterlaces-psuv-es-la-principal-fuerza-politica-del-pais\/#breadcrumb","itemListElement":[{"@type":"ListItem","position":1,"name":"Portada","item":"https:\/\/stage3.rnv.gob.ve\/wp\/"},{"@type":"ListItem","position":2,"name":"Hinterlaces: Psuv Es La Principal Fuerza Pol\u00edtica Del Pa\u00eds"}]},{"@type":"WebSite","@id":"https:\/\/stage3.rnv.gob.ve\/wp\/#website","url":"https:\/\/stage3.rnv.gob.ve\/wp\/","name":"DEV RNV","description":"Radio Nacional de Venezuela C.A.","publisher":{"@id":"https:\/\/stage3.rnv.gob.ve\/wp\/#organization"},"potentialAction":[{"@type":"SearchAction","target":{"@type":"EntryPoint","urlTemplate":"https:\/\/stage3.rnv.gob.ve\/wp\/?s={search_term_string}"},"query-input":{"@type":"PropertyValueSpecification","valueRequired":true,"valueName":"search_term_string"}}],"inLanguage":"es"},{"@type":"Organization","@id":"https:\/\/stage3.rnv.gob.ve\/wp\/#organization","name":"Radio Nacional de Venezuela C.A.","url":"https:\/\/stage3.rnv.gob.ve\/wp\/","logo":{"@type":"ImageObject","inLanguage":"es","@id":"https:\/\/stage3.rnv.gob.ve\/wp\/#\/schema\/logo\/image\/","url":"http:\/\/rnv.ddns.net\/prensa\/wp-content\/uploads\/2022\/04\/rnv-1-300x227-1.jpg","contentUrl":"http:\/\/rnv.ddns.net\/prensa\/wp-content\/uploads\/2022\/04\/rnv-1-300x227-1.jpg","width":800,"height":455,"caption":"Radio Nacional de Venezuela C.A."},"image":{"@id":"https:\/\/stage3.rnv.gob.ve\/wp\/#\/schema\/logo\/image\/"},"sameAs":["https:\/\/www.facebook.com\/RadioNacionaldeVenezuela","https:\/\/x.com\/RNVinformativa","https:\/\/www.instagram.com\/rnvinformativa\/","https:\/\/www.youtube.com\/user\/RNVContigo"]},{"@type":"Person","@id":"https:\/\/stage3.rnv.gob.ve\/wp\/#\/schema\/person\/0862ce8cde332e0bc63b8a243f0eea2c","name":"administrador","sameAs":["http:\/\/arnoldoeloy.net"],"url":"https:\/\/stage3.rnv.gob.ve\/wp\/author\/administrador\/"}]}},"jetpack_featured_media_url":"","_links":{"self":[{"href":"https:\/\/stage3.rnv.gob.ve\/wp\/wp-json\/wp\/v2\/posts\/113906","targetHints":{"allow":["GET"]}}],"collection":[{"href":"https:\/\/stage3.rnv.gob.ve\/wp\/wp-json\/wp\/v2\/posts"}],"about":[{"href":"https:\/\/stage3.rnv.gob.ve\/wp\/wp-json\/wp\/v2\/types\/post"}],"author":[{"embeddable":true,"href":"https:\/\/stage3.rnv.gob.ve\/wp\/wp-json\/wp\/v2\/users\/1"}],"replies":[{"embeddable":true,"href":"https:\/\/stage3.rnv.gob.ve\/wp\/wp-json\/wp\/v2\/comments?post=113906"}],"version-history":[{"count":0,"href":"https:\/\/stage3.rnv.gob.ve\/wp\/wp-json\/wp\/v2\/posts\/113906\/revisions"}],"wp:featuredmedia":[{"embeddable":true,"href":"https:\/\/stage3.rnv.gob.ve\/wp\/wp-json\/"}],"wp:attachment":[{"href":"https:\/\/stage3.rnv.gob.ve\/wp\/wp-json\/wp\/v2\/media?parent=113906"}],"wp:term":[{"taxonomy":"category","embeddable":true,"href":"https:\/\/stage3.rnv.gob.ve\/wp\/wp-json\/wp\/v2\/categories?post=113906"},{"taxonomy":"post_tag","embeddable":true,"href":"https:\/\/stage3.rnv.gob.ve\/wp\/wp-json\/wp\/v2\/tags?post=113906"}],"curies":[{"name":"wp","href":"https:\/\/api.w.org\/{rel}","templated":true}]}}