{"id":113727,"date":"2017-02-11T18:22:20","date_gmt":"2017-02-11T22:22:20","guid":{"rendered":"http:\/\/wpeditor.rnv.gob.ve\/?p=113727"},"modified":"2017-02-11T18:22:20","modified_gmt":"2017-02-11T22:22:20","slug":"220-efectivos-de-la-pnb-fueron-desplegados-en-el-valle","status":"publish","type":"post","link":"https:\/\/stage3.rnv.gob.ve\/wp\/220-efectivos-de-la-pnb-fueron-desplegados-en-el-valle\/","title":{"rendered":"220 efectivos de la PNB fueron desplegados en El Valle"},"content":{"rendered":"\n<p style=\"text-align: justify;\">Este s\u00e1bado en la parroquia El Valle, \u00a0Caracas, fueron activados un total de 220 funcionarios de la Polic\u00eda Nacional Bolivariana (PNB), para reforzar la seguridad ciudadana, as\u00ed lo inform\u00f3 el general de divisi\u00f3n, Abraham Valladares.<\/p>\n<p style=\"text-align: justify;\">Valladares,\u00a0se\u00f1al\u00f3 que los funcionarios policiales dispondr\u00e1n de 25 motocicletas y 20 veh\u00edculos, para resguardar las \u00e1reas priorizadas, en las cuales destacan la avenida Intercomunal, los alrededores del Centro Comercial El Valle, la calle San Andr\u00e9s y el barrio El Loro, entre otras.<\/p>\n<p style=\"text-align: justify;\">Indic\u00f3 que con este operativo se\u00a0espera reforzar \u00a0las acciones de los cuadrantes de Paz y Vida del Plan Patria Segura, que busca consolidar la seguridad ciudadana y promover la paz en Venezuela.<\/p>\n<p style=\"text-align: justify;\">En ese sentido,\u00a0<span lang=\"ES-VE\">inst\u00f3 a los habitantes de la parroquia a hacer uso de los n\u00fameros de tel\u00e9fonos de los Cuadrantes de Paz y del 0800 Secuestro (08007328378).<\/span><\/p>\n<p style=\"text-align: justify;\">Con este despliegue se busca combatir los robos y hurtos de veh\u00edculos, el microtr\u00e1fico de droga y estupefacientes, que son los m\u00e1s registrados en la parroquia, de acuerdo con el Observatorio Venezolano de Seguridad.<\/p>\n<p><strong>Escuche aqu\u00ed al general de divisi\u00f3n, Abraham Valladares:<\/strong><\/p>\n<audio class=\"wp-audio-shortcode\" id=\"audio-113727-1\" preload=\"none\" style=\"width: 100%;\" controls=\"controls\"><source type=\"audio\/mpeg\" src=\"http:\/\/wpeditor.rnv.gob.ve\/app\/uploads\/2017\/02\/DESPLIEGUE-EL-VALLE.mp3?_=1\" \/><a href=\"http:\/\/wpeditor.rnv.gob.ve\/app\/uploads\/2017\/02\/DESPLIEGUE-EL-VALLE.mp3\">http:\/\/wpeditor.rnv.gob.ve\/app\/uploads\/2017\/02\/DESPLIEGUE-EL-VALLE.mp3<\/a><\/audio>\n<p><strong>T\/RNV Web\/CP<\/strong><\/p>\n","protected":false},"excerpt":{"rendered":"<p>Este s\u00e1bado en la parroquia El Valle, \u00a0Caracas, fueron activados un total de 220 funcionarios de la Polic\u00eda Nacional Bolivariana (PNB), para reforzar la seguridad ciudadana, as\u00ed lo inform\u00f3 el general de divisi\u00f3n, Abraham Valladares. Valladares,\u00a0se\u00f1al\u00f3 que los funcionarios policiales dispondr\u00e1n de 25 motocicletas y 20 veh\u00edculos, para resguardar las \u00e1reas priorizadas, en las cuales [&hellip;]<\/p>\n","protected":false},"author":1,"featured_media":113729,"comment_status":"closed","ping_status":"open","sticky":false,"template":"","format":"standard","meta":{"_acf_changed":false,"footnotes":""},"categories":[52],"tags":[9125,12202,89],"class_list":["post-113727","post","type-post","status-publish","format-standard","has-post-thumbnail","hentry","category-ciudad","tag-despliegue-de-seguridad","tag-parroquia-el-valle","tag-pnb"],"acf":[],"yoast_head":"<!-- This site is optimized with the Yoast SEO plugin v27.4 - https:\/\/yoast.com\/product\/yoast-seo-wordpress\/ -->\n<title>220 efectivos de la PNB fueron desplegados en El Valle - DEV RNV<\/title>\n<meta name=\"robots\" content=\"noindex, follow, max-snippet:-1, max-image-preview:large, max-video-preview:-1\" \/>\n<meta property=\"og:locale\" content=\"es_ES\" \/>\n<meta property=\"og:type\" content=\"article\" \/>\n<meta property=\"og:title\" content=\"220 efectivos de la PNB fueron desplegados en El Valle - DEV RNV\" \/>\n<meta property=\"og:description\" content=\"Este s\u00e1bado en la parroquia El Valle, \u00a0Caracas, fueron activados un total de 220 funcionarios de la Polic\u00eda Nacional Bolivariana (PNB), para reforzar la seguridad ciudadana, as\u00ed lo inform\u00f3 el general de divisi\u00f3n, Abraham Valladares. Valladares,\u00a0se\u00f1al\u00f3 que los funcionarios policiales dispondr\u00e1n de 25 motocicletas y 20 veh\u00edculos, para resguardar las \u00e1reas priorizadas, en las cuales [&hellip;]\" \/>\n<meta property=\"og:url\" content=\"https:\/\/stage3.rnv.gob.ve\/wp\/220-efectivos-de-la-pnb-fueron-desplegados-en-el-valle\/\" \/>\n<meta property=\"og:site_name\" content=\"DEV RNV\" \/>\n<meta property=\"article:publisher\" content=\"https:\/\/www.facebook.com\/RadioNacionaldeVenezuela\" \/>\n<meta property=\"article:published_time\" content=\"2017-02-11T22:22:20+00:00\" \/>\n<meta name=\"author\" content=\"administrador\" \/>\n<meta name=\"twitter:card\" content=\"summary_large_image\" \/>\n<meta name=\"twitter:creator\" content=\"@RNVinformativa\" \/>\n<meta name=\"twitter:site\" content=\"@RNVinformativa\" \/>\n<meta name=\"twitter:label1\" content=\"Escrito por\" \/>\n\t<meta name=\"twitter:data1\" content=\"administrador\" \/>\n\t<meta name=\"twitter:label2\" content=\"Tiempo estimado de lectura\" \/>\n\t<meta name=\"twitter:data2\" content=\"1 minuto\" \/>\n<script type=\"application\/ld+json\" class=\"yoast-schema-graph\">{\"@context\":\"https:\\\/\\\/schema.org\",\"@graph\":[{\"@type\":\"Article\",\"@id\":\"https:\\\/\\\/stage3.rnv.gob.ve\\\/wp\\\/220-efectivos-de-la-pnb-fueron-desplegados-en-el-valle\\\/#article\",\"isPartOf\":{\"@id\":\"https:\\\/\\\/stage3.rnv.gob.ve\\\/wp\\\/220-efectivos-de-la-pnb-fueron-desplegados-en-el-valle\\\/\"},\"author\":{\"name\":\"administrador\",\"@id\":\"https:\\\/\\\/stage3.rnv.gob.ve\\\/wp\\\/#\\\/schema\\\/person\\\/0862ce8cde332e0bc63b8a243f0eea2c\"},\"headline\":\"220 efectivos de la PNB fueron desplegados en El Valle\",\"datePublished\":\"2017-02-11T22:22:20+00:00\",\"mainEntityOfPage\":{\"@id\":\"https:\\\/\\\/stage3.rnv.gob.ve\\\/wp\\\/220-efectivos-de-la-pnb-fueron-desplegados-en-el-valle\\\/\"},\"wordCount\":218,\"publisher\":{\"@id\":\"https:\\\/\\\/stage3.rnv.gob.ve\\\/wp\\\/#organization\"},\"image\":{\"@id\":\"https:\\\/\\\/stage3.rnv.gob.ve\\\/wp\\\/220-efectivos-de-la-pnb-fueron-desplegados-en-el-valle\\\/#primaryimage\"},\"thumbnailUrl\":\"\",\"keywords\":[\"despliegue de seguridad\",\"parroquia el valle\",\"pnb\"],\"articleSection\":[\"Ciudad\"],\"inLanguage\":\"es\"},{\"@type\":\"WebPage\",\"@id\":\"https:\\\/\\\/stage3.rnv.gob.ve\\\/wp\\\/220-efectivos-de-la-pnb-fueron-desplegados-en-el-valle\\\/\",\"url\":\"https:\\\/\\\/stage3.rnv.gob.ve\\\/wp\\\/220-efectivos-de-la-pnb-fueron-desplegados-en-el-valle\\\/\",\"name\":\"220 efectivos de la PNB fueron desplegados en El Valle - DEV RNV\",\"isPartOf\":{\"@id\":\"https:\\\/\\\/stage3.rnv.gob.ve\\\/wp\\\/#website\"},\"primaryImageOfPage\":{\"@id\":\"https:\\\/\\\/stage3.rnv.gob.ve\\\/wp\\\/220-efectivos-de-la-pnb-fueron-desplegados-en-el-valle\\\/#primaryimage\"},\"image\":{\"@id\":\"https:\\\/\\\/stage3.rnv.gob.ve\\\/wp\\\/220-efectivos-de-la-pnb-fueron-desplegados-en-el-valle\\\/#primaryimage\"},\"thumbnailUrl\":\"\",\"datePublished\":\"2017-02-11T22:22:20+00:00\",\"breadcrumb\":{\"@id\":\"https:\\\/\\\/stage3.rnv.gob.ve\\\/wp\\\/220-efectivos-de-la-pnb-fueron-desplegados-en-el-valle\\\/#breadcrumb\"},\"inLanguage\":\"es\",\"potentialAction\":[{\"@type\":\"ReadAction\",\"target\":[\"https:\\\/\\\/stage3.rnv.gob.ve\\\/wp\\\/220-efectivos-de-la-pnb-fueron-desplegados-en-el-valle\\\/\"]}]},{\"@type\":\"ImageObject\",\"inLanguage\":\"es\",\"@id\":\"https:\\\/\\\/stage3.rnv.gob.ve\\\/wp\\\/220-efectivos-de-la-pnb-fueron-desplegados-en-el-valle\\\/#primaryimage\",\"url\":\"\",\"contentUrl\":\"\"},{\"@type\":\"BreadcrumbList\",\"@id\":\"https:\\\/\\\/stage3.rnv.gob.ve\\\/wp\\\/220-efectivos-de-la-pnb-fueron-desplegados-en-el-valle\\\/#breadcrumb\",\"itemListElement\":[{\"@type\":\"ListItem\",\"position\":1,\"name\":\"Portada\",\"item\":\"https:\\\/\\\/stage3.rnv.gob.ve\\\/wp\\\/\"},{\"@type\":\"ListItem\",\"position\":2,\"name\":\"220 Efectivos De La Pnb Fueron Desplegados En El Valle\"}]},{\"@type\":\"WebSite\",\"@id\":\"https:\\\/\\\/stage3.rnv.gob.ve\\\/wp\\\/#website\",\"url\":\"https:\\\/\\\/stage3.rnv.gob.ve\\\/wp\\\/\",\"name\":\"DEV RNV\",\"description\":\"Radio Nacional de Venezuela C.A.\",\"publisher\":{\"@id\":\"https:\\\/\\\/stage3.rnv.gob.ve\\\/wp\\\/#organization\"},\"potentialAction\":[{\"@type\":\"SearchAction\",\"target\":{\"@type\":\"EntryPoint\",\"urlTemplate\":\"https:\\\/\\\/stage3.rnv.gob.ve\\\/wp\\\/?s={search_term_string}\"},\"query-input\":{\"@type\":\"PropertyValueSpecification\",\"valueRequired\":true,\"valueName\":\"search_term_string\"}}],\"inLanguage\":\"es\"},{\"@type\":\"Organization\",\"@id\":\"https:\\\/\\\/stage3.rnv.gob.ve\\\/wp\\\/#organization\",\"name\":\"Radio Nacional de Venezuela C.A.\",\"url\":\"https:\\\/\\\/stage3.rnv.gob.ve\\\/wp\\\/\",\"logo\":{\"@type\":\"ImageObject\",\"inLanguage\":\"es\",\"@id\":\"https:\\\/\\\/stage3.rnv.gob.ve\\\/wp\\\/#\\\/schema\\\/logo\\\/image\\\/\",\"url\":\"http:\\\/\\\/rnv.ddns.net\\\/prensa\\\/wp-content\\\/uploads\\\/2022\\\/04\\\/rnv-1-300x227-1.jpg\",\"contentUrl\":\"http:\\\/\\\/rnv.ddns.net\\\/prensa\\\/wp-content\\\/uploads\\\/2022\\\/04\\\/rnv-1-300x227-1.jpg\",\"width\":800,\"height\":455,\"caption\":\"Radio Nacional de Venezuela C.A.\"},\"image\":{\"@id\":\"https:\\\/\\\/stage3.rnv.gob.ve\\\/wp\\\/#\\\/schema\\\/logo\\\/image\\\/\"},\"sameAs\":[\"https:\\\/\\\/www.facebook.com\\\/RadioNacionaldeVenezuela\",\"https:\\\/\\\/x.com\\\/RNVinformativa\",\"https:\\\/\\\/www.instagram.com\\\/rnvinformativa\\\/\",\"https:\\\/\\\/www.youtube.com\\\/user\\\/RNVContigo\"]},{\"@type\":\"Person\",\"@id\":\"https:\\\/\\\/stage3.rnv.gob.ve\\\/wp\\\/#\\\/schema\\\/person\\\/0862ce8cde332e0bc63b8a243f0eea2c\",\"name\":\"administrador\",\"sameAs\":[\"http:\\\/\\\/arnoldoeloy.net\"],\"url\":\"https:\\\/\\\/stage3.rnv.gob.ve\\\/wp\\\/author\\\/administrador\\\/\"}]}<\/script>\n<!-- \/ Yoast SEO plugin. -->","yoast_head_json":{"title":"220 efectivos de la PNB fueron desplegados en El Valle - DEV RNV","robots":{"index":"noindex","follow":"follow","max-snippet":"max-snippet:-1","max-image-preview":"max-image-preview:large","max-video-preview":"max-video-preview:-1"},"og_locale":"es_ES","og_type":"article","og_title":"220 efectivos de la PNB fueron desplegados en El Valle - DEV RNV","og_description":"Este s\u00e1bado en la parroquia El Valle, \u00a0Caracas, fueron activados un total de 220 funcionarios de la Polic\u00eda Nacional Bolivariana (PNB), para reforzar la seguridad ciudadana, as\u00ed lo inform\u00f3 el general de divisi\u00f3n, Abraham Valladares. Valladares,\u00a0se\u00f1al\u00f3 que los funcionarios policiales dispondr\u00e1n de 25 motocicletas y 20 veh\u00edculos, para resguardar las \u00e1reas priorizadas, en las cuales [&hellip;]","og_url":"https:\/\/stage3.rnv.gob.ve\/wp\/220-efectivos-de-la-pnb-fueron-desplegados-en-el-valle\/","og_site_name":"DEV RNV","article_publisher":"https:\/\/www.facebook.com\/RadioNacionaldeVenezuela","article_published_time":"2017-02-11T22:22:20+00:00","author":"administrador","twitter_card":"summary_large_image","twitter_creator":"@RNVinformativa","twitter_site":"@RNVinformativa","twitter_misc":{"Escrito por":"administrador","Tiempo estimado de lectura":"1 minuto"},"schema":{"@context":"https:\/\/schema.org","@graph":[{"@type":"Article","@id":"https:\/\/stage3.rnv.gob.ve\/wp\/220-efectivos-de-la-pnb-fueron-desplegados-en-el-valle\/#article","isPartOf":{"@id":"https:\/\/stage3.rnv.gob.ve\/wp\/220-efectivos-de-la-pnb-fueron-desplegados-en-el-valle\/"},"author":{"name":"administrador","@id":"https:\/\/stage3.rnv.gob.ve\/wp\/#\/schema\/person\/0862ce8cde332e0bc63b8a243f0eea2c"},"headline":"220 efectivos de la PNB fueron desplegados en El Valle","datePublished":"2017-02-11T22:22:20+00:00","mainEntityOfPage":{"@id":"https:\/\/stage3.rnv.gob.ve\/wp\/220-efectivos-de-la-pnb-fueron-desplegados-en-el-valle\/"},"wordCount":218,"publisher":{"@id":"https:\/\/stage3.rnv.gob.ve\/wp\/#organization"},"image":{"@id":"https:\/\/stage3.rnv.gob.ve\/wp\/220-efectivos-de-la-pnb-fueron-desplegados-en-el-valle\/#primaryimage"},"thumbnailUrl":"","keywords":["despliegue de seguridad","parroquia el valle","pnb"],"articleSection":["Ciudad"],"inLanguage":"es"},{"@type":"WebPage","@id":"https:\/\/stage3.rnv.gob.ve\/wp\/220-efectivos-de-la-pnb-fueron-desplegados-en-el-valle\/","url":"https:\/\/stage3.rnv.gob.ve\/wp\/220-efectivos-de-la-pnb-fueron-desplegados-en-el-valle\/","name":"220 efectivos de la PNB fueron desplegados en El Valle - DEV RNV","isPartOf":{"@id":"https:\/\/stage3.rnv.gob.ve\/wp\/#website"},"primaryImageOfPage":{"@id":"https:\/\/stage3.rnv.gob.ve\/wp\/220-efectivos-de-la-pnb-fueron-desplegados-en-el-valle\/#primaryimage"},"image":{"@id":"https:\/\/stage3.rnv.gob.ve\/wp\/220-efectivos-de-la-pnb-fueron-desplegados-en-el-valle\/#primaryimage"},"thumbnailUrl":"","datePublished":"2017-02-11T22:22:20+00:00","breadcrumb":{"@id":"https:\/\/stage3.rnv.gob.ve\/wp\/220-efectivos-de-la-pnb-fueron-desplegados-en-el-valle\/#breadcrumb"},"inLanguage":"es","potentialAction":[{"@type":"ReadAction","target":["https:\/\/stage3.rnv.gob.ve\/wp\/220-efectivos-de-la-pnb-fueron-desplegados-en-el-valle\/"]}]},{"@type":"ImageObject","inLanguage":"es","@id":"https:\/\/stage3.rnv.gob.ve\/wp\/220-efectivos-de-la-pnb-fueron-desplegados-en-el-valle\/#primaryimage","url":"","contentUrl":""},{"@type":"BreadcrumbList","@id":"https:\/\/stage3.rnv.gob.ve\/wp\/220-efectivos-de-la-pnb-fueron-desplegados-en-el-valle\/#breadcrumb","itemListElement":[{"@type":"ListItem","position":1,"name":"Portada","item":"https:\/\/stage3.rnv.gob.ve\/wp\/"},{"@type":"ListItem","position":2,"name":"220 Efectivos De La Pnb Fueron Desplegados En El Valle"}]},{"@type":"WebSite","@id":"https:\/\/stage3.rnv.gob.ve\/wp\/#website","url":"https:\/\/stage3.rnv.gob.ve\/wp\/","name":"DEV RNV","description":"Radio Nacional de Venezuela C.A.","publisher":{"@id":"https:\/\/stage3.rnv.gob.ve\/wp\/#organization"},"potentialAction":[{"@type":"SearchAction","target":{"@type":"EntryPoint","urlTemplate":"https:\/\/stage3.rnv.gob.ve\/wp\/?s={search_term_string}"},"query-input":{"@type":"PropertyValueSpecification","valueRequired":true,"valueName":"search_term_string"}}],"inLanguage":"es"},{"@type":"Organization","@id":"https:\/\/stage3.rnv.gob.ve\/wp\/#organization","name":"Radio Nacional de Venezuela C.A.","url":"https:\/\/stage3.rnv.gob.ve\/wp\/","logo":{"@type":"ImageObject","inLanguage":"es","@id":"https:\/\/stage3.rnv.gob.ve\/wp\/#\/schema\/logo\/image\/","url":"http:\/\/rnv.ddns.net\/prensa\/wp-content\/uploads\/2022\/04\/rnv-1-300x227-1.jpg","contentUrl":"http:\/\/rnv.ddns.net\/prensa\/wp-content\/uploads\/2022\/04\/rnv-1-300x227-1.jpg","width":800,"height":455,"caption":"Radio Nacional de Venezuela C.A."},"image":{"@id":"https:\/\/stage3.rnv.gob.ve\/wp\/#\/schema\/logo\/image\/"},"sameAs":["https:\/\/www.facebook.com\/RadioNacionaldeVenezuela","https:\/\/x.com\/RNVinformativa","https:\/\/www.instagram.com\/rnvinformativa\/","https:\/\/www.youtube.com\/user\/RNVContigo"]},{"@type":"Person","@id":"https:\/\/stage3.rnv.gob.ve\/wp\/#\/schema\/person\/0862ce8cde332e0bc63b8a243f0eea2c","name":"administrador","sameAs":["http:\/\/arnoldoeloy.net"],"url":"https:\/\/stage3.rnv.gob.ve\/wp\/author\/administrador\/"}]}},"jetpack_featured_media_url":"","_links":{"self":[{"href":"https:\/\/stage3.rnv.gob.ve\/wp\/wp-json\/wp\/v2\/posts\/113727","targetHints":{"allow":["GET"]}}],"collection":[{"href":"https:\/\/stage3.rnv.gob.ve\/wp\/wp-json\/wp\/v2\/posts"}],"about":[{"href":"https:\/\/stage3.rnv.gob.ve\/wp\/wp-json\/wp\/v2\/types\/post"}],"author":[{"embeddable":true,"href":"https:\/\/stage3.rnv.gob.ve\/wp\/wp-json\/wp\/v2\/users\/1"}],"replies":[{"embeddable":true,"href":"https:\/\/stage3.rnv.gob.ve\/wp\/wp-json\/wp\/v2\/comments?post=113727"}],"version-history":[{"count":0,"href":"https:\/\/stage3.rnv.gob.ve\/wp\/wp-json\/wp\/v2\/posts\/113727\/revisions"}],"wp:featuredmedia":[{"embeddable":true,"href":"https:\/\/stage3.rnv.gob.ve\/wp\/wp-json\/"}],"wp:attachment":[{"href":"https:\/\/stage3.rnv.gob.ve\/wp\/wp-json\/wp\/v2\/media?parent=113727"}],"wp:term":[{"taxonomy":"category","embeddable":true,"href":"https:\/\/stage3.rnv.gob.ve\/wp\/wp-json\/wp\/v2\/categories?post=113727"},{"taxonomy":"post_tag","embeddable":true,"href":"https:\/\/stage3.rnv.gob.ve\/wp\/wp-json\/wp\/v2\/tags?post=113727"}],"curies":[{"name":"wp","href":"https:\/\/api.w.org\/{rel}","templated":true}]}}