{"id":113725,"date":"2017-02-11T17:47:12","date_gmt":"2017-02-11T21:47:12","guid":{"rendered":"http:\/\/wpeditor.rnv.gob.ve\/?p=113725"},"modified":"2017-02-11T17:47:12","modified_gmt":"2017-02-11T21:47:12","slug":"ministerio-de-cultura-y-pdvsa-refuerzan-acciones-de-salvaguarda-al-patrimonio-cultural","status":"publish","type":"post","link":"https:\/\/stage3.rnv.gob.ve\/wp\/ministerio-de-cultura-y-pdvsa-refuerzan-acciones-de-salvaguarda-al-patrimonio-cultural\/","title":{"rendered":"Ministerio de Cultura y Pdvsa refuerzan acciones de salvaguarda al patrimonio cultural"},"content":{"rendered":"<figure id=\"attachment_62721\" aria-describedby=\"caption-attachment-62721\" style=\"width: 300px\" class=\"wp-caption alignleft\"><img fetchpriority=\"high\" decoding=\"async\" class=\"wp-image-62721 size-medium\" src=\"http:\/\/wpeditor.rnv.gob.ve\/app\/uploads\/2016\/08\/adanchavez-300x225.jpg\" width=\"300\" height=\"225\" \/><figcaption id=\"caption-attachment-62721\" class=\"wp-caption-text\">Foto: Archivo<\/figcaption><\/figure>\n<p style=\"text-align: justify;\">El ministro para la Cultura, Ad\u00e1n Ch\u00e1vez, destac\u00f3 el fortalecimiento de los acuerdos que mantiene el despacho cultural con Petr\u00f3leos de Venezuela (Pdvsa) durante una visita que realiz\u00f3 este viernes en su sede en La Estancia para salvaguardar el patrimonio cultural del pa\u00eds.<\/p>\n<p style=\"text-align: justify;\">Durante su visita realiz\u00f3 un recorrido por la muestra De la Navidad a La Candelaria, que se expone en la Sala La Trilla de La Estancia, rese\u00f1a una nota de prensa del Ministerio para la Cultura.<\/p>\n<p style=\"text-align: justify;\">\u00abEl convenio que nos ha permitido tambi\u00e9n y hay que agradecerlo, a trav\u00e9s de Pdvsa La Estancia, recibir un gran apoyo t\u00e9cnico, formaci\u00f3n de todo el personal necesario, sobre todo lo que ha sido los reconocimientos a todas estas manifestaciones venezolanas que son ya Patrimonio Cultural\u00bb, subray\u00f3.<\/p>\n<p style=\"text-align: justify;\">La exposici\u00f3n De la Navidad a La Candelaria, muestra disfraces, m\u00e1scaras y fotograf\u00edas aleg\u00f3ricas a las fiestas del carnaval, en sus distintas expresiones en diferentes regiones venezolanas; esta muestra tambi\u00e9n se expondr\u00e1 posteriormente en la sede de Pdvsa La Estancia en Maracaibo, estado Zulia.<\/p>\n<p style=\"text-align: justify;\">\u00abTodos los artefactos y fotograf\u00edas que est\u00e1n en la exposici\u00f3n forman parte de las colecciones del Centro de la Diversidad Cultural, que dirige Benito Irady. Esas exposiciones las vamos a seguir manteniendo aqu\u00ed en Pdvsa La Estancia y en otros lugares del pa\u00eds, y fundamentalmente sobre la base de este convenio\u00bb, agreg\u00f3.<\/p>\n<p style=\"text-align: justify;\">Asimismo anunci\u00f3 que en los pr\u00f3ximos meses se expondr\u00e1 en el Museo de Los Llanos, en Barinas, una muestra sobre el Masparro, un barco a vapor usado por Pedro P\u00e9rez Delgado, \u00abMaisanta\u00bb (bisabuelo del Comandante Hugo Ch\u00e1vez), en su rebeli\u00f3n contra el dictador Juan Vicente G\u00f3mez.<\/p>\n<p><strong>T\/AVN<\/strong><\/p>\n","protected":false},"excerpt":{"rendered":"<p>El ministro para la Cultura, Ad\u00e1n Ch\u00e1vez, destac\u00f3 el fortalecimiento de los acuerdos que mantiene el despacho cultural con Petr\u00f3leos de Venezuela (Pdvsa) durante una visita que realiz\u00f3 este viernes en su sede en La Estancia para salvaguardar el patrimonio cultural del pa\u00eds. Durante su visita realiz\u00f3 un recorrido por la muestra De la Navidad [&hellip;]<\/p>\n","protected":false},"author":1,"featured_media":62721,"comment_status":"closed","ping_status":"open","sticky":false,"template":"","format":"standard","meta":{"_acf_changed":false,"footnotes":""},"categories":[55],"tags":[3781,12201],"class_list":["post-113725","post","type-post","status-publish","format-standard","has-post-thumbnail","hentry","category-cultura","tag-adan-chavez","tag-patromonio-cultural"],"acf":[],"yoast_head":"<!-- This site is optimized with the Yoast SEO plugin v27.4 - https:\/\/yoast.com\/product\/yoast-seo-wordpress\/ -->\n<title>Ministerio de Cultura y Pdvsa refuerzan acciones de salvaguarda al patrimonio cultural - DEV RNV<\/title>\n<meta name=\"robots\" content=\"noindex, follow, max-snippet:-1, max-image-preview:large, max-video-preview:-1\" \/>\n<meta property=\"og:locale\" content=\"es_ES\" \/>\n<meta property=\"og:type\" content=\"article\" \/>\n<meta property=\"og:title\" content=\"Ministerio de Cultura y Pdvsa refuerzan acciones de salvaguarda al patrimonio cultural - DEV RNV\" \/>\n<meta property=\"og:description\" content=\"El ministro para la Cultura, Ad\u00e1n Ch\u00e1vez, destac\u00f3 el fortalecimiento de los acuerdos que mantiene el despacho cultural con Petr\u00f3leos de Venezuela (Pdvsa) durante una visita que realiz\u00f3 este viernes en su sede en La Estancia para salvaguardar el patrimonio cultural del pa\u00eds. Durante su visita realiz\u00f3 un recorrido por la muestra De la Navidad [&hellip;]\" \/>\n<meta property=\"og:url\" content=\"https:\/\/stage3.rnv.gob.ve\/wp\/ministerio-de-cultura-y-pdvsa-refuerzan-acciones-de-salvaguarda-al-patrimonio-cultural\/\" \/>\n<meta property=\"og:site_name\" content=\"DEV RNV\" \/>\n<meta property=\"article:publisher\" content=\"https:\/\/www.facebook.com\/RadioNacionaldeVenezuela\" \/>\n<meta property=\"article:published_time\" content=\"2017-02-11T21:47:12+00:00\" \/>\n<meta name=\"author\" content=\"administrador\" \/>\n<meta name=\"twitter:card\" content=\"summary_large_image\" \/>\n<meta name=\"twitter:creator\" content=\"@RNVinformativa\" \/>\n<meta name=\"twitter:site\" content=\"@RNVinformativa\" \/>\n<meta name=\"twitter:label1\" content=\"Escrito por\" \/>\n\t<meta name=\"twitter:data1\" content=\"administrador\" \/>\n\t<meta name=\"twitter:label2\" content=\"Tiempo estimado de lectura\" \/>\n\t<meta name=\"twitter:data2\" content=\"2 minutos\" \/>\n<script type=\"application\/ld+json\" class=\"yoast-schema-graph\">{\"@context\":\"https:\\\/\\\/schema.org\",\"@graph\":[{\"@type\":\"Article\",\"@id\":\"https:\\\/\\\/stage3.rnv.gob.ve\\\/wp\\\/ministerio-de-cultura-y-pdvsa-refuerzan-acciones-de-salvaguarda-al-patrimonio-cultural\\\/#article\",\"isPartOf\":{\"@id\":\"https:\\\/\\\/stage3.rnv.gob.ve\\\/wp\\\/ministerio-de-cultura-y-pdvsa-refuerzan-acciones-de-salvaguarda-al-patrimonio-cultural\\\/\"},\"author\":{\"name\":\"administrador\",\"@id\":\"https:\\\/\\\/stage3.rnv.gob.ve\\\/wp\\\/#\\\/schema\\\/person\\\/0862ce8cde332e0bc63b8a243f0eea2c\"},\"headline\":\"Ministerio de Cultura y Pdvsa refuerzan acciones de salvaguarda al patrimonio cultural\",\"datePublished\":\"2017-02-11T21:47:12+00:00\",\"mainEntityOfPage\":{\"@id\":\"https:\\\/\\\/stage3.rnv.gob.ve\\\/wp\\\/ministerio-de-cultura-y-pdvsa-refuerzan-acciones-de-salvaguarda-al-patrimonio-cultural\\\/\"},\"wordCount\":314,\"publisher\":{\"@id\":\"https:\\\/\\\/stage3.rnv.gob.ve\\\/wp\\\/#organization\"},\"image\":{\"@id\":\"https:\\\/\\\/stage3.rnv.gob.ve\\\/wp\\\/ministerio-de-cultura-y-pdvsa-refuerzan-acciones-de-salvaguarda-al-patrimonio-cultural\\\/#primaryimage\"},\"thumbnailUrl\":\"\",\"keywords\":[\"Ad\u00e1n Ch\u00e1vez\",\"patromonio cultural\"],\"articleSection\":[\"Cultura\"],\"inLanguage\":\"es\"},{\"@type\":\"WebPage\",\"@id\":\"https:\\\/\\\/stage3.rnv.gob.ve\\\/wp\\\/ministerio-de-cultura-y-pdvsa-refuerzan-acciones-de-salvaguarda-al-patrimonio-cultural\\\/\",\"url\":\"https:\\\/\\\/stage3.rnv.gob.ve\\\/wp\\\/ministerio-de-cultura-y-pdvsa-refuerzan-acciones-de-salvaguarda-al-patrimonio-cultural\\\/\",\"name\":\"Ministerio de Cultura y Pdvsa refuerzan acciones de salvaguarda al patrimonio cultural - DEV RNV\",\"isPartOf\":{\"@id\":\"https:\\\/\\\/stage3.rnv.gob.ve\\\/wp\\\/#website\"},\"primaryImageOfPage\":{\"@id\":\"https:\\\/\\\/stage3.rnv.gob.ve\\\/wp\\\/ministerio-de-cultura-y-pdvsa-refuerzan-acciones-de-salvaguarda-al-patrimonio-cultural\\\/#primaryimage\"},\"image\":{\"@id\":\"https:\\\/\\\/stage3.rnv.gob.ve\\\/wp\\\/ministerio-de-cultura-y-pdvsa-refuerzan-acciones-de-salvaguarda-al-patrimonio-cultural\\\/#primaryimage\"},\"thumbnailUrl\":\"\",\"datePublished\":\"2017-02-11T21:47:12+00:00\",\"breadcrumb\":{\"@id\":\"https:\\\/\\\/stage3.rnv.gob.ve\\\/wp\\\/ministerio-de-cultura-y-pdvsa-refuerzan-acciones-de-salvaguarda-al-patrimonio-cultural\\\/#breadcrumb\"},\"inLanguage\":\"es\",\"potentialAction\":[{\"@type\":\"ReadAction\",\"target\":[\"https:\\\/\\\/stage3.rnv.gob.ve\\\/wp\\\/ministerio-de-cultura-y-pdvsa-refuerzan-acciones-de-salvaguarda-al-patrimonio-cultural\\\/\"]}]},{\"@type\":\"ImageObject\",\"inLanguage\":\"es\",\"@id\":\"https:\\\/\\\/stage3.rnv.gob.ve\\\/wp\\\/ministerio-de-cultura-y-pdvsa-refuerzan-acciones-de-salvaguarda-al-patrimonio-cultural\\\/#primaryimage\",\"url\":\"\",\"contentUrl\":\"\"},{\"@type\":\"BreadcrumbList\",\"@id\":\"https:\\\/\\\/stage3.rnv.gob.ve\\\/wp\\\/ministerio-de-cultura-y-pdvsa-refuerzan-acciones-de-salvaguarda-al-patrimonio-cultural\\\/#breadcrumb\",\"itemListElement\":[{\"@type\":\"ListItem\",\"position\":1,\"name\":\"Portada\",\"item\":\"https:\\\/\\\/stage3.rnv.gob.ve\\\/wp\\\/\"},{\"@type\":\"ListItem\",\"position\":2,\"name\":\"Ministerio De Cultura Y Pdvsa Refuerzan Acciones De Salvaguarda Al Patrimonio Cultural\"}]},{\"@type\":\"WebSite\",\"@id\":\"https:\\\/\\\/stage3.rnv.gob.ve\\\/wp\\\/#website\",\"url\":\"https:\\\/\\\/stage3.rnv.gob.ve\\\/wp\\\/\",\"name\":\"DEV RNV\",\"description\":\"Radio Nacional de Venezuela C.A.\",\"publisher\":{\"@id\":\"https:\\\/\\\/stage3.rnv.gob.ve\\\/wp\\\/#organization\"},\"potentialAction\":[{\"@type\":\"SearchAction\",\"target\":{\"@type\":\"EntryPoint\",\"urlTemplate\":\"https:\\\/\\\/stage3.rnv.gob.ve\\\/wp\\\/?s={search_term_string}\"},\"query-input\":{\"@type\":\"PropertyValueSpecification\",\"valueRequired\":true,\"valueName\":\"search_term_string\"}}],\"inLanguage\":\"es\"},{\"@type\":\"Organization\",\"@id\":\"https:\\\/\\\/stage3.rnv.gob.ve\\\/wp\\\/#organization\",\"name\":\"Radio Nacional de Venezuela C.A.\",\"url\":\"https:\\\/\\\/stage3.rnv.gob.ve\\\/wp\\\/\",\"logo\":{\"@type\":\"ImageObject\",\"inLanguage\":\"es\",\"@id\":\"https:\\\/\\\/stage3.rnv.gob.ve\\\/wp\\\/#\\\/schema\\\/logo\\\/image\\\/\",\"url\":\"http:\\\/\\\/rnv.ddns.net\\\/prensa\\\/wp-content\\\/uploads\\\/2022\\\/04\\\/rnv-1-300x227-1.jpg\",\"contentUrl\":\"http:\\\/\\\/rnv.ddns.net\\\/prensa\\\/wp-content\\\/uploads\\\/2022\\\/04\\\/rnv-1-300x227-1.jpg\",\"width\":800,\"height\":455,\"caption\":\"Radio Nacional de Venezuela C.A.\"},\"image\":{\"@id\":\"https:\\\/\\\/stage3.rnv.gob.ve\\\/wp\\\/#\\\/schema\\\/logo\\\/image\\\/\"},\"sameAs\":[\"https:\\\/\\\/www.facebook.com\\\/RadioNacionaldeVenezuela\",\"https:\\\/\\\/x.com\\\/RNVinformativa\",\"https:\\\/\\\/www.instagram.com\\\/rnvinformativa\\\/\",\"https:\\\/\\\/www.youtube.com\\\/user\\\/RNVContigo\"]},{\"@type\":\"Person\",\"@id\":\"https:\\\/\\\/stage3.rnv.gob.ve\\\/wp\\\/#\\\/schema\\\/person\\\/0862ce8cde332e0bc63b8a243f0eea2c\",\"name\":\"administrador\",\"sameAs\":[\"http:\\\/\\\/arnoldoeloy.net\"],\"url\":\"https:\\\/\\\/stage3.rnv.gob.ve\\\/wp\\\/author\\\/administrador\\\/\"}]}<\/script>\n<!-- \/ Yoast SEO plugin. -->","yoast_head_json":{"title":"Ministerio de Cultura y Pdvsa refuerzan acciones de salvaguarda al patrimonio cultural - DEV RNV","robots":{"index":"noindex","follow":"follow","max-snippet":"max-snippet:-1","max-image-preview":"max-image-preview:large","max-video-preview":"max-video-preview:-1"},"og_locale":"es_ES","og_type":"article","og_title":"Ministerio de Cultura y Pdvsa refuerzan acciones de salvaguarda al patrimonio cultural - DEV RNV","og_description":"El ministro para la Cultura, Ad\u00e1n Ch\u00e1vez, destac\u00f3 el fortalecimiento de los acuerdos que mantiene el despacho cultural con Petr\u00f3leos de Venezuela (Pdvsa) durante una visita que realiz\u00f3 este viernes en su sede en La Estancia para salvaguardar el patrimonio cultural del pa\u00eds. Durante su visita realiz\u00f3 un recorrido por la muestra De la Navidad [&hellip;]","og_url":"https:\/\/stage3.rnv.gob.ve\/wp\/ministerio-de-cultura-y-pdvsa-refuerzan-acciones-de-salvaguarda-al-patrimonio-cultural\/","og_site_name":"DEV RNV","article_publisher":"https:\/\/www.facebook.com\/RadioNacionaldeVenezuela","article_published_time":"2017-02-11T21:47:12+00:00","author":"administrador","twitter_card":"summary_large_image","twitter_creator":"@RNVinformativa","twitter_site":"@RNVinformativa","twitter_misc":{"Escrito por":"administrador","Tiempo estimado de lectura":"2 minutos"},"schema":{"@context":"https:\/\/schema.org","@graph":[{"@type":"Article","@id":"https:\/\/stage3.rnv.gob.ve\/wp\/ministerio-de-cultura-y-pdvsa-refuerzan-acciones-de-salvaguarda-al-patrimonio-cultural\/#article","isPartOf":{"@id":"https:\/\/stage3.rnv.gob.ve\/wp\/ministerio-de-cultura-y-pdvsa-refuerzan-acciones-de-salvaguarda-al-patrimonio-cultural\/"},"author":{"name":"administrador","@id":"https:\/\/stage3.rnv.gob.ve\/wp\/#\/schema\/person\/0862ce8cde332e0bc63b8a243f0eea2c"},"headline":"Ministerio de Cultura y Pdvsa refuerzan acciones de salvaguarda al patrimonio cultural","datePublished":"2017-02-11T21:47:12+00:00","mainEntityOfPage":{"@id":"https:\/\/stage3.rnv.gob.ve\/wp\/ministerio-de-cultura-y-pdvsa-refuerzan-acciones-de-salvaguarda-al-patrimonio-cultural\/"},"wordCount":314,"publisher":{"@id":"https:\/\/stage3.rnv.gob.ve\/wp\/#organization"},"image":{"@id":"https:\/\/stage3.rnv.gob.ve\/wp\/ministerio-de-cultura-y-pdvsa-refuerzan-acciones-de-salvaguarda-al-patrimonio-cultural\/#primaryimage"},"thumbnailUrl":"","keywords":["Ad\u00e1n Ch\u00e1vez","patromonio cultural"],"articleSection":["Cultura"],"inLanguage":"es"},{"@type":"WebPage","@id":"https:\/\/stage3.rnv.gob.ve\/wp\/ministerio-de-cultura-y-pdvsa-refuerzan-acciones-de-salvaguarda-al-patrimonio-cultural\/","url":"https:\/\/stage3.rnv.gob.ve\/wp\/ministerio-de-cultura-y-pdvsa-refuerzan-acciones-de-salvaguarda-al-patrimonio-cultural\/","name":"Ministerio de Cultura y Pdvsa refuerzan acciones de salvaguarda al patrimonio cultural - DEV RNV","isPartOf":{"@id":"https:\/\/stage3.rnv.gob.ve\/wp\/#website"},"primaryImageOfPage":{"@id":"https:\/\/stage3.rnv.gob.ve\/wp\/ministerio-de-cultura-y-pdvsa-refuerzan-acciones-de-salvaguarda-al-patrimonio-cultural\/#primaryimage"},"image":{"@id":"https:\/\/stage3.rnv.gob.ve\/wp\/ministerio-de-cultura-y-pdvsa-refuerzan-acciones-de-salvaguarda-al-patrimonio-cultural\/#primaryimage"},"thumbnailUrl":"","datePublished":"2017-02-11T21:47:12+00:00","breadcrumb":{"@id":"https:\/\/stage3.rnv.gob.ve\/wp\/ministerio-de-cultura-y-pdvsa-refuerzan-acciones-de-salvaguarda-al-patrimonio-cultural\/#breadcrumb"},"inLanguage":"es","potentialAction":[{"@type":"ReadAction","target":["https:\/\/stage3.rnv.gob.ve\/wp\/ministerio-de-cultura-y-pdvsa-refuerzan-acciones-de-salvaguarda-al-patrimonio-cultural\/"]}]},{"@type":"ImageObject","inLanguage":"es","@id":"https:\/\/stage3.rnv.gob.ve\/wp\/ministerio-de-cultura-y-pdvsa-refuerzan-acciones-de-salvaguarda-al-patrimonio-cultural\/#primaryimage","url":"","contentUrl":""},{"@type":"BreadcrumbList","@id":"https:\/\/stage3.rnv.gob.ve\/wp\/ministerio-de-cultura-y-pdvsa-refuerzan-acciones-de-salvaguarda-al-patrimonio-cultural\/#breadcrumb","itemListElement":[{"@type":"ListItem","position":1,"name":"Portada","item":"https:\/\/stage3.rnv.gob.ve\/wp\/"},{"@type":"ListItem","position":2,"name":"Ministerio De Cultura Y Pdvsa Refuerzan Acciones De Salvaguarda Al Patrimonio Cultural"}]},{"@type":"WebSite","@id":"https:\/\/stage3.rnv.gob.ve\/wp\/#website","url":"https:\/\/stage3.rnv.gob.ve\/wp\/","name":"DEV RNV","description":"Radio Nacional de Venezuela C.A.","publisher":{"@id":"https:\/\/stage3.rnv.gob.ve\/wp\/#organization"},"potentialAction":[{"@type":"SearchAction","target":{"@type":"EntryPoint","urlTemplate":"https:\/\/stage3.rnv.gob.ve\/wp\/?s={search_term_string}"},"query-input":{"@type":"PropertyValueSpecification","valueRequired":true,"valueName":"search_term_string"}}],"inLanguage":"es"},{"@type":"Organization","@id":"https:\/\/stage3.rnv.gob.ve\/wp\/#organization","name":"Radio Nacional de Venezuela C.A.","url":"https:\/\/stage3.rnv.gob.ve\/wp\/","logo":{"@type":"ImageObject","inLanguage":"es","@id":"https:\/\/stage3.rnv.gob.ve\/wp\/#\/schema\/logo\/image\/","url":"http:\/\/rnv.ddns.net\/prensa\/wp-content\/uploads\/2022\/04\/rnv-1-300x227-1.jpg","contentUrl":"http:\/\/rnv.ddns.net\/prensa\/wp-content\/uploads\/2022\/04\/rnv-1-300x227-1.jpg","width":800,"height":455,"caption":"Radio Nacional de Venezuela C.A."},"image":{"@id":"https:\/\/stage3.rnv.gob.ve\/wp\/#\/schema\/logo\/image\/"},"sameAs":["https:\/\/www.facebook.com\/RadioNacionaldeVenezuela","https:\/\/x.com\/RNVinformativa","https:\/\/www.instagram.com\/rnvinformativa\/","https:\/\/www.youtube.com\/user\/RNVContigo"]},{"@type":"Person","@id":"https:\/\/stage3.rnv.gob.ve\/wp\/#\/schema\/person\/0862ce8cde332e0bc63b8a243f0eea2c","name":"administrador","sameAs":["http:\/\/arnoldoeloy.net"],"url":"https:\/\/stage3.rnv.gob.ve\/wp\/author\/administrador\/"}]}},"jetpack_featured_media_url":"","_links":{"self":[{"href":"https:\/\/stage3.rnv.gob.ve\/wp\/wp-json\/wp\/v2\/posts\/113725","targetHints":{"allow":["GET"]}}],"collection":[{"href":"https:\/\/stage3.rnv.gob.ve\/wp\/wp-json\/wp\/v2\/posts"}],"about":[{"href":"https:\/\/stage3.rnv.gob.ve\/wp\/wp-json\/wp\/v2\/types\/post"}],"author":[{"embeddable":true,"href":"https:\/\/stage3.rnv.gob.ve\/wp\/wp-json\/wp\/v2\/users\/1"}],"replies":[{"embeddable":true,"href":"https:\/\/stage3.rnv.gob.ve\/wp\/wp-json\/wp\/v2\/comments?post=113725"}],"version-history":[{"count":0,"href":"https:\/\/stage3.rnv.gob.ve\/wp\/wp-json\/wp\/v2\/posts\/113725\/revisions"}],"wp:featuredmedia":[{"embeddable":true,"href":"https:\/\/stage3.rnv.gob.ve\/wp\/wp-json\/"}],"wp:attachment":[{"href":"https:\/\/stage3.rnv.gob.ve\/wp\/wp-json\/wp\/v2\/media?parent=113725"}],"wp:term":[{"taxonomy":"category","embeddable":true,"href":"https:\/\/stage3.rnv.gob.ve\/wp\/wp-json\/wp\/v2\/categories?post=113725"},{"taxonomy":"post_tag","embeddable":true,"href":"https:\/\/stage3.rnv.gob.ve\/wp\/wp-json\/wp\/v2\/tags?post=113725"}],"curies":[{"name":"wp","href":"https:\/\/api.w.org\/{rel}","templated":true}]}}