{"id":111253,"date":"2017-02-04T19:15:32","date_gmt":"2017-02-04T23:15:32","guid":{"rendered":"http:\/\/wpeditor.rnv.gob.ve\/?p=111253"},"modified":"2017-02-04T19:15:32","modified_gmt":"2017-02-04T23:15:32","slug":"inician-en-yaritagua-rehabilitacion-de-ambulatorio-gaetano-matarozzo","status":"publish","type":"post","link":"https:\/\/stage3.rnv.gob.ve\/wp\/inician-en-yaritagua-rehabilitacion-de-ambulatorio-gaetano-matarozzo\/","title":{"rendered":"Inician en Yaritagua rehabilitaci\u00f3n de ambulatorio Gaetano Matarozzo"},"content":{"rendered":"\n<p style=\"text-align: justify;\">Con una inversi\u00f3n superior a los 110 millones de bol\u00edvares, se inici\u00f3 la rehabilitaci\u00f3n integral del ambulatorio Gaetano Matarozzo del municipio Pe\u00f1a,\u00a0 el cual\u00a0 contempla el acondicionamiento, ampliaci\u00f3n de los espacios y\u00a0 la inclusi\u00f3n de nuevas \u00e1reas m\u00e9dicas.<\/p>\n<p style=\"text-align: justify;\">As\u00ed lo inform\u00f3 el gobernador del estado Yaracuy, Julio Le\u00f3n, al tiempo que manifest\u00f3 que esto es un requerimiento del pueblo yaritague\u00f1o formulado durante el primer gobierno de calle de este a\u00f1o.<\/p>\n<p style=\"text-align: justify;\">\u201cEstamos rehabilitando la planta f\u00edsica del ambulatorio, con la incorporaci\u00f3n de dos nuevas \u00e1reas m\u00e9dicas; observaci\u00f3n y pediatr\u00eda, la ampliaci\u00f3n de la emergencia con de siete nuevas camas, la dotaci\u00f3n de 32 aires acondicionados; adem\u00e1s de una sala de curas, nebulizaci\u00f3n y la inclusi\u00f3n de consultas en traumatolog\u00eda \u201c, detall\u00f3 el primer mandatario regional.<\/p>\n<p style=\"text-align: justify;\">La obra que prev\u00e9 estar lista a finales del primer semestre del a\u00f1o, ser\u00e1 ejecutada a trav\u00e9s de la secretaria de Infraestructura y contempla trabajos de desmalezamiento, cambio de techo y ampliaci\u00f3n de los espacios ; la misma est\u00e1 dise\u00f1ada para prestar servicios las 24 horas al d\u00eda y \u00a0contar\u00e1 con, equipos\u00a0 de calidad y m\u00e9dicos especialistas.<\/p>\n<p style=\"text-align: justify;\"><strong>Dotaci\u00f3n de insumos<\/strong><\/p>\n<p style=\"text-align: justify;\">\u00a0Con una inversi\u00f3n superior a los 8 millones de bol\u00edvares el mantadatario regional doto de equipos m\u00e9dicos a 51 consultorio que conforman la red ambulatoria comunal de la jurisdicci\u00f3n.<\/p>\n<p style=\"text-align: justify;\">\u201cComprometidos con la salud y bienestar del pueblo, hoy estamos haciendo entrega de 51 tensi\u00f3metros manuales, 2 de pedestal 3 peso tallimetro y 26 nebulizadores para seguir garantizando el derecho a la salud\u201d<\/p>\n<p style=\"text-align: justify;\">Finalmente, el gobernador anuncio que entre las pr\u00f3ximas obras a inaugurarse este a\u00f1o en Yaracuy destaca las nuevas emergencias del hospital Dr. Placido Daniel Rivero de san Felipe, el \u00e1rea de traumashok de Nirgua y las nuevas emergencias del hospital Rafael Rangel en Pe\u00f1a y entre los proyectos de gran envergadura est\u00e1n trabajando en la culminaci\u00f3n en una primera etapa del hospital de la mujer de San Felipe y el Hospital del Seguro Social.<\/p>\n<p style=\"text-align: justify;\">T\/Prensa Yaracuy<\/p>\n","protected":false},"excerpt":{"rendered":"<p>Con una inversi\u00f3n superior a los 110 millones de bol\u00edvares, se inici\u00f3 la rehabilitaci\u00f3n integral del ambulatorio Gaetano Matarozzo del municipio Pe\u00f1a,\u00a0 el cual\u00a0 contempla el acondicionamiento, ampliaci\u00f3n de los espacios y\u00a0 la inclusi\u00f3n de nuevas \u00e1reas m\u00e9dicas. As\u00ed lo inform\u00f3 el gobernador del estado Yaracuy, Julio Le\u00f3n, al tiempo que manifest\u00f3 que esto es [&hellip;]<\/p>\n","protected":false},"author":1,"featured_media":111259,"comment_status":"closed","ping_status":"open","sticky":false,"template":"","format":"standard","meta":{"_acf_changed":false,"footnotes":""},"categories":[69,70],"tags":[11953,10647,1175],"class_list":["post-111253","post","type-post","status-publish","format-standard","has-post-thumbnail","hentry","category-regional","category-salud","tag-ambulatorio-gaetano-matarozzo","tag-gobierno-de-yaracuy","tag-yaracuy"],"acf":[],"yoast_head":"<!-- This site is optimized with the Yoast SEO plugin v27.4 - https:\/\/yoast.com\/product\/yoast-seo-wordpress\/ -->\n<title>Inician en Yaritagua rehabilitaci\u00f3n de ambulatorio Gaetano Matarozzo - DEV RNV<\/title>\n<meta name=\"robots\" content=\"noindex, follow, max-snippet:-1, max-image-preview:large, max-video-preview:-1\" \/>\n<meta property=\"og:locale\" content=\"es_ES\" \/>\n<meta property=\"og:type\" content=\"article\" \/>\n<meta property=\"og:title\" content=\"Inician en Yaritagua rehabilitaci\u00f3n de ambulatorio Gaetano Matarozzo - DEV RNV\" \/>\n<meta property=\"og:description\" content=\"Con una inversi\u00f3n superior a los 110 millones de bol\u00edvares, se inici\u00f3 la rehabilitaci\u00f3n integral del ambulatorio Gaetano Matarozzo del municipio Pe\u00f1a,\u00a0 el cual\u00a0 contempla el acondicionamiento, ampliaci\u00f3n de los espacios y\u00a0 la inclusi\u00f3n de nuevas \u00e1reas m\u00e9dicas. As\u00ed lo inform\u00f3 el gobernador del estado Yaracuy, Julio Le\u00f3n, al tiempo que manifest\u00f3 que esto es [&hellip;]\" \/>\n<meta property=\"og:url\" content=\"https:\/\/stage3.rnv.gob.ve\/wp\/inician-en-yaritagua-rehabilitacion-de-ambulatorio-gaetano-matarozzo\/\" \/>\n<meta property=\"og:site_name\" content=\"DEV RNV\" \/>\n<meta property=\"article:publisher\" content=\"https:\/\/www.facebook.com\/RadioNacionaldeVenezuela\" \/>\n<meta property=\"article:published_time\" content=\"2017-02-04T23:15:32+00:00\" \/>\n<meta name=\"author\" content=\"administrador\" \/>\n<meta name=\"twitter:card\" content=\"summary_large_image\" \/>\n<meta name=\"twitter:creator\" content=\"@RNVinformativa\" \/>\n<meta name=\"twitter:site\" content=\"@RNVinformativa\" \/>\n<meta name=\"twitter:label1\" content=\"Escrito por\" \/>\n\t<meta name=\"twitter:data1\" content=\"administrador\" \/>\n\t<meta name=\"twitter:label2\" content=\"Tiempo estimado de lectura\" \/>\n\t<meta name=\"twitter:data2\" content=\"2 minutos\" \/>\n<script type=\"application\/ld+json\" class=\"yoast-schema-graph\">{\"@context\":\"https:\\\/\\\/schema.org\",\"@graph\":[{\"@type\":\"Article\",\"@id\":\"https:\\\/\\\/stage3.rnv.gob.ve\\\/wp\\\/inician-en-yaritagua-rehabilitacion-de-ambulatorio-gaetano-matarozzo\\\/#article\",\"isPartOf\":{\"@id\":\"https:\\\/\\\/stage3.rnv.gob.ve\\\/wp\\\/inician-en-yaritagua-rehabilitacion-de-ambulatorio-gaetano-matarozzo\\\/\"},\"author\":{\"name\":\"administrador\",\"@id\":\"https:\\\/\\\/stage3.rnv.gob.ve\\\/wp\\\/#\\\/schema\\\/person\\\/0862ce8cde332e0bc63b8a243f0eea2c\"},\"headline\":\"Inician en Yaritagua rehabilitaci\u00f3n de ambulatorio Gaetano Matarozzo\",\"datePublished\":\"2017-02-04T23:15:32+00:00\",\"mainEntityOfPage\":{\"@id\":\"https:\\\/\\\/stage3.rnv.gob.ve\\\/wp\\\/inician-en-yaritagua-rehabilitacion-de-ambulatorio-gaetano-matarozzo\\\/\"},\"wordCount\":363,\"publisher\":{\"@id\":\"https:\\\/\\\/stage3.rnv.gob.ve\\\/wp\\\/#organization\"},\"image\":{\"@id\":\"https:\\\/\\\/stage3.rnv.gob.ve\\\/wp\\\/inician-en-yaritagua-rehabilitacion-de-ambulatorio-gaetano-matarozzo\\\/#primaryimage\"},\"thumbnailUrl\":\"\",\"keywords\":[\"ambulatorio Gaetano Matarozzo\",\"gobierno de yaracuy\",\"yaracuy\"],\"articleSection\":[\"Regional\",\"Salud\"],\"inLanguage\":\"es\"},{\"@type\":\"WebPage\",\"@id\":\"https:\\\/\\\/stage3.rnv.gob.ve\\\/wp\\\/inician-en-yaritagua-rehabilitacion-de-ambulatorio-gaetano-matarozzo\\\/\",\"url\":\"https:\\\/\\\/stage3.rnv.gob.ve\\\/wp\\\/inician-en-yaritagua-rehabilitacion-de-ambulatorio-gaetano-matarozzo\\\/\",\"name\":\"Inician en Yaritagua rehabilitaci\u00f3n de ambulatorio Gaetano Matarozzo - DEV RNV\",\"isPartOf\":{\"@id\":\"https:\\\/\\\/stage3.rnv.gob.ve\\\/wp\\\/#website\"},\"primaryImageOfPage\":{\"@id\":\"https:\\\/\\\/stage3.rnv.gob.ve\\\/wp\\\/inician-en-yaritagua-rehabilitacion-de-ambulatorio-gaetano-matarozzo\\\/#primaryimage\"},\"image\":{\"@id\":\"https:\\\/\\\/stage3.rnv.gob.ve\\\/wp\\\/inician-en-yaritagua-rehabilitacion-de-ambulatorio-gaetano-matarozzo\\\/#primaryimage\"},\"thumbnailUrl\":\"\",\"datePublished\":\"2017-02-04T23:15:32+00:00\",\"breadcrumb\":{\"@id\":\"https:\\\/\\\/stage3.rnv.gob.ve\\\/wp\\\/inician-en-yaritagua-rehabilitacion-de-ambulatorio-gaetano-matarozzo\\\/#breadcrumb\"},\"inLanguage\":\"es\",\"potentialAction\":[{\"@type\":\"ReadAction\",\"target\":[\"https:\\\/\\\/stage3.rnv.gob.ve\\\/wp\\\/inician-en-yaritagua-rehabilitacion-de-ambulatorio-gaetano-matarozzo\\\/\"]}]},{\"@type\":\"ImageObject\",\"inLanguage\":\"es\",\"@id\":\"https:\\\/\\\/stage3.rnv.gob.ve\\\/wp\\\/inician-en-yaritagua-rehabilitacion-de-ambulatorio-gaetano-matarozzo\\\/#primaryimage\",\"url\":\"\",\"contentUrl\":\"\"},{\"@type\":\"BreadcrumbList\",\"@id\":\"https:\\\/\\\/stage3.rnv.gob.ve\\\/wp\\\/inician-en-yaritagua-rehabilitacion-de-ambulatorio-gaetano-matarozzo\\\/#breadcrumb\",\"itemListElement\":[{\"@type\":\"ListItem\",\"position\":1,\"name\":\"Portada\",\"item\":\"https:\\\/\\\/stage3.rnv.gob.ve\\\/wp\\\/\"},{\"@type\":\"ListItem\",\"position\":2,\"name\":\"Inician En Yaritagua Rehabilitaci\u00f3n De Ambulatorio Gaetano Matarozzo\"}]},{\"@type\":\"WebSite\",\"@id\":\"https:\\\/\\\/stage3.rnv.gob.ve\\\/wp\\\/#website\",\"url\":\"https:\\\/\\\/stage3.rnv.gob.ve\\\/wp\\\/\",\"name\":\"DEV RNV\",\"description\":\"Radio Nacional de Venezuela C.A.\",\"publisher\":{\"@id\":\"https:\\\/\\\/stage3.rnv.gob.ve\\\/wp\\\/#organization\"},\"potentialAction\":[{\"@type\":\"SearchAction\",\"target\":{\"@type\":\"EntryPoint\",\"urlTemplate\":\"https:\\\/\\\/stage3.rnv.gob.ve\\\/wp\\\/?s={search_term_string}\"},\"query-input\":{\"@type\":\"PropertyValueSpecification\",\"valueRequired\":true,\"valueName\":\"search_term_string\"}}],\"inLanguage\":\"es\"},{\"@type\":\"Organization\",\"@id\":\"https:\\\/\\\/stage3.rnv.gob.ve\\\/wp\\\/#organization\",\"name\":\"Radio Nacional de Venezuela C.A.\",\"url\":\"https:\\\/\\\/stage3.rnv.gob.ve\\\/wp\\\/\",\"logo\":{\"@type\":\"ImageObject\",\"inLanguage\":\"es\",\"@id\":\"https:\\\/\\\/stage3.rnv.gob.ve\\\/wp\\\/#\\\/schema\\\/logo\\\/image\\\/\",\"url\":\"http:\\\/\\\/rnv.ddns.net\\\/prensa\\\/wp-content\\\/uploads\\\/2022\\\/04\\\/rnv-1-300x227-1.jpg\",\"contentUrl\":\"http:\\\/\\\/rnv.ddns.net\\\/prensa\\\/wp-content\\\/uploads\\\/2022\\\/04\\\/rnv-1-300x227-1.jpg\",\"width\":800,\"height\":455,\"caption\":\"Radio Nacional de Venezuela C.A.\"},\"image\":{\"@id\":\"https:\\\/\\\/stage3.rnv.gob.ve\\\/wp\\\/#\\\/schema\\\/logo\\\/image\\\/\"},\"sameAs\":[\"https:\\\/\\\/www.facebook.com\\\/RadioNacionaldeVenezuela\",\"https:\\\/\\\/x.com\\\/RNVinformativa\",\"https:\\\/\\\/www.instagram.com\\\/rnvinformativa\\\/\",\"https:\\\/\\\/www.youtube.com\\\/user\\\/RNVContigo\"]},{\"@type\":\"Person\",\"@id\":\"https:\\\/\\\/stage3.rnv.gob.ve\\\/wp\\\/#\\\/schema\\\/person\\\/0862ce8cde332e0bc63b8a243f0eea2c\",\"name\":\"administrador\",\"sameAs\":[\"http:\\\/\\\/arnoldoeloy.net\"],\"url\":\"https:\\\/\\\/stage3.rnv.gob.ve\\\/wp\\\/author\\\/administrador\\\/\"}]}<\/script>\n<!-- \/ Yoast SEO plugin. -->","yoast_head_json":{"title":"Inician en Yaritagua rehabilitaci\u00f3n de ambulatorio Gaetano Matarozzo - DEV RNV","robots":{"index":"noindex","follow":"follow","max-snippet":"max-snippet:-1","max-image-preview":"max-image-preview:large","max-video-preview":"max-video-preview:-1"},"og_locale":"es_ES","og_type":"article","og_title":"Inician en Yaritagua rehabilitaci\u00f3n de ambulatorio Gaetano Matarozzo - DEV RNV","og_description":"Con una inversi\u00f3n superior a los 110 millones de bol\u00edvares, se inici\u00f3 la rehabilitaci\u00f3n integral del ambulatorio Gaetano Matarozzo del municipio Pe\u00f1a,\u00a0 el cual\u00a0 contempla el acondicionamiento, ampliaci\u00f3n de los espacios y\u00a0 la inclusi\u00f3n de nuevas \u00e1reas m\u00e9dicas. As\u00ed lo inform\u00f3 el gobernador del estado Yaracuy, Julio Le\u00f3n, al tiempo que manifest\u00f3 que esto es [&hellip;]","og_url":"https:\/\/stage3.rnv.gob.ve\/wp\/inician-en-yaritagua-rehabilitacion-de-ambulatorio-gaetano-matarozzo\/","og_site_name":"DEV RNV","article_publisher":"https:\/\/www.facebook.com\/RadioNacionaldeVenezuela","article_published_time":"2017-02-04T23:15:32+00:00","author":"administrador","twitter_card":"summary_large_image","twitter_creator":"@RNVinformativa","twitter_site":"@RNVinformativa","twitter_misc":{"Escrito por":"administrador","Tiempo estimado de lectura":"2 minutos"},"schema":{"@context":"https:\/\/schema.org","@graph":[{"@type":"Article","@id":"https:\/\/stage3.rnv.gob.ve\/wp\/inician-en-yaritagua-rehabilitacion-de-ambulatorio-gaetano-matarozzo\/#article","isPartOf":{"@id":"https:\/\/stage3.rnv.gob.ve\/wp\/inician-en-yaritagua-rehabilitacion-de-ambulatorio-gaetano-matarozzo\/"},"author":{"name":"administrador","@id":"https:\/\/stage3.rnv.gob.ve\/wp\/#\/schema\/person\/0862ce8cde332e0bc63b8a243f0eea2c"},"headline":"Inician en Yaritagua rehabilitaci\u00f3n de ambulatorio Gaetano Matarozzo","datePublished":"2017-02-04T23:15:32+00:00","mainEntityOfPage":{"@id":"https:\/\/stage3.rnv.gob.ve\/wp\/inician-en-yaritagua-rehabilitacion-de-ambulatorio-gaetano-matarozzo\/"},"wordCount":363,"publisher":{"@id":"https:\/\/stage3.rnv.gob.ve\/wp\/#organization"},"image":{"@id":"https:\/\/stage3.rnv.gob.ve\/wp\/inician-en-yaritagua-rehabilitacion-de-ambulatorio-gaetano-matarozzo\/#primaryimage"},"thumbnailUrl":"","keywords":["ambulatorio Gaetano Matarozzo","gobierno de yaracuy","yaracuy"],"articleSection":["Regional","Salud"],"inLanguage":"es"},{"@type":"WebPage","@id":"https:\/\/stage3.rnv.gob.ve\/wp\/inician-en-yaritagua-rehabilitacion-de-ambulatorio-gaetano-matarozzo\/","url":"https:\/\/stage3.rnv.gob.ve\/wp\/inician-en-yaritagua-rehabilitacion-de-ambulatorio-gaetano-matarozzo\/","name":"Inician en Yaritagua rehabilitaci\u00f3n de ambulatorio Gaetano Matarozzo - DEV RNV","isPartOf":{"@id":"https:\/\/stage3.rnv.gob.ve\/wp\/#website"},"primaryImageOfPage":{"@id":"https:\/\/stage3.rnv.gob.ve\/wp\/inician-en-yaritagua-rehabilitacion-de-ambulatorio-gaetano-matarozzo\/#primaryimage"},"image":{"@id":"https:\/\/stage3.rnv.gob.ve\/wp\/inician-en-yaritagua-rehabilitacion-de-ambulatorio-gaetano-matarozzo\/#primaryimage"},"thumbnailUrl":"","datePublished":"2017-02-04T23:15:32+00:00","breadcrumb":{"@id":"https:\/\/stage3.rnv.gob.ve\/wp\/inician-en-yaritagua-rehabilitacion-de-ambulatorio-gaetano-matarozzo\/#breadcrumb"},"inLanguage":"es","potentialAction":[{"@type":"ReadAction","target":["https:\/\/stage3.rnv.gob.ve\/wp\/inician-en-yaritagua-rehabilitacion-de-ambulatorio-gaetano-matarozzo\/"]}]},{"@type":"ImageObject","inLanguage":"es","@id":"https:\/\/stage3.rnv.gob.ve\/wp\/inician-en-yaritagua-rehabilitacion-de-ambulatorio-gaetano-matarozzo\/#primaryimage","url":"","contentUrl":""},{"@type":"BreadcrumbList","@id":"https:\/\/stage3.rnv.gob.ve\/wp\/inician-en-yaritagua-rehabilitacion-de-ambulatorio-gaetano-matarozzo\/#breadcrumb","itemListElement":[{"@type":"ListItem","position":1,"name":"Portada","item":"https:\/\/stage3.rnv.gob.ve\/wp\/"},{"@type":"ListItem","position":2,"name":"Inician En Yaritagua Rehabilitaci\u00f3n De Ambulatorio Gaetano Matarozzo"}]},{"@type":"WebSite","@id":"https:\/\/stage3.rnv.gob.ve\/wp\/#website","url":"https:\/\/stage3.rnv.gob.ve\/wp\/","name":"DEV RNV","description":"Radio Nacional de Venezuela C.A.","publisher":{"@id":"https:\/\/stage3.rnv.gob.ve\/wp\/#organization"},"potentialAction":[{"@type":"SearchAction","target":{"@type":"EntryPoint","urlTemplate":"https:\/\/stage3.rnv.gob.ve\/wp\/?s={search_term_string}"},"query-input":{"@type":"PropertyValueSpecification","valueRequired":true,"valueName":"search_term_string"}}],"inLanguage":"es"},{"@type":"Organization","@id":"https:\/\/stage3.rnv.gob.ve\/wp\/#organization","name":"Radio Nacional de Venezuela C.A.","url":"https:\/\/stage3.rnv.gob.ve\/wp\/","logo":{"@type":"ImageObject","inLanguage":"es","@id":"https:\/\/stage3.rnv.gob.ve\/wp\/#\/schema\/logo\/image\/","url":"http:\/\/rnv.ddns.net\/prensa\/wp-content\/uploads\/2022\/04\/rnv-1-300x227-1.jpg","contentUrl":"http:\/\/rnv.ddns.net\/prensa\/wp-content\/uploads\/2022\/04\/rnv-1-300x227-1.jpg","width":800,"height":455,"caption":"Radio Nacional de Venezuela C.A."},"image":{"@id":"https:\/\/stage3.rnv.gob.ve\/wp\/#\/schema\/logo\/image\/"},"sameAs":["https:\/\/www.facebook.com\/RadioNacionaldeVenezuela","https:\/\/x.com\/RNVinformativa","https:\/\/www.instagram.com\/rnvinformativa\/","https:\/\/www.youtube.com\/user\/RNVContigo"]},{"@type":"Person","@id":"https:\/\/stage3.rnv.gob.ve\/wp\/#\/schema\/person\/0862ce8cde332e0bc63b8a243f0eea2c","name":"administrador","sameAs":["http:\/\/arnoldoeloy.net"],"url":"https:\/\/stage3.rnv.gob.ve\/wp\/author\/administrador\/"}]}},"jetpack_featured_media_url":"","_links":{"self":[{"href":"https:\/\/stage3.rnv.gob.ve\/wp\/wp-json\/wp\/v2\/posts\/111253","targetHints":{"allow":["GET"]}}],"collection":[{"href":"https:\/\/stage3.rnv.gob.ve\/wp\/wp-json\/wp\/v2\/posts"}],"about":[{"href":"https:\/\/stage3.rnv.gob.ve\/wp\/wp-json\/wp\/v2\/types\/post"}],"author":[{"embeddable":true,"href":"https:\/\/stage3.rnv.gob.ve\/wp\/wp-json\/wp\/v2\/users\/1"}],"replies":[{"embeddable":true,"href":"https:\/\/stage3.rnv.gob.ve\/wp\/wp-json\/wp\/v2\/comments?post=111253"}],"version-history":[{"count":0,"href":"https:\/\/stage3.rnv.gob.ve\/wp\/wp-json\/wp\/v2\/posts\/111253\/revisions"}],"wp:featuredmedia":[{"embeddable":true,"href":"https:\/\/stage3.rnv.gob.ve\/wp\/wp-json\/"}],"wp:attachment":[{"href":"https:\/\/stage3.rnv.gob.ve\/wp\/wp-json\/wp\/v2\/media?parent=111253"}],"wp:term":[{"taxonomy":"category","embeddable":true,"href":"https:\/\/stage3.rnv.gob.ve\/wp\/wp-json\/wp\/v2\/categories?post=111253"},{"taxonomy":"post_tag","embeddable":true,"href":"https:\/\/stage3.rnv.gob.ve\/wp\/wp-json\/wp\/v2\/tags?post=111253"}],"curies":[{"name":"wp","href":"https:\/\/api.w.org\/{rel}","templated":true}]}}