{"id":105085,"date":"2017-01-14T17:13:59","date_gmt":"2017-01-14T21:13:59","guid":{"rendered":"http:\/\/wpeditor.rnv.gob.ve\/?p=105085"},"modified":"2017-01-14T17:13:59","modified_gmt":"2017-01-14T21:13:59","slug":"presidente-maduro-ordena-plan-especial-de-inversion-para-elevar-reserva-de-alimentos","status":"publish","type":"post","link":"https:\/\/stage3.rnv.gob.ve\/wp\/presidente-maduro-ordena-plan-especial-de-inversion-para-elevar-reserva-de-alimentos\/","title":{"rendered":"Presidente Maduro ordena plan especial de inversi\u00f3n para elevar reserva de alimentos"},"content":{"rendered":"<div class=\"contenido\">\n<div>\n<p style=\"text-align: justify;\"><img fetchpriority=\"high\" decoding=\"async\" class=\"size-medium wp-image-105087 alignleft\" src=\"http:\/\/wpeditor.rnv.gob.ve\/app\/uploads\/2017\/01\/alimentosinflacion-900x600-300x200.jpg\" alt=\"alimentosinflacion-900x600\" width=\"300\" height=\"200\" \/>El presidente de la Rep\u00fablica Bolivariana de Venezuela, Nicol\u00e1s Maduro, inst\u00f3 este s\u00e1bado a su equipo de trabajo a elaborar un plan especial de inversi\u00f3n para elevar la producci\u00f3n y reforzar las reservas de alimentos con una disposici\u00f3n de 90 d\u00edas.<\/p>\n<p style=\"text-align: justify;\">\u00abPlanteo como objetivo para este a\u00f1o reconstruir la reserva de 90 d\u00edas alimentaria que nuestro pa\u00eds tuvo hasta el a\u00f1o 2013\u00bb, orden\u00f3 el Mandatario desde el Fuerte Guaicaipuro, en el estado Miranda, donde supervis\u00f3 el Ejercicio de Acci\u00f3n Integral Antiimperialista Zamora 200.<\/p>\n<p style=\"text-align: justify;\">En transmisi\u00f3n conjunta de radio y televisi\u00f3n indic\u00f3 que el plan especial se lograr\u00e1 mediante la inversi\u00f3n y compra de insumos para la producci\u00f3n nacional.<\/p>\n<p style=\"text-align: justify;\">El Jefe de Estado a\u00f1adi\u00f3 que ese plan se llevar\u00e1 a cabo junto a las labores de los Comit\u00e9s Locales de Abastecimiento y Producci\u00f3n (Clap), instancias del poder popular que, a trav\u00e9s de canales de distribuci\u00f3n de alimentos puerta a puerta, combaten el contrabando y acaparamiento propios de la guerra econ\u00f3mica de la derecha.<\/p>\n<p><strong>Escuche al presidente Nicol\u00e1s Maduro:<\/strong><\/p>\n<audio class=\"wp-audio-shortcode\" id=\"audio-105085-1\" preload=\"none\" style=\"width: 100%;\" controls=\"controls\"><source type=\"audio\/mpeg\" src=\"http:\/\/wpeditor.rnv.gob.ve\/app\/uploads\/2017\/01\/MADUROFINAL.mp3?_=1\" \/><a href=\"http:\/\/wpeditor.rnv.gob.ve\/app\/uploads\/2017\/01\/MADUROFINAL.mp3\">http:\/\/wpeditor.rnv.gob.ve\/app\/uploads\/2017\/01\/MADUROFINAL.mp3<\/a><\/audio>\n<p>&nbsp;<\/p>\n<\/div>\n<\/div>\n","protected":false},"excerpt":{"rendered":"<p>El presidente de la Rep\u00fablica Bolivariana de Venezuela, Nicol\u00e1s Maduro, inst\u00f3 este s\u00e1bado a su equipo de trabajo a elaborar un plan especial de inversi\u00f3n para elevar la producci\u00f3n y reforzar las reservas de alimentos con una disposici\u00f3n de 90 d\u00edas. \u00abPlanteo como objetivo para este a\u00f1o reconstruir la reserva de 90 d\u00edas alimentaria que [&hellip;]<\/p>\n","protected":false},"author":1,"featured_media":105087,"comment_status":"closed","ping_status":"open","sticky":false,"template":"","format":"standard","meta":{"_acf_changed":false,"footnotes":""},"categories":[58],"tags":[1592,11412],"class_list":["post-105085","post","type-post","status-publish","format-standard","has-post-thumbnail","hentry","category-economia","tag-nicolas-maduro","tag-produccion-de-alimentos"],"acf":[],"yoast_head":"<!-- This site is optimized with the Yoast SEO plugin v27.4 - https:\/\/yoast.com\/product\/yoast-seo-wordpress\/ -->\n<title>Presidente Maduro ordena plan especial de inversi\u00f3n para elevar reserva de alimentos - DEV RNV<\/title>\n<meta name=\"robots\" content=\"noindex, follow, max-snippet:-1, max-image-preview:large, max-video-preview:-1\" \/>\n<meta property=\"og:locale\" content=\"es_ES\" \/>\n<meta property=\"og:type\" content=\"article\" \/>\n<meta property=\"og:title\" content=\"Presidente Maduro ordena plan especial de inversi\u00f3n para elevar reserva de alimentos - DEV RNV\" \/>\n<meta property=\"og:description\" content=\"El presidente de la Rep\u00fablica Bolivariana de Venezuela, Nicol\u00e1s Maduro, inst\u00f3 este s\u00e1bado a su equipo de trabajo a elaborar un plan especial de inversi\u00f3n para elevar la producci\u00f3n y reforzar las reservas de alimentos con una disposici\u00f3n de 90 d\u00edas. \u00abPlanteo como objetivo para este a\u00f1o reconstruir la reserva de 90 d\u00edas alimentaria que [&hellip;]\" \/>\n<meta property=\"og:url\" content=\"https:\/\/stage3.rnv.gob.ve\/wp\/presidente-maduro-ordena-plan-especial-de-inversion-para-elevar-reserva-de-alimentos\/\" \/>\n<meta property=\"og:site_name\" content=\"DEV RNV\" \/>\n<meta property=\"article:publisher\" content=\"https:\/\/www.facebook.com\/RadioNacionaldeVenezuela\" \/>\n<meta property=\"article:published_time\" content=\"2017-01-14T21:13:59+00:00\" \/>\n<meta name=\"author\" content=\"administrador\" \/>\n<meta name=\"twitter:card\" content=\"summary_large_image\" \/>\n<meta name=\"twitter:creator\" content=\"@RNVinformativa\" \/>\n<meta name=\"twitter:site\" content=\"@RNVinformativa\" \/>\n<meta name=\"twitter:label1\" content=\"Escrito por\" \/>\n\t<meta name=\"twitter:data1\" content=\"administrador\" \/>\n\t<meta name=\"twitter:label2\" content=\"Tiempo estimado de lectura\" \/>\n\t<meta name=\"twitter:data2\" content=\"1 minuto\" \/>\n<script type=\"application\/ld+json\" class=\"yoast-schema-graph\">{\"@context\":\"https:\\\/\\\/schema.org\",\"@graph\":[{\"@type\":\"Article\",\"@id\":\"https:\\\/\\\/stage3.rnv.gob.ve\\\/wp\\\/presidente-maduro-ordena-plan-especial-de-inversion-para-elevar-reserva-de-alimentos\\\/#article\",\"isPartOf\":{\"@id\":\"https:\\\/\\\/stage3.rnv.gob.ve\\\/wp\\\/presidente-maduro-ordena-plan-especial-de-inversion-para-elevar-reserva-de-alimentos\\\/\"},\"author\":{\"name\":\"administrador\",\"@id\":\"https:\\\/\\\/stage3.rnv.gob.ve\\\/wp\\\/#\\\/schema\\\/person\\\/0862ce8cde332e0bc63b8a243f0eea2c\"},\"headline\":\"Presidente Maduro ordena plan especial de inversi\u00f3n para elevar reserva de alimentos\",\"datePublished\":\"2017-01-14T21:13:59+00:00\",\"mainEntityOfPage\":{\"@id\":\"https:\\\/\\\/stage3.rnv.gob.ve\\\/wp\\\/presidente-maduro-ordena-plan-especial-de-inversion-para-elevar-reserva-de-alimentos\\\/\"},\"wordCount\":212,\"publisher\":{\"@id\":\"https:\\\/\\\/stage3.rnv.gob.ve\\\/wp\\\/#organization\"},\"image\":{\"@id\":\"https:\\\/\\\/stage3.rnv.gob.ve\\\/wp\\\/presidente-maduro-ordena-plan-especial-de-inversion-para-elevar-reserva-de-alimentos\\\/#primaryimage\"},\"thumbnailUrl\":\"\",\"keywords\":[\"Nicol\u00e1s Maduro\",\"produccion de alimentos\"],\"articleSection\":[\"Econom\u00eda\"],\"inLanguage\":\"es\"},{\"@type\":\"WebPage\",\"@id\":\"https:\\\/\\\/stage3.rnv.gob.ve\\\/wp\\\/presidente-maduro-ordena-plan-especial-de-inversion-para-elevar-reserva-de-alimentos\\\/\",\"url\":\"https:\\\/\\\/stage3.rnv.gob.ve\\\/wp\\\/presidente-maduro-ordena-plan-especial-de-inversion-para-elevar-reserva-de-alimentos\\\/\",\"name\":\"Presidente Maduro ordena plan especial de inversi\u00f3n para elevar reserva de alimentos - DEV RNV\",\"isPartOf\":{\"@id\":\"https:\\\/\\\/stage3.rnv.gob.ve\\\/wp\\\/#website\"},\"primaryImageOfPage\":{\"@id\":\"https:\\\/\\\/stage3.rnv.gob.ve\\\/wp\\\/presidente-maduro-ordena-plan-especial-de-inversion-para-elevar-reserva-de-alimentos\\\/#primaryimage\"},\"image\":{\"@id\":\"https:\\\/\\\/stage3.rnv.gob.ve\\\/wp\\\/presidente-maduro-ordena-plan-especial-de-inversion-para-elevar-reserva-de-alimentos\\\/#primaryimage\"},\"thumbnailUrl\":\"\",\"datePublished\":\"2017-01-14T21:13:59+00:00\",\"breadcrumb\":{\"@id\":\"https:\\\/\\\/stage3.rnv.gob.ve\\\/wp\\\/presidente-maduro-ordena-plan-especial-de-inversion-para-elevar-reserva-de-alimentos\\\/#breadcrumb\"},\"inLanguage\":\"es\",\"potentialAction\":[{\"@type\":\"ReadAction\",\"target\":[\"https:\\\/\\\/stage3.rnv.gob.ve\\\/wp\\\/presidente-maduro-ordena-plan-especial-de-inversion-para-elevar-reserva-de-alimentos\\\/\"]}]},{\"@type\":\"ImageObject\",\"inLanguage\":\"es\",\"@id\":\"https:\\\/\\\/stage3.rnv.gob.ve\\\/wp\\\/presidente-maduro-ordena-plan-especial-de-inversion-para-elevar-reserva-de-alimentos\\\/#primaryimage\",\"url\":\"\",\"contentUrl\":\"\"},{\"@type\":\"BreadcrumbList\",\"@id\":\"https:\\\/\\\/stage3.rnv.gob.ve\\\/wp\\\/presidente-maduro-ordena-plan-especial-de-inversion-para-elevar-reserva-de-alimentos\\\/#breadcrumb\",\"itemListElement\":[{\"@type\":\"ListItem\",\"position\":1,\"name\":\"Portada\",\"item\":\"https:\\\/\\\/stage3.rnv.gob.ve\\\/wp\\\/\"},{\"@type\":\"ListItem\",\"position\":2,\"name\":\"Presidente Maduro Ordena Plan Especial De Inversi\u00f3n Para Elevar Reserva De Alimentos\"}]},{\"@type\":\"WebSite\",\"@id\":\"https:\\\/\\\/stage3.rnv.gob.ve\\\/wp\\\/#website\",\"url\":\"https:\\\/\\\/stage3.rnv.gob.ve\\\/wp\\\/\",\"name\":\"DEV RNV\",\"description\":\"Radio Nacional de Venezuela C.A.\",\"publisher\":{\"@id\":\"https:\\\/\\\/stage3.rnv.gob.ve\\\/wp\\\/#organization\"},\"potentialAction\":[{\"@type\":\"SearchAction\",\"target\":{\"@type\":\"EntryPoint\",\"urlTemplate\":\"https:\\\/\\\/stage3.rnv.gob.ve\\\/wp\\\/?s={search_term_string}\"},\"query-input\":{\"@type\":\"PropertyValueSpecification\",\"valueRequired\":true,\"valueName\":\"search_term_string\"}}],\"inLanguage\":\"es\"},{\"@type\":\"Organization\",\"@id\":\"https:\\\/\\\/stage3.rnv.gob.ve\\\/wp\\\/#organization\",\"name\":\"Radio Nacional de Venezuela C.A.\",\"url\":\"https:\\\/\\\/stage3.rnv.gob.ve\\\/wp\\\/\",\"logo\":{\"@type\":\"ImageObject\",\"inLanguage\":\"es\",\"@id\":\"https:\\\/\\\/stage3.rnv.gob.ve\\\/wp\\\/#\\\/schema\\\/logo\\\/image\\\/\",\"url\":\"http:\\\/\\\/rnv.ddns.net\\\/prensa\\\/wp-content\\\/uploads\\\/2022\\\/04\\\/rnv-1-300x227-1.jpg\",\"contentUrl\":\"http:\\\/\\\/rnv.ddns.net\\\/prensa\\\/wp-content\\\/uploads\\\/2022\\\/04\\\/rnv-1-300x227-1.jpg\",\"width\":800,\"height\":455,\"caption\":\"Radio Nacional de Venezuela C.A.\"},\"image\":{\"@id\":\"https:\\\/\\\/stage3.rnv.gob.ve\\\/wp\\\/#\\\/schema\\\/logo\\\/image\\\/\"},\"sameAs\":[\"https:\\\/\\\/www.facebook.com\\\/RadioNacionaldeVenezuela\",\"https:\\\/\\\/x.com\\\/RNVinformativa\",\"https:\\\/\\\/www.instagram.com\\\/rnvinformativa\\\/\",\"https:\\\/\\\/www.youtube.com\\\/user\\\/RNVContigo\"]},{\"@type\":\"Person\",\"@id\":\"https:\\\/\\\/stage3.rnv.gob.ve\\\/wp\\\/#\\\/schema\\\/person\\\/0862ce8cde332e0bc63b8a243f0eea2c\",\"name\":\"administrador\",\"sameAs\":[\"http:\\\/\\\/arnoldoeloy.net\"],\"url\":\"https:\\\/\\\/stage3.rnv.gob.ve\\\/wp\\\/author\\\/administrador\\\/\"}]}<\/script>\n<!-- \/ Yoast SEO plugin. -->","yoast_head_json":{"title":"Presidente Maduro ordena plan especial de inversi\u00f3n para elevar reserva de alimentos - DEV RNV","robots":{"index":"noindex","follow":"follow","max-snippet":"max-snippet:-1","max-image-preview":"max-image-preview:large","max-video-preview":"max-video-preview:-1"},"og_locale":"es_ES","og_type":"article","og_title":"Presidente Maduro ordena plan especial de inversi\u00f3n para elevar reserva de alimentos - DEV RNV","og_description":"El presidente de la Rep\u00fablica Bolivariana de Venezuela, Nicol\u00e1s Maduro, inst\u00f3 este s\u00e1bado a su equipo de trabajo a elaborar un plan especial de inversi\u00f3n para elevar la producci\u00f3n y reforzar las reservas de alimentos con una disposici\u00f3n de 90 d\u00edas. \u00abPlanteo como objetivo para este a\u00f1o reconstruir la reserva de 90 d\u00edas alimentaria que [&hellip;]","og_url":"https:\/\/stage3.rnv.gob.ve\/wp\/presidente-maduro-ordena-plan-especial-de-inversion-para-elevar-reserva-de-alimentos\/","og_site_name":"DEV RNV","article_publisher":"https:\/\/www.facebook.com\/RadioNacionaldeVenezuela","article_published_time":"2017-01-14T21:13:59+00:00","author":"administrador","twitter_card":"summary_large_image","twitter_creator":"@RNVinformativa","twitter_site":"@RNVinformativa","twitter_misc":{"Escrito por":"administrador","Tiempo estimado de lectura":"1 minuto"},"schema":{"@context":"https:\/\/schema.org","@graph":[{"@type":"Article","@id":"https:\/\/stage3.rnv.gob.ve\/wp\/presidente-maduro-ordena-plan-especial-de-inversion-para-elevar-reserva-de-alimentos\/#article","isPartOf":{"@id":"https:\/\/stage3.rnv.gob.ve\/wp\/presidente-maduro-ordena-plan-especial-de-inversion-para-elevar-reserva-de-alimentos\/"},"author":{"name":"administrador","@id":"https:\/\/stage3.rnv.gob.ve\/wp\/#\/schema\/person\/0862ce8cde332e0bc63b8a243f0eea2c"},"headline":"Presidente Maduro ordena plan especial de inversi\u00f3n para elevar reserva de alimentos","datePublished":"2017-01-14T21:13:59+00:00","mainEntityOfPage":{"@id":"https:\/\/stage3.rnv.gob.ve\/wp\/presidente-maduro-ordena-plan-especial-de-inversion-para-elevar-reserva-de-alimentos\/"},"wordCount":212,"publisher":{"@id":"https:\/\/stage3.rnv.gob.ve\/wp\/#organization"},"image":{"@id":"https:\/\/stage3.rnv.gob.ve\/wp\/presidente-maduro-ordena-plan-especial-de-inversion-para-elevar-reserva-de-alimentos\/#primaryimage"},"thumbnailUrl":"","keywords":["Nicol\u00e1s Maduro","produccion de alimentos"],"articleSection":["Econom\u00eda"],"inLanguage":"es"},{"@type":"WebPage","@id":"https:\/\/stage3.rnv.gob.ve\/wp\/presidente-maduro-ordena-plan-especial-de-inversion-para-elevar-reserva-de-alimentos\/","url":"https:\/\/stage3.rnv.gob.ve\/wp\/presidente-maduro-ordena-plan-especial-de-inversion-para-elevar-reserva-de-alimentos\/","name":"Presidente Maduro ordena plan especial de inversi\u00f3n para elevar reserva de alimentos - DEV RNV","isPartOf":{"@id":"https:\/\/stage3.rnv.gob.ve\/wp\/#website"},"primaryImageOfPage":{"@id":"https:\/\/stage3.rnv.gob.ve\/wp\/presidente-maduro-ordena-plan-especial-de-inversion-para-elevar-reserva-de-alimentos\/#primaryimage"},"image":{"@id":"https:\/\/stage3.rnv.gob.ve\/wp\/presidente-maduro-ordena-plan-especial-de-inversion-para-elevar-reserva-de-alimentos\/#primaryimage"},"thumbnailUrl":"","datePublished":"2017-01-14T21:13:59+00:00","breadcrumb":{"@id":"https:\/\/stage3.rnv.gob.ve\/wp\/presidente-maduro-ordena-plan-especial-de-inversion-para-elevar-reserva-de-alimentos\/#breadcrumb"},"inLanguage":"es","potentialAction":[{"@type":"ReadAction","target":["https:\/\/stage3.rnv.gob.ve\/wp\/presidente-maduro-ordena-plan-especial-de-inversion-para-elevar-reserva-de-alimentos\/"]}]},{"@type":"ImageObject","inLanguage":"es","@id":"https:\/\/stage3.rnv.gob.ve\/wp\/presidente-maduro-ordena-plan-especial-de-inversion-para-elevar-reserva-de-alimentos\/#primaryimage","url":"","contentUrl":""},{"@type":"BreadcrumbList","@id":"https:\/\/stage3.rnv.gob.ve\/wp\/presidente-maduro-ordena-plan-especial-de-inversion-para-elevar-reserva-de-alimentos\/#breadcrumb","itemListElement":[{"@type":"ListItem","position":1,"name":"Portada","item":"https:\/\/stage3.rnv.gob.ve\/wp\/"},{"@type":"ListItem","position":2,"name":"Presidente Maduro Ordena Plan Especial De Inversi\u00f3n Para Elevar Reserva De Alimentos"}]},{"@type":"WebSite","@id":"https:\/\/stage3.rnv.gob.ve\/wp\/#website","url":"https:\/\/stage3.rnv.gob.ve\/wp\/","name":"DEV RNV","description":"Radio Nacional de Venezuela C.A.","publisher":{"@id":"https:\/\/stage3.rnv.gob.ve\/wp\/#organization"},"potentialAction":[{"@type":"SearchAction","target":{"@type":"EntryPoint","urlTemplate":"https:\/\/stage3.rnv.gob.ve\/wp\/?s={search_term_string}"},"query-input":{"@type":"PropertyValueSpecification","valueRequired":true,"valueName":"search_term_string"}}],"inLanguage":"es"},{"@type":"Organization","@id":"https:\/\/stage3.rnv.gob.ve\/wp\/#organization","name":"Radio Nacional de Venezuela C.A.","url":"https:\/\/stage3.rnv.gob.ve\/wp\/","logo":{"@type":"ImageObject","inLanguage":"es","@id":"https:\/\/stage3.rnv.gob.ve\/wp\/#\/schema\/logo\/image\/","url":"http:\/\/rnv.ddns.net\/prensa\/wp-content\/uploads\/2022\/04\/rnv-1-300x227-1.jpg","contentUrl":"http:\/\/rnv.ddns.net\/prensa\/wp-content\/uploads\/2022\/04\/rnv-1-300x227-1.jpg","width":800,"height":455,"caption":"Radio Nacional de Venezuela C.A."},"image":{"@id":"https:\/\/stage3.rnv.gob.ve\/wp\/#\/schema\/logo\/image\/"},"sameAs":["https:\/\/www.facebook.com\/RadioNacionaldeVenezuela","https:\/\/x.com\/RNVinformativa","https:\/\/www.instagram.com\/rnvinformativa\/","https:\/\/www.youtube.com\/user\/RNVContigo"]},{"@type":"Person","@id":"https:\/\/stage3.rnv.gob.ve\/wp\/#\/schema\/person\/0862ce8cde332e0bc63b8a243f0eea2c","name":"administrador","sameAs":["http:\/\/arnoldoeloy.net"],"url":"https:\/\/stage3.rnv.gob.ve\/wp\/author\/administrador\/"}]}},"jetpack_featured_media_url":"","_links":{"self":[{"href":"https:\/\/stage3.rnv.gob.ve\/wp\/wp-json\/wp\/v2\/posts\/105085","targetHints":{"allow":["GET"]}}],"collection":[{"href":"https:\/\/stage3.rnv.gob.ve\/wp\/wp-json\/wp\/v2\/posts"}],"about":[{"href":"https:\/\/stage3.rnv.gob.ve\/wp\/wp-json\/wp\/v2\/types\/post"}],"author":[{"embeddable":true,"href":"https:\/\/stage3.rnv.gob.ve\/wp\/wp-json\/wp\/v2\/users\/1"}],"replies":[{"embeddable":true,"href":"https:\/\/stage3.rnv.gob.ve\/wp\/wp-json\/wp\/v2\/comments?post=105085"}],"version-history":[{"count":0,"href":"https:\/\/stage3.rnv.gob.ve\/wp\/wp-json\/wp\/v2\/posts\/105085\/revisions"}],"wp:featuredmedia":[{"embeddable":true,"href":"https:\/\/stage3.rnv.gob.ve\/wp\/wp-json\/"}],"wp:attachment":[{"href":"https:\/\/stage3.rnv.gob.ve\/wp\/wp-json\/wp\/v2\/media?parent=105085"}],"wp:term":[{"taxonomy":"category","embeddable":true,"href":"https:\/\/stage3.rnv.gob.ve\/wp\/wp-json\/wp\/v2\/categories?post=105085"},{"taxonomy":"post_tag","embeddable":true,"href":"https:\/\/stage3.rnv.gob.ve\/wp\/wp-json\/wp\/v2\/tags?post=105085"}],"curies":[{"name":"wp","href":"https:\/\/api.w.org\/{rel}","templated":true}]}}