{"id":104015,"date":"2017-01-10T18:00:00","date_gmt":"2017-01-10T22:00:00","guid":{"rendered":"http:\/\/wpeditor.rnv.gob.ve\/?p=104015"},"modified":"2017-01-10T18:00:00","modified_gmt":"2017-01-10T22:00:00","slug":"ruben-avila-avila-es-el-nuevo-presidente-de-pequiven","status":"publish","type":"post","link":"https:\/\/stage3.rnv.gob.ve\/wp\/ruben-avila-avila-es-el-nuevo-presidente-de-pequiven\/","title":{"rendered":"Rub\u00e9n \u00c1vila \u00c1vila es el nuevo presidente de Pequiven"},"content":{"rendered":"<p style=\"text-align: justify;\"><img fetchpriority=\"high\" decoding=\"async\" class=\"aligncenter wp-image-104027 \" src=\"http:\/\/wpeditor.rnv.gob.ve\/app\/uploads\/2017\/01\/VICE-1024x759.jpg\" alt=\"Foto: Prensa Vicepresidencia\" width=\"662\" height=\"491\" \/><\/p>\n<p style=\"text-align: justify;\">El vicepresidente de la Rep\u00fablica, Tareck El Aissami, anunci\u00f3 este martes que Rub\u00e9n \u00c1vila \u00c1vila es el nuevo presidente de Petroqu\u00edmica de Venezuela, S.A (Pequiven), en sustituci\u00f3n de Juan Carlos Depablo.<!--more--><\/p>\n<p style=\"text-align: justify;\">Se\u00f1al\u00f3 que Juan Carlos Depablo fue destituido por estar involucrado en hechos de corrupci\u00f3n. Adem\u00e1s, El Aissami agreg\u00f3: \u00abestamos en presencia de una \u00e9poca nueva, virtuosa, de despegue en todos los campos, pol\u00edtico, econ\u00f3mico, social\u00bb.<\/p>\n<p style=\"text-align: justify;\">\u00abHemos comenzado el a\u00f1o con una fuerza incre\u00edble, una fuerza popular, una fuerza amorosa que recorre toda la patria, por ello la uni\u00f3n c\u00edvico militar, por eso la conciencia del momento hist\u00f3rico que atravesamos\u00bb, expres\u00f3 el vicepresidente en un acto transmitido por VTV .<\/p>\n<p style=\"text-align: justify;\">La informaci\u00f3n fue suministrada durante el acto de instalaci\u00f3n del \u00d3rgano de Direcci\u00f3n Nacional para la Defensa Integral, realizado en Cojedes.<\/p>\n<p><strong>Escuche a\u00a0Tareck El Aissami<\/strong><\/p>\n<audio class=\"wp-audio-shortcode\" id=\"audio-104015-1\" preload=\"none\" style=\"width: 100%;\" controls=\"controls\"><source type=\"audio\/mpeg\" src=\"http:\/\/wpeditor.rnv.gob.ve\/app\/uploads\/2017\/01\/ALSAMI.mp3?_=1\" \/><a href=\"http:\/\/wpeditor.rnv.gob.ve\/app\/uploads\/2017\/01\/ALSAMI.mp3\">http:\/\/wpeditor.rnv.gob.ve\/app\/uploads\/2017\/01\/ALSAMI.mp3<\/a><\/audio>\n<p><strong>T \/ Web RNV<\/strong><\/p>\n","protected":false},"excerpt":{"rendered":"<p>El vicepresidente de la Rep\u00fablica, Tareck El Aissami, anunci\u00f3 este martes que Rub\u00e9n \u00c1vila \u00c1vila es el nuevo presidente de Petroqu\u00edmica de Venezuela, S.A (Pequiven), en sustituci\u00f3n de Juan Carlos Depablo.<\/p>\n","protected":false},"author":1,"featured_media":104027,"comment_status":"closed","ping_status":"open","sticky":false,"template":"","format":"standard","meta":{"_acf_changed":false,"footnotes":""},"categories":[58],"tags":[9967,954,82],"class_list":["post-104015","post","type-post","status-publish","format-standard","has-post-thumbnail","hentry","category-economia","tag-pequiven","tag-presidente","tag-rnv"],"acf":[],"yoast_head":"<!-- This site is optimized with the Yoast SEO plugin v27.4 - https:\/\/yoast.com\/product\/yoast-seo-wordpress\/ -->\n<title>Rub\u00e9n \u00c1vila \u00c1vila es el nuevo presidente de Pequiven - DEV RNV<\/title>\n<meta name=\"robots\" content=\"noindex, follow, max-snippet:-1, max-image-preview:large, max-video-preview:-1\" \/>\n<meta property=\"og:locale\" content=\"es_ES\" \/>\n<meta property=\"og:type\" content=\"article\" \/>\n<meta property=\"og:title\" content=\"Rub\u00e9n \u00c1vila \u00c1vila es el nuevo presidente de Pequiven - DEV RNV\" \/>\n<meta property=\"og:description\" content=\"El vicepresidente de la Rep\u00fablica, Tareck El Aissami, anunci\u00f3 este martes que Rub\u00e9n \u00c1vila \u00c1vila es el nuevo presidente de Petroqu\u00edmica de Venezuela, S.A (Pequiven), en sustituci\u00f3n de Juan Carlos Depablo.\" \/>\n<meta property=\"og:url\" content=\"https:\/\/stage3.rnv.gob.ve\/wp\/ruben-avila-avila-es-el-nuevo-presidente-de-pequiven\/\" \/>\n<meta property=\"og:site_name\" content=\"DEV RNV\" \/>\n<meta property=\"article:publisher\" content=\"https:\/\/www.facebook.com\/RadioNacionaldeVenezuela\" \/>\n<meta property=\"article:published_time\" content=\"2017-01-10T22:00:00+00:00\" \/>\n<meta name=\"author\" content=\"administrador\" \/>\n<meta name=\"twitter:card\" content=\"summary_large_image\" \/>\n<meta name=\"twitter:creator\" content=\"@RNVinformativa\" \/>\n<meta name=\"twitter:site\" content=\"@RNVinformativa\" \/>\n<meta name=\"twitter:label1\" content=\"Escrito por\" \/>\n\t<meta name=\"twitter:data1\" content=\"administrador\" \/>\n\t<meta name=\"twitter:label2\" content=\"Tiempo estimado de lectura\" \/>\n\t<meta name=\"twitter:data2\" content=\"1 minuto\" \/>\n<script type=\"application\/ld+json\" class=\"yoast-schema-graph\">{\"@context\":\"https:\\\/\\\/schema.org\",\"@graph\":[{\"@type\":\"Article\",\"@id\":\"https:\\\/\\\/stage3.rnv.gob.ve\\\/wp\\\/ruben-avila-avila-es-el-nuevo-presidente-de-pequiven\\\/#article\",\"isPartOf\":{\"@id\":\"https:\\\/\\\/stage3.rnv.gob.ve\\\/wp\\\/ruben-avila-avila-es-el-nuevo-presidente-de-pequiven\\\/\"},\"author\":{\"name\":\"administrador\",\"@id\":\"https:\\\/\\\/stage3.rnv.gob.ve\\\/wp\\\/#\\\/schema\\\/person\\\/0862ce8cde332e0bc63b8a243f0eea2c\"},\"headline\":\"Rub\u00e9n \u00c1vila \u00c1vila es el nuevo presidente de Pequiven\",\"datePublished\":\"2017-01-10T22:00:00+00:00\",\"mainEntityOfPage\":{\"@id\":\"https:\\\/\\\/stage3.rnv.gob.ve\\\/wp\\\/ruben-avila-avila-es-el-nuevo-presidente-de-pequiven\\\/\"},\"wordCount\":178,\"publisher\":{\"@id\":\"https:\\\/\\\/stage3.rnv.gob.ve\\\/wp\\\/#organization\"},\"image\":{\"@id\":\"https:\\\/\\\/stage3.rnv.gob.ve\\\/wp\\\/ruben-avila-avila-es-el-nuevo-presidente-de-pequiven\\\/#primaryimage\"},\"thumbnailUrl\":\"\",\"keywords\":[\"pequiven\",\"presidente\",\"RNV\"],\"articleSection\":[\"Econom\u00eda\"],\"inLanguage\":\"es\"},{\"@type\":\"WebPage\",\"@id\":\"https:\\\/\\\/stage3.rnv.gob.ve\\\/wp\\\/ruben-avila-avila-es-el-nuevo-presidente-de-pequiven\\\/\",\"url\":\"https:\\\/\\\/stage3.rnv.gob.ve\\\/wp\\\/ruben-avila-avila-es-el-nuevo-presidente-de-pequiven\\\/\",\"name\":\"Rub\u00e9n \u00c1vila \u00c1vila es el nuevo presidente de Pequiven - DEV RNV\",\"isPartOf\":{\"@id\":\"https:\\\/\\\/stage3.rnv.gob.ve\\\/wp\\\/#website\"},\"primaryImageOfPage\":{\"@id\":\"https:\\\/\\\/stage3.rnv.gob.ve\\\/wp\\\/ruben-avila-avila-es-el-nuevo-presidente-de-pequiven\\\/#primaryimage\"},\"image\":{\"@id\":\"https:\\\/\\\/stage3.rnv.gob.ve\\\/wp\\\/ruben-avila-avila-es-el-nuevo-presidente-de-pequiven\\\/#primaryimage\"},\"thumbnailUrl\":\"\",\"datePublished\":\"2017-01-10T22:00:00+00:00\",\"breadcrumb\":{\"@id\":\"https:\\\/\\\/stage3.rnv.gob.ve\\\/wp\\\/ruben-avila-avila-es-el-nuevo-presidente-de-pequiven\\\/#breadcrumb\"},\"inLanguage\":\"es\",\"potentialAction\":[{\"@type\":\"ReadAction\",\"target\":[\"https:\\\/\\\/stage3.rnv.gob.ve\\\/wp\\\/ruben-avila-avila-es-el-nuevo-presidente-de-pequiven\\\/\"]}]},{\"@type\":\"ImageObject\",\"inLanguage\":\"es\",\"@id\":\"https:\\\/\\\/stage3.rnv.gob.ve\\\/wp\\\/ruben-avila-avila-es-el-nuevo-presidente-de-pequiven\\\/#primaryimage\",\"url\":\"\",\"contentUrl\":\"\"},{\"@type\":\"BreadcrumbList\",\"@id\":\"https:\\\/\\\/stage3.rnv.gob.ve\\\/wp\\\/ruben-avila-avila-es-el-nuevo-presidente-de-pequiven\\\/#breadcrumb\",\"itemListElement\":[{\"@type\":\"ListItem\",\"position\":1,\"name\":\"Portada\",\"item\":\"https:\\\/\\\/stage3.rnv.gob.ve\\\/wp\\\/\"},{\"@type\":\"ListItem\",\"position\":2,\"name\":\"Rub\u00e9n \u00c1vila \u00c1vila Es El Nuevo Presidente De Pequiven\"}]},{\"@type\":\"WebSite\",\"@id\":\"https:\\\/\\\/stage3.rnv.gob.ve\\\/wp\\\/#website\",\"url\":\"https:\\\/\\\/stage3.rnv.gob.ve\\\/wp\\\/\",\"name\":\"DEV RNV\",\"description\":\"Radio Nacional de Venezuela C.A.\",\"publisher\":{\"@id\":\"https:\\\/\\\/stage3.rnv.gob.ve\\\/wp\\\/#organization\"},\"potentialAction\":[{\"@type\":\"SearchAction\",\"target\":{\"@type\":\"EntryPoint\",\"urlTemplate\":\"https:\\\/\\\/stage3.rnv.gob.ve\\\/wp\\\/?s={search_term_string}\"},\"query-input\":{\"@type\":\"PropertyValueSpecification\",\"valueRequired\":true,\"valueName\":\"search_term_string\"}}],\"inLanguage\":\"es\"},{\"@type\":\"Organization\",\"@id\":\"https:\\\/\\\/stage3.rnv.gob.ve\\\/wp\\\/#organization\",\"name\":\"Radio Nacional de Venezuela C.A.\",\"url\":\"https:\\\/\\\/stage3.rnv.gob.ve\\\/wp\\\/\",\"logo\":{\"@type\":\"ImageObject\",\"inLanguage\":\"es\",\"@id\":\"https:\\\/\\\/stage3.rnv.gob.ve\\\/wp\\\/#\\\/schema\\\/logo\\\/image\\\/\",\"url\":\"http:\\\/\\\/rnv.ddns.net\\\/prensa\\\/wp-content\\\/uploads\\\/2022\\\/04\\\/rnv-1-300x227-1.jpg\",\"contentUrl\":\"http:\\\/\\\/rnv.ddns.net\\\/prensa\\\/wp-content\\\/uploads\\\/2022\\\/04\\\/rnv-1-300x227-1.jpg\",\"width\":800,\"height\":455,\"caption\":\"Radio Nacional de Venezuela C.A.\"},\"image\":{\"@id\":\"https:\\\/\\\/stage3.rnv.gob.ve\\\/wp\\\/#\\\/schema\\\/logo\\\/image\\\/\"},\"sameAs\":[\"https:\\\/\\\/www.facebook.com\\\/RadioNacionaldeVenezuela\",\"https:\\\/\\\/x.com\\\/RNVinformativa\",\"https:\\\/\\\/www.instagram.com\\\/rnvinformativa\\\/\",\"https:\\\/\\\/www.youtube.com\\\/user\\\/RNVContigo\"]},{\"@type\":\"Person\",\"@id\":\"https:\\\/\\\/stage3.rnv.gob.ve\\\/wp\\\/#\\\/schema\\\/person\\\/0862ce8cde332e0bc63b8a243f0eea2c\",\"name\":\"administrador\",\"sameAs\":[\"http:\\\/\\\/arnoldoeloy.net\"],\"url\":\"https:\\\/\\\/stage3.rnv.gob.ve\\\/wp\\\/author\\\/administrador\\\/\"}]}<\/script>\n<!-- \/ Yoast SEO plugin. -->","yoast_head_json":{"title":"Rub\u00e9n \u00c1vila \u00c1vila es el nuevo presidente de Pequiven - DEV RNV","robots":{"index":"noindex","follow":"follow","max-snippet":"max-snippet:-1","max-image-preview":"max-image-preview:large","max-video-preview":"max-video-preview:-1"},"og_locale":"es_ES","og_type":"article","og_title":"Rub\u00e9n \u00c1vila \u00c1vila es el nuevo presidente de Pequiven - DEV RNV","og_description":"El vicepresidente de la Rep\u00fablica, Tareck El Aissami, anunci\u00f3 este martes que Rub\u00e9n \u00c1vila \u00c1vila es el nuevo presidente de Petroqu\u00edmica de Venezuela, S.A (Pequiven), en sustituci\u00f3n de Juan Carlos Depablo.","og_url":"https:\/\/stage3.rnv.gob.ve\/wp\/ruben-avila-avila-es-el-nuevo-presidente-de-pequiven\/","og_site_name":"DEV RNV","article_publisher":"https:\/\/www.facebook.com\/RadioNacionaldeVenezuela","article_published_time":"2017-01-10T22:00:00+00:00","author":"administrador","twitter_card":"summary_large_image","twitter_creator":"@RNVinformativa","twitter_site":"@RNVinformativa","twitter_misc":{"Escrito por":"administrador","Tiempo estimado de lectura":"1 minuto"},"schema":{"@context":"https:\/\/schema.org","@graph":[{"@type":"Article","@id":"https:\/\/stage3.rnv.gob.ve\/wp\/ruben-avila-avila-es-el-nuevo-presidente-de-pequiven\/#article","isPartOf":{"@id":"https:\/\/stage3.rnv.gob.ve\/wp\/ruben-avila-avila-es-el-nuevo-presidente-de-pequiven\/"},"author":{"name":"administrador","@id":"https:\/\/stage3.rnv.gob.ve\/wp\/#\/schema\/person\/0862ce8cde332e0bc63b8a243f0eea2c"},"headline":"Rub\u00e9n \u00c1vila \u00c1vila es el nuevo presidente de Pequiven","datePublished":"2017-01-10T22:00:00+00:00","mainEntityOfPage":{"@id":"https:\/\/stage3.rnv.gob.ve\/wp\/ruben-avila-avila-es-el-nuevo-presidente-de-pequiven\/"},"wordCount":178,"publisher":{"@id":"https:\/\/stage3.rnv.gob.ve\/wp\/#organization"},"image":{"@id":"https:\/\/stage3.rnv.gob.ve\/wp\/ruben-avila-avila-es-el-nuevo-presidente-de-pequiven\/#primaryimage"},"thumbnailUrl":"","keywords":["pequiven","presidente","RNV"],"articleSection":["Econom\u00eda"],"inLanguage":"es"},{"@type":"WebPage","@id":"https:\/\/stage3.rnv.gob.ve\/wp\/ruben-avila-avila-es-el-nuevo-presidente-de-pequiven\/","url":"https:\/\/stage3.rnv.gob.ve\/wp\/ruben-avila-avila-es-el-nuevo-presidente-de-pequiven\/","name":"Rub\u00e9n \u00c1vila \u00c1vila es el nuevo presidente de Pequiven - DEV RNV","isPartOf":{"@id":"https:\/\/stage3.rnv.gob.ve\/wp\/#website"},"primaryImageOfPage":{"@id":"https:\/\/stage3.rnv.gob.ve\/wp\/ruben-avila-avila-es-el-nuevo-presidente-de-pequiven\/#primaryimage"},"image":{"@id":"https:\/\/stage3.rnv.gob.ve\/wp\/ruben-avila-avila-es-el-nuevo-presidente-de-pequiven\/#primaryimage"},"thumbnailUrl":"","datePublished":"2017-01-10T22:00:00+00:00","breadcrumb":{"@id":"https:\/\/stage3.rnv.gob.ve\/wp\/ruben-avila-avila-es-el-nuevo-presidente-de-pequiven\/#breadcrumb"},"inLanguage":"es","potentialAction":[{"@type":"ReadAction","target":["https:\/\/stage3.rnv.gob.ve\/wp\/ruben-avila-avila-es-el-nuevo-presidente-de-pequiven\/"]}]},{"@type":"ImageObject","inLanguage":"es","@id":"https:\/\/stage3.rnv.gob.ve\/wp\/ruben-avila-avila-es-el-nuevo-presidente-de-pequiven\/#primaryimage","url":"","contentUrl":""},{"@type":"BreadcrumbList","@id":"https:\/\/stage3.rnv.gob.ve\/wp\/ruben-avila-avila-es-el-nuevo-presidente-de-pequiven\/#breadcrumb","itemListElement":[{"@type":"ListItem","position":1,"name":"Portada","item":"https:\/\/stage3.rnv.gob.ve\/wp\/"},{"@type":"ListItem","position":2,"name":"Rub\u00e9n \u00c1vila \u00c1vila Es El Nuevo Presidente De Pequiven"}]},{"@type":"WebSite","@id":"https:\/\/stage3.rnv.gob.ve\/wp\/#website","url":"https:\/\/stage3.rnv.gob.ve\/wp\/","name":"DEV RNV","description":"Radio Nacional de Venezuela C.A.","publisher":{"@id":"https:\/\/stage3.rnv.gob.ve\/wp\/#organization"},"potentialAction":[{"@type":"SearchAction","target":{"@type":"EntryPoint","urlTemplate":"https:\/\/stage3.rnv.gob.ve\/wp\/?s={search_term_string}"},"query-input":{"@type":"PropertyValueSpecification","valueRequired":true,"valueName":"search_term_string"}}],"inLanguage":"es"},{"@type":"Organization","@id":"https:\/\/stage3.rnv.gob.ve\/wp\/#organization","name":"Radio Nacional de Venezuela C.A.","url":"https:\/\/stage3.rnv.gob.ve\/wp\/","logo":{"@type":"ImageObject","inLanguage":"es","@id":"https:\/\/stage3.rnv.gob.ve\/wp\/#\/schema\/logo\/image\/","url":"http:\/\/rnv.ddns.net\/prensa\/wp-content\/uploads\/2022\/04\/rnv-1-300x227-1.jpg","contentUrl":"http:\/\/rnv.ddns.net\/prensa\/wp-content\/uploads\/2022\/04\/rnv-1-300x227-1.jpg","width":800,"height":455,"caption":"Radio Nacional de Venezuela C.A."},"image":{"@id":"https:\/\/stage3.rnv.gob.ve\/wp\/#\/schema\/logo\/image\/"},"sameAs":["https:\/\/www.facebook.com\/RadioNacionaldeVenezuela","https:\/\/x.com\/RNVinformativa","https:\/\/www.instagram.com\/rnvinformativa\/","https:\/\/www.youtube.com\/user\/RNVContigo"]},{"@type":"Person","@id":"https:\/\/stage3.rnv.gob.ve\/wp\/#\/schema\/person\/0862ce8cde332e0bc63b8a243f0eea2c","name":"administrador","sameAs":["http:\/\/arnoldoeloy.net"],"url":"https:\/\/stage3.rnv.gob.ve\/wp\/author\/administrador\/"}]}},"jetpack_featured_media_url":"","_links":{"self":[{"href":"https:\/\/stage3.rnv.gob.ve\/wp\/wp-json\/wp\/v2\/posts\/104015","targetHints":{"allow":["GET"]}}],"collection":[{"href":"https:\/\/stage3.rnv.gob.ve\/wp\/wp-json\/wp\/v2\/posts"}],"about":[{"href":"https:\/\/stage3.rnv.gob.ve\/wp\/wp-json\/wp\/v2\/types\/post"}],"author":[{"embeddable":true,"href":"https:\/\/stage3.rnv.gob.ve\/wp\/wp-json\/wp\/v2\/users\/1"}],"replies":[{"embeddable":true,"href":"https:\/\/stage3.rnv.gob.ve\/wp\/wp-json\/wp\/v2\/comments?post=104015"}],"version-history":[{"count":0,"href":"https:\/\/stage3.rnv.gob.ve\/wp\/wp-json\/wp\/v2\/posts\/104015\/revisions"}],"wp:featuredmedia":[{"embeddable":true,"href":"https:\/\/stage3.rnv.gob.ve\/wp\/wp-json\/"}],"wp:attachment":[{"href":"https:\/\/stage3.rnv.gob.ve\/wp\/wp-json\/wp\/v2\/media?parent=104015"}],"wp:term":[{"taxonomy":"category","embeddable":true,"href":"https:\/\/stage3.rnv.gob.ve\/wp\/wp-json\/wp\/v2\/categories?post=104015"},{"taxonomy":"post_tag","embeddable":true,"href":"https:\/\/stage3.rnv.gob.ve\/wp\/wp-json\/wp\/v2\/tags?post=104015"}],"curies":[{"name":"wp","href":"https:\/\/api.w.org\/{rel}","templated":true}]}}