{"id":102012,"date":"2016-12-30T19:16:19","date_gmt":"2016-12-30T23:16:19","guid":{"rendered":"http:\/\/wpeditor.rnv.gob.ve\/?p=102012"},"modified":"2016-12-30T19:16:19","modified_gmt":"2016-12-30T23:16:19","slug":"arranco-en-miranda-el-operativo-especial-de-seguridad-fin-de-ano-seguro","status":"publish","type":"post","link":"https:\/\/stage3.rnv.gob.ve\/wp\/arranco-en-miranda-el-operativo-especial-de-seguridad-fin-de-ano-seguro\/","title":{"rendered":"Arranc\u00f3 en Miranda el operativo especial de seguridad Fin de A\u00f1o Seguro"},"content":{"rendered":"<p style=\"text-align: justify;\"><img fetchpriority=\"high\" decoding=\"async\" class=\"size-medium wp-image-102014 alignleft\" src=\"http:\/\/wpeditor.rnv.gob.ve\/app\/uploads\/2016\/12\/c1128-1-300x200.jpg\" alt=\"c1128\" width=\"300\" height=\"200\" \/>Con el fin de garantizar la protecci\u00f3n a todos los venezolanos, este viernes arranc\u00f3 en el estado Miranda\u00a0el operativo especial\u00a0Fin de A\u00f1o Seguro, en el que participan funcionarios de los distintos cuerpos de seguridad, en el marco de la Gran Misi\u00f3n A Toda Vida Venezuela.<\/p>\n<p style=\"text-align: justify;\">As\u00ed lo inform\u00f3 el general de brigada Isidro Lugo Becerrit, comandante de la Zona 44 de la Guardia Nacional Bolivariana, al destacar que el operativo estar\u00e1 reforzando la seguridad en los municipios priorizados, as\u00ed como las diferentes arterias viales.<\/p>\n<p style=\"text-align: justify;\">\u201cNos hemos congregado 300 efectivos militares, policiales con 50 veh\u00edculos patrullas, 50 motos con el objeto de desarrollar este importante dispositivo y llevar la mayor suma de felicidad posible a toda la poblaci\u00f3n del estado Miranda, espec\u00edficamente de los Altos Mirandinos\u201d, dijo Lugo.<\/p>\n<p style=\"text-align: justify;\">Asimismo,\u00a0destac\u00f3 que este despliegue cumple con el mandato del presidente de la Rep\u00fablica Bolivariana de Venezuela, Nicol\u00e1s Maduro, para garantizar unas navidades seguras \u00a0y agreg\u00f3 que el dispositivo de seguridad estar\u00e1 desplegado en todo el estado, las 24 horas del d\u00eda, hasta el 1 de enero.<\/p>\n<p><strong>Escuche al general de brigada Isidro Lugo:<\/strong><br \/>\n<audio class=\"wp-audio-shortcode\" id=\"audio-102012-1\" preload=\"none\" style=\"width: 100%;\" controls=\"controls\"><source type=\"audio\/mpeg\" src=\"http:\/\/wpeditor.rnv.gob.ve\/app\/uploads\/2016\/12\/reporte-miranda.mp3?_=1\" \/><a href=\"http:\/\/wpeditor.rnv.gob.ve\/app\/uploads\/2016\/12\/reporte-miranda.mp3\">http:\/\/wpeditor.rnv.gob.ve\/app\/uploads\/2016\/12\/reporte-miranda.mp3<\/a><\/audio><br \/>\n<strong>T\/WEB RNV<\/strong><\/p>\n","protected":false},"excerpt":{"rendered":"<p>Con el fin de garantizar la protecci\u00f3n a todos los venezolanos, este viernes arranc\u00f3 en el estado Miranda\u00a0el operativo especial\u00a0Fin de A\u00f1o Seguro, en el que participan funcionarios de los distintos cuerpos de seguridad, en el marco de la Gran Misi\u00f3n A Toda Vida Venezuela. As\u00ed lo inform\u00f3 el general de brigada Isidro Lugo Becerrit, [&hellip;]<\/p>\n","protected":false},"author":25,"featured_media":102014,"comment_status":"closed","ping_status":"open","sticky":false,"template":"","format":"standard","meta":{"_acf_changed":false,"footnotes":""},"categories":[62],"tags":[11130,9128,717],"class_list":["post-102012","post","type-post","status-publish","format-standard","has-post-thumbnail","hentry","category-judiciales","tag-despliegue-navidades-seguras","tag-dispositivo-de-seguridad","tag-miranda"],"acf":[],"yoast_head":"<!-- This site is optimized with the Yoast SEO plugin v27.4 - https:\/\/yoast.com\/product\/yoast-seo-wordpress\/ -->\n<title>Arranc\u00f3 en Miranda el operativo especial de seguridad Fin de A\u00f1o Seguro - DEV RNV<\/title>\n<meta name=\"robots\" content=\"noindex, follow, max-snippet:-1, max-image-preview:large, max-video-preview:-1\" \/>\n<meta property=\"og:locale\" content=\"es_ES\" \/>\n<meta property=\"og:type\" content=\"article\" \/>\n<meta property=\"og:title\" content=\"Arranc\u00f3 en Miranda el operativo especial de seguridad Fin de A\u00f1o Seguro - DEV RNV\" \/>\n<meta property=\"og:description\" content=\"Con el fin de garantizar la protecci\u00f3n a todos los venezolanos, este viernes arranc\u00f3 en el estado Miranda\u00a0el operativo especial\u00a0Fin de A\u00f1o Seguro, en el que participan funcionarios de los distintos cuerpos de seguridad, en el marco de la Gran Misi\u00f3n A Toda Vida Venezuela. As\u00ed lo inform\u00f3 el general de brigada Isidro Lugo Becerrit, [&hellip;]\" \/>\n<meta property=\"og:url\" content=\"https:\/\/stage3.rnv.gob.ve\/wp\/arranco-en-miranda-el-operativo-especial-de-seguridad-fin-de-ano-seguro\/\" \/>\n<meta property=\"og:site_name\" content=\"DEV RNV\" \/>\n<meta property=\"article:publisher\" content=\"https:\/\/www.facebook.com\/RadioNacionaldeVenezuela\" \/>\n<meta property=\"article:published_time\" content=\"2016-12-30T23:16:19+00:00\" \/>\n<meta name=\"author\" content=\"Claudimar Perche\" \/>\n<meta name=\"twitter:card\" content=\"summary_large_image\" \/>\n<meta name=\"twitter:creator\" content=\"@RNVinformativa\" \/>\n<meta name=\"twitter:site\" content=\"@RNVinformativa\" \/>\n<meta name=\"twitter:label1\" content=\"Escrito por\" \/>\n\t<meta name=\"twitter:data1\" content=\"Claudimar Perche\" \/>\n\t<meta name=\"twitter:label2\" content=\"Tiempo estimado de lectura\" \/>\n\t<meta name=\"twitter:data2\" content=\"1 minuto\" \/>\n<script type=\"application\/ld+json\" class=\"yoast-schema-graph\">{\"@context\":\"https:\\\/\\\/schema.org\",\"@graph\":[{\"@type\":\"Article\",\"@id\":\"https:\\\/\\\/stage3.rnv.gob.ve\\\/wp\\\/arranco-en-miranda-el-operativo-especial-de-seguridad-fin-de-ano-seguro\\\/#article\",\"isPartOf\":{\"@id\":\"https:\\\/\\\/stage3.rnv.gob.ve\\\/wp\\\/arranco-en-miranda-el-operativo-especial-de-seguridad-fin-de-ano-seguro\\\/\"},\"author\":{\"name\":\"Claudimar Perche\",\"@id\":\"https:\\\/\\\/stage3.rnv.gob.ve\\\/wp\\\/#\\\/schema\\\/person\\\/83bdb35224adaa872bbd4d90aaa57a06\"},\"headline\":\"Arranc\u00f3 en Miranda el operativo especial de seguridad Fin de A\u00f1o Seguro\",\"datePublished\":\"2016-12-30T23:16:19+00:00\",\"mainEntityOfPage\":{\"@id\":\"https:\\\/\\\/stage3.rnv.gob.ve\\\/wp\\\/arranco-en-miranda-el-operativo-especial-de-seguridad-fin-de-ano-seguro\\\/\"},\"wordCount\":214,\"publisher\":{\"@id\":\"https:\\\/\\\/stage3.rnv.gob.ve\\\/wp\\\/#organization\"},\"image\":{\"@id\":\"https:\\\/\\\/stage3.rnv.gob.ve\\\/wp\\\/arranco-en-miranda-el-operativo-especial-de-seguridad-fin-de-ano-seguro\\\/#primaryimage\"},\"thumbnailUrl\":\"\",\"keywords\":[\"despliegue navidades seguras\",\"dispositivo de seguridad\",\"miranda\"],\"articleSection\":[\"Judiciales\"],\"inLanguage\":\"es\"},{\"@type\":\"WebPage\",\"@id\":\"https:\\\/\\\/stage3.rnv.gob.ve\\\/wp\\\/arranco-en-miranda-el-operativo-especial-de-seguridad-fin-de-ano-seguro\\\/\",\"url\":\"https:\\\/\\\/stage3.rnv.gob.ve\\\/wp\\\/arranco-en-miranda-el-operativo-especial-de-seguridad-fin-de-ano-seguro\\\/\",\"name\":\"Arranc\u00f3 en Miranda el operativo especial de seguridad Fin de A\u00f1o Seguro - DEV RNV\",\"isPartOf\":{\"@id\":\"https:\\\/\\\/stage3.rnv.gob.ve\\\/wp\\\/#website\"},\"primaryImageOfPage\":{\"@id\":\"https:\\\/\\\/stage3.rnv.gob.ve\\\/wp\\\/arranco-en-miranda-el-operativo-especial-de-seguridad-fin-de-ano-seguro\\\/#primaryimage\"},\"image\":{\"@id\":\"https:\\\/\\\/stage3.rnv.gob.ve\\\/wp\\\/arranco-en-miranda-el-operativo-especial-de-seguridad-fin-de-ano-seguro\\\/#primaryimage\"},\"thumbnailUrl\":\"\",\"datePublished\":\"2016-12-30T23:16:19+00:00\",\"breadcrumb\":{\"@id\":\"https:\\\/\\\/stage3.rnv.gob.ve\\\/wp\\\/arranco-en-miranda-el-operativo-especial-de-seguridad-fin-de-ano-seguro\\\/#breadcrumb\"},\"inLanguage\":\"es\",\"potentialAction\":[{\"@type\":\"ReadAction\",\"target\":[\"https:\\\/\\\/stage3.rnv.gob.ve\\\/wp\\\/arranco-en-miranda-el-operativo-especial-de-seguridad-fin-de-ano-seguro\\\/\"]}]},{\"@type\":\"ImageObject\",\"inLanguage\":\"es\",\"@id\":\"https:\\\/\\\/stage3.rnv.gob.ve\\\/wp\\\/arranco-en-miranda-el-operativo-especial-de-seguridad-fin-de-ano-seguro\\\/#primaryimage\",\"url\":\"\",\"contentUrl\":\"\"},{\"@type\":\"BreadcrumbList\",\"@id\":\"https:\\\/\\\/stage3.rnv.gob.ve\\\/wp\\\/arranco-en-miranda-el-operativo-especial-de-seguridad-fin-de-ano-seguro\\\/#breadcrumb\",\"itemListElement\":[{\"@type\":\"ListItem\",\"position\":1,\"name\":\"Portada\",\"item\":\"https:\\\/\\\/stage3.rnv.gob.ve\\\/wp\\\/\"},{\"@type\":\"ListItem\",\"position\":2,\"name\":\"Arranc\u00f3 En Miranda El Operativo Especial De Seguridad Fin De A\u00f1o Seguro\"}]},{\"@type\":\"WebSite\",\"@id\":\"https:\\\/\\\/stage3.rnv.gob.ve\\\/wp\\\/#website\",\"url\":\"https:\\\/\\\/stage3.rnv.gob.ve\\\/wp\\\/\",\"name\":\"DEV RNV\",\"description\":\"Radio Nacional de Venezuela C.A.\",\"publisher\":{\"@id\":\"https:\\\/\\\/stage3.rnv.gob.ve\\\/wp\\\/#organization\"},\"potentialAction\":[{\"@type\":\"SearchAction\",\"target\":{\"@type\":\"EntryPoint\",\"urlTemplate\":\"https:\\\/\\\/stage3.rnv.gob.ve\\\/wp\\\/?s={search_term_string}\"},\"query-input\":{\"@type\":\"PropertyValueSpecification\",\"valueRequired\":true,\"valueName\":\"search_term_string\"}}],\"inLanguage\":\"es\"},{\"@type\":\"Organization\",\"@id\":\"https:\\\/\\\/stage3.rnv.gob.ve\\\/wp\\\/#organization\",\"name\":\"Radio Nacional de Venezuela C.A.\",\"url\":\"https:\\\/\\\/stage3.rnv.gob.ve\\\/wp\\\/\",\"logo\":{\"@type\":\"ImageObject\",\"inLanguage\":\"es\",\"@id\":\"https:\\\/\\\/stage3.rnv.gob.ve\\\/wp\\\/#\\\/schema\\\/logo\\\/image\\\/\",\"url\":\"http:\\\/\\\/rnv.ddns.net\\\/prensa\\\/wp-content\\\/uploads\\\/2022\\\/04\\\/rnv-1-300x227-1.jpg\",\"contentUrl\":\"http:\\\/\\\/rnv.ddns.net\\\/prensa\\\/wp-content\\\/uploads\\\/2022\\\/04\\\/rnv-1-300x227-1.jpg\",\"width\":800,\"height\":455,\"caption\":\"Radio Nacional de Venezuela C.A.\"},\"image\":{\"@id\":\"https:\\\/\\\/stage3.rnv.gob.ve\\\/wp\\\/#\\\/schema\\\/logo\\\/image\\\/\"},\"sameAs\":[\"https:\\\/\\\/www.facebook.com\\\/RadioNacionaldeVenezuela\",\"https:\\\/\\\/x.com\\\/RNVinformativa\",\"https:\\\/\\\/www.instagram.com\\\/rnvinformativa\\\/\",\"https:\\\/\\\/www.youtube.com\\\/user\\\/RNVContigo\"]},{\"@type\":\"Person\",\"@id\":\"https:\\\/\\\/stage3.rnv.gob.ve\\\/wp\\\/#\\\/schema\\\/person\\\/83bdb35224adaa872bbd4d90aaa57a06\",\"name\":\"Claudimar Perche\",\"url\":\"https:\\\/\\\/stage3.rnv.gob.ve\\\/wp\\\/author\\\/claudimar_perche\\\/\"}]}<\/script>\n<!-- \/ Yoast SEO plugin. -->","yoast_head_json":{"title":"Arranc\u00f3 en Miranda el operativo especial de seguridad Fin de A\u00f1o Seguro - DEV RNV","robots":{"index":"noindex","follow":"follow","max-snippet":"max-snippet:-1","max-image-preview":"max-image-preview:large","max-video-preview":"max-video-preview:-1"},"og_locale":"es_ES","og_type":"article","og_title":"Arranc\u00f3 en Miranda el operativo especial de seguridad Fin de A\u00f1o Seguro - DEV RNV","og_description":"Con el fin de garantizar la protecci\u00f3n a todos los venezolanos, este viernes arranc\u00f3 en el estado Miranda\u00a0el operativo especial\u00a0Fin de A\u00f1o Seguro, en el que participan funcionarios de los distintos cuerpos de seguridad, en el marco de la Gran Misi\u00f3n A Toda Vida Venezuela. As\u00ed lo inform\u00f3 el general de brigada Isidro Lugo Becerrit, [&hellip;]","og_url":"https:\/\/stage3.rnv.gob.ve\/wp\/arranco-en-miranda-el-operativo-especial-de-seguridad-fin-de-ano-seguro\/","og_site_name":"DEV RNV","article_publisher":"https:\/\/www.facebook.com\/RadioNacionaldeVenezuela","article_published_time":"2016-12-30T23:16:19+00:00","author":"Claudimar Perche","twitter_card":"summary_large_image","twitter_creator":"@RNVinformativa","twitter_site":"@RNVinformativa","twitter_misc":{"Escrito por":"Claudimar Perche","Tiempo estimado de lectura":"1 minuto"},"schema":{"@context":"https:\/\/schema.org","@graph":[{"@type":"Article","@id":"https:\/\/stage3.rnv.gob.ve\/wp\/arranco-en-miranda-el-operativo-especial-de-seguridad-fin-de-ano-seguro\/#article","isPartOf":{"@id":"https:\/\/stage3.rnv.gob.ve\/wp\/arranco-en-miranda-el-operativo-especial-de-seguridad-fin-de-ano-seguro\/"},"author":{"name":"Claudimar Perche","@id":"https:\/\/stage3.rnv.gob.ve\/wp\/#\/schema\/person\/83bdb35224adaa872bbd4d90aaa57a06"},"headline":"Arranc\u00f3 en Miranda el operativo especial de seguridad Fin de A\u00f1o Seguro","datePublished":"2016-12-30T23:16:19+00:00","mainEntityOfPage":{"@id":"https:\/\/stage3.rnv.gob.ve\/wp\/arranco-en-miranda-el-operativo-especial-de-seguridad-fin-de-ano-seguro\/"},"wordCount":214,"publisher":{"@id":"https:\/\/stage3.rnv.gob.ve\/wp\/#organization"},"image":{"@id":"https:\/\/stage3.rnv.gob.ve\/wp\/arranco-en-miranda-el-operativo-especial-de-seguridad-fin-de-ano-seguro\/#primaryimage"},"thumbnailUrl":"","keywords":["despliegue navidades seguras","dispositivo de seguridad","miranda"],"articleSection":["Judiciales"],"inLanguage":"es"},{"@type":"WebPage","@id":"https:\/\/stage3.rnv.gob.ve\/wp\/arranco-en-miranda-el-operativo-especial-de-seguridad-fin-de-ano-seguro\/","url":"https:\/\/stage3.rnv.gob.ve\/wp\/arranco-en-miranda-el-operativo-especial-de-seguridad-fin-de-ano-seguro\/","name":"Arranc\u00f3 en Miranda el operativo especial de seguridad Fin de A\u00f1o Seguro - DEV RNV","isPartOf":{"@id":"https:\/\/stage3.rnv.gob.ve\/wp\/#website"},"primaryImageOfPage":{"@id":"https:\/\/stage3.rnv.gob.ve\/wp\/arranco-en-miranda-el-operativo-especial-de-seguridad-fin-de-ano-seguro\/#primaryimage"},"image":{"@id":"https:\/\/stage3.rnv.gob.ve\/wp\/arranco-en-miranda-el-operativo-especial-de-seguridad-fin-de-ano-seguro\/#primaryimage"},"thumbnailUrl":"","datePublished":"2016-12-30T23:16:19+00:00","breadcrumb":{"@id":"https:\/\/stage3.rnv.gob.ve\/wp\/arranco-en-miranda-el-operativo-especial-de-seguridad-fin-de-ano-seguro\/#breadcrumb"},"inLanguage":"es","potentialAction":[{"@type":"ReadAction","target":["https:\/\/stage3.rnv.gob.ve\/wp\/arranco-en-miranda-el-operativo-especial-de-seguridad-fin-de-ano-seguro\/"]}]},{"@type":"ImageObject","inLanguage":"es","@id":"https:\/\/stage3.rnv.gob.ve\/wp\/arranco-en-miranda-el-operativo-especial-de-seguridad-fin-de-ano-seguro\/#primaryimage","url":"","contentUrl":""},{"@type":"BreadcrumbList","@id":"https:\/\/stage3.rnv.gob.ve\/wp\/arranco-en-miranda-el-operativo-especial-de-seguridad-fin-de-ano-seguro\/#breadcrumb","itemListElement":[{"@type":"ListItem","position":1,"name":"Portada","item":"https:\/\/stage3.rnv.gob.ve\/wp\/"},{"@type":"ListItem","position":2,"name":"Arranc\u00f3 En Miranda El Operativo Especial De Seguridad Fin De A\u00f1o Seguro"}]},{"@type":"WebSite","@id":"https:\/\/stage3.rnv.gob.ve\/wp\/#website","url":"https:\/\/stage3.rnv.gob.ve\/wp\/","name":"DEV RNV","description":"Radio Nacional de Venezuela C.A.","publisher":{"@id":"https:\/\/stage3.rnv.gob.ve\/wp\/#organization"},"potentialAction":[{"@type":"SearchAction","target":{"@type":"EntryPoint","urlTemplate":"https:\/\/stage3.rnv.gob.ve\/wp\/?s={search_term_string}"},"query-input":{"@type":"PropertyValueSpecification","valueRequired":true,"valueName":"search_term_string"}}],"inLanguage":"es"},{"@type":"Organization","@id":"https:\/\/stage3.rnv.gob.ve\/wp\/#organization","name":"Radio Nacional de Venezuela C.A.","url":"https:\/\/stage3.rnv.gob.ve\/wp\/","logo":{"@type":"ImageObject","inLanguage":"es","@id":"https:\/\/stage3.rnv.gob.ve\/wp\/#\/schema\/logo\/image\/","url":"http:\/\/rnv.ddns.net\/prensa\/wp-content\/uploads\/2022\/04\/rnv-1-300x227-1.jpg","contentUrl":"http:\/\/rnv.ddns.net\/prensa\/wp-content\/uploads\/2022\/04\/rnv-1-300x227-1.jpg","width":800,"height":455,"caption":"Radio Nacional de Venezuela C.A."},"image":{"@id":"https:\/\/stage3.rnv.gob.ve\/wp\/#\/schema\/logo\/image\/"},"sameAs":["https:\/\/www.facebook.com\/RadioNacionaldeVenezuela","https:\/\/x.com\/RNVinformativa","https:\/\/www.instagram.com\/rnvinformativa\/","https:\/\/www.youtube.com\/user\/RNVContigo"]},{"@type":"Person","@id":"https:\/\/stage3.rnv.gob.ve\/wp\/#\/schema\/person\/83bdb35224adaa872bbd4d90aaa57a06","name":"Claudimar Perche","url":"https:\/\/stage3.rnv.gob.ve\/wp\/author\/claudimar_perche\/"}]}},"jetpack_featured_media_url":"","_links":{"self":[{"href":"https:\/\/stage3.rnv.gob.ve\/wp\/wp-json\/wp\/v2\/posts\/102012","targetHints":{"allow":["GET"]}}],"collection":[{"href":"https:\/\/stage3.rnv.gob.ve\/wp\/wp-json\/wp\/v2\/posts"}],"about":[{"href":"https:\/\/stage3.rnv.gob.ve\/wp\/wp-json\/wp\/v2\/types\/post"}],"author":[{"embeddable":true,"href":"https:\/\/stage3.rnv.gob.ve\/wp\/wp-json\/wp\/v2\/users\/25"}],"replies":[{"embeddable":true,"href":"https:\/\/stage3.rnv.gob.ve\/wp\/wp-json\/wp\/v2\/comments?post=102012"}],"version-history":[{"count":0,"href":"https:\/\/stage3.rnv.gob.ve\/wp\/wp-json\/wp\/v2\/posts\/102012\/revisions"}],"wp:featuredmedia":[{"embeddable":true,"href":"https:\/\/stage3.rnv.gob.ve\/wp\/wp-json\/"}],"wp:attachment":[{"href":"https:\/\/stage3.rnv.gob.ve\/wp\/wp-json\/wp\/v2\/media?parent=102012"}],"wp:term":[{"taxonomy":"category","embeddable":true,"href":"https:\/\/stage3.rnv.gob.ve\/wp\/wp-json\/wp\/v2\/categories?post=102012"},{"taxonomy":"post_tag","embeddable":true,"href":"https:\/\/stage3.rnv.gob.ve\/wp\/wp-json\/wp\/v2\/tags?post=102012"}],"curies":[{"name":"wp","href":"https:\/\/api.w.org\/{rel}","templated":true}]}}